
{"id":6259,"date":"2017-11-30T11:26:29","date_gmt":"2017-11-30T13:26:29","guid":{"rendered":"http:\/\/www.oarcanjo.net\/site\/?p=6259"},"modified":"2017-07-31T07:21:09","modified_gmt":"2017-07-31T10:21:09","slug":"santo-andre-apostolo","status":"publish","type":"post","link":"https:\/\/www.oarcanjo.net\/site\/santo-andre-apostolo\/","title":{"rendered":"Santo Andr\u00e9 &#8211; Ap\u00f3stolo"},"content":{"rendered":"<p>30 de Novembro<\/p>\n<p>Entre os Doze ap\u00f3stolos de Cristo, Andr\u00e9 foi o primeiro a ser seu disc\u00edpulo. Al\u00e9m de ser apontado por eles pr\u00f3prios como o &#8220;n\u00famero dois&#8221;, depois, somente, de Pedro. Na lista dos ap\u00f3stolos, pela ordem est\u00e1 entre os quatro primeiros. Morava em Cafarnaum, era disc\u00edpulo de Jo\u00e3o Batista, filho de Jonas de Betsaida, irm\u00e3o de Sim\u00e3o-Pedro e ambos eram pescadores no mar da Galil\u00e9ia.<\/p>\n<p>Foi levado por Jo\u00e3o Batista \u00e0 verde plan\u00edcie de Jeric\u00f3, juntamente com Jo\u00e3o Evangelista, para conhecer Jesus. Ele passava. E o vision\u00e1rio profeta indicou-o e disse a c\u00e9lebre frase: &#8220;Eis o Cordeiro de Deus, que tira os pecados do mundo&#8221;. Andr\u00e9, ent\u00e3o, come\u00e7ou a segui-lo.<\/p>\n<p>A seguir, Andr\u00e9 levou o irm\u00e3o Sim\u00e3o-Pedro a conhecer Jesus, afirmando: &#8220;Encontramos o Messias&#8221;. Assim, tornou-se, tamb\u00e9m, o primeiro dos ap\u00f3stolos a recrutar novos disc\u00edpulos para o Senhor. Aparece no epis\u00f3dio da multiplica\u00e7\u00e3o dos p\u00e3es: depois da resposta de Filipe, Andr\u00e9 indica a Jesus um jovem que possu\u00eda os \u00fanicos alimentos ali presentes: cinco p\u00e3es e dois peixes.<\/p>\n<p>Pouco antes da morte do Redentor, aparece o disc\u00edpulo Andr\u00e9 ao lado de Filipe, como um de grande autoridade. Pois \u00e9 a ele que Filipe se dirige quando certos gregos pedem para ver o Senhor, e ambos contaram a Jesus.<\/p>\n<p>Andr\u00e9 participou da vida publica de Jesus, estava presente na \u00faltima ceia, viu o Cristo Ressuscitado, testemunhou a Ascen\u00e7\u00e3o e recebeu o primeiro Pentecostes. Ajudou a sedimentar a Igreja de Cristo a partir da Palestina, mas as localidades e regi\u00f5es por onde pregou n\u00e3o sabemos com exatid\u00e3o.<\/p>\n<p>Alguns historiadores citam que depois de Jerusal\u00e9m foi evangelizar na Galil\u00e9ia, C\u00edtia, Eti\u00f3pia, Tr\u00e1cia e, finalmente, na Gr\u00e9cia. Nessa \u00faltima, formou um grande rebanho e p\u00f4de fundar a comunidade crist\u00e3 de Patras, na Acaia, um dos modelos de Igreja nos primeiros tempos. Mas foi l\u00e1, tamb\u00e9m, que acabou martirizado nas m\u00e3os do inimigo, Eg\u00e9as, governador e juiz romano local.<\/p>\n<p>Andr\u00e9 ousou n\u00e3o obedecer \u00e0 autoridade do governador, desafiando-o a reconhecer em Jesus um juiz acima dele. Mais ainda, clamou que os deuses pag\u00e3os n\u00e3o passavam de dem\u00f4nios. Eg\u00e9as n\u00e3o hesitou e condenou-o \u00e0 crucifica\u00e7\u00e3o. Para espanto dos carrascos, aceitou com alegria a senten\u00e7a, afirmando que, se temesse o mart\u00edrio, n\u00e3o estaria &#8220;pregando a grandeza da cruz, onde morreu Jesus&#8221;.<\/p>\n<p>Ficou dois dias pregado numa cruz em forma de &#8220;X&#8221;; antes, por\u00e9m, despojou-se de suas vestes e bens, doando-os aos algozes. Conta a tradi\u00e7\u00e3o que, um pouco antes de Andr\u00e9 morrer, foi poss\u00edvel ver uma grande luz envolvendo-o e apagando-se a seguir. Tudo ocorreu sob o imp\u00e9rio de Nero, em 30 de novembro do ano 60, data que toda a cristandade guarda para sua festa.<\/p>\n<p>O imperador Constantino trasladou, em 357, de Patos para Constantinopla, as rel\u00edquias mortais de santo Andr\u00e9, Ap\u00f3stolo. Elas foram levadas para Roma, onde permanecem at\u00e9 hoje, na Catedral de Amalfi, s\u00f3 no s\u00e9culo XIII. Em 1462,o cr\u00e2nio do m\u00e1rtir foi levado a Roma, para a bas\u00edlica de S\u00e3o Pedro.<\/p>\n<p>Santo Andr\u00e9, Ap\u00f3stolo, \u00e9 celebrado como padroeiro da R\u00fassia e Esc\u00f3cia.<\/p>\n<p><img loading=\"lazy\" decoding=\"async\" class=\"size-thumbnail wp-image-6263 aligncenter\" src=\"http:\/\/www.oarcanjo.net\/site\/wp-content\/uploads\/CRIPTA-SANTO-ANDRE1-150x150.jpg\" alt=\"CRIPTA SANTO ANDRE\" width=\"150\" height=\"150\" \/><em><strong>CRIPTA SANTO ANDRE\u00a0 &#8211; onde est\u00e1 seu corpo<\/strong><\/em><\/p>\n<p><strong><em>BAS\u00cdLICA SANTO ANDR\u00c9 &#8211; AMALFI &#8211; IT\u00c1LIA<\/em><\/strong><\/p>\n<p><img loading=\"lazy\" decoding=\"async\" class=\"alignnone size-full wp-image-6260\" src=\"http:\/\/www.oarcanjo.net\/site\/wp-content\/uploads\/BASILICA-SANTO-ANDRE.JPG\" alt=\"BASILICA SANTO ANDRE\" width=\"640\" height=\"480\" srcset=\"https:\/\/www.oarcanjo.net\/site\/wp-content\/uploads\/BASILICA-SANTO-ANDRE.JPG 640w, https:\/\/www.oarcanjo.net\/site\/wp-content\/uploads\/BASILICA-SANTO-ANDRE-300x225.jpg 300w\" sizes=\"(max-width: 640px) 100vw, 640px\" \/><\/p>\n<div id=\"themify_builder_content-6259\" data-postid=\"6259\" class=\"themify_builder_content themify_builder_content-6259 themify_builder themify_builder_front\">\n\t<\/div>\n<!-- \/themify_builder_content -->","protected":false},"excerpt":{"rendered":"<p>30 de Novembro Entre os Doze ap\u00f3stolos de Cristo, Andr\u00e9 foi o primeiro a ser seu disc\u00edpulo. Al\u00e9m de ser apontado por eles pr\u00f3prios como o &#8220;n\u00famero dois&#8221;, depois, somente, de Pedro. Na lista dos ap\u00f3stolos, pela ordem est\u00e1 entre os quatro primeiros. Morava em Cafarnaum, era disc\u00edpulo de Jo\u00e3o Batista, filho de Jonas de [&hellip;]<\/p>\n","protected":false},"author":14,"featured_media":0,"comment_status":"open","ping_status":"open","sticky":false,"template":"","format":"standard","meta":{"ngg_post_thumbnail":0,"footnotes":""},"categories":[186],"tags":[],"yoast_head":"<!-- This site is optimized with the Yoast SEO plugin v23.5 - https:\/\/yoast.com\/wordpress\/plugins\/seo\/ -->\n<title>Santo Andr\u00e9 - Ap\u00f3stolo - O Arcanjo no ar<\/title>\n<meta name=\"robots\" content=\"index, follow, max-snippet:-1, max-image-preview:large, max-video-preview:-1\" \/>\n<link rel=\"canonical\" href=\"https:\/\/www.oarcanjo.net\/site\/santo-andre-apostolo\/\" \/>\n<meta property=\"og:locale\" content=\"pt_BR\" \/>\n<meta property=\"og:type\" content=\"article\" \/>\n<meta property=\"og:title\" content=\"Santo Andr\u00e9 - Ap\u00f3stolo - O Arcanjo no ar\" \/>\n<meta property=\"og:description\" content=\"30 de Novembro Entre os Doze ap\u00f3stolos de Cristo, Andr\u00e9 foi o primeiro a ser seu disc\u00edpulo. Al\u00e9m de ser apontado por eles pr\u00f3prios como o &#8220;n\u00famero dois&#8221;, depois, somente, de Pedro. Na lista dos ap\u00f3stolos, pela ordem est\u00e1 entre os quatro primeiros. Morava em Cafarnaum, era disc\u00edpulo de Jo\u00e3o Batista, filho de Jonas de [&hellip;]\" \/>\n<meta property=\"og:url\" content=\"https:\/\/www.oarcanjo.net\/site\/santo-andre-apostolo\/\" \/>\n<meta property=\"og:site_name\" content=\"O Arcanjo no ar\" \/>\n<meta property=\"article:publisher\" content=\"https:\/\/www.facebook.com\/OArcanjoNoAr\/\" \/>\n<meta property=\"article:published_time\" content=\"2017-11-30T13:26:29+00:00\" \/>\n<meta property=\"article:modified_time\" content=\"2017-07-31T10:21:09+00:00\" \/>\n<meta property=\"og:image\" content=\"http:\/\/www.oarcanjo.net\/site\/wp-content\/uploads\/CRIPTA-SANTO-ANDRE1-150x150.jpg\" \/>\n<meta name=\"author\" content=\"danilo\" \/>\n<meta name=\"twitter:card\" content=\"summary_large_image\" \/>\n<meta name=\"twitter:label1\" content=\"Escrito por\" \/>\n\t<meta name=\"twitter:data1\" content=\"danilo\" \/>\n\t<meta name=\"twitter:label2\" content=\"Est. tempo de leitura\" \/>\n\t<meta name=\"twitter:data2\" content=\"3 minutos\" \/>\n<script type=\"application\/ld+json\" class=\"yoast-schema-graph\">{\"@context\":\"https:\/\/schema.org\",\"@graph\":[{\"@type\":\"Article\",\"@id\":\"https:\/\/www.oarcanjo.net\/site\/santo-andre-apostolo\/#article\",\"isPartOf\":{\"@id\":\"https:\/\/www.oarcanjo.net\/site\/santo-andre-apostolo\/\"},\"author\":{\"name\":\"danilo\",\"@id\":\"https:\/\/www.oarcanjo.net\/site\/#\/schema\/person\/5eb9480bedd2f3c97e430ce128c29c6c\"},\"headline\":\"Santo Andr\u00e9 &#8211; Ap\u00f3stolo\",\"datePublished\":\"2017-11-30T13:26:29+00:00\",\"dateModified\":\"2017-07-31T10:21:09+00:00\",\"mainEntityOfPage\":{\"@id\":\"https:\/\/www.oarcanjo.net\/site\/santo-andre-apostolo\/\"},\"wordCount\":581,\"commentCount\":0,\"publisher\":{\"@id\":\"https:\/\/www.oarcanjo.net\/site\/#organization\"},\"image\":{\"@id\":\"https:\/\/www.oarcanjo.net\/site\/santo-andre-apostolo\/#primaryimage\"},\"thumbnailUrl\":\"http:\/\/www.oarcanjo.net\/site\/wp-content\/uploads\/CRIPTA-SANTO-ANDRE1-150x150.jpg\",\"articleSection\":[\"Testemunhos\"],\"inLanguage\":\"pt-BR\",\"potentialAction\":[{\"@type\":\"CommentAction\",\"name\":\"Comment\",\"target\":[\"https:\/\/www.oarcanjo.net\/site\/santo-andre-apostolo\/#respond\"]}]},{\"@type\":\"WebPage\",\"@id\":\"https:\/\/www.oarcanjo.net\/site\/santo-andre-apostolo\/\",\"url\":\"https:\/\/www.oarcanjo.net\/site\/santo-andre-apostolo\/\",\"name\":\"Santo Andr\u00e9 - Ap\u00f3stolo - O Arcanjo no ar\",\"isPartOf\":{\"@id\":\"https:\/\/www.oarcanjo.net\/site\/#website\"},\"primaryImageOfPage\":{\"@id\":\"https:\/\/www.oarcanjo.net\/site\/santo-andre-apostolo\/#primaryimage\"},\"image\":{\"@id\":\"https:\/\/www.oarcanjo.net\/site\/santo-andre-apostolo\/#primaryimage\"},\"thumbnailUrl\":\"http:\/\/www.oarcanjo.net\/site\/wp-content\/uploads\/CRIPTA-SANTO-ANDRE1-150x150.jpg\",\"datePublished\":\"2017-11-30T13:26:29+00:00\",\"dateModified\":\"2017-07-31T10:21:09+00:00\",\"breadcrumb\":{\"@id\":\"https:\/\/www.oarcanjo.net\/site\/santo-andre-apostolo\/#breadcrumb\"},\"inLanguage\":\"pt-BR\",\"potentialAction\":[{\"@type\":\"ReadAction\",\"target\":[\"https:\/\/www.oarcanjo.net\/site\/santo-andre-apostolo\/\"]}]},{\"@type\":\"ImageObject\",\"inLanguage\":\"pt-BR\",\"@id\":\"https:\/\/www.oarcanjo.net\/site\/santo-andre-apostolo\/#primaryimage\",\"url\":\"https:\/\/www.oarcanjo.net\/site\/wp-content\/uploads\/CRIPTA-SANTO-ANDRE1.JPG\",\"contentUrl\":\"https:\/\/www.oarcanjo.net\/site\/wp-content\/uploads\/CRIPTA-SANTO-ANDRE1.JPG\",\"width\":\"217\",\"height\":\"288\"},{\"@type\":\"BreadcrumbList\",\"@id\":\"https:\/\/www.oarcanjo.net\/site\/santo-andre-apostolo\/#breadcrumb\",\"itemListElement\":[{\"@type\":\"ListItem\",\"position\":1,\"name\":\"In\u00edcio\",\"item\":\"https:\/\/www.oarcanjo.net\/site\/\"},{\"@type\":\"ListItem\",\"position\":2,\"name\":\"Santo Andr\u00e9 &#8211; Ap\u00f3stolo\"}]},{\"@type\":\"WebSite\",\"@id\":\"https:\/\/www.oarcanjo.net\/site\/#website\",\"url\":\"https:\/\/www.oarcanjo.net\/site\/\",\"name\":\"O Arcanjo no ar\",\"description\":\"Site da Par\u00f3quia S\u00e3o Miguel Arcanjo (Arquidiocese de SP)\",\"publisher\":{\"@id\":\"https:\/\/www.oarcanjo.net\/site\/#organization\"},\"potentialAction\":[{\"@type\":\"SearchAction\",\"target\":{\"@type\":\"EntryPoint\",\"urlTemplate\":\"https:\/\/www.oarcanjo.net\/site\/?s={search_term_string}\"},\"query-input\":{\"@type\":\"PropertyValueSpecification\",\"valueRequired\":true,\"valueName\":\"search_term_string\"}}],\"inLanguage\":\"pt-BR\"},{\"@type\":\"Organization\",\"@id\":\"https:\/\/www.oarcanjo.net\/site\/#organization\",\"name\":\"Par\u00f3quia S\u00e3o Miguel Arcanjo\",\"url\":\"https:\/\/www.oarcanjo.net\/site\/\",\"logo\":{\"@type\":\"ImageObject\",\"inLanguage\":\"pt-BR\",\"@id\":\"https:\/\/www.oarcanjo.net\/site\/#\/schema\/logo\/image\/\",\"url\":\"https:\/\/www.oarcanjo.net\/site\/wp-content\/uploads\/LogoOArcanjo.png\",\"contentUrl\":\"https:\/\/www.oarcanjo.net\/site\/wp-content\/uploads\/LogoOArcanjo.png\",\"width\":319,\"height\":99,\"caption\":\"Par\u00f3quia S\u00e3o Miguel Arcanjo\"},\"image\":{\"@id\":\"https:\/\/www.oarcanjo.net\/site\/#\/schema\/logo\/image\/\"},\"sameAs\":[\"https:\/\/www.facebook.com\/OArcanjoNoAr\/\"]},{\"@type\":\"Person\",\"@id\":\"https:\/\/www.oarcanjo.net\/site\/#\/schema\/person\/5eb9480bedd2f3c97e430ce128c29c6c\",\"name\":\"danilo\"}]}<\/script>\n<!-- \/ Yoast SEO plugin. -->","yoast_head_json":{"title":"Santo Andr\u00e9 - Ap\u00f3stolo - O Arcanjo no ar","robots":{"index":"index","follow":"follow","max-snippet":"max-snippet:-1","max-image-preview":"max-image-preview:large","max-video-preview":"max-video-preview:-1"},"canonical":"https:\/\/www.oarcanjo.net\/site\/santo-andre-apostolo\/","og_locale":"pt_BR","og_type":"article","og_title":"Santo Andr\u00e9 - Ap\u00f3stolo - O Arcanjo no ar","og_description":"30 de Novembro Entre os Doze ap\u00f3stolos de Cristo, Andr\u00e9 foi o primeiro a ser seu disc\u00edpulo. Al\u00e9m de ser apontado por eles pr\u00f3prios como o &#8220;n\u00famero dois&#8221;, depois, somente, de Pedro. Na lista dos ap\u00f3stolos, pela ordem est\u00e1 entre os quatro primeiros. Morava em Cafarnaum, era disc\u00edpulo de Jo\u00e3o Batista, filho de Jonas de [&hellip;]","og_url":"https:\/\/www.oarcanjo.net\/site\/santo-andre-apostolo\/","og_site_name":"O Arcanjo no ar","article_publisher":"https:\/\/www.facebook.com\/OArcanjoNoAr\/","article_published_time":"2017-11-30T13:26:29+00:00","article_modified_time":"2017-07-31T10:21:09+00:00","og_image":[{"url":"http:\/\/www.oarcanjo.net\/site\/wp-content\/uploads\/CRIPTA-SANTO-ANDRE1-150x150.jpg"}],"author":"danilo","twitter_card":"summary_large_image","twitter_misc":{"Escrito por":"danilo","Est. tempo de leitura":"3 minutos"},"schema":{"@context":"https:\/\/schema.org","@graph":[{"@type":"Article","@id":"https:\/\/www.oarcanjo.net\/site\/santo-andre-apostolo\/#article","isPartOf":{"@id":"https:\/\/www.oarcanjo.net\/site\/santo-andre-apostolo\/"},"author":{"name":"danilo","@id":"https:\/\/www.oarcanjo.net\/site\/#\/schema\/person\/5eb9480bedd2f3c97e430ce128c29c6c"},"headline":"Santo Andr\u00e9 &#8211; Ap\u00f3stolo","datePublished":"2017-11-30T13:26:29+00:00","dateModified":"2017-07-31T10:21:09+00:00","mainEntityOfPage":{"@id":"https:\/\/www.oarcanjo.net\/site\/santo-andre-apostolo\/"},"wordCount":581,"commentCount":0,"publisher":{"@id":"https:\/\/www.oarcanjo.net\/site\/#organization"},"image":{"@id":"https:\/\/www.oarcanjo.net\/site\/santo-andre-apostolo\/#primaryimage"},"thumbnailUrl":"http:\/\/www.oarcanjo.net\/site\/wp-content\/uploads\/CRIPTA-SANTO-ANDRE1-150x150.jpg","articleSection":["Testemunhos"],"inLanguage":"pt-BR","potentialAction":[{"@type":"CommentAction","name":"Comment","target":["https:\/\/www.oarcanjo.net\/site\/santo-andre-apostolo\/#respond"]}]},{"@type":"WebPage","@id":"https:\/\/www.oarcanjo.net\/site\/santo-andre-apostolo\/","url":"https:\/\/www.oarcanjo.net\/site\/santo-andre-apostolo\/","name":"Santo Andr\u00e9 - Ap\u00f3stolo - O Arcanjo no ar","isPartOf":{"@id":"https:\/\/www.oarcanjo.net\/site\/#website"},"primaryImageOfPage":{"@id":"https:\/\/www.oarcanjo.net\/site\/santo-andre-apostolo\/#primaryimage"},"image":{"@id":"https:\/\/www.oarcanjo.net\/site\/santo-andre-apostolo\/#primaryimage"},"thumbnailUrl":"http:\/\/www.oarcanjo.net\/site\/wp-content\/uploads\/CRIPTA-SANTO-ANDRE1-150x150.jpg","datePublished":"2017-11-30T13:26:29+00:00","dateModified":"2017-07-31T10:21:09+00:00","breadcrumb":{"@id":"https:\/\/www.oarcanjo.net\/site\/santo-andre-apostolo\/#breadcrumb"},"inLanguage":"pt-BR","potentialAction":[{"@type":"ReadAction","target":["https:\/\/www.oarcanjo.net\/site\/santo-andre-apostolo\/"]}]},{"@type":"ImageObject","inLanguage":"pt-BR","@id":"https:\/\/www.oarcanjo.net\/site\/santo-andre-apostolo\/#primaryimage","url":"https:\/\/www.oarcanjo.net\/site\/wp-content\/uploads\/CRIPTA-SANTO-ANDRE1.JPG","contentUrl":"https:\/\/www.oarcanjo.net\/site\/wp-content\/uploads\/CRIPTA-SANTO-ANDRE1.JPG","width":"217","height":"288"},{"@type":"BreadcrumbList","@id":"https:\/\/www.oarcanjo.net\/site\/santo-andre-apostolo\/#breadcrumb","itemListElement":[{"@type":"ListItem","position":1,"name":"In\u00edcio","item":"https:\/\/www.oarcanjo.net\/site\/"},{"@type":"ListItem","position":2,"name":"Santo Andr\u00e9 &#8211; Ap\u00f3stolo"}]},{"@type":"WebSite","@id":"https:\/\/www.oarcanjo.net\/site\/#website","url":"https:\/\/www.oarcanjo.net\/site\/","name":"O Arcanjo no ar","description":"Site da Par\u00f3quia S\u00e3o Miguel Arcanjo (Arquidiocese de SP)","publisher":{"@id":"https:\/\/www.oarcanjo.net\/site\/#organization"},"potentialAction":[{"@type":"SearchAction","target":{"@type":"EntryPoint","urlTemplate":"https:\/\/www.oarcanjo.net\/site\/?s={search_term_string}"},"query-input":{"@type":"PropertyValueSpecification","valueRequired":true,"valueName":"search_term_string"}}],"inLanguage":"pt-BR"},{"@type":"Organization","@id":"https:\/\/www.oarcanjo.net\/site\/#organization","name":"Par\u00f3quia S\u00e3o Miguel Arcanjo","url":"https:\/\/www.oarcanjo.net\/site\/","logo":{"@type":"ImageObject","inLanguage":"pt-BR","@id":"https:\/\/www.oarcanjo.net\/site\/#\/schema\/logo\/image\/","url":"https:\/\/www.oarcanjo.net\/site\/wp-content\/uploads\/LogoOArcanjo.png","contentUrl":"https:\/\/www.oarcanjo.net\/site\/wp-content\/uploads\/LogoOArcanjo.png","width":319,"height":99,"caption":"Par\u00f3quia S\u00e3o Miguel Arcanjo"},"image":{"@id":"https:\/\/www.oarcanjo.net\/site\/#\/schema\/logo\/image\/"},"sameAs":["https:\/\/www.facebook.com\/OArcanjoNoAr\/"]},{"@type":"Person","@id":"https:\/\/www.oarcanjo.net\/site\/#\/schema\/person\/5eb9480bedd2f3c97e430ce128c29c6c","name":"danilo"}]}},"publishpress_future_action":{"enabled":false,"date":"2026-05-08 16:37:50","action":"category","newStatus":"draft","terms":[],"taxonomy":"category"},"publishpress_future_workflow_manual_trigger":{"enabledWorkflows":[]},"_links":{"self":[{"href":"https:\/\/www.oarcanjo.net\/site\/wp-json\/wp\/v2\/posts\/6259"}],"collection":[{"href":"https:\/\/www.oarcanjo.net\/site\/wp-json\/wp\/v2\/posts"}],"about":[{"href":"https:\/\/www.oarcanjo.net\/site\/wp-json\/wp\/v2\/types\/post"}],"author":[{"embeddable":true,"href":"https:\/\/www.oarcanjo.net\/site\/wp-json\/wp\/v2\/users\/14"}],"replies":[{"embeddable":true,"href":"https:\/\/www.oarcanjo.net\/site\/wp-json\/wp\/v2\/comments?post=6259"}],"version-history":[{"count":0,"href":"https:\/\/www.oarcanjo.net\/site\/wp-json\/wp\/v2\/posts\/6259\/revisions"}],"wp:attachment":[{"href":"https:\/\/www.oarcanjo.net\/site\/wp-json\/wp\/v2\/media?parent=6259"}],"wp:term":[{"taxonomy":"category","embeddable":true,"href":"https:\/\/www.oarcanjo.net\/site\/wp-json\/wp\/v2\/categories?post=6259"},{"taxonomy":"post_tag","embeddable":true,"href":"https:\/\/www.oarcanjo.net\/site\/wp-json\/wp\/v2\/tags?post=6259"}],"curies":[{"name":"wp","href":"https:\/\/api.w.org\/{rel}","templated":true}]}}