
{"id":6275,"date":"2017-12-01T00:01:35","date_gmt":"2017-12-01T02:01:35","guid":{"rendered":"http:\/\/www.oarcanjo.net\/site\/?p=6275"},"modified":"2017-07-31T07:20:51","modified_gmt":"2017-07-31T10:20:51","slug":"santo-eloi-ou-eligio","status":"publish","type":"post","link":"https:\/\/www.oarcanjo.net\/site\/santo-eloi-ou-eligio\/","title":{"rendered":"Santo El\u00f3i ou El\u00edgio"},"content":{"rendered":"<p><img loading=\"lazy\" decoding=\"async\" class=\"alignnone size-full wp-image-6276\" src=\"http:\/\/www.oarcanjo.net\/site\/wp-content\/uploads\/santo-eloi.jpg\" alt=\"santo eloi\" width=\"82\" height=\"108\" \/><\/p>\n<p>1 De Dezembro<\/p>\n<p>Bispo, escultor, modelista, marceneiro e ourives, El\u00f3i ou El\u00edgio foi um artista e religioso completo. Nasceu na cidade de Chaptelat, perto de Limoges, em 588, na Fran\u00e7a. Seus pais, de origem franco-italiana, eram modestos camponeses crist\u00e3os com princ\u00edpios r\u00edgidos de honestidade e lealdade, transmitidos com efici\u00eancia ao filho. Com sabedoria e muito sacrif\u00edcio, fizeram quest\u00e3o que ele estudasse, pois sua \u00fanica heran\u00e7a seria uma profiss\u00e3o.<\/p>\n<p>Assim foi que, na juventude, El\u00f3i ingressou na escola de ourives de Limoges, a mais conceituada da Europa da \u00e9poca e respeitada ainda hoje. Ao se formar mestre da profiss\u00e3o, j\u00e1 era afamado pela compet\u00eancia, integridade e honestidade. Tinha alma de monge e de artista, fugia dos gastos com jogos e divers\u00f5es. tudo dispendia com os pobres. Levava uma vida austera e de ora\u00e7\u00e3o meditativa, ganhando o apelido de &#8220;o Monge&#8221;. Conta-se que sua fama chegou \u00e0 Corte e aos ouvidos do rei Clot\u00e1rio II, em Paris. Ele decidiu contratar El\u00f3i para fazer um trono de ouro e lhe deu a quantidade do metal que julgava ser suficiente. Mas, com aquela quantidade, El\u00f3i fez dois tronos e entregou ambos ao rei. Admirado com a honestidade do artista, ele o convidou para ser guardi\u00e3o e administrador do tesouro real. Assim, foi residir na Corte, em Paris.<\/p>\n<p>El\u00f3i assumiu o cargo e tamb\u00e9m o de mestre dos ourives do rei. E assim se manteve mesmo depois da morte do soberano. Quando o herdeiro real assumiu o trono, como Dagoberto II, quis manter El\u00f3i na corte como seu colaborador, pois lhe tinha grande estima. Logo o nomeou um de seus conselheiros e embaixador, devido \u00e0 confian\u00e7a em suas virtudes.<\/p>\n<p>El\u00f3i tamb\u00e9m realizou obras de arte importantes, como o t\u00famulo de s\u00e3o Martinho de Tours, o mausol\u00e9u de s\u00e3o Dion\u00edsio em Paris, o c\u00e1lice de Cheles e outros trabalhos art\u00edsticos de cunho religioso. Al\u00e9m disso, e acima de tudo, El\u00f3i era um homem religioso, n\u00e3o lhe faltou inspira\u00e7\u00e3o para grandes obras benem\u00e9ritas e na arte de dedicar-se ao pr\u00f3ximo, em especial aos pobres e abandonados. O dinheiro que recebia pelos trabalhos na Corte, usava-o todo para resgatar prisioneiros de guerra, fundar e reconstruir mosteiros masculinos e femininos, igrejas e para contribuir com outras tantas obras para o bem estar espiritual e material dos mais necessitados. Em 639, o rei Dagoberto II morreu. El\u00f3i, ent\u00e3o, ingressou para a vida religiosa.<\/p>\n<p>Dois anos depois, era consagrado bispo de Noyon, na regi\u00e3o de Flandres. Foi uma exist\u00eancia totalmente empenhada na campanha da evangeliza\u00e7\u00e3o e reevangeliza\u00e7\u00e3o, no norte da Fran\u00e7a, Holanda e Alemanha, onde se tornou um dos principais protagonistas e se revelou um grande e zeloso pastor a servi\u00e7o da Igreja de Cristo.<\/p>\n<p>Durante os \u00faltimos dezenove anos de sua vida, El\u00f3i evitou o luxo e viveu na pobreza e na piedade. Foi um incans\u00e1vel exemplo de humildade, caridade e mortifica\u00e7\u00e3o. A regi\u00e3o de sua diocese estava entregue ao paganismo e \u00e0 idolatria. Com as prega\u00e7\u00f5es de El\u00f3i e suas visitas a todas as par\u00f3quias, o povo foi se convertendo at\u00e9 que, um dia, todos estavam batizados.<\/p>\n<p>Morreu no dia 1o de dezembro de 660, na Holanda, durante uma miss\u00e3o evangelizadora. A hist\u00f3ria da sua vida e santidade se espalhou rapidamente por toda a Fran\u00e7a, It\u00e1lia, Holanda e Alemanha, gra\u00e7as ao seu amigo bispo Aldoeno que escreveu sua biografia.<\/p>\n<p>A Igreja o canonizou e autorizou o seu culto, um dos mais antigos da cristandade. A festa de santo El\u00f3i ou El\u00edgio, padroeiro dos joalheiros e ourives, ocorre na data de sua morte. Entretanto ele \u00e9 celebrado tamb\u00e9m como padroeiro dos cuteleiros, ferreiros, ferramenteiros, celeiros, comerciantes de cavalos, carreteiros, cocheiros, garagistas e metal\u00fargicos<\/p>\n<div id=\"themify_builder_content-6275\" data-postid=\"6275\" class=\"themify_builder_content themify_builder_content-6275 themify_builder themify_builder_front\">\n\t<\/div>\n<!-- \/themify_builder_content -->","protected":false},"excerpt":{"rendered":"<p>1 De Dezembro Bispo, escultor, modelista, marceneiro e ourives, El\u00f3i ou El\u00edgio foi um artista e religioso completo. Nasceu na cidade de Chaptelat, perto de Limoges, em 588, na Fran\u00e7a. Seus pais, de origem franco-italiana, eram modestos camponeses crist\u00e3os com princ\u00edpios r\u00edgidos de honestidade e lealdade, transmitidos com efici\u00eancia ao filho. Com sabedoria e muito [&hellip;]<\/p>\n","protected":false},"author":14,"featured_media":0,"comment_status":"open","ping_status":"open","sticky":false,"template":"","format":"standard","meta":{"ngg_post_thumbnail":0,"footnotes":""},"categories":[186],"tags":[],"yoast_head":"<!-- This site is optimized with the Yoast SEO plugin v23.5 - https:\/\/yoast.com\/wordpress\/plugins\/seo\/ -->\n<title>Santo El\u00f3i ou El\u00edgio - O Arcanjo no ar<\/title>\n<meta name=\"robots\" content=\"index, follow, max-snippet:-1, max-image-preview:large, max-video-preview:-1\" \/>\n<link rel=\"canonical\" href=\"https:\/\/www.oarcanjo.net\/site\/santo-eloi-ou-eligio\/\" \/>\n<meta property=\"og:locale\" content=\"pt_BR\" \/>\n<meta property=\"og:type\" content=\"article\" \/>\n<meta property=\"og:title\" content=\"Santo El\u00f3i ou El\u00edgio - O Arcanjo no ar\" \/>\n<meta property=\"og:description\" content=\"1 De Dezembro Bispo, escultor, modelista, marceneiro e ourives, El\u00f3i ou El\u00edgio foi um artista e religioso completo. Nasceu na cidade de Chaptelat, perto de Limoges, em 588, na Fran\u00e7a. Seus pais, de origem franco-italiana, eram modestos camponeses crist\u00e3os com princ\u00edpios r\u00edgidos de honestidade e lealdade, transmitidos com efici\u00eancia ao filho. Com sabedoria e muito [&hellip;]\" \/>\n<meta property=\"og:url\" content=\"https:\/\/www.oarcanjo.net\/site\/santo-eloi-ou-eligio\/\" \/>\n<meta property=\"og:site_name\" content=\"O Arcanjo no ar\" \/>\n<meta property=\"article:publisher\" content=\"https:\/\/www.facebook.com\/OArcanjoNoAr\/\" \/>\n<meta property=\"article:published_time\" content=\"2017-12-01T02:01:35+00:00\" \/>\n<meta property=\"article:modified_time\" content=\"2017-07-31T10:20:51+00:00\" \/>\n<meta property=\"og:image\" content=\"http:\/\/www.oarcanjo.net\/site\/wp-content\/uploads\/santo-eloi.jpg\" \/>\n<meta name=\"author\" content=\"danilo\" \/>\n<meta name=\"twitter:card\" content=\"summary_large_image\" \/>\n<meta name=\"twitter:label1\" content=\"Escrito por\" \/>\n\t<meta name=\"twitter:data1\" content=\"danilo\" \/>\n\t<meta name=\"twitter:label2\" content=\"Est. tempo de leitura\" \/>\n\t<meta name=\"twitter:data2\" content=\"3 minutos\" \/>\n<script type=\"application\/ld+json\" class=\"yoast-schema-graph\">{\"@context\":\"https:\/\/schema.org\",\"@graph\":[{\"@type\":\"Article\",\"@id\":\"https:\/\/www.oarcanjo.net\/site\/santo-eloi-ou-eligio\/#article\",\"isPartOf\":{\"@id\":\"https:\/\/www.oarcanjo.net\/site\/santo-eloi-ou-eligio\/\"},\"author\":{\"name\":\"danilo\",\"@id\":\"https:\/\/www.oarcanjo.net\/site\/#\/schema\/person\/5eb9480bedd2f3c97e430ce128c29c6c\"},\"headline\":\"Santo El\u00f3i ou El\u00edgio\",\"datePublished\":\"2017-12-01T02:01:35+00:00\",\"dateModified\":\"2017-07-31T10:20:51+00:00\",\"mainEntityOfPage\":{\"@id\":\"https:\/\/www.oarcanjo.net\/site\/santo-eloi-ou-eligio\/\"},\"wordCount\":664,\"commentCount\":0,\"publisher\":{\"@id\":\"https:\/\/www.oarcanjo.net\/site\/#organization\"},\"image\":{\"@id\":\"https:\/\/www.oarcanjo.net\/site\/santo-eloi-ou-eligio\/#primaryimage\"},\"thumbnailUrl\":\"http:\/\/www.oarcanjo.net\/site\/wp-content\/uploads\/santo-eloi.jpg\",\"articleSection\":[\"Testemunhos\"],\"inLanguage\":\"pt-BR\",\"potentialAction\":[{\"@type\":\"CommentAction\",\"name\":\"Comment\",\"target\":[\"https:\/\/www.oarcanjo.net\/site\/santo-eloi-ou-eligio\/#respond\"]}]},{\"@type\":\"WebPage\",\"@id\":\"https:\/\/www.oarcanjo.net\/site\/santo-eloi-ou-eligio\/\",\"url\":\"https:\/\/www.oarcanjo.net\/site\/santo-eloi-ou-eligio\/\",\"name\":\"Santo El\u00f3i ou El\u00edgio - O Arcanjo no ar\",\"isPartOf\":{\"@id\":\"https:\/\/www.oarcanjo.net\/site\/#website\"},\"primaryImageOfPage\":{\"@id\":\"https:\/\/www.oarcanjo.net\/site\/santo-eloi-ou-eligio\/#primaryimage\"},\"image\":{\"@id\":\"https:\/\/www.oarcanjo.net\/site\/santo-eloi-ou-eligio\/#primaryimage\"},\"thumbnailUrl\":\"http:\/\/www.oarcanjo.net\/site\/wp-content\/uploads\/santo-eloi.jpg\",\"datePublished\":\"2017-12-01T02:01:35+00:00\",\"dateModified\":\"2017-07-31T10:20:51+00:00\",\"breadcrumb\":{\"@id\":\"https:\/\/www.oarcanjo.net\/site\/santo-eloi-ou-eligio\/#breadcrumb\"},\"inLanguage\":\"pt-BR\",\"potentialAction\":[{\"@type\":\"ReadAction\",\"target\":[\"https:\/\/www.oarcanjo.net\/site\/santo-eloi-ou-eligio\/\"]}]},{\"@type\":\"ImageObject\",\"inLanguage\":\"pt-BR\",\"@id\":\"https:\/\/www.oarcanjo.net\/site\/santo-eloi-ou-eligio\/#primaryimage\",\"url\":\"https:\/\/www.oarcanjo.net\/site\/wp-content\/uploads\/santo-eloi.jpg\",\"contentUrl\":\"https:\/\/www.oarcanjo.net\/site\/wp-content\/uploads\/santo-eloi.jpg\",\"width\":\"82\",\"height\":\"108\"},{\"@type\":\"BreadcrumbList\",\"@id\":\"https:\/\/www.oarcanjo.net\/site\/santo-eloi-ou-eligio\/#breadcrumb\",\"itemListElement\":[{\"@type\":\"ListItem\",\"position\":1,\"name\":\"In\u00edcio\",\"item\":\"https:\/\/www.oarcanjo.net\/site\/\"},{\"@type\":\"ListItem\",\"position\":2,\"name\":\"Santo El\u00f3i ou El\u00edgio\"}]},{\"@type\":\"WebSite\",\"@id\":\"https:\/\/www.oarcanjo.net\/site\/#website\",\"url\":\"https:\/\/www.oarcanjo.net\/site\/\",\"name\":\"O Arcanjo no ar\",\"description\":\"Site da Par\u00f3quia S\u00e3o Miguel Arcanjo (Arquidiocese de SP)\",\"publisher\":{\"@id\":\"https:\/\/www.oarcanjo.net\/site\/#organization\"},\"potentialAction\":[{\"@type\":\"SearchAction\",\"target\":{\"@type\":\"EntryPoint\",\"urlTemplate\":\"https:\/\/www.oarcanjo.net\/site\/?s={search_term_string}\"},\"query-input\":{\"@type\":\"PropertyValueSpecification\",\"valueRequired\":true,\"valueName\":\"search_term_string\"}}],\"inLanguage\":\"pt-BR\"},{\"@type\":\"Organization\",\"@id\":\"https:\/\/www.oarcanjo.net\/site\/#organization\",\"name\":\"Par\u00f3quia S\u00e3o Miguel Arcanjo\",\"url\":\"https:\/\/www.oarcanjo.net\/site\/\",\"logo\":{\"@type\":\"ImageObject\",\"inLanguage\":\"pt-BR\",\"@id\":\"https:\/\/www.oarcanjo.net\/site\/#\/schema\/logo\/image\/\",\"url\":\"https:\/\/www.oarcanjo.net\/site\/wp-content\/uploads\/LogoOArcanjo.png\",\"contentUrl\":\"https:\/\/www.oarcanjo.net\/site\/wp-content\/uploads\/LogoOArcanjo.png\",\"width\":319,\"height\":99,\"caption\":\"Par\u00f3quia S\u00e3o Miguel Arcanjo\"},\"image\":{\"@id\":\"https:\/\/www.oarcanjo.net\/site\/#\/schema\/logo\/image\/\"},\"sameAs\":[\"https:\/\/www.facebook.com\/OArcanjoNoAr\/\"]},{\"@type\":\"Person\",\"@id\":\"https:\/\/www.oarcanjo.net\/site\/#\/schema\/person\/5eb9480bedd2f3c97e430ce128c29c6c\",\"name\":\"danilo\"}]}<\/script>\n<!-- \/ Yoast SEO plugin. -->","yoast_head_json":{"title":"Santo El\u00f3i ou El\u00edgio - O Arcanjo no ar","robots":{"index":"index","follow":"follow","max-snippet":"max-snippet:-1","max-image-preview":"max-image-preview:large","max-video-preview":"max-video-preview:-1"},"canonical":"https:\/\/www.oarcanjo.net\/site\/santo-eloi-ou-eligio\/","og_locale":"pt_BR","og_type":"article","og_title":"Santo El\u00f3i ou El\u00edgio - O Arcanjo no ar","og_description":"1 De Dezembro Bispo, escultor, modelista, marceneiro e ourives, El\u00f3i ou El\u00edgio foi um artista e religioso completo. Nasceu na cidade de Chaptelat, perto de Limoges, em 588, na Fran\u00e7a. Seus pais, de origem franco-italiana, eram modestos camponeses crist\u00e3os com princ\u00edpios r\u00edgidos de honestidade e lealdade, transmitidos com efici\u00eancia ao filho. Com sabedoria e muito [&hellip;]","og_url":"https:\/\/www.oarcanjo.net\/site\/santo-eloi-ou-eligio\/","og_site_name":"O Arcanjo no ar","article_publisher":"https:\/\/www.facebook.com\/OArcanjoNoAr\/","article_published_time":"2017-12-01T02:01:35+00:00","article_modified_time":"2017-07-31T10:20:51+00:00","og_image":[{"url":"http:\/\/www.oarcanjo.net\/site\/wp-content\/uploads\/santo-eloi.jpg"}],"author":"danilo","twitter_card":"summary_large_image","twitter_misc":{"Escrito por":"danilo","Est. tempo de leitura":"3 minutos"},"schema":{"@context":"https:\/\/schema.org","@graph":[{"@type":"Article","@id":"https:\/\/www.oarcanjo.net\/site\/santo-eloi-ou-eligio\/#article","isPartOf":{"@id":"https:\/\/www.oarcanjo.net\/site\/santo-eloi-ou-eligio\/"},"author":{"name":"danilo","@id":"https:\/\/www.oarcanjo.net\/site\/#\/schema\/person\/5eb9480bedd2f3c97e430ce128c29c6c"},"headline":"Santo El\u00f3i ou El\u00edgio","datePublished":"2017-12-01T02:01:35+00:00","dateModified":"2017-07-31T10:20:51+00:00","mainEntityOfPage":{"@id":"https:\/\/www.oarcanjo.net\/site\/santo-eloi-ou-eligio\/"},"wordCount":664,"commentCount":0,"publisher":{"@id":"https:\/\/www.oarcanjo.net\/site\/#organization"},"image":{"@id":"https:\/\/www.oarcanjo.net\/site\/santo-eloi-ou-eligio\/#primaryimage"},"thumbnailUrl":"http:\/\/www.oarcanjo.net\/site\/wp-content\/uploads\/santo-eloi.jpg","articleSection":["Testemunhos"],"inLanguage":"pt-BR","potentialAction":[{"@type":"CommentAction","name":"Comment","target":["https:\/\/www.oarcanjo.net\/site\/santo-eloi-ou-eligio\/#respond"]}]},{"@type":"WebPage","@id":"https:\/\/www.oarcanjo.net\/site\/santo-eloi-ou-eligio\/","url":"https:\/\/www.oarcanjo.net\/site\/santo-eloi-ou-eligio\/","name":"Santo El\u00f3i ou El\u00edgio - O Arcanjo no ar","isPartOf":{"@id":"https:\/\/www.oarcanjo.net\/site\/#website"},"primaryImageOfPage":{"@id":"https:\/\/www.oarcanjo.net\/site\/santo-eloi-ou-eligio\/#primaryimage"},"image":{"@id":"https:\/\/www.oarcanjo.net\/site\/santo-eloi-ou-eligio\/#primaryimage"},"thumbnailUrl":"http:\/\/www.oarcanjo.net\/site\/wp-content\/uploads\/santo-eloi.jpg","datePublished":"2017-12-01T02:01:35+00:00","dateModified":"2017-07-31T10:20:51+00:00","breadcrumb":{"@id":"https:\/\/www.oarcanjo.net\/site\/santo-eloi-ou-eligio\/#breadcrumb"},"inLanguage":"pt-BR","potentialAction":[{"@type":"ReadAction","target":["https:\/\/www.oarcanjo.net\/site\/santo-eloi-ou-eligio\/"]}]},{"@type":"ImageObject","inLanguage":"pt-BR","@id":"https:\/\/www.oarcanjo.net\/site\/santo-eloi-ou-eligio\/#primaryimage","url":"https:\/\/www.oarcanjo.net\/site\/wp-content\/uploads\/santo-eloi.jpg","contentUrl":"https:\/\/www.oarcanjo.net\/site\/wp-content\/uploads\/santo-eloi.jpg","width":"82","height":"108"},{"@type":"BreadcrumbList","@id":"https:\/\/www.oarcanjo.net\/site\/santo-eloi-ou-eligio\/#breadcrumb","itemListElement":[{"@type":"ListItem","position":1,"name":"In\u00edcio","item":"https:\/\/www.oarcanjo.net\/site\/"},{"@type":"ListItem","position":2,"name":"Santo El\u00f3i ou El\u00edgio"}]},{"@type":"WebSite","@id":"https:\/\/www.oarcanjo.net\/site\/#website","url":"https:\/\/www.oarcanjo.net\/site\/","name":"O Arcanjo no ar","description":"Site da Par\u00f3quia S\u00e3o Miguel Arcanjo (Arquidiocese de SP)","publisher":{"@id":"https:\/\/www.oarcanjo.net\/site\/#organization"},"potentialAction":[{"@type":"SearchAction","target":{"@type":"EntryPoint","urlTemplate":"https:\/\/www.oarcanjo.net\/site\/?s={search_term_string}"},"query-input":{"@type":"PropertyValueSpecification","valueRequired":true,"valueName":"search_term_string"}}],"inLanguage":"pt-BR"},{"@type":"Organization","@id":"https:\/\/www.oarcanjo.net\/site\/#organization","name":"Par\u00f3quia S\u00e3o Miguel Arcanjo","url":"https:\/\/www.oarcanjo.net\/site\/","logo":{"@type":"ImageObject","inLanguage":"pt-BR","@id":"https:\/\/www.oarcanjo.net\/site\/#\/schema\/logo\/image\/","url":"https:\/\/www.oarcanjo.net\/site\/wp-content\/uploads\/LogoOArcanjo.png","contentUrl":"https:\/\/www.oarcanjo.net\/site\/wp-content\/uploads\/LogoOArcanjo.png","width":319,"height":99,"caption":"Par\u00f3quia S\u00e3o Miguel Arcanjo"},"image":{"@id":"https:\/\/www.oarcanjo.net\/site\/#\/schema\/logo\/image\/"},"sameAs":["https:\/\/www.facebook.com\/OArcanjoNoAr\/"]},{"@type":"Person","@id":"https:\/\/www.oarcanjo.net\/site\/#\/schema\/person\/5eb9480bedd2f3c97e430ce128c29c6c","name":"danilo"}]}},"publishpress_future_action":{"enabled":false,"date":"2026-05-08 16:37:12","action":"category","newStatus":"draft","terms":[],"taxonomy":"category"},"publishpress_future_workflow_manual_trigger":{"enabledWorkflows":[]},"_links":{"self":[{"href":"https:\/\/www.oarcanjo.net\/site\/wp-json\/wp\/v2\/posts\/6275"}],"collection":[{"href":"https:\/\/www.oarcanjo.net\/site\/wp-json\/wp\/v2\/posts"}],"about":[{"href":"https:\/\/www.oarcanjo.net\/site\/wp-json\/wp\/v2\/types\/post"}],"author":[{"embeddable":true,"href":"https:\/\/www.oarcanjo.net\/site\/wp-json\/wp\/v2\/users\/14"}],"replies":[{"embeddable":true,"href":"https:\/\/www.oarcanjo.net\/site\/wp-json\/wp\/v2\/comments?post=6275"}],"version-history":[{"count":0,"href":"https:\/\/www.oarcanjo.net\/site\/wp-json\/wp\/v2\/posts\/6275\/revisions"}],"wp:attachment":[{"href":"https:\/\/www.oarcanjo.net\/site\/wp-json\/wp\/v2\/media?parent=6275"}],"wp:term":[{"taxonomy":"category","embeddable":true,"href":"https:\/\/www.oarcanjo.net\/site\/wp-json\/wp\/v2\/categories?post=6275"},{"taxonomy":"post_tag","embeddable":true,"href":"https:\/\/www.oarcanjo.net\/site\/wp-json\/wp\/v2\/tags?post=6275"}],"curies":[{"name":"wp","href":"https:\/\/api.w.org\/{rel}","templated":true}]}}