
{"id":6303,"date":"2017-12-02T06:47:01","date_gmt":"2017-12-02T08:47:01","guid":{"rendered":"http:\/\/www.oarcanjo.net\/site\/?p=6303"},"modified":"2017-07-31T07:21:59","modified_gmt":"2017-07-31T10:21:59","slug":"santa-bibiana-ou-viviana","status":"publish","type":"post","link":"https:\/\/www.oarcanjo.net\/site\/santa-bibiana-ou-viviana\/","title":{"rendered":"Santa Bibiana ou Viviana"},"content":{"rendered":"<p><img loading=\"lazy\" decoding=\"async\" class=\"aligncenter size-full wp-image-6304\" src=\"http:\/\/www.oarcanjo.net\/site\/wp-content\/uploads\/santa-bibiana.jpg\" alt=\"santa bibiana\" width=\"139\" height=\"201\" \/><\/p>\n<p>2 de Dezembro &#8211; Virgem e M\u00e1rtir<\/p>\n<p>Na \u00e9poca em que Roma estava sob o poder o imperador Juliano, &#8220;o Ap\u00f3stata&#8221;, aconteceu um dos \u00faltimos surtos de persegui\u00e7\u00e3o fatal aos crist\u00e3os, entre 361 e 363. O tirano, que j\u00e1 tinha renegado seu batismo e abandonado a religi\u00e3o, passou a lutar pela extin\u00e7\u00e3o completa do cristianismo.<\/p>\n<p>Come\u00e7ou substituindo todos os crist\u00e3os que ocupavam empregos civis por pag\u00e3os, tentando colocar os primeiros no esquecimento. Mas n\u00e3o parou por a\u00ed. Os mais populares e os mais perseverantes eram humilhados, torturados e, por fim, mortos.<\/p>\n<p>No ano 363, a fam\u00edlia de Bibiana foi executada na sua presen\u00e7a, porque n\u00e3o renunciou \u00e0 f\u00e9 crist\u00e3. Flaviano, seu pai, morreu com uma marca na testa que o identificava como escravo. Defrosa, sua m\u00e3e foi decapitada. Ela e a irm\u00e3 Dem\u00e9tria, antes, foram levadas para a pris\u00e3o.<\/p>\n<p>A primeira a morrer foi Dem\u00e9tria, que perseverou na f\u00e9 ap\u00f3s severos supl\u00edcios na presen\u00e7a da irm\u00e3. Por \u00faltimo, foi o mart\u00edrio de Bibiana, para a qual, conforme a antiga tradi\u00e7\u00e3o, o governador local usou outra t\u00e1tica. Foi levada a um bordel de luxo para abandonar a religi\u00e3o ou ser prostitu\u00edda. Mas os homens n\u00e3o conseguiam aproveitar-se de sua beleza, pois a um simples toque eram tomados por um surto de loucura. Bibiana, ent\u00e3o, foi transferida para um asilo de loucos e l\u00e1 ocorreu o inverso, os doentes eram curados.<\/p>\n<p>Sem renegar Cristo, foi entregue aos carrascos para ser chicoteada at\u00e9 a morte e o corpo jogado aos c\u00e3es selvagens. Outro prod\u00edgio aconteceu nesse instante, pois os c\u00e3es n\u00e3o o tocaram. Ao contr\u00e1rio, mantiveram uma dist\u00e2ncia respeitosa do corpo da m\u00e1rtir. Os seus restos, ent\u00e3o, foram recolhidos pelos demais crist\u00e3os e enterrados ao lado dos familiares, num t\u00famulo constru\u00eddo no monte Esquilino, em Roma.<\/p>\n<p>Finalmente, a persegui\u00e7\u00e3o sangrenta acabou. A hist\u00f3ria do seu mart\u00edrio ganhou uma devo\u00e7\u00e3o dos fieis. Santa Bibiana passou a ser incovada contra os males de cabe\u00e7a e as doen\u00e7as mentais e a epilepsia. Seu t\u00famulo tornou-se meta de peregrina\u00e7\u00e3o e o seu bonito nome escolhido na hora do batismo. Tamb\u00e9m a conhecida varia\u00e7\u00e3o, n\u00e3o menos bela, de Viviana se tornou popular na cristandade.<\/p>\n<p>A venera\u00e7\u00e3o era t\u00e3o intensa que o papa Simpl\u00edcio mandou construir sob sua sepultura uma pequena igreja dedicada a ela, no ano 407. O culto ganhou um refor\u00e7o maior ainda quando, por volta de 1625, foi erguida sob as ru\u00ednas da antiga igreja uma bas\u00edlica. Nela, as rel\u00edquias de santa Bibiana se encontram guardadas debaixo do altar-mor.<\/p>\n<p>Al\u00e9m de ser uma das padroeiras da bel\u00edssima cidade de Sevilha, na Espanha, santa Bibiana \u00e9, tamb\u00e9m, padroeira da diocese de Los Angeles, nos Estados Unidos. \u00c9 celebrada no dia 2 de dezembro, considerado o de sua morte pela f\u00e9 em Cristo.<\/p>\n<div id=\"themify_builder_content-6303\" data-postid=\"6303\" class=\"themify_builder_content themify_builder_content-6303 themify_builder themify_builder_front\">\n\t<\/div>\n<!-- \/themify_builder_content -->","protected":false},"excerpt":{"rendered":"<p>2 de Dezembro &#8211; Virgem e M\u00e1rtir Na \u00e9poca em que Roma estava sob o poder o imperador Juliano, &#8220;o Ap\u00f3stata&#8221;, aconteceu um dos \u00faltimos surtos de persegui\u00e7\u00e3o fatal aos crist\u00e3os, entre 361 e 363. O tirano, que j\u00e1 tinha renegado seu batismo e abandonado a religi\u00e3o, passou a lutar pela extin\u00e7\u00e3o completa do cristianismo. [&hellip;]<\/p>\n","protected":false},"author":14,"featured_media":0,"comment_status":"open","ping_status":"open","sticky":false,"template":"","format":"standard","meta":{"ngg_post_thumbnail":0,"footnotes":""},"categories":[186],"tags":[],"yoast_head":"<!-- This site is optimized with the Yoast SEO plugin v23.5 - https:\/\/yoast.com\/wordpress\/plugins\/seo\/ -->\n<title>Santa Bibiana ou Viviana - O Arcanjo no ar<\/title>\n<meta name=\"robots\" content=\"index, follow, max-snippet:-1, max-image-preview:large, max-video-preview:-1\" \/>\n<link rel=\"canonical\" href=\"https:\/\/www.oarcanjo.net\/site\/santa-bibiana-ou-viviana\/\" \/>\n<meta property=\"og:locale\" content=\"pt_BR\" \/>\n<meta property=\"og:type\" content=\"article\" \/>\n<meta property=\"og:title\" content=\"Santa Bibiana ou Viviana - O Arcanjo no ar\" \/>\n<meta property=\"og:description\" content=\"2 de Dezembro &#8211; Virgem e M\u00e1rtir Na \u00e9poca em que Roma estava sob o poder o imperador Juliano, &#8220;o Ap\u00f3stata&#8221;, aconteceu um dos \u00faltimos surtos de persegui\u00e7\u00e3o fatal aos crist\u00e3os, entre 361 e 363. O tirano, que j\u00e1 tinha renegado seu batismo e abandonado a religi\u00e3o, passou a lutar pela extin\u00e7\u00e3o completa do cristianismo. [&hellip;]\" \/>\n<meta property=\"og:url\" content=\"https:\/\/www.oarcanjo.net\/site\/santa-bibiana-ou-viviana\/\" \/>\n<meta property=\"og:site_name\" content=\"O Arcanjo no ar\" \/>\n<meta property=\"article:publisher\" content=\"https:\/\/www.facebook.com\/OArcanjoNoAr\/\" \/>\n<meta property=\"article:published_time\" content=\"2017-12-02T08:47:01+00:00\" \/>\n<meta property=\"article:modified_time\" content=\"2017-07-31T10:21:59+00:00\" \/>\n<meta property=\"og:image\" content=\"http:\/\/www.oarcanjo.net\/site\/wp-content\/uploads\/santa-bibiana.jpg\" \/>\n<meta name=\"author\" content=\"danilo\" \/>\n<meta name=\"twitter:card\" content=\"summary_large_image\" \/>\n<meta name=\"twitter:label1\" content=\"Escrito por\" \/>\n\t<meta name=\"twitter:data1\" content=\"danilo\" \/>\n\t<meta name=\"twitter:label2\" content=\"Est. tempo de leitura\" \/>\n\t<meta name=\"twitter:data2\" content=\"3 minutos\" \/>\n<script type=\"application\/ld+json\" class=\"yoast-schema-graph\">{\"@context\":\"https:\/\/schema.org\",\"@graph\":[{\"@type\":\"Article\",\"@id\":\"https:\/\/www.oarcanjo.net\/site\/santa-bibiana-ou-viviana\/#article\",\"isPartOf\":{\"@id\":\"https:\/\/www.oarcanjo.net\/site\/santa-bibiana-ou-viviana\/\"},\"author\":{\"name\":\"danilo\",\"@id\":\"https:\/\/www.oarcanjo.net\/site\/#\/schema\/person\/5eb9480bedd2f3c97e430ce128c29c6c\"},\"headline\":\"Santa Bibiana ou Viviana\",\"datePublished\":\"2017-12-02T08:47:01+00:00\",\"dateModified\":\"2017-07-31T10:21:59+00:00\",\"mainEntityOfPage\":{\"@id\":\"https:\/\/www.oarcanjo.net\/site\/santa-bibiana-ou-viviana\/\"},\"wordCount\":508,\"commentCount\":0,\"publisher\":{\"@id\":\"https:\/\/www.oarcanjo.net\/site\/#organization\"},\"image\":{\"@id\":\"https:\/\/www.oarcanjo.net\/site\/santa-bibiana-ou-viviana\/#primaryimage\"},\"thumbnailUrl\":\"http:\/\/www.oarcanjo.net\/site\/wp-content\/uploads\/santa-bibiana.jpg\",\"articleSection\":[\"Testemunhos\"],\"inLanguage\":\"pt-BR\",\"potentialAction\":[{\"@type\":\"CommentAction\",\"name\":\"Comment\",\"target\":[\"https:\/\/www.oarcanjo.net\/site\/santa-bibiana-ou-viviana\/#respond\"]}]},{\"@type\":\"WebPage\",\"@id\":\"https:\/\/www.oarcanjo.net\/site\/santa-bibiana-ou-viviana\/\",\"url\":\"https:\/\/www.oarcanjo.net\/site\/santa-bibiana-ou-viviana\/\",\"name\":\"Santa Bibiana ou Viviana - O Arcanjo no ar\",\"isPartOf\":{\"@id\":\"https:\/\/www.oarcanjo.net\/site\/#website\"},\"primaryImageOfPage\":{\"@id\":\"https:\/\/www.oarcanjo.net\/site\/santa-bibiana-ou-viviana\/#primaryimage\"},\"image\":{\"@id\":\"https:\/\/www.oarcanjo.net\/site\/santa-bibiana-ou-viviana\/#primaryimage\"},\"thumbnailUrl\":\"http:\/\/www.oarcanjo.net\/site\/wp-content\/uploads\/santa-bibiana.jpg\",\"datePublished\":\"2017-12-02T08:47:01+00:00\",\"dateModified\":\"2017-07-31T10:21:59+00:00\",\"breadcrumb\":{\"@id\":\"https:\/\/www.oarcanjo.net\/site\/santa-bibiana-ou-viviana\/#breadcrumb\"},\"inLanguage\":\"pt-BR\",\"potentialAction\":[{\"@type\":\"ReadAction\",\"target\":[\"https:\/\/www.oarcanjo.net\/site\/santa-bibiana-ou-viviana\/\"]}]},{\"@type\":\"ImageObject\",\"inLanguage\":\"pt-BR\",\"@id\":\"https:\/\/www.oarcanjo.net\/site\/santa-bibiana-ou-viviana\/#primaryimage\",\"url\":\"https:\/\/www.oarcanjo.net\/site\/wp-content\/uploads\/santa-bibiana.jpg\",\"contentUrl\":\"https:\/\/www.oarcanjo.net\/site\/wp-content\/uploads\/santa-bibiana.jpg\",\"width\":\"99\",\"height\":\"135\"},{\"@type\":\"BreadcrumbList\",\"@id\":\"https:\/\/www.oarcanjo.net\/site\/santa-bibiana-ou-viviana\/#breadcrumb\",\"itemListElement\":[{\"@type\":\"ListItem\",\"position\":1,\"name\":\"In\u00edcio\",\"item\":\"https:\/\/www.oarcanjo.net\/site\/\"},{\"@type\":\"ListItem\",\"position\":2,\"name\":\"Santa Bibiana ou Viviana\"}]},{\"@type\":\"WebSite\",\"@id\":\"https:\/\/www.oarcanjo.net\/site\/#website\",\"url\":\"https:\/\/www.oarcanjo.net\/site\/\",\"name\":\"O Arcanjo no ar\",\"description\":\"Site da Par\u00f3quia S\u00e3o Miguel Arcanjo (Arquidiocese de SP)\",\"publisher\":{\"@id\":\"https:\/\/www.oarcanjo.net\/site\/#organization\"},\"potentialAction\":[{\"@type\":\"SearchAction\",\"target\":{\"@type\":\"EntryPoint\",\"urlTemplate\":\"https:\/\/www.oarcanjo.net\/site\/?s={search_term_string}\"},\"query-input\":{\"@type\":\"PropertyValueSpecification\",\"valueRequired\":true,\"valueName\":\"search_term_string\"}}],\"inLanguage\":\"pt-BR\"},{\"@type\":\"Organization\",\"@id\":\"https:\/\/www.oarcanjo.net\/site\/#organization\",\"name\":\"Par\u00f3quia S\u00e3o Miguel Arcanjo\",\"url\":\"https:\/\/www.oarcanjo.net\/site\/\",\"logo\":{\"@type\":\"ImageObject\",\"inLanguage\":\"pt-BR\",\"@id\":\"https:\/\/www.oarcanjo.net\/site\/#\/schema\/logo\/image\/\",\"url\":\"https:\/\/www.oarcanjo.net\/site\/wp-content\/uploads\/LogoOArcanjo.png\",\"contentUrl\":\"https:\/\/www.oarcanjo.net\/site\/wp-content\/uploads\/LogoOArcanjo.png\",\"width\":319,\"height\":99,\"caption\":\"Par\u00f3quia S\u00e3o Miguel Arcanjo\"},\"image\":{\"@id\":\"https:\/\/www.oarcanjo.net\/site\/#\/schema\/logo\/image\/\"},\"sameAs\":[\"https:\/\/www.facebook.com\/OArcanjoNoAr\/\"]},{\"@type\":\"Person\",\"@id\":\"https:\/\/www.oarcanjo.net\/site\/#\/schema\/person\/5eb9480bedd2f3c97e430ce128c29c6c\",\"name\":\"danilo\"}]}<\/script>\n<!-- \/ Yoast SEO plugin. -->","yoast_head_json":{"title":"Santa Bibiana ou Viviana - O Arcanjo no ar","robots":{"index":"index","follow":"follow","max-snippet":"max-snippet:-1","max-image-preview":"max-image-preview:large","max-video-preview":"max-video-preview:-1"},"canonical":"https:\/\/www.oarcanjo.net\/site\/santa-bibiana-ou-viviana\/","og_locale":"pt_BR","og_type":"article","og_title":"Santa Bibiana ou Viviana - O Arcanjo no ar","og_description":"2 de Dezembro &#8211; Virgem e M\u00e1rtir Na \u00e9poca em que Roma estava sob o poder o imperador Juliano, &#8220;o Ap\u00f3stata&#8221;, aconteceu um dos \u00faltimos surtos de persegui\u00e7\u00e3o fatal aos crist\u00e3os, entre 361 e 363. O tirano, que j\u00e1 tinha renegado seu batismo e abandonado a religi\u00e3o, passou a lutar pela extin\u00e7\u00e3o completa do cristianismo. [&hellip;]","og_url":"https:\/\/www.oarcanjo.net\/site\/santa-bibiana-ou-viviana\/","og_site_name":"O Arcanjo no ar","article_publisher":"https:\/\/www.facebook.com\/OArcanjoNoAr\/","article_published_time":"2017-12-02T08:47:01+00:00","article_modified_time":"2017-07-31T10:21:59+00:00","og_image":[{"url":"http:\/\/www.oarcanjo.net\/site\/wp-content\/uploads\/santa-bibiana.jpg"}],"author":"danilo","twitter_card":"summary_large_image","twitter_misc":{"Escrito por":"danilo","Est. tempo de leitura":"3 minutos"},"schema":{"@context":"https:\/\/schema.org","@graph":[{"@type":"Article","@id":"https:\/\/www.oarcanjo.net\/site\/santa-bibiana-ou-viviana\/#article","isPartOf":{"@id":"https:\/\/www.oarcanjo.net\/site\/santa-bibiana-ou-viviana\/"},"author":{"name":"danilo","@id":"https:\/\/www.oarcanjo.net\/site\/#\/schema\/person\/5eb9480bedd2f3c97e430ce128c29c6c"},"headline":"Santa Bibiana ou Viviana","datePublished":"2017-12-02T08:47:01+00:00","dateModified":"2017-07-31T10:21:59+00:00","mainEntityOfPage":{"@id":"https:\/\/www.oarcanjo.net\/site\/santa-bibiana-ou-viviana\/"},"wordCount":508,"commentCount":0,"publisher":{"@id":"https:\/\/www.oarcanjo.net\/site\/#organization"},"image":{"@id":"https:\/\/www.oarcanjo.net\/site\/santa-bibiana-ou-viviana\/#primaryimage"},"thumbnailUrl":"http:\/\/www.oarcanjo.net\/site\/wp-content\/uploads\/santa-bibiana.jpg","articleSection":["Testemunhos"],"inLanguage":"pt-BR","potentialAction":[{"@type":"CommentAction","name":"Comment","target":["https:\/\/www.oarcanjo.net\/site\/santa-bibiana-ou-viviana\/#respond"]}]},{"@type":"WebPage","@id":"https:\/\/www.oarcanjo.net\/site\/santa-bibiana-ou-viviana\/","url":"https:\/\/www.oarcanjo.net\/site\/santa-bibiana-ou-viviana\/","name":"Santa Bibiana ou Viviana - O Arcanjo no ar","isPartOf":{"@id":"https:\/\/www.oarcanjo.net\/site\/#website"},"primaryImageOfPage":{"@id":"https:\/\/www.oarcanjo.net\/site\/santa-bibiana-ou-viviana\/#primaryimage"},"image":{"@id":"https:\/\/www.oarcanjo.net\/site\/santa-bibiana-ou-viviana\/#primaryimage"},"thumbnailUrl":"http:\/\/www.oarcanjo.net\/site\/wp-content\/uploads\/santa-bibiana.jpg","datePublished":"2017-12-02T08:47:01+00:00","dateModified":"2017-07-31T10:21:59+00:00","breadcrumb":{"@id":"https:\/\/www.oarcanjo.net\/site\/santa-bibiana-ou-viviana\/#breadcrumb"},"inLanguage":"pt-BR","potentialAction":[{"@type":"ReadAction","target":["https:\/\/www.oarcanjo.net\/site\/santa-bibiana-ou-viviana\/"]}]},{"@type":"ImageObject","inLanguage":"pt-BR","@id":"https:\/\/www.oarcanjo.net\/site\/santa-bibiana-ou-viviana\/#primaryimage","url":"https:\/\/www.oarcanjo.net\/site\/wp-content\/uploads\/santa-bibiana.jpg","contentUrl":"https:\/\/www.oarcanjo.net\/site\/wp-content\/uploads\/santa-bibiana.jpg","width":"99","height":"135"},{"@type":"BreadcrumbList","@id":"https:\/\/www.oarcanjo.net\/site\/santa-bibiana-ou-viviana\/#breadcrumb","itemListElement":[{"@type":"ListItem","position":1,"name":"In\u00edcio","item":"https:\/\/www.oarcanjo.net\/site\/"},{"@type":"ListItem","position":2,"name":"Santa Bibiana ou Viviana"}]},{"@type":"WebSite","@id":"https:\/\/www.oarcanjo.net\/site\/#website","url":"https:\/\/www.oarcanjo.net\/site\/","name":"O Arcanjo no ar","description":"Site da Par\u00f3quia S\u00e3o Miguel Arcanjo (Arquidiocese de SP)","publisher":{"@id":"https:\/\/www.oarcanjo.net\/site\/#organization"},"potentialAction":[{"@type":"SearchAction","target":{"@type":"EntryPoint","urlTemplate":"https:\/\/www.oarcanjo.net\/site\/?s={search_term_string}"},"query-input":{"@type":"PropertyValueSpecification","valueRequired":true,"valueName":"search_term_string"}}],"inLanguage":"pt-BR"},{"@type":"Organization","@id":"https:\/\/www.oarcanjo.net\/site\/#organization","name":"Par\u00f3quia S\u00e3o Miguel Arcanjo","url":"https:\/\/www.oarcanjo.net\/site\/","logo":{"@type":"ImageObject","inLanguage":"pt-BR","@id":"https:\/\/www.oarcanjo.net\/site\/#\/schema\/logo\/image\/","url":"https:\/\/www.oarcanjo.net\/site\/wp-content\/uploads\/LogoOArcanjo.png","contentUrl":"https:\/\/www.oarcanjo.net\/site\/wp-content\/uploads\/LogoOArcanjo.png","width":319,"height":99,"caption":"Par\u00f3quia S\u00e3o Miguel Arcanjo"},"image":{"@id":"https:\/\/www.oarcanjo.net\/site\/#\/schema\/logo\/image\/"},"sameAs":["https:\/\/www.facebook.com\/OArcanjoNoAr\/"]},{"@type":"Person","@id":"https:\/\/www.oarcanjo.net\/site\/#\/schema\/person\/5eb9480bedd2f3c97e430ce128c29c6c","name":"danilo"}]}},"publishpress_future_action":{"enabled":false,"date":"2026-05-08 15:48:13","action":"category","newStatus":"draft","terms":[],"taxonomy":"category"},"publishpress_future_workflow_manual_trigger":{"enabledWorkflows":[]},"_links":{"self":[{"href":"https:\/\/www.oarcanjo.net\/site\/wp-json\/wp\/v2\/posts\/6303"}],"collection":[{"href":"https:\/\/www.oarcanjo.net\/site\/wp-json\/wp\/v2\/posts"}],"about":[{"href":"https:\/\/www.oarcanjo.net\/site\/wp-json\/wp\/v2\/types\/post"}],"author":[{"embeddable":true,"href":"https:\/\/www.oarcanjo.net\/site\/wp-json\/wp\/v2\/users\/14"}],"replies":[{"embeddable":true,"href":"https:\/\/www.oarcanjo.net\/site\/wp-json\/wp\/v2\/comments?post=6303"}],"version-history":[{"count":0,"href":"https:\/\/www.oarcanjo.net\/site\/wp-json\/wp\/v2\/posts\/6303\/revisions"}],"wp:attachment":[{"href":"https:\/\/www.oarcanjo.net\/site\/wp-json\/wp\/v2\/media?parent=6303"}],"wp:term":[{"taxonomy":"category","embeddable":true,"href":"https:\/\/www.oarcanjo.net\/site\/wp-json\/wp\/v2\/categories?post=6303"},{"taxonomy":"post_tag","embeddable":true,"href":"https:\/\/www.oarcanjo.net\/site\/wp-json\/wp\/v2\/tags?post=6303"}],"curies":[{"name":"wp","href":"https:\/\/api.w.org\/{rel}","templated":true}]}}