
{"id":6308,"date":"2017-12-02T06:53:20","date_gmt":"2017-12-02T08:53:20","guid":{"rendered":"http:\/\/www.oarcanjo.net\/site\/?p=6308"},"modified":"2017-07-31T07:21:47","modified_gmt":"2017-07-31T10:21:47","slug":"sao-cromacio","status":"publish","type":"post","link":"https:\/\/www.oarcanjo.net\/site\/sao-cromacio\/","title":{"rendered":"S\u00e3o Crom\u00e1cio"},"content":{"rendered":"<p><img loading=\"lazy\" decoding=\"async\" class=\"aligncenter size-thumbnail wp-image-6309\" src=\"http:\/\/www.oarcanjo.net\/site\/wp-content\/uploads\/sao-cromacio-150x150.jpg\" alt=\"sao cromacio\" width=\"150\" height=\"150\" \/><\/p>\n<p>2 de Dezembro<\/p>\n<p>Hoje a Igreja nos apresenta S\u00e3o Crom\u00e1cio, Bispo de Aquil\u00e9ia (It\u00e1lia). Esta cidade da Europa, por um tempo foi muito importante para o Imp\u00e9rio Romano, que a tinha como centro pol\u00edtico e principalmente para o Cristianismo, pois S\u00e3o Jer\u00f4nimo a chamou: &#8220;Comunidade de santos&#8221;.<\/p>\n<p>Neste contexto que, no s\u00e9culo IV, Crom\u00e1cio aparece como pertencente do Clero de Aquil\u00e9ia e ajudante fiel do Bispo Valeriano. Crom\u00e1cio nasceu em Aquil\u00e9ia no ano 345. S\u00e3o Crom\u00e1cio colaborou na organiza\u00e7\u00e3o da diocese e na luta contra o Arianismo, que semeava a mentira em que Jesus Cristo seria criatura escolhida, e n\u00e3o Deus.<\/p>\n<p>A casa de S\u00e3o Crom\u00e1cio era centro de atividade espiritual, de estudo, ora\u00e7\u00e3o e encontro de amigos sacerdotes e leigos, dispostos a cresceram para Deus. Quando Valeriano morreu, todos &#8211; Clero e o povo &#8211; n\u00e3o tiveram d\u00favida em aclamar Crom\u00e1cio para Bispo de Aquil\u00e9ia. Isto em 388.<\/p>\n<p>Como Bispo, foi santo e s\u00e1bio pastor, culto, en\u00e9rgico na defesa da doutrina e incans\u00e1vel na evangeliza\u00e7\u00e3o dos povos, o pr\u00f3prio S\u00e3o Crom\u00e1cio se destacou como pregador e escritor, al\u00e9m de cooperar para que S\u00e3o Jer\u00f4nimo e Rufino trabalhassem cada um na sua tradu\u00e7\u00e3o das Sagradas Escrituras.<\/p>\n<p>S\u00e3o Crom\u00e1cio faleceu em sua cidade &#8211; Aquil\u00e9ia &#8211; no ano de 408, local que jamais esqueceu deste santo Bispo.<\/p>\n<div id=\"themify_builder_content-6308\" data-postid=\"6308\" class=\"themify_builder_content themify_builder_content-6308 themify_builder themify_builder_front\">\n\t<\/div>\n<!-- \/themify_builder_content -->","protected":false},"excerpt":{"rendered":"<p>2 de Dezembro Hoje a Igreja nos apresenta S\u00e3o Crom\u00e1cio, Bispo de Aquil\u00e9ia (It\u00e1lia). Esta cidade da Europa, por um tempo foi muito importante para o Imp\u00e9rio Romano, que a tinha como centro pol\u00edtico e principalmente para o Cristianismo, pois S\u00e3o Jer\u00f4nimo a chamou: &#8220;Comunidade de santos&#8221;. Neste contexto que, no s\u00e9culo IV, Crom\u00e1cio aparece [&hellip;]<\/p>\n","protected":false},"author":14,"featured_media":0,"comment_status":"open","ping_status":"open","sticky":false,"template":"","format":"standard","meta":{"ngg_post_thumbnail":0,"footnotes":""},"categories":[186],"tags":[],"yoast_head":"<!-- This site is optimized with the Yoast SEO plugin v23.5 - https:\/\/yoast.com\/wordpress\/plugins\/seo\/ -->\n<title>S\u00e3o Crom\u00e1cio - O Arcanjo no ar<\/title>\n<meta name=\"robots\" content=\"index, follow, max-snippet:-1, max-image-preview:large, max-video-preview:-1\" \/>\n<link rel=\"canonical\" href=\"https:\/\/www.oarcanjo.net\/site\/sao-cromacio\/\" \/>\n<meta property=\"og:locale\" content=\"pt_BR\" \/>\n<meta property=\"og:type\" content=\"article\" \/>\n<meta property=\"og:title\" content=\"S\u00e3o Crom\u00e1cio - O Arcanjo no ar\" \/>\n<meta property=\"og:description\" content=\"2 de Dezembro Hoje a Igreja nos apresenta S\u00e3o Crom\u00e1cio, Bispo de Aquil\u00e9ia (It\u00e1lia). Esta cidade da Europa, por um tempo foi muito importante para o Imp\u00e9rio Romano, que a tinha como centro pol\u00edtico e principalmente para o Cristianismo, pois S\u00e3o Jer\u00f4nimo a chamou: &#8220;Comunidade de santos&#8221;. Neste contexto que, no s\u00e9culo IV, Crom\u00e1cio aparece [&hellip;]\" \/>\n<meta property=\"og:url\" content=\"https:\/\/www.oarcanjo.net\/site\/sao-cromacio\/\" \/>\n<meta property=\"og:site_name\" content=\"O Arcanjo no ar\" \/>\n<meta property=\"article:publisher\" content=\"https:\/\/www.facebook.com\/OArcanjoNoAr\/\" \/>\n<meta property=\"article:published_time\" content=\"2017-12-02T08:53:20+00:00\" \/>\n<meta property=\"article:modified_time\" content=\"2017-07-31T10:21:47+00:00\" \/>\n<meta property=\"og:image\" content=\"http:\/\/www.oarcanjo.net\/site\/wp-content\/uploads\/sao-cromacio-150x150.jpg\" \/>\n<meta name=\"author\" content=\"danilo\" \/>\n<meta name=\"twitter:card\" content=\"summary_large_image\" \/>\n<meta name=\"twitter:label1\" content=\"Escrito por\" \/>\n\t<meta name=\"twitter:data1\" content=\"danilo\" \/>\n\t<meta name=\"twitter:label2\" content=\"Est. tempo de leitura\" \/>\n\t<meta name=\"twitter:data2\" content=\"1 minuto\" \/>\n<script type=\"application\/ld+json\" class=\"yoast-schema-graph\">{\"@context\":\"https:\/\/schema.org\",\"@graph\":[{\"@type\":\"Article\",\"@id\":\"https:\/\/www.oarcanjo.net\/site\/sao-cromacio\/#article\",\"isPartOf\":{\"@id\":\"https:\/\/www.oarcanjo.net\/site\/sao-cromacio\/\"},\"author\":{\"name\":\"danilo\",\"@id\":\"https:\/\/www.oarcanjo.net\/site\/#\/schema\/person\/5eb9480bedd2f3c97e430ce128c29c6c\"},\"headline\":\"S\u00e3o Crom\u00e1cio\",\"datePublished\":\"2017-12-02T08:53:20+00:00\",\"dateModified\":\"2017-07-31T10:21:47+00:00\",\"mainEntityOfPage\":{\"@id\":\"https:\/\/www.oarcanjo.net\/site\/sao-cromacio\/\"},\"wordCount\":254,\"commentCount\":0,\"publisher\":{\"@id\":\"https:\/\/www.oarcanjo.net\/site\/#organization\"},\"image\":{\"@id\":\"https:\/\/www.oarcanjo.net\/site\/sao-cromacio\/#primaryimage\"},\"thumbnailUrl\":\"http:\/\/www.oarcanjo.net\/site\/wp-content\/uploads\/sao-cromacio-150x150.jpg\",\"articleSection\":[\"Testemunhos\"],\"inLanguage\":\"pt-BR\",\"potentialAction\":[{\"@type\":\"CommentAction\",\"name\":\"Comment\",\"target\":[\"https:\/\/www.oarcanjo.net\/site\/sao-cromacio\/#respond\"]}]},{\"@type\":\"WebPage\",\"@id\":\"https:\/\/www.oarcanjo.net\/site\/sao-cromacio\/\",\"url\":\"https:\/\/www.oarcanjo.net\/site\/sao-cromacio\/\",\"name\":\"S\u00e3o Crom\u00e1cio - O Arcanjo no ar\",\"isPartOf\":{\"@id\":\"https:\/\/www.oarcanjo.net\/site\/#website\"},\"primaryImageOfPage\":{\"@id\":\"https:\/\/www.oarcanjo.net\/site\/sao-cromacio\/#primaryimage\"},\"image\":{\"@id\":\"https:\/\/www.oarcanjo.net\/site\/sao-cromacio\/#primaryimage\"},\"thumbnailUrl\":\"http:\/\/www.oarcanjo.net\/site\/wp-content\/uploads\/sao-cromacio-150x150.jpg\",\"datePublished\":\"2017-12-02T08:53:20+00:00\",\"dateModified\":\"2017-07-31T10:21:47+00:00\",\"breadcrumb\":{\"@id\":\"https:\/\/www.oarcanjo.net\/site\/sao-cromacio\/#breadcrumb\"},\"inLanguage\":\"pt-BR\",\"potentialAction\":[{\"@type\":\"ReadAction\",\"target\":[\"https:\/\/www.oarcanjo.net\/site\/sao-cromacio\/\"]}]},{\"@type\":\"ImageObject\",\"inLanguage\":\"pt-BR\",\"@id\":\"https:\/\/www.oarcanjo.net\/site\/sao-cromacio\/#primaryimage\",\"url\":\"https:\/\/www.oarcanjo.net\/site\/wp-content\/uploads\/sao-cromacio.jpg\",\"contentUrl\":\"https:\/\/www.oarcanjo.net\/site\/wp-content\/uploads\/sao-cromacio.jpg\",\"width\":\"150\",\"height\":\"200\"},{\"@type\":\"BreadcrumbList\",\"@id\":\"https:\/\/www.oarcanjo.net\/site\/sao-cromacio\/#breadcrumb\",\"itemListElement\":[{\"@type\":\"ListItem\",\"position\":1,\"name\":\"In\u00edcio\",\"item\":\"https:\/\/www.oarcanjo.net\/site\/\"},{\"@type\":\"ListItem\",\"position\":2,\"name\":\"S\u00e3o Crom\u00e1cio\"}]},{\"@type\":\"WebSite\",\"@id\":\"https:\/\/www.oarcanjo.net\/site\/#website\",\"url\":\"https:\/\/www.oarcanjo.net\/site\/\",\"name\":\"O Arcanjo no ar\",\"description\":\"Site da Par\u00f3quia S\u00e3o Miguel Arcanjo (Arquidiocese de SP)\",\"publisher\":{\"@id\":\"https:\/\/www.oarcanjo.net\/site\/#organization\"},\"potentialAction\":[{\"@type\":\"SearchAction\",\"target\":{\"@type\":\"EntryPoint\",\"urlTemplate\":\"https:\/\/www.oarcanjo.net\/site\/?s={search_term_string}\"},\"query-input\":{\"@type\":\"PropertyValueSpecification\",\"valueRequired\":true,\"valueName\":\"search_term_string\"}}],\"inLanguage\":\"pt-BR\"},{\"@type\":\"Organization\",\"@id\":\"https:\/\/www.oarcanjo.net\/site\/#organization\",\"name\":\"Par\u00f3quia S\u00e3o Miguel Arcanjo\",\"url\":\"https:\/\/www.oarcanjo.net\/site\/\",\"logo\":{\"@type\":\"ImageObject\",\"inLanguage\":\"pt-BR\",\"@id\":\"https:\/\/www.oarcanjo.net\/site\/#\/schema\/logo\/image\/\",\"url\":\"https:\/\/www.oarcanjo.net\/site\/wp-content\/uploads\/LogoOArcanjo.png\",\"contentUrl\":\"https:\/\/www.oarcanjo.net\/site\/wp-content\/uploads\/LogoOArcanjo.png\",\"width\":319,\"height\":99,\"caption\":\"Par\u00f3quia S\u00e3o Miguel Arcanjo\"},\"image\":{\"@id\":\"https:\/\/www.oarcanjo.net\/site\/#\/schema\/logo\/image\/\"},\"sameAs\":[\"https:\/\/www.facebook.com\/OArcanjoNoAr\/\"]},{\"@type\":\"Person\",\"@id\":\"https:\/\/www.oarcanjo.net\/site\/#\/schema\/person\/5eb9480bedd2f3c97e430ce128c29c6c\",\"name\":\"danilo\"}]}<\/script>\n<!-- \/ Yoast SEO plugin. -->","yoast_head_json":{"title":"S\u00e3o Crom\u00e1cio - O Arcanjo no ar","robots":{"index":"index","follow":"follow","max-snippet":"max-snippet:-1","max-image-preview":"max-image-preview:large","max-video-preview":"max-video-preview:-1"},"canonical":"https:\/\/www.oarcanjo.net\/site\/sao-cromacio\/","og_locale":"pt_BR","og_type":"article","og_title":"S\u00e3o Crom\u00e1cio - O Arcanjo no ar","og_description":"2 de Dezembro Hoje a Igreja nos apresenta S\u00e3o Crom\u00e1cio, Bispo de Aquil\u00e9ia (It\u00e1lia). Esta cidade da Europa, por um tempo foi muito importante para o Imp\u00e9rio Romano, que a tinha como centro pol\u00edtico e principalmente para o Cristianismo, pois S\u00e3o Jer\u00f4nimo a chamou: &#8220;Comunidade de santos&#8221;. Neste contexto que, no s\u00e9culo IV, Crom\u00e1cio aparece [&hellip;]","og_url":"https:\/\/www.oarcanjo.net\/site\/sao-cromacio\/","og_site_name":"O Arcanjo no ar","article_publisher":"https:\/\/www.facebook.com\/OArcanjoNoAr\/","article_published_time":"2017-12-02T08:53:20+00:00","article_modified_time":"2017-07-31T10:21:47+00:00","og_image":[{"url":"http:\/\/www.oarcanjo.net\/site\/wp-content\/uploads\/sao-cromacio-150x150.jpg"}],"author":"danilo","twitter_card":"summary_large_image","twitter_misc":{"Escrito por":"danilo","Est. tempo de leitura":"1 minuto"},"schema":{"@context":"https:\/\/schema.org","@graph":[{"@type":"Article","@id":"https:\/\/www.oarcanjo.net\/site\/sao-cromacio\/#article","isPartOf":{"@id":"https:\/\/www.oarcanjo.net\/site\/sao-cromacio\/"},"author":{"name":"danilo","@id":"https:\/\/www.oarcanjo.net\/site\/#\/schema\/person\/5eb9480bedd2f3c97e430ce128c29c6c"},"headline":"S\u00e3o Crom\u00e1cio","datePublished":"2017-12-02T08:53:20+00:00","dateModified":"2017-07-31T10:21:47+00:00","mainEntityOfPage":{"@id":"https:\/\/www.oarcanjo.net\/site\/sao-cromacio\/"},"wordCount":254,"commentCount":0,"publisher":{"@id":"https:\/\/www.oarcanjo.net\/site\/#organization"},"image":{"@id":"https:\/\/www.oarcanjo.net\/site\/sao-cromacio\/#primaryimage"},"thumbnailUrl":"http:\/\/www.oarcanjo.net\/site\/wp-content\/uploads\/sao-cromacio-150x150.jpg","articleSection":["Testemunhos"],"inLanguage":"pt-BR","potentialAction":[{"@type":"CommentAction","name":"Comment","target":["https:\/\/www.oarcanjo.net\/site\/sao-cromacio\/#respond"]}]},{"@type":"WebPage","@id":"https:\/\/www.oarcanjo.net\/site\/sao-cromacio\/","url":"https:\/\/www.oarcanjo.net\/site\/sao-cromacio\/","name":"S\u00e3o Crom\u00e1cio - O Arcanjo no ar","isPartOf":{"@id":"https:\/\/www.oarcanjo.net\/site\/#website"},"primaryImageOfPage":{"@id":"https:\/\/www.oarcanjo.net\/site\/sao-cromacio\/#primaryimage"},"image":{"@id":"https:\/\/www.oarcanjo.net\/site\/sao-cromacio\/#primaryimage"},"thumbnailUrl":"http:\/\/www.oarcanjo.net\/site\/wp-content\/uploads\/sao-cromacio-150x150.jpg","datePublished":"2017-12-02T08:53:20+00:00","dateModified":"2017-07-31T10:21:47+00:00","breadcrumb":{"@id":"https:\/\/www.oarcanjo.net\/site\/sao-cromacio\/#breadcrumb"},"inLanguage":"pt-BR","potentialAction":[{"@type":"ReadAction","target":["https:\/\/www.oarcanjo.net\/site\/sao-cromacio\/"]}]},{"@type":"ImageObject","inLanguage":"pt-BR","@id":"https:\/\/www.oarcanjo.net\/site\/sao-cromacio\/#primaryimage","url":"https:\/\/www.oarcanjo.net\/site\/wp-content\/uploads\/sao-cromacio.jpg","contentUrl":"https:\/\/www.oarcanjo.net\/site\/wp-content\/uploads\/sao-cromacio.jpg","width":"150","height":"200"},{"@type":"BreadcrumbList","@id":"https:\/\/www.oarcanjo.net\/site\/sao-cromacio\/#breadcrumb","itemListElement":[{"@type":"ListItem","position":1,"name":"In\u00edcio","item":"https:\/\/www.oarcanjo.net\/site\/"},{"@type":"ListItem","position":2,"name":"S\u00e3o Crom\u00e1cio"}]},{"@type":"WebSite","@id":"https:\/\/www.oarcanjo.net\/site\/#website","url":"https:\/\/www.oarcanjo.net\/site\/","name":"O Arcanjo no ar","description":"Site da Par\u00f3quia S\u00e3o Miguel Arcanjo (Arquidiocese de SP)","publisher":{"@id":"https:\/\/www.oarcanjo.net\/site\/#organization"},"potentialAction":[{"@type":"SearchAction","target":{"@type":"EntryPoint","urlTemplate":"https:\/\/www.oarcanjo.net\/site\/?s={search_term_string}"},"query-input":{"@type":"PropertyValueSpecification","valueRequired":true,"valueName":"search_term_string"}}],"inLanguage":"pt-BR"},{"@type":"Organization","@id":"https:\/\/www.oarcanjo.net\/site\/#organization","name":"Par\u00f3quia S\u00e3o Miguel Arcanjo","url":"https:\/\/www.oarcanjo.net\/site\/","logo":{"@type":"ImageObject","inLanguage":"pt-BR","@id":"https:\/\/www.oarcanjo.net\/site\/#\/schema\/logo\/image\/","url":"https:\/\/www.oarcanjo.net\/site\/wp-content\/uploads\/LogoOArcanjo.png","contentUrl":"https:\/\/www.oarcanjo.net\/site\/wp-content\/uploads\/LogoOArcanjo.png","width":319,"height":99,"caption":"Par\u00f3quia S\u00e3o Miguel Arcanjo"},"image":{"@id":"https:\/\/www.oarcanjo.net\/site\/#\/schema\/logo\/image\/"},"sameAs":["https:\/\/www.facebook.com\/OArcanjoNoAr\/"]},{"@type":"Person","@id":"https:\/\/www.oarcanjo.net\/site\/#\/schema\/person\/5eb9480bedd2f3c97e430ce128c29c6c","name":"danilo"}]}},"publishpress_future_action":{"enabled":false,"date":"2026-05-08 15:37:08","action":"category","newStatus":"draft","terms":[],"taxonomy":"category"},"publishpress_future_workflow_manual_trigger":{"enabledWorkflows":[]},"_links":{"self":[{"href":"https:\/\/www.oarcanjo.net\/site\/wp-json\/wp\/v2\/posts\/6308"}],"collection":[{"href":"https:\/\/www.oarcanjo.net\/site\/wp-json\/wp\/v2\/posts"}],"about":[{"href":"https:\/\/www.oarcanjo.net\/site\/wp-json\/wp\/v2\/types\/post"}],"author":[{"embeddable":true,"href":"https:\/\/www.oarcanjo.net\/site\/wp-json\/wp\/v2\/users\/14"}],"replies":[{"embeddable":true,"href":"https:\/\/www.oarcanjo.net\/site\/wp-json\/wp\/v2\/comments?post=6308"}],"version-history":[{"count":0,"href":"https:\/\/www.oarcanjo.net\/site\/wp-json\/wp\/v2\/posts\/6308\/revisions"}],"wp:attachment":[{"href":"https:\/\/www.oarcanjo.net\/site\/wp-json\/wp\/v2\/media?parent=6308"}],"wp:term":[{"taxonomy":"category","embeddable":true,"href":"https:\/\/www.oarcanjo.net\/site\/wp-json\/wp\/v2\/categories?post=6308"},{"taxonomy":"post_tag","embeddable":true,"href":"https:\/\/www.oarcanjo.net\/site\/wp-json\/wp\/v2\/tags?post=6308"}],"curies":[{"name":"wp","href":"https:\/\/api.w.org\/{rel}","templated":true}]}}