
{"id":6315,"date":"2017-12-03T08:03:06","date_gmt":"2017-12-03T10:03:06","guid":{"rendered":"http:\/\/www.oarcanjo.net\/site\/?p=6315"},"modified":"2017-07-31T07:21:42","modified_gmt":"2017-07-31T10:21:42","slug":"sao-francisco-xavier","status":"publish","type":"post","link":"https:\/\/www.oarcanjo.net\/site\/sao-francisco-xavier\/","title":{"rendered":"S\u00e3o Francisco Xavier"},"content":{"rendered":"<p><img loading=\"lazy\" decoding=\"async\" class=\"aligncenter size-full wp-image-6316\" src=\"http:\/\/www.oarcanjo.net\/site\/wp-content\/uploads\/sao-francisco-xavier.jpg\" alt=\"sao francisco xavier\" width=\"109\" height=\"116\" \/><\/p>\n<p>3 de Dezembro<\/p>\n<p>Sacerdote e Doutor da Igreja &#8211; PATRONO DAS MISS\u00d5ES<\/p>\n<p>A Igreja sempre se apoiou nos mission\u00e1rios para sua expans\u00e3o no decorrer dos s\u00e9culos. Primeiro foram os ap\u00f3stolos que se espalharam pelo mundo ap\u00f3s a ressurrei\u00e7\u00e3o de Jesus. Durante o per\u00edodo do descobrimento, entre os s\u00e9culos XV e XVI, o cristianismo encontrou nos mission\u00e1rios da Companhia de Jesus, os jesu\u00edtas, a forma de iniciar a evangeliza\u00e7\u00e3o nas Am\u00e9ricas e no Oriente: \u00cdndia, Jap\u00e3o e China.<\/p>\n<p>Francisco Xavier, considerado o maior dos mission\u00e1rios jesu\u00edtas, foi o fundador dessas miss\u00f5es no Oriente. Nasceu no reino de Navarra, Espanha, em 7 de abril de 1506. Era filho de uma fam\u00edlia nobre, que havia projetado para ele um futuro de gl\u00f3ria e riqueza no mundo, matriculando-o, com dezoito anos, na Universidade de Paris. Mas n\u00e3o foi no campo terreno que ele se sobressaiu e sim no espiritual. Francisco formou-se em filosofia e lecionava na mesma universidade, onde conheceu um aluno bem mais velho e de id\u00e9ias objetivas e tudo mudou. Tratava-se do futuro santo In\u00e1cio de Loyola, fundador dos jesu\u00edtas.<\/p>\n<p>Loyola sonhava formar uma companhia de ap\u00f3stolos para a defesa e propaga\u00e7\u00e3o do cristianismo no mundo. Viu em Francisco algu\u00e9m capaz de ajud\u00e1-lo na empreitada e tentou conquist\u00e1-lo para a causa. Tarefa que se revelou nada f\u00e1cil, por causa do orgulho e da ambi\u00e7\u00e3o que Xavier tinha, projetadas em si por sua fam\u00edlia. Loyola, enfim, convenceu-o com uma frase que lhe tocou a alma: &#8220;De que vale a um homem ganhar o mundo inteiro se perder sua alma?&#8221; (Mc 8, 36). Francisco tomou-a como lema e nunca mais a abandonou, nem ao seu autor, Jesus Cristo.<\/p>\n<p>Os pap\u00e9is se inverteram e In\u00e1cio passou a ser mestre de seu professor, ensinando-lhe o dif\u00edcil caminho da humildade e dos exerc\u00edcios espirituais. Francisco, por fim, se retirou por quarenta dias na solid\u00e3o, preparando-se para receber a ordena\u00e7\u00e3o sacerdotal. Celebrou sua primeira missa com trinta e um anos e se tornou co-fundador da Companhia de Jesus. Passou, ent\u00e3o, a cuidar dos doentes leprosos, doen\u00e7a de ent\u00e3o, segregados pela sociedade. Com outros companheiros, fixou-se, em 1537, em Veneza, onde recolhia das ruas e tratava aqueles a quem ningu\u00e9m tinha coragem de recolher.<\/p>\n<p>Foi ent\u00e3o que D. Jo\u00e3o III, rei de Portugal, pediu a In\u00e1cio de Loyola para organizar um grupo de sacerdotes que acompanhassem as expedi\u00e7\u00f5es ao Oriente e depois evangelizassem as \u00cdndias. O grupo estava pronto e treinado quando um dos mission\u00e1rios adoeceu e Francisco Xavier decidiu tomar o seu lugar. O navio, com novecentos passageiros, entre eles Francisco Xavier, partiu de Lisboa com destino \u00e0s \u00cdndias. Foi o in\u00edcio de uma viagem perigos\u00edssima e cheia de transtornos, que demorou praticamente um ano. Durante todo esse tempo, Francisco trabalhou em todos os servi\u00e7os mais humildes do navio. Era auxiliar de cozinha, faxineiro e enfermeiro. Finalmente, chegaram ao porto de Goa.<\/p>\n<p>Desde ent\u00e3o, Francisco Xavier realizou uma das miss\u00f5es mais \u00e1rduas da Igreja Cat\u00f3lica. Ia de aldeia em aldeia, evangelizava os nativos, batizava as crian\u00e7as e os adultos. Reunia as aldeias em grupos, fundava comunidades eclesiais e deixava outro sacerdote para tocar a obra, enquanto investia em novas frentes apost\u00f3licas noutra regi\u00e3o. Acabou saindo das \u00cdndias para pregar no Jap\u00e3o, al\u00e9m de ter feito algumas incurs\u00f5es clandestinas na China.<\/p>\n<p>Numa delas, na ilha de Sacian, adoeceu e uma febre persistente o debilitou, levando-o \u00e0 morte, em 3 de dezembro de 1552, com apenas quarenta e seis anos de idade. A Igreja o beatificou em 1619, canonizando-o em 1622. Celebrado no dia de sua morte, como exemplo do mission\u00e1rio moderno, s\u00e3o Francisco Xavier foi, com toda justi\u00e7a, proclamado pela Igreja patrono das miss\u00f5es, e pelo trabalho t\u00e3o significativo recebeu o apelido de &#8220;s\u00e3o Paulo do Oriente&#8221;.<\/p>\n<div id=\"themify_builder_content-6315\" data-postid=\"6315\" class=\"themify_builder_content themify_builder_content-6315 themify_builder themify_builder_front\">\n\t<\/div>\n<!-- \/themify_builder_content -->","protected":false},"excerpt":{"rendered":"<p>3 de Dezembro Sacerdote e Doutor da Igreja &#8211; PATRONO DAS MISS\u00d5ES A Igreja sempre se apoiou nos mission\u00e1rios para sua expans\u00e3o no decorrer dos s\u00e9culos. Primeiro foram os ap\u00f3stolos que se espalharam pelo mundo ap\u00f3s a ressurrei\u00e7\u00e3o de Jesus. Durante o per\u00edodo do descobrimento, entre os s\u00e9culos XV e XVI, o cristianismo encontrou nos [&hellip;]<\/p>\n","protected":false},"author":14,"featured_media":0,"comment_status":"open","ping_status":"open","sticky":false,"template":"","format":"standard","meta":{"ngg_post_thumbnail":0,"footnotes":""},"categories":[186],"tags":[],"yoast_head":"<!-- This site is optimized with the Yoast SEO plugin v23.5 - https:\/\/yoast.com\/wordpress\/plugins\/seo\/ -->\n<title>S\u00e3o Francisco Xavier - O Arcanjo no ar<\/title>\n<meta name=\"robots\" content=\"index, follow, max-snippet:-1, max-image-preview:large, max-video-preview:-1\" \/>\n<link rel=\"canonical\" href=\"https:\/\/www.oarcanjo.net\/site\/sao-francisco-xavier\/\" \/>\n<meta property=\"og:locale\" content=\"pt_BR\" \/>\n<meta property=\"og:type\" content=\"article\" \/>\n<meta property=\"og:title\" content=\"S\u00e3o Francisco Xavier - O Arcanjo no ar\" \/>\n<meta property=\"og:description\" content=\"3 de Dezembro Sacerdote e Doutor da Igreja &#8211; PATRONO DAS MISS\u00d5ES A Igreja sempre se apoiou nos mission\u00e1rios para sua expans\u00e3o no decorrer dos s\u00e9culos. Primeiro foram os ap\u00f3stolos que se espalharam pelo mundo ap\u00f3s a ressurrei\u00e7\u00e3o de Jesus. Durante o per\u00edodo do descobrimento, entre os s\u00e9culos XV e XVI, o cristianismo encontrou nos [&hellip;]\" \/>\n<meta property=\"og:url\" content=\"https:\/\/www.oarcanjo.net\/site\/sao-francisco-xavier\/\" \/>\n<meta property=\"og:site_name\" content=\"O Arcanjo no ar\" \/>\n<meta property=\"article:publisher\" content=\"https:\/\/www.facebook.com\/OArcanjoNoAr\/\" \/>\n<meta property=\"article:published_time\" content=\"2017-12-03T10:03:06+00:00\" \/>\n<meta property=\"article:modified_time\" content=\"2017-07-31T10:21:42+00:00\" \/>\n<meta property=\"og:image\" content=\"http:\/\/www.oarcanjo.net\/site\/wp-content\/uploads\/sao-francisco-xavier.jpg\" \/>\n<meta name=\"author\" content=\"danilo\" \/>\n<meta name=\"twitter:card\" content=\"summary_large_image\" \/>\n<meta name=\"twitter:label1\" content=\"Escrito por\" \/>\n\t<meta name=\"twitter:data1\" content=\"danilo\" \/>\n\t<meta name=\"twitter:label2\" content=\"Est. tempo de leitura\" \/>\n\t<meta name=\"twitter:data2\" content=\"3 minutos\" \/>\n<script type=\"application\/ld+json\" class=\"yoast-schema-graph\">{\"@context\":\"https:\/\/schema.org\",\"@graph\":[{\"@type\":\"Article\",\"@id\":\"https:\/\/www.oarcanjo.net\/site\/sao-francisco-xavier\/#article\",\"isPartOf\":{\"@id\":\"https:\/\/www.oarcanjo.net\/site\/sao-francisco-xavier\/\"},\"author\":{\"name\":\"danilo\",\"@id\":\"https:\/\/www.oarcanjo.net\/site\/#\/schema\/person\/5eb9480bedd2f3c97e430ce128c29c6c\"},\"headline\":\"S\u00e3o Francisco Xavier\",\"datePublished\":\"2017-12-03T10:03:06+00:00\",\"dateModified\":\"2017-07-31T10:21:42+00:00\",\"mainEntityOfPage\":{\"@id\":\"https:\/\/www.oarcanjo.net\/site\/sao-francisco-xavier\/\"},\"wordCount\":675,\"commentCount\":5,\"publisher\":{\"@id\":\"https:\/\/www.oarcanjo.net\/site\/#organization\"},\"image\":{\"@id\":\"https:\/\/www.oarcanjo.net\/site\/sao-francisco-xavier\/#primaryimage\"},\"thumbnailUrl\":\"http:\/\/www.oarcanjo.net\/site\/wp-content\/uploads\/sao-francisco-xavier.jpg\",\"articleSection\":[\"Testemunhos\"],\"inLanguage\":\"pt-BR\",\"potentialAction\":[{\"@type\":\"CommentAction\",\"name\":\"Comment\",\"target\":[\"https:\/\/www.oarcanjo.net\/site\/sao-francisco-xavier\/#respond\"]}]},{\"@type\":\"WebPage\",\"@id\":\"https:\/\/www.oarcanjo.net\/site\/sao-francisco-xavier\/\",\"url\":\"https:\/\/www.oarcanjo.net\/site\/sao-francisco-xavier\/\",\"name\":\"S\u00e3o Francisco Xavier - O Arcanjo no ar\",\"isPartOf\":{\"@id\":\"https:\/\/www.oarcanjo.net\/site\/#website\"},\"primaryImageOfPage\":{\"@id\":\"https:\/\/www.oarcanjo.net\/site\/sao-francisco-xavier\/#primaryimage\"},\"image\":{\"@id\":\"https:\/\/www.oarcanjo.net\/site\/sao-francisco-xavier\/#primaryimage\"},\"thumbnailUrl\":\"http:\/\/www.oarcanjo.net\/site\/wp-content\/uploads\/sao-francisco-xavier.jpg\",\"datePublished\":\"2017-12-03T10:03:06+00:00\",\"dateModified\":\"2017-07-31T10:21:42+00:00\",\"breadcrumb\":{\"@id\":\"https:\/\/www.oarcanjo.net\/site\/sao-francisco-xavier\/#breadcrumb\"},\"inLanguage\":\"pt-BR\",\"potentialAction\":[{\"@type\":\"ReadAction\",\"target\":[\"https:\/\/www.oarcanjo.net\/site\/sao-francisco-xavier\/\"]}]},{\"@type\":\"ImageObject\",\"inLanguage\":\"pt-BR\",\"@id\":\"https:\/\/www.oarcanjo.net\/site\/sao-francisco-xavier\/#primaryimage\",\"url\":\"https:\/\/www.oarcanjo.net\/site\/wp-content\/uploads\/sao-francisco-xavier.jpg\",\"contentUrl\":\"https:\/\/www.oarcanjo.net\/site\/wp-content\/uploads\/sao-francisco-xavier.jpg\",\"width\":\"109\",\"height\":\"116\"},{\"@type\":\"BreadcrumbList\",\"@id\":\"https:\/\/www.oarcanjo.net\/site\/sao-francisco-xavier\/#breadcrumb\",\"itemListElement\":[{\"@type\":\"ListItem\",\"position\":1,\"name\":\"In\u00edcio\",\"item\":\"https:\/\/www.oarcanjo.net\/site\/\"},{\"@type\":\"ListItem\",\"position\":2,\"name\":\"S\u00e3o Francisco Xavier\"}]},{\"@type\":\"WebSite\",\"@id\":\"https:\/\/www.oarcanjo.net\/site\/#website\",\"url\":\"https:\/\/www.oarcanjo.net\/site\/\",\"name\":\"O Arcanjo no ar\",\"description\":\"Site da Par\u00f3quia S\u00e3o Miguel Arcanjo (Arquidiocese de SP)\",\"publisher\":{\"@id\":\"https:\/\/www.oarcanjo.net\/site\/#organization\"},\"potentialAction\":[{\"@type\":\"SearchAction\",\"target\":{\"@type\":\"EntryPoint\",\"urlTemplate\":\"https:\/\/www.oarcanjo.net\/site\/?s={search_term_string}\"},\"query-input\":{\"@type\":\"PropertyValueSpecification\",\"valueRequired\":true,\"valueName\":\"search_term_string\"}}],\"inLanguage\":\"pt-BR\"},{\"@type\":\"Organization\",\"@id\":\"https:\/\/www.oarcanjo.net\/site\/#organization\",\"name\":\"Par\u00f3quia S\u00e3o Miguel Arcanjo\",\"url\":\"https:\/\/www.oarcanjo.net\/site\/\",\"logo\":{\"@type\":\"ImageObject\",\"inLanguage\":\"pt-BR\",\"@id\":\"https:\/\/www.oarcanjo.net\/site\/#\/schema\/logo\/image\/\",\"url\":\"https:\/\/www.oarcanjo.net\/site\/wp-content\/uploads\/LogoOArcanjo.png\",\"contentUrl\":\"https:\/\/www.oarcanjo.net\/site\/wp-content\/uploads\/LogoOArcanjo.png\",\"width\":319,\"height\":99,\"caption\":\"Par\u00f3quia S\u00e3o Miguel Arcanjo\"},\"image\":{\"@id\":\"https:\/\/www.oarcanjo.net\/site\/#\/schema\/logo\/image\/\"},\"sameAs\":[\"https:\/\/www.facebook.com\/OArcanjoNoAr\/\"]},{\"@type\":\"Person\",\"@id\":\"https:\/\/www.oarcanjo.net\/site\/#\/schema\/person\/5eb9480bedd2f3c97e430ce128c29c6c\",\"name\":\"danilo\"}]}<\/script>\n<!-- \/ Yoast SEO plugin. -->","yoast_head_json":{"title":"S\u00e3o Francisco Xavier - O Arcanjo no ar","robots":{"index":"index","follow":"follow","max-snippet":"max-snippet:-1","max-image-preview":"max-image-preview:large","max-video-preview":"max-video-preview:-1"},"canonical":"https:\/\/www.oarcanjo.net\/site\/sao-francisco-xavier\/","og_locale":"pt_BR","og_type":"article","og_title":"S\u00e3o Francisco Xavier - O Arcanjo no ar","og_description":"3 de Dezembro Sacerdote e Doutor da Igreja &#8211; PATRONO DAS MISS\u00d5ES A Igreja sempre se apoiou nos mission\u00e1rios para sua expans\u00e3o no decorrer dos s\u00e9culos. Primeiro foram os ap\u00f3stolos que se espalharam pelo mundo ap\u00f3s a ressurrei\u00e7\u00e3o de Jesus. Durante o per\u00edodo do descobrimento, entre os s\u00e9culos XV e XVI, o cristianismo encontrou nos [&hellip;]","og_url":"https:\/\/www.oarcanjo.net\/site\/sao-francisco-xavier\/","og_site_name":"O Arcanjo no ar","article_publisher":"https:\/\/www.facebook.com\/OArcanjoNoAr\/","article_published_time":"2017-12-03T10:03:06+00:00","article_modified_time":"2017-07-31T10:21:42+00:00","og_image":[{"url":"http:\/\/www.oarcanjo.net\/site\/wp-content\/uploads\/sao-francisco-xavier.jpg"}],"author":"danilo","twitter_card":"summary_large_image","twitter_misc":{"Escrito por":"danilo","Est. tempo de leitura":"3 minutos"},"schema":{"@context":"https:\/\/schema.org","@graph":[{"@type":"Article","@id":"https:\/\/www.oarcanjo.net\/site\/sao-francisco-xavier\/#article","isPartOf":{"@id":"https:\/\/www.oarcanjo.net\/site\/sao-francisco-xavier\/"},"author":{"name":"danilo","@id":"https:\/\/www.oarcanjo.net\/site\/#\/schema\/person\/5eb9480bedd2f3c97e430ce128c29c6c"},"headline":"S\u00e3o Francisco Xavier","datePublished":"2017-12-03T10:03:06+00:00","dateModified":"2017-07-31T10:21:42+00:00","mainEntityOfPage":{"@id":"https:\/\/www.oarcanjo.net\/site\/sao-francisco-xavier\/"},"wordCount":675,"commentCount":5,"publisher":{"@id":"https:\/\/www.oarcanjo.net\/site\/#organization"},"image":{"@id":"https:\/\/www.oarcanjo.net\/site\/sao-francisco-xavier\/#primaryimage"},"thumbnailUrl":"http:\/\/www.oarcanjo.net\/site\/wp-content\/uploads\/sao-francisco-xavier.jpg","articleSection":["Testemunhos"],"inLanguage":"pt-BR","potentialAction":[{"@type":"CommentAction","name":"Comment","target":["https:\/\/www.oarcanjo.net\/site\/sao-francisco-xavier\/#respond"]}]},{"@type":"WebPage","@id":"https:\/\/www.oarcanjo.net\/site\/sao-francisco-xavier\/","url":"https:\/\/www.oarcanjo.net\/site\/sao-francisco-xavier\/","name":"S\u00e3o Francisco Xavier - O Arcanjo no ar","isPartOf":{"@id":"https:\/\/www.oarcanjo.net\/site\/#website"},"primaryImageOfPage":{"@id":"https:\/\/www.oarcanjo.net\/site\/sao-francisco-xavier\/#primaryimage"},"image":{"@id":"https:\/\/www.oarcanjo.net\/site\/sao-francisco-xavier\/#primaryimage"},"thumbnailUrl":"http:\/\/www.oarcanjo.net\/site\/wp-content\/uploads\/sao-francisco-xavier.jpg","datePublished":"2017-12-03T10:03:06+00:00","dateModified":"2017-07-31T10:21:42+00:00","breadcrumb":{"@id":"https:\/\/www.oarcanjo.net\/site\/sao-francisco-xavier\/#breadcrumb"},"inLanguage":"pt-BR","potentialAction":[{"@type":"ReadAction","target":["https:\/\/www.oarcanjo.net\/site\/sao-francisco-xavier\/"]}]},{"@type":"ImageObject","inLanguage":"pt-BR","@id":"https:\/\/www.oarcanjo.net\/site\/sao-francisco-xavier\/#primaryimage","url":"https:\/\/www.oarcanjo.net\/site\/wp-content\/uploads\/sao-francisco-xavier.jpg","contentUrl":"https:\/\/www.oarcanjo.net\/site\/wp-content\/uploads\/sao-francisco-xavier.jpg","width":"109","height":"116"},{"@type":"BreadcrumbList","@id":"https:\/\/www.oarcanjo.net\/site\/sao-francisco-xavier\/#breadcrumb","itemListElement":[{"@type":"ListItem","position":1,"name":"In\u00edcio","item":"https:\/\/www.oarcanjo.net\/site\/"},{"@type":"ListItem","position":2,"name":"S\u00e3o Francisco Xavier"}]},{"@type":"WebSite","@id":"https:\/\/www.oarcanjo.net\/site\/#website","url":"https:\/\/www.oarcanjo.net\/site\/","name":"O Arcanjo no ar","description":"Site da Par\u00f3quia S\u00e3o Miguel Arcanjo (Arquidiocese de SP)","publisher":{"@id":"https:\/\/www.oarcanjo.net\/site\/#organization"},"potentialAction":[{"@type":"SearchAction","target":{"@type":"EntryPoint","urlTemplate":"https:\/\/www.oarcanjo.net\/site\/?s={search_term_string}"},"query-input":{"@type":"PropertyValueSpecification","valueRequired":true,"valueName":"search_term_string"}}],"inLanguage":"pt-BR"},{"@type":"Organization","@id":"https:\/\/www.oarcanjo.net\/site\/#organization","name":"Par\u00f3quia S\u00e3o Miguel Arcanjo","url":"https:\/\/www.oarcanjo.net\/site\/","logo":{"@type":"ImageObject","inLanguage":"pt-BR","@id":"https:\/\/www.oarcanjo.net\/site\/#\/schema\/logo\/image\/","url":"https:\/\/www.oarcanjo.net\/site\/wp-content\/uploads\/LogoOArcanjo.png","contentUrl":"https:\/\/www.oarcanjo.net\/site\/wp-content\/uploads\/LogoOArcanjo.png","width":319,"height":99,"caption":"Par\u00f3quia S\u00e3o Miguel Arcanjo"},"image":{"@id":"https:\/\/www.oarcanjo.net\/site\/#\/schema\/logo\/image\/"},"sameAs":["https:\/\/www.facebook.com\/OArcanjoNoAr\/"]},{"@type":"Person","@id":"https:\/\/www.oarcanjo.net\/site\/#\/schema\/person\/5eb9480bedd2f3c97e430ce128c29c6c","name":"danilo"}]}},"publishpress_future_action":{"enabled":false,"date":"2026-05-08 17:09:37","action":"category","newStatus":"draft","terms":[],"taxonomy":"category"},"publishpress_future_workflow_manual_trigger":{"enabledWorkflows":[]},"_links":{"self":[{"href":"https:\/\/www.oarcanjo.net\/site\/wp-json\/wp\/v2\/posts\/6315"}],"collection":[{"href":"https:\/\/www.oarcanjo.net\/site\/wp-json\/wp\/v2\/posts"}],"about":[{"href":"https:\/\/www.oarcanjo.net\/site\/wp-json\/wp\/v2\/types\/post"}],"author":[{"embeddable":true,"href":"https:\/\/www.oarcanjo.net\/site\/wp-json\/wp\/v2\/users\/14"}],"replies":[{"embeddable":true,"href":"https:\/\/www.oarcanjo.net\/site\/wp-json\/wp\/v2\/comments?post=6315"}],"version-history":[{"count":0,"href":"https:\/\/www.oarcanjo.net\/site\/wp-json\/wp\/v2\/posts\/6315\/revisions"}],"wp:attachment":[{"href":"https:\/\/www.oarcanjo.net\/site\/wp-json\/wp\/v2\/media?parent=6315"}],"wp:term":[{"taxonomy":"category","embeddable":true,"href":"https:\/\/www.oarcanjo.net\/site\/wp-json\/wp\/v2\/categories?post=6315"},{"taxonomy":"post_tag","embeddable":true,"href":"https:\/\/www.oarcanjo.net\/site\/wp-json\/wp\/v2\/tags?post=6315"}],"curies":[{"name":"wp","href":"https:\/\/api.w.org\/{rel}","templated":true}]}}