
{"id":63153,"date":"2015-06-06T17:09:17","date_gmt":"2015-06-06T20:09:17","guid":{"rendered":"http:\/\/www.oarcanjo.net\/site\/?p=63153"},"modified":"2015-06-07T01:03:09","modified_gmt":"2015-06-07T04:03:09","slug":"celebracao-e-procissao-de-corpus-christi-2015","status":"publish","type":"post","link":"https:\/\/www.oarcanjo.net\/site\/celebracao-e-procissao-de-corpus-christi-2015\/","title":{"rendered":"Celebra\u00e7\u00e3o e Prociss\u00e3o de Corpus Christi 2015"},"content":{"rendered":"<p style=\"text-align: justify;\">Na solenidade do Sant\u00edssimo Corpo e Sangue de Cristo, a Comunidade S\u00e3o Miguel Arcanjo se reuniu na Capela da Universidade S\u00e3o Judas Tadeu nesta quinta-feira 04\/06\/15 \u00e0s 15hs, celebrou a santa Eucaristia e, com o Senhor Sacramentado percorreu em prociss\u00e3o as ruas do bairro. No caminho e sob o p\u00e1lio, o carinho de todos, com ora\u00e7\u00f5es e c\u00e2nticos.<\/p>\n<p style=\"text-align: justify;\">No Residencial IAPI, mais carinho e defer\u00eancia com um lindo tapete, que foi preparado desde a madrugada. No in\u00edcio a parada sob o tapete que tinha a mensagem marcante. &#8220;Eu vim para servir&#8221;. Pe Julio de p\u00e9s descal\u00e7os, seguiu carregando o Senhor Eucar\u00edstico e aben\u00e7oando as pessoas, como o f\u00eaz ao longo do caminho. Chegada mais que festiva, com fogos e um bel\u00edssimo altar. Mais ora\u00e7\u00f5es e b\u00ean\u00e7\u00e3os e a partilha do p\u00e3o. Momento sempre marcante de f\u00e9.<\/p>\n<p style=\"text-align: justify;\">Continuando a caminhada, a prociss\u00e3o se dirigiu \u00e0\u00a0frente da casa da fam\u00edlia Fabretti, onde outro altar foi dedicado ao Senhor. A chegada do p\u00e1lio com o Senhor foi ao som da m\u00fasica Prova de Amor maior n\u00e3o h\u00e1, que doar a vida\u00a0ao irm\u00e3o&#8221;. A\u00ed a lembran\u00e7a da Fernanda,\u00a0querida filha do Jos\u00e9 Fabretti e da Cidinha ora na eternidade,\u00a0que possibilitou por doa\u00e7\u00e3o dos \u00f3rg\u00e3os, a vida para aproximadamente 10 pessoas.<\/p>\n<p style=\"text-align: justify;\">Tereza, que por 30 anos\u00a0\u00a0foi secret\u00e1ria na Par\u00f3quia S\u00e3o Miguel foi destacadamente homenageada pelo Pe Julio, que tamb\u00e9m\u00a0lhe deu l\u00e1grimas e\u00a0uma rosa.\u00a0Mais partilha, ora\u00e7\u00f5es e b\u00ean\u00e7\u00e3os. A prociss\u00e3o seguiu com f\u00e9.<\/p>\n<p style=\"text-align: justify;\">A noite foi chegando, com o povo perseverante caminhando, rezando e cantando em dire\u00e7\u00e3o \u00e0 Igreja S\u00e3o Miguel Arcanjo. Rua Sapucaia com Rua Taquari a chegada \u00e0 Par\u00f3quia e o final da prociss\u00e3o. As express\u00f5es nos rostos das pessoas mostram a alegria e as emo\u00e7\u00f5es com f\u00e9 da Comunidade.<\/p>\n<p style=\"text-align: justify;\">ngg_shortcode_0_placeholder<\/p>\n<p>&nbsp;<\/p>\n<p>&nbsp;<\/p>\n<div id=\"themify_builder_content-63153\" data-postid=\"63153\" class=\"themify_builder_content themify_builder_content-63153 themify_builder themify_builder_front\">\n\t<\/div>\n<!-- \/themify_builder_content -->","protected":false},"excerpt":{"rendered":"<p>Na solenidade do Sant\u00edssimo Corpo e Sangue de Cristo, a Comunidade S\u00e3o Miguel Arcanjo se reuniu na Capela da Universidade S\u00e3o Judas Tadeu nesta quinta-feira 04\/06\/15 \u00e0s 15hs, celebrou a santa Eucaristia e depois percorreu em prociss\u00e3o as ruas do bairro. <\/p>\n","protected":false},"author":10,"featured_media":63159,"comment_status":"open","ping_status":"open","sticky":false,"template":"","format":"standard","meta":{"ngg_post_thumbnail":0,"footnotes":""},"categories":[3,8,7],"tags":[],"yoast_head":"<!-- This site is optimized with the Yoast SEO plugin v23.5 - https:\/\/yoast.com\/wordpress\/plugins\/seo\/ -->\n<title>Celebra\u00e7\u00e3o e Prociss\u00e3o de Corpus Christi 2015 - O Arcanjo no ar<\/title>\n<meta name=\"robots\" content=\"index, follow, max-snippet:-1, max-image-preview:large, max-video-preview:-1\" \/>\n<link rel=\"canonical\" href=\"https:\/\/www.oarcanjo.net\/site\/celebracao-e-procissao-de-corpus-christi-2015\/\" \/>\n<meta property=\"og:locale\" content=\"pt_BR\" \/>\n<meta property=\"og:type\" content=\"article\" \/>\n<meta property=\"og:title\" content=\"Celebra\u00e7\u00e3o e Prociss\u00e3o de Corpus Christi 2015 - O Arcanjo no ar\" \/>\n<meta property=\"og:description\" content=\"Na solenidade do Sant\u00edssimo Corpo e Sangue de Cristo, a Comunidade S\u00e3o Miguel Arcanjo se reuniu na Capela da Universidade S\u00e3o Judas Tadeu nesta quinta-feira 04\/06\/15 \u00e0s 15hs, celebrou a santa Eucaristia e depois percorreu em prociss\u00e3o as ruas do bairro.\" \/>\n<meta property=\"og:url\" content=\"https:\/\/www.oarcanjo.net\/site\/celebracao-e-procissao-de-corpus-christi-2015\/\" \/>\n<meta property=\"og:site_name\" content=\"O Arcanjo no ar\" \/>\n<meta property=\"article:publisher\" content=\"https:\/\/www.facebook.com\/OArcanjoNoAr\/\" \/>\n<meta property=\"article:published_time\" content=\"2015-06-06T20:09:17+00:00\" \/>\n<meta property=\"article:modified_time\" content=\"2015-06-07T04:03:09+00:00\" \/>\n<meta property=\"og:image\" content=\"https:\/\/www.oarcanjo.net\/site\/wp-content\/uploads\/banner-corpus-christi-mai-2015.jpg\" \/>\n\t<meta property=\"og:image:width\" content=\"700\" \/>\n\t<meta property=\"og:image:height\" content=\"320\" \/>\n\t<meta property=\"og:image:type\" content=\"image\/jpeg\" \/>\n<meta name=\"author\" content=\"carlos\" \/>\n<meta name=\"twitter:card\" content=\"summary_large_image\" \/>\n<meta name=\"twitter:label1\" content=\"Escrito por\" \/>\n\t<meta name=\"twitter:data1\" content=\"carlos\" \/>\n\t<meta name=\"twitter:label2\" content=\"Est. tempo de leitura\" \/>\n\t<meta name=\"twitter:data2\" content=\"2 minutos\" \/>\n<script type=\"application\/ld+json\" class=\"yoast-schema-graph\">{\"@context\":\"https:\/\/schema.org\",\"@graph\":[{\"@type\":\"Article\",\"@id\":\"https:\/\/www.oarcanjo.net\/site\/celebracao-e-procissao-de-corpus-christi-2015\/#article\",\"isPartOf\":{\"@id\":\"https:\/\/www.oarcanjo.net\/site\/celebracao-e-procissao-de-corpus-christi-2015\/\"},\"author\":{\"name\":\"carlos\",\"@id\":\"https:\/\/www.oarcanjo.net\/site\/#\/schema\/person\/f7870e710d8c8c30673de3a0ac2e451d\"},\"headline\":\"Celebra\u00e7\u00e3o e Prociss\u00e3o de Corpus Christi 2015\",\"datePublished\":\"2015-06-06T20:09:17+00:00\",\"dateModified\":\"2015-06-07T04:03:09+00:00\",\"mainEntityOfPage\":{\"@id\":\"https:\/\/www.oarcanjo.net\/site\/celebracao-e-procissao-de-corpus-christi-2015\/\"},\"wordCount\":342,\"commentCount\":0,\"publisher\":{\"@id\":\"https:\/\/www.oarcanjo.net\/site\/#organization\"},\"image\":{\"@id\":\"https:\/\/www.oarcanjo.net\/site\/celebracao-e-procissao-de-corpus-christi-2015\/#primaryimage\"},\"thumbnailUrl\":\"https:\/\/www.oarcanjo.net\/site\/wp-content\/uploads\/banner-corpus-christi-mai-2015.jpg\",\"articleSection\":[\"Destaques\",\"Not\u00edcias\",\"Rosto da comunidade\"],\"inLanguage\":\"pt-BR\",\"potentialAction\":[{\"@type\":\"CommentAction\",\"name\":\"Comment\",\"target\":[\"https:\/\/www.oarcanjo.net\/site\/celebracao-e-procissao-de-corpus-christi-2015\/#respond\"]}]},{\"@type\":\"WebPage\",\"@id\":\"https:\/\/www.oarcanjo.net\/site\/celebracao-e-procissao-de-corpus-christi-2015\/\",\"url\":\"https:\/\/www.oarcanjo.net\/site\/celebracao-e-procissao-de-corpus-christi-2015\/\",\"name\":\"Celebra\u00e7\u00e3o e Prociss\u00e3o de Corpus Christi 2015 - O Arcanjo no ar\",\"isPartOf\":{\"@id\":\"https:\/\/www.oarcanjo.net\/site\/#website\"},\"primaryImageOfPage\":{\"@id\":\"https:\/\/www.oarcanjo.net\/site\/celebracao-e-procissao-de-corpus-christi-2015\/#primaryimage\"},\"image\":{\"@id\":\"https:\/\/www.oarcanjo.net\/site\/celebracao-e-procissao-de-corpus-christi-2015\/#primaryimage\"},\"thumbnailUrl\":\"https:\/\/www.oarcanjo.net\/site\/wp-content\/uploads\/banner-corpus-christi-mai-2015.jpg\",\"datePublished\":\"2015-06-06T20:09:17+00:00\",\"dateModified\":\"2015-06-07T04:03:09+00:00\",\"breadcrumb\":{\"@id\":\"https:\/\/www.oarcanjo.net\/site\/celebracao-e-procissao-de-corpus-christi-2015\/#breadcrumb\"},\"inLanguage\":\"pt-BR\",\"potentialAction\":[{\"@type\":\"ReadAction\",\"target\":[\"https:\/\/www.oarcanjo.net\/site\/celebracao-e-procissao-de-corpus-christi-2015\/\"]}]},{\"@type\":\"ImageObject\",\"inLanguage\":\"pt-BR\",\"@id\":\"https:\/\/www.oarcanjo.net\/site\/celebracao-e-procissao-de-corpus-christi-2015\/#primaryimage\",\"url\":\"https:\/\/www.oarcanjo.net\/site\/wp-content\/uploads\/banner-corpus-christi-mai-2015.jpg\",\"contentUrl\":\"https:\/\/www.oarcanjo.net\/site\/wp-content\/uploads\/banner-corpus-christi-mai-2015.jpg\",\"width\":700,\"height\":320},{\"@type\":\"BreadcrumbList\",\"@id\":\"https:\/\/www.oarcanjo.net\/site\/celebracao-e-procissao-de-corpus-christi-2015\/#breadcrumb\",\"itemListElement\":[{\"@type\":\"ListItem\",\"position\":1,\"name\":\"In\u00edcio\",\"item\":\"https:\/\/www.oarcanjo.net\/site\/\"},{\"@type\":\"ListItem\",\"position\":2,\"name\":\"Celebra\u00e7\u00e3o e Prociss\u00e3o de Corpus Christi 2015\"}]},{\"@type\":\"WebSite\",\"@id\":\"https:\/\/www.oarcanjo.net\/site\/#website\",\"url\":\"https:\/\/www.oarcanjo.net\/site\/\",\"name\":\"O Arcanjo no ar\",\"description\":\"Site da Par\u00f3quia S\u00e3o Miguel Arcanjo (Arquidiocese de SP)\",\"publisher\":{\"@id\":\"https:\/\/www.oarcanjo.net\/site\/#organization\"},\"potentialAction\":[{\"@type\":\"SearchAction\",\"target\":{\"@type\":\"EntryPoint\",\"urlTemplate\":\"https:\/\/www.oarcanjo.net\/site\/?s={search_term_string}\"},\"query-input\":{\"@type\":\"PropertyValueSpecification\",\"valueRequired\":true,\"valueName\":\"search_term_string\"}}],\"inLanguage\":\"pt-BR\"},{\"@type\":\"Organization\",\"@id\":\"https:\/\/www.oarcanjo.net\/site\/#organization\",\"name\":\"Par\u00f3quia S\u00e3o Miguel Arcanjo\",\"url\":\"https:\/\/www.oarcanjo.net\/site\/\",\"logo\":{\"@type\":\"ImageObject\",\"inLanguage\":\"pt-BR\",\"@id\":\"https:\/\/www.oarcanjo.net\/site\/#\/schema\/logo\/image\/\",\"url\":\"https:\/\/www.oarcanjo.net\/site\/wp-content\/uploads\/LogoOArcanjo.png\",\"contentUrl\":\"https:\/\/www.oarcanjo.net\/site\/wp-content\/uploads\/LogoOArcanjo.png\",\"width\":319,\"height\":99,\"caption\":\"Par\u00f3quia S\u00e3o Miguel Arcanjo\"},\"image\":{\"@id\":\"https:\/\/www.oarcanjo.net\/site\/#\/schema\/logo\/image\/\"},\"sameAs\":[\"https:\/\/www.facebook.com\/OArcanjoNoAr\/\"]},{\"@type\":\"Person\",\"@id\":\"https:\/\/www.oarcanjo.net\/site\/#\/schema\/person\/f7870e710d8c8c30673de3a0ac2e451d\",\"name\":\"carlos\"}]}<\/script>\n<!-- \/ Yoast SEO plugin. -->","yoast_head_json":{"title":"Celebra\u00e7\u00e3o e Prociss\u00e3o de Corpus Christi 2015 - O Arcanjo no ar","robots":{"index":"index","follow":"follow","max-snippet":"max-snippet:-1","max-image-preview":"max-image-preview:large","max-video-preview":"max-video-preview:-1"},"canonical":"https:\/\/www.oarcanjo.net\/site\/celebracao-e-procissao-de-corpus-christi-2015\/","og_locale":"pt_BR","og_type":"article","og_title":"Celebra\u00e7\u00e3o e Prociss\u00e3o de Corpus Christi 2015 - O Arcanjo no ar","og_description":"Na solenidade do Sant\u00edssimo Corpo e Sangue de Cristo, a Comunidade S\u00e3o Miguel Arcanjo se reuniu na Capela da Universidade S\u00e3o Judas Tadeu nesta quinta-feira 04\/06\/15 \u00e0s 15hs, celebrou a santa Eucaristia e depois percorreu em prociss\u00e3o as ruas do bairro.","og_url":"https:\/\/www.oarcanjo.net\/site\/celebracao-e-procissao-de-corpus-christi-2015\/","og_site_name":"O Arcanjo no ar","article_publisher":"https:\/\/www.facebook.com\/OArcanjoNoAr\/","article_published_time":"2015-06-06T20:09:17+00:00","article_modified_time":"2015-06-07T04:03:09+00:00","og_image":[{"width":700,"height":320,"url":"https:\/\/www.oarcanjo.net\/site\/wp-content\/uploads\/banner-corpus-christi-mai-2015.jpg","type":"image\/jpeg"}],"author":"carlos","twitter_card":"summary_large_image","twitter_misc":{"Escrito por":"carlos","Est. tempo de leitura":"2 minutos"},"schema":{"@context":"https:\/\/schema.org","@graph":[{"@type":"Article","@id":"https:\/\/www.oarcanjo.net\/site\/celebracao-e-procissao-de-corpus-christi-2015\/#article","isPartOf":{"@id":"https:\/\/www.oarcanjo.net\/site\/celebracao-e-procissao-de-corpus-christi-2015\/"},"author":{"name":"carlos","@id":"https:\/\/www.oarcanjo.net\/site\/#\/schema\/person\/f7870e710d8c8c30673de3a0ac2e451d"},"headline":"Celebra\u00e7\u00e3o e Prociss\u00e3o de Corpus Christi 2015","datePublished":"2015-06-06T20:09:17+00:00","dateModified":"2015-06-07T04:03:09+00:00","mainEntityOfPage":{"@id":"https:\/\/www.oarcanjo.net\/site\/celebracao-e-procissao-de-corpus-christi-2015\/"},"wordCount":342,"commentCount":0,"publisher":{"@id":"https:\/\/www.oarcanjo.net\/site\/#organization"},"image":{"@id":"https:\/\/www.oarcanjo.net\/site\/celebracao-e-procissao-de-corpus-christi-2015\/#primaryimage"},"thumbnailUrl":"https:\/\/www.oarcanjo.net\/site\/wp-content\/uploads\/banner-corpus-christi-mai-2015.jpg","articleSection":["Destaques","Not\u00edcias","Rosto da comunidade"],"inLanguage":"pt-BR","potentialAction":[{"@type":"CommentAction","name":"Comment","target":["https:\/\/www.oarcanjo.net\/site\/celebracao-e-procissao-de-corpus-christi-2015\/#respond"]}]},{"@type":"WebPage","@id":"https:\/\/www.oarcanjo.net\/site\/celebracao-e-procissao-de-corpus-christi-2015\/","url":"https:\/\/www.oarcanjo.net\/site\/celebracao-e-procissao-de-corpus-christi-2015\/","name":"Celebra\u00e7\u00e3o e Prociss\u00e3o de Corpus Christi 2015 - O Arcanjo no ar","isPartOf":{"@id":"https:\/\/www.oarcanjo.net\/site\/#website"},"primaryImageOfPage":{"@id":"https:\/\/www.oarcanjo.net\/site\/celebracao-e-procissao-de-corpus-christi-2015\/#primaryimage"},"image":{"@id":"https:\/\/www.oarcanjo.net\/site\/celebracao-e-procissao-de-corpus-christi-2015\/#primaryimage"},"thumbnailUrl":"https:\/\/www.oarcanjo.net\/site\/wp-content\/uploads\/banner-corpus-christi-mai-2015.jpg","datePublished":"2015-06-06T20:09:17+00:00","dateModified":"2015-06-07T04:03:09+00:00","breadcrumb":{"@id":"https:\/\/www.oarcanjo.net\/site\/celebracao-e-procissao-de-corpus-christi-2015\/#breadcrumb"},"inLanguage":"pt-BR","potentialAction":[{"@type":"ReadAction","target":["https:\/\/www.oarcanjo.net\/site\/celebracao-e-procissao-de-corpus-christi-2015\/"]}]},{"@type":"ImageObject","inLanguage":"pt-BR","@id":"https:\/\/www.oarcanjo.net\/site\/celebracao-e-procissao-de-corpus-christi-2015\/#primaryimage","url":"https:\/\/www.oarcanjo.net\/site\/wp-content\/uploads\/banner-corpus-christi-mai-2015.jpg","contentUrl":"https:\/\/www.oarcanjo.net\/site\/wp-content\/uploads\/banner-corpus-christi-mai-2015.jpg","width":700,"height":320},{"@type":"BreadcrumbList","@id":"https:\/\/www.oarcanjo.net\/site\/celebracao-e-procissao-de-corpus-christi-2015\/#breadcrumb","itemListElement":[{"@type":"ListItem","position":1,"name":"In\u00edcio","item":"https:\/\/www.oarcanjo.net\/site\/"},{"@type":"ListItem","position":2,"name":"Celebra\u00e7\u00e3o e Prociss\u00e3o de Corpus Christi 2015"}]},{"@type":"WebSite","@id":"https:\/\/www.oarcanjo.net\/site\/#website","url":"https:\/\/www.oarcanjo.net\/site\/","name":"O Arcanjo no ar","description":"Site da Par\u00f3quia S\u00e3o Miguel Arcanjo (Arquidiocese de SP)","publisher":{"@id":"https:\/\/www.oarcanjo.net\/site\/#organization"},"potentialAction":[{"@type":"SearchAction","target":{"@type":"EntryPoint","urlTemplate":"https:\/\/www.oarcanjo.net\/site\/?s={search_term_string}"},"query-input":{"@type":"PropertyValueSpecification","valueRequired":true,"valueName":"search_term_string"}}],"inLanguage":"pt-BR"},{"@type":"Organization","@id":"https:\/\/www.oarcanjo.net\/site\/#organization","name":"Par\u00f3quia S\u00e3o Miguel Arcanjo","url":"https:\/\/www.oarcanjo.net\/site\/","logo":{"@type":"ImageObject","inLanguage":"pt-BR","@id":"https:\/\/www.oarcanjo.net\/site\/#\/schema\/logo\/image\/","url":"https:\/\/www.oarcanjo.net\/site\/wp-content\/uploads\/LogoOArcanjo.png","contentUrl":"https:\/\/www.oarcanjo.net\/site\/wp-content\/uploads\/LogoOArcanjo.png","width":319,"height":99,"caption":"Par\u00f3quia S\u00e3o Miguel Arcanjo"},"image":{"@id":"https:\/\/www.oarcanjo.net\/site\/#\/schema\/logo\/image\/"},"sameAs":["https:\/\/www.facebook.com\/OArcanjoNoAr\/"]},{"@type":"Person","@id":"https:\/\/www.oarcanjo.net\/site\/#\/schema\/person\/f7870e710d8c8c30673de3a0ac2e451d","name":"carlos"}]}},"publishpress_future_action":{"enabled":false,"date":"2026-05-07 08:08:54","action":"category","newStatus":"draft","terms":[],"taxonomy":"category"},"publishpress_future_workflow_manual_trigger":{"enabledWorkflows":[]},"_links":{"self":[{"href":"https:\/\/www.oarcanjo.net\/site\/wp-json\/wp\/v2\/posts\/63153"}],"collection":[{"href":"https:\/\/www.oarcanjo.net\/site\/wp-json\/wp\/v2\/posts"}],"about":[{"href":"https:\/\/www.oarcanjo.net\/site\/wp-json\/wp\/v2\/types\/post"}],"author":[{"embeddable":true,"href":"https:\/\/www.oarcanjo.net\/site\/wp-json\/wp\/v2\/users\/10"}],"replies":[{"embeddable":true,"href":"https:\/\/www.oarcanjo.net\/site\/wp-json\/wp\/v2\/comments?post=63153"}],"version-history":[{"count":0,"href":"https:\/\/www.oarcanjo.net\/site\/wp-json\/wp\/v2\/posts\/63153\/revisions"}],"wp:featuredmedia":[{"embeddable":true,"href":"https:\/\/www.oarcanjo.net\/site\/wp-json\/wp\/v2\/media\/63159"}],"wp:attachment":[{"href":"https:\/\/www.oarcanjo.net\/site\/wp-json\/wp\/v2\/media?parent=63153"}],"wp:term":[{"taxonomy":"category","embeddable":true,"href":"https:\/\/www.oarcanjo.net\/site\/wp-json\/wp\/v2\/categories?post=63153"},{"taxonomy":"post_tag","embeddable":true,"href":"https:\/\/www.oarcanjo.net\/site\/wp-json\/wp\/v2\/tags?post=63153"}],"curies":[{"name":"wp","href":"https:\/\/api.w.org\/{rel}","templated":true}]}}