
{"id":63160,"date":"2015-06-07T22:50:27","date_gmt":"2015-06-08T01:50:27","guid":{"rendered":"http:\/\/www.oarcanjo.net\/site\/?p=63160"},"modified":"2015-06-23T11:11:23","modified_gmt":"2015-06-23T14:11:23","slug":"participe-de-nossa-festa-junina-no-dia-27-de-junho","status":"publish","type":"post","link":"https:\/\/www.oarcanjo.net\/site\/participe-de-nossa-festa-junina-no-dia-27-de-junho\/","title":{"rendered":"Participe de nossa Festa Junina no dia 27 de junho"},"content":{"rendered":"<p>A comunidade S\u00e3o Miguel Arcanjo convida a todos para celebrar o m\u00eas de\u00a0Santo Ant\u00f4nio, S\u00e3o Pedro e S\u00e3o Jo\u00e3o com uma animada Festa Junina. Ser\u00e1 no dia 27 de junho, n\u00e3o perca!<\/p>\n<p><strong>Anote na agenda:<\/strong><\/p>\n<p>27\/06 das 17h \u00e0s 23h<\/p>\n<p>R. Sapucaia, altura do n\u00ba 172 (ao lado da igreja)<\/p>\n<p><strong>Comida de qualidade&#8230;<\/strong><\/p>\n<p>Nossos tradicionais pratos, como sandu\u00edche de pernil, cuscuz\u00a0e\u00a0canjica, est\u00e3o sendo preparados com \u00a0carinho. O churrasco e o crepe v\u00e3o sair no capricho! Nossa barraca de comidas t\u00edpica ter\u00e1 especiarias preparadas pela comunidade. Al\u00e9m disso teremos outras del\u00edcias, como: Frutas no chocolate, Ma\u00e7\u00e3 do amor, Vinho quente, Quent\u00e3o, Cachorro quente e Refrigerantes.<\/p>\n<p><strong>Divers\u00e3o&#8230;<\/strong><\/p>\n<p>Teremos as tradicionais brincadeiras, como\u00a0Pescaria e Boca do Palha\u00e7o.<\/p>\n<p><img loading=\"lazy\" decoding=\"async\" class=\"alignnone size-full wp-image-21860\" src=\"http:\/\/www.oarcanjo.net\/site\/wp-content\/uploads\/festa-junina-sao-miguel-arcanjo-05-site.jpg\" alt=\"Festa Junina\" width=\"550\" height=\"367\" srcset=\"https:\/\/www.oarcanjo.net\/site\/wp-content\/uploads\/festa-junina-sao-miguel-arcanjo-05-site.jpg 550w, https:\/\/www.oarcanjo.net\/site\/wp-content\/uploads\/festa-junina-sao-miguel-arcanjo-05-site-300x200.jpg 300w\" sizes=\"(max-width: 550px) 100vw, 550px\" \/><\/p>\n<p><strong>Participa\u00e7\u00e3o&#8230;<\/strong><\/p>\n<p>Para ajudar nas barracas ou preparar os alimentos, entrar em contato com a secretaria da par\u00f3quia,\u00a0(11) 2692-6798,\u00a0ou com a Rinalda e Danielle, na missa das 7h30, ou com a Noeli ou Solange, na missa das 10h, na Capela S\u00e3o Judas, ou ainda Fatima\u00a0e Regina, na missa das 18h, aos domingos.<\/p>\n<p>Contamos com sua colabora\u00e7\u00e3o e presen\u00e7a!<\/p>\n<p>Que por intercess\u00e3o de Santo Ant\u00f4nio, S\u00e3o Pedro e S\u00e3o Jo\u00e3o tenhamos uma alegre a aben\u00e7oada festa.<\/p>\n<p>At\u00e9 l\u00e1!<\/p>\n<p>Nossa festa conta com a colabora\u00e7\u00e3o de:<\/p>\n<table border=\"0\" width=\"500\" cellspacing=\"0\" cellpadding=\"4\">\n<tbody>\n<tr>\n<td align=\"center\" valign=\"middle\" width=\"25%\"><img loading=\"lazy\" decoding=\"async\" class=\"alignnone wp-image-40693 \" src=\"http:\/\/www.oarcanjo.net\/site\/wp-content\/uploads\/logo-prevent-senior.png\" alt=\"Prevent Senior\" width=\"207\" height=\"124\" \/><\/td>\n<td align=\"center\" valign=\"middle\" width=\"25%\"><img loading=\"lazy\" decoding=\"async\" class=\"alignnone size-full wp-image-63320\" src=\"http:\/\/www.oarcanjo.net\/site\/wp-content\/uploads\/logo-patrocinador-dicunto.jpg\" alt=\"Di Cunto\" width=\"120\" height=\"90\" \/><\/td>\n<td align=\"center\" valign=\"middle\" width=\"25%\"><img loading=\"lazy\" decoding=\"async\" class=\"alignnone size-full wp-image-63319\" src=\"http:\/\/www.oarcanjo.net\/site\/wp-content\/uploads\/logo-patrocinador-carasi.jpg\" alt=\"Carasi\" width=\"120\" height=\"90\" \/><\/td>\n<td align=\"center\" valign=\"middle\" width=\"25%\"><\/td>\n<\/tr>\n<tr>\n<td align=\"center\" valign=\"middle\" width=\"25%\">\u00a0<img loading=\"lazy\" decoding=\"async\" title=\"Lanchonete Taquari\" src=\"http:\/\/www.oarcanjo.net\/site\/wp-content\/uploads\/lanchonete-taquari.png\" alt=\"Lanchonete Taquari\" width=\"84\" height=\"37\" \/><\/td>\n<td align=\"center\" valign=\"middle\" width=\"25%\"><img loading=\"lazy\" decoding=\"async\" class=\"alignnone size-full wp-image-18107\" src=\"http:\/\/www.oarcanjo.net\/site\/wp-content\/uploads\/a-z-rodrigues.png\" alt=\"A. Z. Rodrigues\" width=\"177\" height=\"23\" \/><\/td>\n<td align=\"center\" valign=\"middle\" width=\"25%\"><img loading=\"lazy\" decoding=\"async\" src=\"http:\/\/www.oarcanjo.net\/site\/wp-content\/uploads\/unidosll.png\" alt=\"Unidos LL\" width=\"153\" height=\"42\" \/><\/td>\n<td align=\"center\" valign=\"middle\" width=\"25%\">\n<h6><\/h6>\n<\/td>\n<\/tr>\n<tr>\n<td align=\"center\" valign=\"middle\" width=\"25%\" height=\"20\">\n<h6><span style=\"color: #000000;\">\u00a0A\u00e7ougue<\/span><br \/>\n<span style=\"color: #000000;\"> Medalh\u00e3o<\/span><\/h6>\n<\/td>\n<td align=\"center\" valign=\"middle\" width=\"25%\" height=\"20\">\n<h6><img loading=\"lazy\" decoding=\"async\" class=\"alignnone size-full wp-image-63318\" src=\"http:\/\/www.oarcanjo.net\/site\/wp-content\/uploads\/logo-patrocinador-miami.jpg\" alt=\"Miami\" width=\"120\" height=\"90\" \/><\/h6>\n<\/td>\n<td align=\"center\" valign=\"middle\" width=\"25%\" height=\"20\">\n<h6><img loading=\"lazy\" decoding=\"async\" src=\"http:\/\/www.oarcanjo.net\/site\/wp-content\/uploads\/jbl-equipamentos.png\" alt=\"JBL Equipamentos\" width=\"101\" height=\"67\" \/><\/h6>\n<\/td>\n<td align=\"center\" valign=\"middle\" width=\"25%\" height=\"20\">\n<h6><\/h6>\n<\/td>\n<\/tr>\n<tr>\n<td align=\"center\" valign=\"middle\" width=\"25%\" height=\"20\">\u00a0<img loading=\"lazy\" decoding=\"async\" class=\"alignnone size-full wp-image-63321\" src=\"http:\/\/www.oarcanjo.net\/site\/wp-content\/uploads\/logo-patrocinador-cassandoca.jpg\" alt=\"Cassandoca\" width=\"120\" height=\"90\" \/><\/td>\n<td align=\"center\" valign=\"middle\" width=\"25%\" height=\"20\">\u00a0<img loading=\"lazy\" decoding=\"async\" class=\"alignnone size-full wp-image-63322\" src=\"http:\/\/www.oarcanjo.net\/site\/wp-content\/uploads\/logo-patrocinador-cepam.jpg\" alt=\"Cepam\" width=\"120\" height=\"90\" \/><\/td>\n<td align=\"center\" valign=\"middle\" width=\"25%\" height=\"20\">\n<h6><span style=\"color: #000000;\">\u00a0Padaria<br \/>\n<\/span><span style=\"color: #000000;\"> Santa Branca<\/span><\/h6>\n<\/td>\n<td align=\"center\" valign=\"middle\" width=\"25%\" height=\"20\"><\/td>\n<\/tr>\n<\/tbody>\n<\/table>\n<p>E o apoio da:<\/p>\n<table border=\"0\" width=\"500\" cellspacing=\"0\" cellpadding=\"4\">\n<tbody>\n<tr>\n<td align=\"center\" valign=\"middle\" width=\"25%\"><img loading=\"lazy\" decoding=\"async\" class=\"alignnone size-full wp-image-18105\" src=\"http:\/\/www.oarcanjo.net\/site\/wp-content\/uploads\/prefeitura-sao-paulo.png\" alt=\"\" width=\"106\" height=\"86\" \/><\/td>\n<td align=\"center\" valign=\"middle\" width=\"25%\"><\/td>\n<td align=\"center\" valign=\"middle\" width=\"25%\"><\/td>\n<td align=\"center\" valign=\"middle\" width=\"25%\"><\/td>\n<\/tr>\n<tr>\n<td align=\"center\" valign=\"middle\" width=\"25%\" height=\"20\"><\/td>\n<td align=\"center\" valign=\"middle\" width=\"25%\" height=\"20\"><\/td>\n<td align=\"center\" valign=\"middle\" width=\"25%\" height=\"20\"><\/td>\n<td align=\"center\" valign=\"middle\" width=\"25%\" height=\"20\"><\/td>\n<\/tr>\n<\/tbody>\n<\/table>\n<p>&nbsp;<\/p>\n<div id=\"themify_builder_content-63160\" data-postid=\"63160\" class=\"themify_builder_content themify_builder_content-63160 themify_builder themify_builder_front\">\n\t<\/div>\n<!-- \/themify_builder_content -->","protected":false},"excerpt":{"rendered":"<p>A festa ser\u00e1 no \u00faltimo s\u00e1bado de junho, das 17h \u00e0s 23h<\/p>\n","protected":false},"author":3,"featured_media":63165,"comment_status":"open","ping_status":"open","sticky":false,"template":"","format":"standard","meta":{"ngg_post_thumbnail":0,"footnotes":""},"categories":[3,8,7],"tags":[766,765,828,867],"yoast_head":"<!-- This site is optimized with the Yoast SEO plugin v23.5 - https:\/\/yoast.com\/wordpress\/plugins\/seo\/ -->\n<title>Participe de nossa Festa Junina no dia 27 de junho - O Arcanjo no ar<\/title>\n<meta name=\"robots\" content=\"index, follow, max-snippet:-1, max-image-preview:large, max-video-preview:-1\" \/>\n<link rel=\"canonical\" href=\"https:\/\/www.oarcanjo.net\/site\/participe-de-nossa-festa-junina-no-dia-27-de-junho\/\" \/>\n<meta property=\"og:locale\" content=\"pt_BR\" \/>\n<meta property=\"og:type\" content=\"article\" \/>\n<meta property=\"og:title\" content=\"Participe de nossa Festa Junina no dia 27 de junho - O Arcanjo no ar\" \/>\n<meta property=\"og:description\" content=\"A festa ser\u00e1 no \u00faltimo s\u00e1bado de junho, das 17h \u00e0s 23h\" \/>\n<meta property=\"og:url\" content=\"https:\/\/www.oarcanjo.net\/site\/participe-de-nossa-festa-junina-no-dia-27-de-junho\/\" \/>\n<meta property=\"og:site_name\" content=\"O Arcanjo no ar\" \/>\n<meta property=\"article:publisher\" content=\"https:\/\/www.facebook.com\/OArcanjoNoAr\/\" \/>\n<meta property=\"article:published_time\" content=\"2015-06-08T01:50:27+00:00\" \/>\n<meta property=\"article:modified_time\" content=\"2015-06-23T14:11:23+00:00\" \/>\n<meta property=\"og:image\" content=\"https:\/\/www.oarcanjo.net\/site\/wp-content\/uploads\/banner-festa-junina-jun-2015.jpg\" \/>\n\t<meta property=\"og:image:width\" content=\"700\" \/>\n\t<meta property=\"og:image:height\" content=\"320\" \/>\n\t<meta property=\"og:image:type\" content=\"image\/jpeg\" \/>\n<meta name=\"author\" content=\"miriam.meyer\" \/>\n<meta name=\"twitter:card\" content=\"summary_large_image\" \/>\n<meta name=\"twitter:label1\" content=\"Escrito por\" \/>\n\t<meta name=\"twitter:data1\" content=\"miriam.meyer\" \/>\n\t<meta name=\"twitter:label2\" content=\"Est. tempo de leitura\" \/>\n\t<meta name=\"twitter:data2\" content=\"1 minuto\" \/>\n<script type=\"application\/ld+json\" class=\"yoast-schema-graph\">{\"@context\":\"https:\/\/schema.org\",\"@graph\":[{\"@type\":\"Article\",\"@id\":\"https:\/\/www.oarcanjo.net\/site\/participe-de-nossa-festa-junina-no-dia-27-de-junho\/#article\",\"isPartOf\":{\"@id\":\"https:\/\/www.oarcanjo.net\/site\/participe-de-nossa-festa-junina-no-dia-27-de-junho\/\"},\"author\":{\"name\":\"miriam.meyer\",\"@id\":\"https:\/\/www.oarcanjo.net\/site\/#\/schema\/person\/ce0fba3450314a09c6442cfee983a3d8\"},\"headline\":\"Participe de nossa Festa Junina no dia 27 de junho\",\"datePublished\":\"2015-06-08T01:50:27+00:00\",\"dateModified\":\"2015-06-23T14:11:23+00:00\",\"mainEntityOfPage\":{\"@id\":\"https:\/\/www.oarcanjo.net\/site\/participe-de-nossa-festa-junina-no-dia-27-de-junho\/\"},\"wordCount\":249,\"commentCount\":1,\"publisher\":{\"@id\":\"https:\/\/www.oarcanjo.net\/site\/#organization\"},\"image\":{\"@id\":\"https:\/\/www.oarcanjo.net\/site\/participe-de-nossa-festa-junina-no-dia-27-de-junho\/#primaryimage\"},\"thumbnailUrl\":\"https:\/\/www.oarcanjo.net\/site\/wp-content\/uploads\/banner-festa-junina-jun-2015.jpg\",\"keywords\":[\"festa junina\",\"Santo Ant\u00f4nio\",\"S\u00e3o Jo\u00e3o\",\"S\u00e3o Pedro\"],\"articleSection\":[\"Destaques\",\"Not\u00edcias\",\"Rosto da comunidade\"],\"inLanguage\":\"pt-BR\",\"potentialAction\":[{\"@type\":\"CommentAction\",\"name\":\"Comment\",\"target\":[\"https:\/\/www.oarcanjo.net\/site\/participe-de-nossa-festa-junina-no-dia-27-de-junho\/#respond\"]}]},{\"@type\":\"WebPage\",\"@id\":\"https:\/\/www.oarcanjo.net\/site\/participe-de-nossa-festa-junina-no-dia-27-de-junho\/\",\"url\":\"https:\/\/www.oarcanjo.net\/site\/participe-de-nossa-festa-junina-no-dia-27-de-junho\/\",\"name\":\"Participe de nossa Festa Junina no dia 27 de junho - O Arcanjo no ar\",\"isPartOf\":{\"@id\":\"https:\/\/www.oarcanjo.net\/site\/#website\"},\"primaryImageOfPage\":{\"@id\":\"https:\/\/www.oarcanjo.net\/site\/participe-de-nossa-festa-junina-no-dia-27-de-junho\/#primaryimage\"},\"image\":{\"@id\":\"https:\/\/www.oarcanjo.net\/site\/participe-de-nossa-festa-junina-no-dia-27-de-junho\/#primaryimage\"},\"thumbnailUrl\":\"https:\/\/www.oarcanjo.net\/site\/wp-content\/uploads\/banner-festa-junina-jun-2015.jpg\",\"datePublished\":\"2015-06-08T01:50:27+00:00\",\"dateModified\":\"2015-06-23T14:11:23+00:00\",\"breadcrumb\":{\"@id\":\"https:\/\/www.oarcanjo.net\/site\/participe-de-nossa-festa-junina-no-dia-27-de-junho\/#breadcrumb\"},\"inLanguage\":\"pt-BR\",\"potentialAction\":[{\"@type\":\"ReadAction\",\"target\":[\"https:\/\/www.oarcanjo.net\/site\/participe-de-nossa-festa-junina-no-dia-27-de-junho\/\"]}]},{\"@type\":\"ImageObject\",\"inLanguage\":\"pt-BR\",\"@id\":\"https:\/\/www.oarcanjo.net\/site\/participe-de-nossa-festa-junina-no-dia-27-de-junho\/#primaryimage\",\"url\":\"https:\/\/www.oarcanjo.net\/site\/wp-content\/uploads\/banner-festa-junina-jun-2015.jpg\",\"contentUrl\":\"https:\/\/www.oarcanjo.net\/site\/wp-content\/uploads\/banner-festa-junina-jun-2015.jpg\",\"width\":700,\"height\":320,\"caption\":\"Festa Junina 2015\"},{\"@type\":\"BreadcrumbList\",\"@id\":\"https:\/\/www.oarcanjo.net\/site\/participe-de-nossa-festa-junina-no-dia-27-de-junho\/#breadcrumb\",\"itemListElement\":[{\"@type\":\"ListItem\",\"position\":1,\"name\":\"In\u00edcio\",\"item\":\"https:\/\/www.oarcanjo.net\/site\/\"},{\"@type\":\"ListItem\",\"position\":2,\"name\":\"Participe de nossa Festa Junina no dia 27 de junho\"}]},{\"@type\":\"WebSite\",\"@id\":\"https:\/\/www.oarcanjo.net\/site\/#website\",\"url\":\"https:\/\/www.oarcanjo.net\/site\/\",\"name\":\"O Arcanjo no ar\",\"description\":\"Site da Par\u00f3quia S\u00e3o Miguel Arcanjo (Arquidiocese de SP)\",\"publisher\":{\"@id\":\"https:\/\/www.oarcanjo.net\/site\/#organization\"},\"potentialAction\":[{\"@type\":\"SearchAction\",\"target\":{\"@type\":\"EntryPoint\",\"urlTemplate\":\"https:\/\/www.oarcanjo.net\/site\/?s={search_term_string}\"},\"query-input\":{\"@type\":\"PropertyValueSpecification\",\"valueRequired\":true,\"valueName\":\"search_term_string\"}}],\"inLanguage\":\"pt-BR\"},{\"@type\":\"Organization\",\"@id\":\"https:\/\/www.oarcanjo.net\/site\/#organization\",\"name\":\"Par\u00f3quia S\u00e3o Miguel Arcanjo\",\"url\":\"https:\/\/www.oarcanjo.net\/site\/\",\"logo\":{\"@type\":\"ImageObject\",\"inLanguage\":\"pt-BR\",\"@id\":\"https:\/\/www.oarcanjo.net\/site\/#\/schema\/logo\/image\/\",\"url\":\"https:\/\/www.oarcanjo.net\/site\/wp-content\/uploads\/LogoOArcanjo.png\",\"contentUrl\":\"https:\/\/www.oarcanjo.net\/site\/wp-content\/uploads\/LogoOArcanjo.png\",\"width\":319,\"height\":99,\"caption\":\"Par\u00f3quia S\u00e3o Miguel Arcanjo\"},\"image\":{\"@id\":\"https:\/\/www.oarcanjo.net\/site\/#\/schema\/logo\/image\/\"},\"sameAs\":[\"https:\/\/www.facebook.com\/OArcanjoNoAr\/\"]},{\"@type\":\"Person\",\"@id\":\"https:\/\/www.oarcanjo.net\/site\/#\/schema\/person\/ce0fba3450314a09c6442cfee983a3d8\",\"name\":\"miriam.meyer\"}]}<\/script>\n<!-- \/ Yoast SEO plugin. -->","yoast_head_json":{"title":"Participe de nossa Festa Junina no dia 27 de junho - O Arcanjo no ar","robots":{"index":"index","follow":"follow","max-snippet":"max-snippet:-1","max-image-preview":"max-image-preview:large","max-video-preview":"max-video-preview:-1"},"canonical":"https:\/\/www.oarcanjo.net\/site\/participe-de-nossa-festa-junina-no-dia-27-de-junho\/","og_locale":"pt_BR","og_type":"article","og_title":"Participe de nossa Festa Junina no dia 27 de junho - O Arcanjo no ar","og_description":"A festa ser\u00e1 no \u00faltimo s\u00e1bado de junho, das 17h \u00e0s 23h","og_url":"https:\/\/www.oarcanjo.net\/site\/participe-de-nossa-festa-junina-no-dia-27-de-junho\/","og_site_name":"O Arcanjo no ar","article_publisher":"https:\/\/www.facebook.com\/OArcanjoNoAr\/","article_published_time":"2015-06-08T01:50:27+00:00","article_modified_time":"2015-06-23T14:11:23+00:00","og_image":[{"width":700,"height":320,"url":"https:\/\/www.oarcanjo.net\/site\/wp-content\/uploads\/banner-festa-junina-jun-2015.jpg","type":"image\/jpeg"}],"author":"miriam.meyer","twitter_card":"summary_large_image","twitter_misc":{"Escrito por":"miriam.meyer","Est. tempo de leitura":"1 minuto"},"schema":{"@context":"https:\/\/schema.org","@graph":[{"@type":"Article","@id":"https:\/\/www.oarcanjo.net\/site\/participe-de-nossa-festa-junina-no-dia-27-de-junho\/#article","isPartOf":{"@id":"https:\/\/www.oarcanjo.net\/site\/participe-de-nossa-festa-junina-no-dia-27-de-junho\/"},"author":{"name":"miriam.meyer","@id":"https:\/\/www.oarcanjo.net\/site\/#\/schema\/person\/ce0fba3450314a09c6442cfee983a3d8"},"headline":"Participe de nossa Festa Junina no dia 27 de junho","datePublished":"2015-06-08T01:50:27+00:00","dateModified":"2015-06-23T14:11:23+00:00","mainEntityOfPage":{"@id":"https:\/\/www.oarcanjo.net\/site\/participe-de-nossa-festa-junina-no-dia-27-de-junho\/"},"wordCount":249,"commentCount":1,"publisher":{"@id":"https:\/\/www.oarcanjo.net\/site\/#organization"},"image":{"@id":"https:\/\/www.oarcanjo.net\/site\/participe-de-nossa-festa-junina-no-dia-27-de-junho\/#primaryimage"},"thumbnailUrl":"https:\/\/www.oarcanjo.net\/site\/wp-content\/uploads\/banner-festa-junina-jun-2015.jpg","keywords":["festa junina","Santo Ant\u00f4nio","S\u00e3o Jo\u00e3o","S\u00e3o Pedro"],"articleSection":["Destaques","Not\u00edcias","Rosto da comunidade"],"inLanguage":"pt-BR","potentialAction":[{"@type":"CommentAction","name":"Comment","target":["https:\/\/www.oarcanjo.net\/site\/participe-de-nossa-festa-junina-no-dia-27-de-junho\/#respond"]}]},{"@type":"WebPage","@id":"https:\/\/www.oarcanjo.net\/site\/participe-de-nossa-festa-junina-no-dia-27-de-junho\/","url":"https:\/\/www.oarcanjo.net\/site\/participe-de-nossa-festa-junina-no-dia-27-de-junho\/","name":"Participe de nossa Festa Junina no dia 27 de junho - O Arcanjo no ar","isPartOf":{"@id":"https:\/\/www.oarcanjo.net\/site\/#website"},"primaryImageOfPage":{"@id":"https:\/\/www.oarcanjo.net\/site\/participe-de-nossa-festa-junina-no-dia-27-de-junho\/#primaryimage"},"image":{"@id":"https:\/\/www.oarcanjo.net\/site\/participe-de-nossa-festa-junina-no-dia-27-de-junho\/#primaryimage"},"thumbnailUrl":"https:\/\/www.oarcanjo.net\/site\/wp-content\/uploads\/banner-festa-junina-jun-2015.jpg","datePublished":"2015-06-08T01:50:27+00:00","dateModified":"2015-06-23T14:11:23+00:00","breadcrumb":{"@id":"https:\/\/www.oarcanjo.net\/site\/participe-de-nossa-festa-junina-no-dia-27-de-junho\/#breadcrumb"},"inLanguage":"pt-BR","potentialAction":[{"@type":"ReadAction","target":["https:\/\/www.oarcanjo.net\/site\/participe-de-nossa-festa-junina-no-dia-27-de-junho\/"]}]},{"@type":"ImageObject","inLanguage":"pt-BR","@id":"https:\/\/www.oarcanjo.net\/site\/participe-de-nossa-festa-junina-no-dia-27-de-junho\/#primaryimage","url":"https:\/\/www.oarcanjo.net\/site\/wp-content\/uploads\/banner-festa-junina-jun-2015.jpg","contentUrl":"https:\/\/www.oarcanjo.net\/site\/wp-content\/uploads\/banner-festa-junina-jun-2015.jpg","width":700,"height":320,"caption":"Festa Junina 2015"},{"@type":"BreadcrumbList","@id":"https:\/\/www.oarcanjo.net\/site\/participe-de-nossa-festa-junina-no-dia-27-de-junho\/#breadcrumb","itemListElement":[{"@type":"ListItem","position":1,"name":"In\u00edcio","item":"https:\/\/www.oarcanjo.net\/site\/"},{"@type":"ListItem","position":2,"name":"Participe de nossa Festa Junina no dia 27 de junho"}]},{"@type":"WebSite","@id":"https:\/\/www.oarcanjo.net\/site\/#website","url":"https:\/\/www.oarcanjo.net\/site\/","name":"O Arcanjo no ar","description":"Site da Par\u00f3quia S\u00e3o Miguel Arcanjo (Arquidiocese de SP)","publisher":{"@id":"https:\/\/www.oarcanjo.net\/site\/#organization"},"potentialAction":[{"@type":"SearchAction","target":{"@type":"EntryPoint","urlTemplate":"https:\/\/www.oarcanjo.net\/site\/?s={search_term_string}"},"query-input":{"@type":"PropertyValueSpecification","valueRequired":true,"valueName":"search_term_string"}}],"inLanguage":"pt-BR"},{"@type":"Organization","@id":"https:\/\/www.oarcanjo.net\/site\/#organization","name":"Par\u00f3quia S\u00e3o Miguel Arcanjo","url":"https:\/\/www.oarcanjo.net\/site\/","logo":{"@type":"ImageObject","inLanguage":"pt-BR","@id":"https:\/\/www.oarcanjo.net\/site\/#\/schema\/logo\/image\/","url":"https:\/\/www.oarcanjo.net\/site\/wp-content\/uploads\/LogoOArcanjo.png","contentUrl":"https:\/\/www.oarcanjo.net\/site\/wp-content\/uploads\/LogoOArcanjo.png","width":319,"height":99,"caption":"Par\u00f3quia S\u00e3o Miguel Arcanjo"},"image":{"@id":"https:\/\/www.oarcanjo.net\/site\/#\/schema\/logo\/image\/"},"sameAs":["https:\/\/www.facebook.com\/OArcanjoNoAr\/"]},{"@type":"Person","@id":"https:\/\/www.oarcanjo.net\/site\/#\/schema\/person\/ce0fba3450314a09c6442cfee983a3d8","name":"miriam.meyer"}]}},"publishpress_future_action":{"enabled":false,"date":"2026-05-07 06:31:08","action":"category","newStatus":"draft","terms":[],"taxonomy":"category"},"publishpress_future_workflow_manual_trigger":{"enabledWorkflows":[]},"_links":{"self":[{"href":"https:\/\/www.oarcanjo.net\/site\/wp-json\/wp\/v2\/posts\/63160"}],"collection":[{"href":"https:\/\/www.oarcanjo.net\/site\/wp-json\/wp\/v2\/posts"}],"about":[{"href":"https:\/\/www.oarcanjo.net\/site\/wp-json\/wp\/v2\/types\/post"}],"author":[{"embeddable":true,"href":"https:\/\/www.oarcanjo.net\/site\/wp-json\/wp\/v2\/users\/3"}],"replies":[{"embeddable":true,"href":"https:\/\/www.oarcanjo.net\/site\/wp-json\/wp\/v2\/comments?post=63160"}],"version-history":[{"count":0,"href":"https:\/\/www.oarcanjo.net\/site\/wp-json\/wp\/v2\/posts\/63160\/revisions"}],"wp:featuredmedia":[{"embeddable":true,"href":"https:\/\/www.oarcanjo.net\/site\/wp-json\/wp\/v2\/media\/63165"}],"wp:attachment":[{"href":"https:\/\/www.oarcanjo.net\/site\/wp-json\/wp\/v2\/media?parent=63160"}],"wp:term":[{"taxonomy":"category","embeddable":true,"href":"https:\/\/www.oarcanjo.net\/site\/wp-json\/wp\/v2\/categories?post=63160"},{"taxonomy":"post_tag","embeddable":true,"href":"https:\/\/www.oarcanjo.net\/site\/wp-json\/wp\/v2\/tags?post=63160"}],"curies":[{"name":"wp","href":"https:\/\/api.w.org\/{rel}","templated":true}]}}