
{"id":63225,"date":"2015-06-15T00:25:11","date_gmt":"2015-06-15T03:25:11","guid":{"rendered":"http:\/\/www.oarcanjo.net\/site\/?p=63225"},"modified":"2015-06-15T00:25:11","modified_gmt":"2015-06-15T03:25:11","slug":"formacao-para-a-proclamacao-da-palavra-na-paroquia-sao-miguel","status":"publish","type":"post","link":"https:\/\/www.oarcanjo.net\/site\/formacao-para-a-proclamacao-da-palavra-na-paroquia-sao-miguel\/","title":{"rendered":"Forma\u00e7\u00e3o para a Proclama\u00e7\u00e3o da Palavra na Par\u00f3quia S\u00e3o Miguel"},"content":{"rendered":"<p>A proclama\u00e7\u00e3o vai muito al\u00e9m do ato de ler bem um texto. Nos encontros s\u00e3o trabalhadas e demonstradas algumas t\u00e9cnicas da proclama\u00e7\u00e3o que v\u00e3o desde a correta interpreta\u00e7\u00e3o do texto b\u00edblico, passando pelo trabalho da respira\u00e7\u00e3o e dic\u00e7\u00e3o, da expressividade e ritmo, at\u00e9 a postura do proclamador diante do microfone. Tudo isso com exemplos pr\u00e1ticos.<\/p>\n<p style=\"text-align: justify;\">Est\u00e3o sendo realizados mensalmente, desde de fevereiro, encontros de forma\u00e7\u00e3o para a Proclama\u00e7\u00e3o da Palavra de Deus. Os encontros s\u00e3o conduzidos pelo Prof. Tarc\u00edsio de O. Santos que al\u00e9m de fil\u00f3sofo e te\u00f3logo, \u00e9 professor de Teatro.<\/p>\n<p style=\"text-align: justify;\">\u00a0A proclama\u00e7\u00e3o vai muito al\u00e9m do ato de ler bem um texto. Nos encontros s\u00e3o trabalhadas e demonstradas algumas t\u00e9cnicas da proclama\u00e7\u00e3o que v\u00e3o desde a correta interpreta\u00e7\u00e3o do texto b\u00edblico, passando pelo trabalho da respira\u00e7\u00e3o e dic\u00e7\u00e3o, da expressividade e ritmo, at\u00e9 a postura do proclamador diante do microfone. Tudo isso com exemplos pr\u00e1ticos.<\/p>\n<p style=\"text-align: justify;\">Os encontros acontecem na Igreja de S\u00e3o Miguel Arcanjo, no quarto s\u00e1bado de cada m\u00eas, das 15h \u00e0s 16h30.<\/p>\n<p style=\"text-align: justify;\">O \u00faltimo encontro aconteceu neste s\u00e1bado 13\/06, onde foram aprofundadas a Carta de S\u00e3o Paulo aos Colossenses, a Segunda Carta aos Cor\u00edntios. Havia material da Carta a Tim\u00f3teo e aos Ef\u00e9sios. A leitura, seguida da an\u00e1lise aprofundada e a releitura aclarada.<\/p>\n<p style=\"text-align: justify;\">\u00a0Professor Tarc\u00edsio promove curso para os leitores que v\u00e3o proclamar os textos b\u00edblicos nas missas da Comunidade S\u00e3o Miguel Arcanjo, neste s\u00e1bado. H\u00e1 que se proclamar com clareza e correta entona\u00e7\u00e3o. No curso h\u00e1 o aprofundamento dos textos, mostrando a alegria estabelecida por Jesus. Aqui a reprodu\u00e7\u00e3o de um fragmento desse curso. Muito bom participe dos pr\u00f3ximos.<\/p>\n<p style=\"text-align: justify;\"><a href=\"http:\/\/www.oarcanjo.net\/site\/wp-content\/uploads\/IMG_0685.jpg\"><img loading=\"lazy\" decoding=\"async\" class=\"alignleft size-medium wp-image-63226\" src=\"http:\/\/www.oarcanjo.net\/site\/wp-content\/uploads\/IMG_0685-300x200.jpg\" alt=\"IMG_0685\" width=\"300\" height=\"200\" srcset=\"https:\/\/www.oarcanjo.net\/site\/wp-content\/uploads\/IMG_0685-300x200.jpg 300w, https:\/\/www.oarcanjo.net\/site\/wp-content\/uploads\/IMG_0685.jpg 645w\" sizes=\"(max-width: 300px) 100vw, 300px\" \/><\/a><a href=\"http:\/\/www.oarcanjo.net\/site\/wp-content\/uploads\/IMG_0688.jpg\"><img loading=\"lazy\" decoding=\"async\" class=\"alignright size-medium wp-image-63227\" src=\"http:\/\/www.oarcanjo.net\/site\/wp-content\/uploads\/IMG_0688-300x200.jpg\" alt=\"IMG_0688\" width=\"300\" height=\"200\" srcset=\"https:\/\/www.oarcanjo.net\/site\/wp-content\/uploads\/IMG_0688-300x200.jpg 300w, https:\/\/www.oarcanjo.net\/site\/wp-content\/uploads\/IMG_0688.jpg 645w\" sizes=\"(max-width: 300px) 100vw, 300px\" \/><\/a><a href=\"http:\/\/www.oarcanjo.net\/site\/wp-content\/uploads\/IMG_0689.jpg\"><img loading=\"lazy\" decoding=\"async\" class=\"alignleft size-medium wp-image-63228\" src=\"http:\/\/www.oarcanjo.net\/site\/wp-content\/uploads\/IMG_0689-300x200.jpg\" alt=\"IMG_0689\" width=\"300\" height=\"200\" srcset=\"https:\/\/www.oarcanjo.net\/site\/wp-content\/uploads\/IMG_0689-300x200.jpg 300w, https:\/\/www.oarcanjo.net\/site\/wp-content\/uploads\/IMG_0689.jpg 645w\" sizes=\"(max-width: 300px) 100vw, 300px\" \/><\/a><a href=\"http:\/\/www.oarcanjo.net\/site\/wp-content\/uploads\/IMG_0697.jpg\"><img loading=\"lazy\" decoding=\"async\" class=\"alignright size-medium wp-image-63229\" src=\"http:\/\/www.oarcanjo.net\/site\/wp-content\/uploads\/IMG_0697-300x200.jpg\" alt=\"IMG_0697\" width=\"300\" height=\"200\" srcset=\"https:\/\/www.oarcanjo.net\/site\/wp-content\/uploads\/IMG_0697-300x200.jpg 300w, https:\/\/www.oarcanjo.net\/site\/wp-content\/uploads\/IMG_0697.jpg 645w\" sizes=\"(max-width: 300px) 100vw, 300px\" \/><\/a><\/p>\n<p style=\"text-align: justify;\">\n<p>&nbsp;<\/p>\n<div id=\"themify_builder_content-63225\" data-postid=\"63225\" class=\"themify_builder_content themify_builder_content-63225 themify_builder themify_builder_front\">\n\t<\/div>\n<!-- \/themify_builder_content -->","protected":false},"excerpt":{"rendered":"<p>Curso de Forma\u00e7\u00e3o. A proclama\u00e7\u00e3o vai muito al\u00e9m do ato de ler bem um texto. Nos encontros s\u00e3o trabalhadas e demonstradas algumas t\u00e9cnicas da proclama\u00e7\u00e3o que v\u00e3o desde a correta interpreta\u00e7\u00e3o do texto b\u00edblico, passando pelo trabalho da respira\u00e7\u00e3o e dic\u00e7\u00e3o, da expressividade e ritmo, at\u00e9 a postura do proclamador diante do microfone<\/p>\n","protected":false},"author":10,"featured_media":0,"comment_status":"open","ping_status":"open","sticky":false,"template":"","format":"standard","meta":{"ngg_post_thumbnail":0,"footnotes":""},"categories":[1657,7],"tags":[],"yoast_head":"<!-- This site is optimized with the Yoast SEO plugin v23.5 - https:\/\/yoast.com\/wordpress\/plugins\/seo\/ -->\n<title>Forma\u00e7\u00e3o para a Proclama\u00e7\u00e3o da Palavra na Par\u00f3quia S\u00e3o Miguel - O Arcanjo no ar<\/title>\n<meta name=\"robots\" content=\"index, follow, max-snippet:-1, max-image-preview:large, max-video-preview:-1\" \/>\n<link rel=\"canonical\" href=\"https:\/\/www.oarcanjo.net\/site\/formacao-para-a-proclamacao-da-palavra-na-paroquia-sao-miguel\/\" \/>\n<meta property=\"og:locale\" content=\"pt_BR\" \/>\n<meta property=\"og:type\" content=\"article\" \/>\n<meta property=\"og:title\" content=\"Forma\u00e7\u00e3o para a Proclama\u00e7\u00e3o da Palavra na Par\u00f3quia S\u00e3o Miguel - O Arcanjo no ar\" \/>\n<meta property=\"og:description\" content=\"Curso de Forma\u00e7\u00e3o. A proclama\u00e7\u00e3o vai muito al\u00e9m do ato de ler bem um texto. Nos encontros s\u00e3o trabalhadas e demonstradas algumas t\u00e9cnicas da proclama\u00e7\u00e3o que v\u00e3o desde a correta interpreta\u00e7\u00e3o do texto b\u00edblico, passando pelo trabalho da respira\u00e7\u00e3o e dic\u00e7\u00e3o, da expressividade e ritmo, at\u00e9 a postura do proclamador diante do microfone\" \/>\n<meta property=\"og:url\" content=\"https:\/\/www.oarcanjo.net\/site\/formacao-para-a-proclamacao-da-palavra-na-paroquia-sao-miguel\/\" \/>\n<meta property=\"og:site_name\" content=\"O Arcanjo no ar\" \/>\n<meta property=\"article:publisher\" content=\"https:\/\/www.facebook.com\/OArcanjoNoAr\/\" \/>\n<meta property=\"article:published_time\" content=\"2015-06-15T03:25:11+00:00\" \/>\n<meta property=\"og:image\" content=\"http:\/\/www.oarcanjo.net\/site\/wp-content\/uploads\/IMG_0685-300x200.jpg\" \/>\n<meta name=\"author\" content=\"carlos\" \/>\n<meta name=\"twitter:card\" content=\"summary_large_image\" \/>\n<meta name=\"twitter:label1\" content=\"Escrito por\" \/>\n\t<meta name=\"twitter:data1\" content=\"carlos\" \/>\n\t<meta name=\"twitter:label2\" content=\"Est. tempo de leitura\" \/>\n\t<meta name=\"twitter:data2\" content=\"2 minutos\" \/>\n<script type=\"application\/ld+json\" class=\"yoast-schema-graph\">{\"@context\":\"https:\/\/schema.org\",\"@graph\":[{\"@type\":\"Article\",\"@id\":\"https:\/\/www.oarcanjo.net\/site\/formacao-para-a-proclamacao-da-palavra-na-paroquia-sao-miguel\/#article\",\"isPartOf\":{\"@id\":\"https:\/\/www.oarcanjo.net\/site\/formacao-para-a-proclamacao-da-palavra-na-paroquia-sao-miguel\/\"},\"author\":{\"name\":\"carlos\",\"@id\":\"https:\/\/www.oarcanjo.net\/site\/#\/schema\/person\/f7870e710d8c8c30673de3a0ac2e451d\"},\"headline\":\"Forma\u00e7\u00e3o para a Proclama\u00e7\u00e3o da Palavra na Par\u00f3quia S\u00e3o Miguel\",\"datePublished\":\"2015-06-15T03:25:11+00:00\",\"dateModified\":\"2015-06-15T03:25:11+00:00\",\"mainEntityOfPage\":{\"@id\":\"https:\/\/www.oarcanjo.net\/site\/formacao-para-a-proclamacao-da-palavra-na-paroquia-sao-miguel\/\"},\"wordCount\":324,\"commentCount\":0,\"publisher\":{\"@id\":\"https:\/\/www.oarcanjo.net\/site\/#organization\"},\"image\":{\"@id\":\"https:\/\/www.oarcanjo.net\/site\/formacao-para-a-proclamacao-da-palavra-na-paroquia-sao-miguel\/#primaryimage\"},\"thumbnailUrl\":\"http:\/\/www.oarcanjo.net\/site\/wp-content\/uploads\/IMG_0685-300x200.jpg\",\"articleSection\":[\"Orienta\u00e7\u00f5es\",\"Rosto da comunidade\"],\"inLanguage\":\"pt-BR\",\"potentialAction\":[{\"@type\":\"CommentAction\",\"name\":\"Comment\",\"target\":[\"https:\/\/www.oarcanjo.net\/site\/formacao-para-a-proclamacao-da-palavra-na-paroquia-sao-miguel\/#respond\"]}]},{\"@type\":\"WebPage\",\"@id\":\"https:\/\/www.oarcanjo.net\/site\/formacao-para-a-proclamacao-da-palavra-na-paroquia-sao-miguel\/\",\"url\":\"https:\/\/www.oarcanjo.net\/site\/formacao-para-a-proclamacao-da-palavra-na-paroquia-sao-miguel\/\",\"name\":\"Forma\u00e7\u00e3o para a Proclama\u00e7\u00e3o da Palavra na Par\u00f3quia S\u00e3o Miguel - O Arcanjo no ar\",\"isPartOf\":{\"@id\":\"https:\/\/www.oarcanjo.net\/site\/#website\"},\"primaryImageOfPage\":{\"@id\":\"https:\/\/www.oarcanjo.net\/site\/formacao-para-a-proclamacao-da-palavra-na-paroquia-sao-miguel\/#primaryimage\"},\"image\":{\"@id\":\"https:\/\/www.oarcanjo.net\/site\/formacao-para-a-proclamacao-da-palavra-na-paroquia-sao-miguel\/#primaryimage\"},\"thumbnailUrl\":\"http:\/\/www.oarcanjo.net\/site\/wp-content\/uploads\/IMG_0685-300x200.jpg\",\"datePublished\":\"2015-06-15T03:25:11+00:00\",\"dateModified\":\"2015-06-15T03:25:11+00:00\",\"breadcrumb\":{\"@id\":\"https:\/\/www.oarcanjo.net\/site\/formacao-para-a-proclamacao-da-palavra-na-paroquia-sao-miguel\/#breadcrumb\"},\"inLanguage\":\"pt-BR\",\"potentialAction\":[{\"@type\":\"ReadAction\",\"target\":[\"https:\/\/www.oarcanjo.net\/site\/formacao-para-a-proclamacao-da-palavra-na-paroquia-sao-miguel\/\"]}]},{\"@type\":\"ImageObject\",\"inLanguage\":\"pt-BR\",\"@id\":\"https:\/\/www.oarcanjo.net\/site\/formacao-para-a-proclamacao-da-palavra-na-paroquia-sao-miguel\/#primaryimage\",\"url\":\"https:\/\/www.oarcanjo.net\/site\/wp-content\/uploads\/IMG_0685.jpg\",\"contentUrl\":\"https:\/\/www.oarcanjo.net\/site\/wp-content\/uploads\/IMG_0685.jpg\",\"width\":645,\"height\":430},{\"@type\":\"BreadcrumbList\",\"@id\":\"https:\/\/www.oarcanjo.net\/site\/formacao-para-a-proclamacao-da-palavra-na-paroquia-sao-miguel\/#breadcrumb\",\"itemListElement\":[{\"@type\":\"ListItem\",\"position\":1,\"name\":\"In\u00edcio\",\"item\":\"https:\/\/www.oarcanjo.net\/site\/\"},{\"@type\":\"ListItem\",\"position\":2,\"name\":\"Forma\u00e7\u00e3o para a Proclama\u00e7\u00e3o da Palavra na Par\u00f3quia S\u00e3o Miguel\"}]},{\"@type\":\"WebSite\",\"@id\":\"https:\/\/www.oarcanjo.net\/site\/#website\",\"url\":\"https:\/\/www.oarcanjo.net\/site\/\",\"name\":\"O Arcanjo no ar\",\"description\":\"Site da Par\u00f3quia S\u00e3o Miguel Arcanjo (Arquidiocese de SP)\",\"publisher\":{\"@id\":\"https:\/\/www.oarcanjo.net\/site\/#organization\"},\"potentialAction\":[{\"@type\":\"SearchAction\",\"target\":{\"@type\":\"EntryPoint\",\"urlTemplate\":\"https:\/\/www.oarcanjo.net\/site\/?s={search_term_string}\"},\"query-input\":{\"@type\":\"PropertyValueSpecification\",\"valueRequired\":true,\"valueName\":\"search_term_string\"}}],\"inLanguage\":\"pt-BR\"},{\"@type\":\"Organization\",\"@id\":\"https:\/\/www.oarcanjo.net\/site\/#organization\",\"name\":\"Par\u00f3quia S\u00e3o Miguel Arcanjo\",\"url\":\"https:\/\/www.oarcanjo.net\/site\/\",\"logo\":{\"@type\":\"ImageObject\",\"inLanguage\":\"pt-BR\",\"@id\":\"https:\/\/www.oarcanjo.net\/site\/#\/schema\/logo\/image\/\",\"url\":\"https:\/\/www.oarcanjo.net\/site\/wp-content\/uploads\/LogoOArcanjo.png\",\"contentUrl\":\"https:\/\/www.oarcanjo.net\/site\/wp-content\/uploads\/LogoOArcanjo.png\",\"width\":319,\"height\":99,\"caption\":\"Par\u00f3quia S\u00e3o Miguel Arcanjo\"},\"image\":{\"@id\":\"https:\/\/www.oarcanjo.net\/site\/#\/schema\/logo\/image\/\"},\"sameAs\":[\"https:\/\/www.facebook.com\/OArcanjoNoAr\/\"]},{\"@type\":\"Person\",\"@id\":\"https:\/\/www.oarcanjo.net\/site\/#\/schema\/person\/f7870e710d8c8c30673de3a0ac2e451d\",\"name\":\"carlos\"}]}<\/script>\n<!-- \/ Yoast SEO plugin. -->","yoast_head_json":{"title":"Forma\u00e7\u00e3o para a Proclama\u00e7\u00e3o da Palavra na Par\u00f3quia S\u00e3o Miguel - O Arcanjo no ar","robots":{"index":"index","follow":"follow","max-snippet":"max-snippet:-1","max-image-preview":"max-image-preview:large","max-video-preview":"max-video-preview:-1"},"canonical":"https:\/\/www.oarcanjo.net\/site\/formacao-para-a-proclamacao-da-palavra-na-paroquia-sao-miguel\/","og_locale":"pt_BR","og_type":"article","og_title":"Forma\u00e7\u00e3o para a Proclama\u00e7\u00e3o da Palavra na Par\u00f3quia S\u00e3o Miguel - O Arcanjo no ar","og_description":"Curso de Forma\u00e7\u00e3o. A proclama\u00e7\u00e3o vai muito al\u00e9m do ato de ler bem um texto. Nos encontros s\u00e3o trabalhadas e demonstradas algumas t\u00e9cnicas da proclama\u00e7\u00e3o que v\u00e3o desde a correta interpreta\u00e7\u00e3o do texto b\u00edblico, passando pelo trabalho da respira\u00e7\u00e3o e dic\u00e7\u00e3o, da expressividade e ritmo, at\u00e9 a postura do proclamador diante do microfone","og_url":"https:\/\/www.oarcanjo.net\/site\/formacao-para-a-proclamacao-da-palavra-na-paroquia-sao-miguel\/","og_site_name":"O Arcanjo no ar","article_publisher":"https:\/\/www.facebook.com\/OArcanjoNoAr\/","article_published_time":"2015-06-15T03:25:11+00:00","og_image":[{"url":"http:\/\/www.oarcanjo.net\/site\/wp-content\/uploads\/IMG_0685-300x200.jpg"}],"author":"carlos","twitter_card":"summary_large_image","twitter_misc":{"Escrito por":"carlos","Est. tempo de leitura":"2 minutos"},"schema":{"@context":"https:\/\/schema.org","@graph":[{"@type":"Article","@id":"https:\/\/www.oarcanjo.net\/site\/formacao-para-a-proclamacao-da-palavra-na-paroquia-sao-miguel\/#article","isPartOf":{"@id":"https:\/\/www.oarcanjo.net\/site\/formacao-para-a-proclamacao-da-palavra-na-paroquia-sao-miguel\/"},"author":{"name":"carlos","@id":"https:\/\/www.oarcanjo.net\/site\/#\/schema\/person\/f7870e710d8c8c30673de3a0ac2e451d"},"headline":"Forma\u00e7\u00e3o para a Proclama\u00e7\u00e3o da Palavra na Par\u00f3quia S\u00e3o Miguel","datePublished":"2015-06-15T03:25:11+00:00","dateModified":"2015-06-15T03:25:11+00:00","mainEntityOfPage":{"@id":"https:\/\/www.oarcanjo.net\/site\/formacao-para-a-proclamacao-da-palavra-na-paroquia-sao-miguel\/"},"wordCount":324,"commentCount":0,"publisher":{"@id":"https:\/\/www.oarcanjo.net\/site\/#organization"},"image":{"@id":"https:\/\/www.oarcanjo.net\/site\/formacao-para-a-proclamacao-da-palavra-na-paroquia-sao-miguel\/#primaryimage"},"thumbnailUrl":"http:\/\/www.oarcanjo.net\/site\/wp-content\/uploads\/IMG_0685-300x200.jpg","articleSection":["Orienta\u00e7\u00f5es","Rosto da comunidade"],"inLanguage":"pt-BR","potentialAction":[{"@type":"CommentAction","name":"Comment","target":["https:\/\/www.oarcanjo.net\/site\/formacao-para-a-proclamacao-da-palavra-na-paroquia-sao-miguel\/#respond"]}]},{"@type":"WebPage","@id":"https:\/\/www.oarcanjo.net\/site\/formacao-para-a-proclamacao-da-palavra-na-paroquia-sao-miguel\/","url":"https:\/\/www.oarcanjo.net\/site\/formacao-para-a-proclamacao-da-palavra-na-paroquia-sao-miguel\/","name":"Forma\u00e7\u00e3o para a Proclama\u00e7\u00e3o da Palavra na Par\u00f3quia S\u00e3o Miguel - O Arcanjo no ar","isPartOf":{"@id":"https:\/\/www.oarcanjo.net\/site\/#website"},"primaryImageOfPage":{"@id":"https:\/\/www.oarcanjo.net\/site\/formacao-para-a-proclamacao-da-palavra-na-paroquia-sao-miguel\/#primaryimage"},"image":{"@id":"https:\/\/www.oarcanjo.net\/site\/formacao-para-a-proclamacao-da-palavra-na-paroquia-sao-miguel\/#primaryimage"},"thumbnailUrl":"http:\/\/www.oarcanjo.net\/site\/wp-content\/uploads\/IMG_0685-300x200.jpg","datePublished":"2015-06-15T03:25:11+00:00","dateModified":"2015-06-15T03:25:11+00:00","breadcrumb":{"@id":"https:\/\/www.oarcanjo.net\/site\/formacao-para-a-proclamacao-da-palavra-na-paroquia-sao-miguel\/#breadcrumb"},"inLanguage":"pt-BR","potentialAction":[{"@type":"ReadAction","target":["https:\/\/www.oarcanjo.net\/site\/formacao-para-a-proclamacao-da-palavra-na-paroquia-sao-miguel\/"]}]},{"@type":"ImageObject","inLanguage":"pt-BR","@id":"https:\/\/www.oarcanjo.net\/site\/formacao-para-a-proclamacao-da-palavra-na-paroquia-sao-miguel\/#primaryimage","url":"https:\/\/www.oarcanjo.net\/site\/wp-content\/uploads\/IMG_0685.jpg","contentUrl":"https:\/\/www.oarcanjo.net\/site\/wp-content\/uploads\/IMG_0685.jpg","width":645,"height":430},{"@type":"BreadcrumbList","@id":"https:\/\/www.oarcanjo.net\/site\/formacao-para-a-proclamacao-da-palavra-na-paroquia-sao-miguel\/#breadcrumb","itemListElement":[{"@type":"ListItem","position":1,"name":"In\u00edcio","item":"https:\/\/www.oarcanjo.net\/site\/"},{"@type":"ListItem","position":2,"name":"Forma\u00e7\u00e3o para a Proclama\u00e7\u00e3o da Palavra na Par\u00f3quia S\u00e3o Miguel"}]},{"@type":"WebSite","@id":"https:\/\/www.oarcanjo.net\/site\/#website","url":"https:\/\/www.oarcanjo.net\/site\/","name":"O Arcanjo no ar","description":"Site da Par\u00f3quia S\u00e3o Miguel Arcanjo (Arquidiocese de SP)","publisher":{"@id":"https:\/\/www.oarcanjo.net\/site\/#organization"},"potentialAction":[{"@type":"SearchAction","target":{"@type":"EntryPoint","urlTemplate":"https:\/\/www.oarcanjo.net\/site\/?s={search_term_string}"},"query-input":{"@type":"PropertyValueSpecification","valueRequired":true,"valueName":"search_term_string"}}],"inLanguage":"pt-BR"},{"@type":"Organization","@id":"https:\/\/www.oarcanjo.net\/site\/#organization","name":"Par\u00f3quia S\u00e3o Miguel Arcanjo","url":"https:\/\/www.oarcanjo.net\/site\/","logo":{"@type":"ImageObject","inLanguage":"pt-BR","@id":"https:\/\/www.oarcanjo.net\/site\/#\/schema\/logo\/image\/","url":"https:\/\/www.oarcanjo.net\/site\/wp-content\/uploads\/LogoOArcanjo.png","contentUrl":"https:\/\/www.oarcanjo.net\/site\/wp-content\/uploads\/LogoOArcanjo.png","width":319,"height":99,"caption":"Par\u00f3quia S\u00e3o Miguel Arcanjo"},"image":{"@id":"https:\/\/www.oarcanjo.net\/site\/#\/schema\/logo\/image\/"},"sameAs":["https:\/\/www.facebook.com\/OArcanjoNoAr\/"]},{"@type":"Person","@id":"https:\/\/www.oarcanjo.net\/site\/#\/schema\/person\/f7870e710d8c8c30673de3a0ac2e451d","name":"carlos"}]}},"publishpress_future_action":{"enabled":false,"date":"2026-05-07 04:39:30","action":"category","newStatus":"draft","terms":[],"taxonomy":"category"},"publishpress_future_workflow_manual_trigger":{"enabledWorkflows":[]},"_links":{"self":[{"href":"https:\/\/www.oarcanjo.net\/site\/wp-json\/wp\/v2\/posts\/63225"}],"collection":[{"href":"https:\/\/www.oarcanjo.net\/site\/wp-json\/wp\/v2\/posts"}],"about":[{"href":"https:\/\/www.oarcanjo.net\/site\/wp-json\/wp\/v2\/types\/post"}],"author":[{"embeddable":true,"href":"https:\/\/www.oarcanjo.net\/site\/wp-json\/wp\/v2\/users\/10"}],"replies":[{"embeddable":true,"href":"https:\/\/www.oarcanjo.net\/site\/wp-json\/wp\/v2\/comments?post=63225"}],"version-history":[{"count":0,"href":"https:\/\/www.oarcanjo.net\/site\/wp-json\/wp\/v2\/posts\/63225\/revisions"}],"wp:attachment":[{"href":"https:\/\/www.oarcanjo.net\/site\/wp-json\/wp\/v2\/media?parent=63225"}],"wp:term":[{"taxonomy":"category","embeddable":true,"href":"https:\/\/www.oarcanjo.net\/site\/wp-json\/wp\/v2\/categories?post=63225"},{"taxonomy":"post_tag","embeddable":true,"href":"https:\/\/www.oarcanjo.net\/site\/wp-json\/wp\/v2\/tags?post=63225"}],"curies":[{"name":"wp","href":"https:\/\/api.w.org\/{rel}","templated":true}]}}