
{"id":63241,"date":"2015-06-18T17:06:40","date_gmt":"2015-06-18T20:06:40","guid":{"rendered":"http:\/\/www.oarcanjo.net\/site\/?p=63241"},"modified":"2015-06-18T17:55:47","modified_gmt":"2015-06-18T20:55:47","slug":"louvado-seja-papa-francisco","status":"publish","type":"post","link":"https:\/\/www.oarcanjo.net\/site\/louvado-seja-papa-francisco\/","title":{"rendered":"Louvado Seja\u201d, Papa Francisco"},"content":{"rendered":"<p><iframe loading=\"lazy\" src=\"https:\/\/www.youtube.com\/embed\/1tYdOIqvpqg?rel=0\" width=\"640\" height=\"360\" frameborder=\"0\" allowfullscreen=\"allowfullscreen\"><\/iframe><\/p>\n<p>A enc\u00edclica ecol\u00f3gica do Papa come\u00e7a na dose mais vasta e profunda que poderia ter: \u201cN\u00f3s somos terra. Todo nosso corpo \u00e9 constitu\u00eddo de elementos do planeta, seu ar \u00e9 aquele que nos d\u00e1 a respira\u00e7\u00e3o e sua \u00e1gua vivifica e restaura\u201d (Tradu\u00e7\u00e3o pessoal do texto italiano, n\u00famero 2).<\/p>\n<p>Esse \u00e9 ponto de partida exato de qualquer reflex\u00e3o sobre a vida sobre a Terra. Do ponto de vista biol\u00f3gico, somos qualquer animal, parte da terra, dependentes dela e, sem \u00e1gua, sem comida, sem ar, sem um ambiente pr\u00f3prio para a vida, morremos como todos os outros animais.<\/p>\n<p>Lembrando S\u00e3o Francisco, o Papa diz que a Terra \u00e9 \u201cm\u00e3e e irm\u00e3\u201d. Portanto, toda a comunidade da vida s\u00f3 pode ser entendida nessa irmana\u00e7\u00e3o universal.<\/p>\n<p>O Papa n\u00e3o esquece, desde o in\u00edcio da enc\u00edclica, de lembrar que a Terra est\u00e1 \u201coprimida e devastada\u201d e, retomando Paulo em Romanos 8, reafirma que ela \u201cgeme em dores de parto\u201d.<\/p>\n<p>Retoma Paulo VI no n\u00famero 5 e recorda que os avan\u00e7os t\u00e9cnicos, cient\u00edficos, se sozinhos, podem conduzir a Terra e a humanidade a uma cat\u00e1strofe, se n\u00e3o forem acompanhados de um aut\u00eantico desenvolvimento \u201csocial e moral\u201d. Portanto, retoma a quest\u00e3o \u00e9tica colada \u00e0 t\u00e9cnica.<\/p>\n<p>E prop\u00f5e como sa\u00edda a mudan\u00e7a do estilo de vida, tamb\u00e9m no modo de produ\u00e7\u00e3o e consumo. E retoma Bento XVI para reafirmar que o problema \u00e9 \u201cestrutural\u201d.<\/p>\n<p>Ainda como fundamento da reflex\u00e3o, Francisco lembra que a destrui\u00e7\u00e3o do ambiente est\u00e1 vinculada \u00e0 uma cultura de morte, que agride tamb\u00e9m o ser humano. Essa realidade a Pastoral da Terra experimenta e reflete h\u00e1 anos: \u201caqueles que destroem as florestas e rios, s\u00e3o os mesmos que mataram Chico Mende e Irm\u00e3 Dorothy\u201d.<\/p>\n<p>O Papa segue a partir da\u00ed com fatos j\u00e1 sobejamente conhecidos: consumismo, defloresta\u00e7\u00e3o, lixo, mudan\u00e7as clim\u00e1ticas e todas suas causas e efeitos, etc., fazendo do planeta um \u201clugar de imund\u00edcies\u201d (n\u00famero 24).<\/p>\n<p>Destaca a quest\u00e3o da \u00e1gua e da biodiversidade, inclusive da invis\u00edvel, fundamental para os solos, plantas e reprodu\u00e7\u00e3o da vida (n\u00famero 34).<\/p>\n<p>Francisco ainda chama a aten\u00e7\u00e3o que \u201co grito da Terra \u00e9 o grito dos pobres\u201d (49), real\u00e7ando que a quest\u00e3o \u00e9 socioambiental.<\/p>\n<p>No n\u00famero 41 o Papa toca o dedo na ferida, afirmando que a responsabilidade fundamental por essa crise vem do Norte, dos pa\u00edses desenvolvidos, que exploram os pa\u00edses do sul, inclusive transferindo para esses a produ\u00e7\u00e3o suja, que n\u00e3o querem ter em seus pr\u00f3prios territ\u00f3rios. Aquilo que chamamos de \u201cinjusti\u00e7as socioambientais\u201d.<\/p>\n<p>Na parte do \u201cjulgar\u201d \u2013 n\u00e3o est\u00e1 com esse nome, mas o documento segue a l\u00f3gica do Ver, Julgar e Agir \u2013 a \u00eanfase ser\u00e1 no texto b\u00edblico do \u201ccultivar e guardar\u201d (Gen. 2,15), no Cristo C\u00f3smico e na reden\u00e7\u00e3o da cria\u00e7\u00e3o (Rom. 8).<\/p>\n<p>No agir, assume praticamente todas as boas lutas socioambientais que fazemos \u2013 agroecol\u00f3gica, energia, transportes, preserva\u00e7\u00e3o das florestas, cidades dignas do ser humano, mecanismos globais para controle do efeito estufa, mudan\u00e7as clim\u00e1ticas, etc. -, portanto, nada de novo. Por fim, a necessidade de mudar o \u201cmodelo global de desenvolvimento\u201d(194). Essa \u00e9 a grande s\u00edntese.<\/p>\n<p>Para n\u00f3s, crist\u00e3os, aponta a necessidade de uma \u201cEspiritualidade Ecol\u00f3gica\u201d (Cap\u00edtulo Sexto, 202). Implica a mudan\u00e7a do \u201cestilo de vida\u201d, \u201cuma educa\u00e7\u00e3o para o respeito ao ambiente\u201d, que come\u00e7a nas atitudes do cotidiano e se amplia para a globalidade, enfim, a \u201cconvers\u00e3o ecol\u00f3gica\u201d (216), que \u00e9 alegre, contemplativa, cuidadora, s\u00f3bria, que gosta de arte, de m\u00fasica, celebra\u00e7\u00f5es (inclusive eucaristia), enfim, sem o consumismo crasso da sociedade contempor\u00e2nea.<\/p>\n<p>O texto conclui com uma bela ora\u00e7\u00e3o sobre a cria\u00e7\u00e3o.<\/p>\n<p>O novo desse texto para n\u00f3s, aqueles que fazemos esse caminho h\u00e1 tantas d\u00e9cadas, \u00e9 que agora nos vejamos plenamente contemplados num documento oficial do Vaticano.<\/p>\n<p>Que o documento produza os frutos semeados.<\/p>\n<p>Sem d\u00favida, sinal dos tempos.<\/p>\n<p><em>Por Roberto Malvezzi (Gog\u00f3)<\/em><\/p>\n<a href=\"http:\/\/www.oarcanjo.net\/site\/wp-content\/uploads\/papa-francesco_20150524_enciclica-laudato-si_po.pdf\" class=\"shortcode button large yellow rounded \" style=\"color: #000;\" target=\"_blank\">Enc\u00edclica Laudato Si&#8217; (PDF)<\/a>\n<div id=\"themify_builder_content-63241\" data-postid=\"63241\" class=\"themify_builder_content themify_builder_content-63241 themify_builder themify_builder_front\">\n\t<\/div>\n<!-- \/themify_builder_content -->","protected":false},"excerpt":{"rendered":"<p>Papa Francisco lan\u00e7a nova enc\u00edclica: Laudato Si&#8217;, sobre o cuidado da casa comum<\/p>\n","protected":false},"author":3,"featured_media":63243,"comment_status":"open","ping_status":"open","sticky":false,"template":"","format":"standard","meta":{"ngg_post_thumbnail":0,"footnotes":""},"categories":[3,8,280],"tags":[3188],"yoast_head":"<!-- This site is optimized with the Yoast SEO plugin v23.5 - https:\/\/yoast.com\/wordpress\/plugins\/seo\/ -->\n<title>Louvado Seja\u201d, Papa Francisco - O Arcanjo no ar<\/title>\n<meta name=\"robots\" content=\"index, follow, max-snippet:-1, max-image-preview:large, max-video-preview:-1\" \/>\n<link rel=\"canonical\" href=\"https:\/\/www.oarcanjo.net\/site\/louvado-seja-papa-francisco\/\" \/>\n<meta property=\"og:locale\" content=\"pt_BR\" \/>\n<meta property=\"og:type\" content=\"article\" \/>\n<meta property=\"og:title\" content=\"Louvado Seja\u201d, Papa Francisco - O Arcanjo no ar\" \/>\n<meta property=\"og:description\" content=\"Papa Francisco lan\u00e7a nova enc\u00edclica: Laudato Si&#039;, sobre o cuidado da casa comum\" \/>\n<meta property=\"og:url\" content=\"https:\/\/www.oarcanjo.net\/site\/louvado-seja-papa-francisco\/\" \/>\n<meta property=\"og:site_name\" content=\"O Arcanjo no ar\" \/>\n<meta property=\"article:publisher\" content=\"https:\/\/www.facebook.com\/OArcanjoNoAr\/\" \/>\n<meta property=\"article:published_time\" content=\"2015-06-18T20:06:40+00:00\" \/>\n<meta property=\"article:modified_time\" content=\"2015-06-18T20:55:47+00:00\" \/>\n<meta property=\"og:image\" content=\"https:\/\/www.oarcanjo.net\/site\/wp-content\/uploads\/banner-enciclica-louvado-seja-jun-2015.jpg\" \/>\n\t<meta property=\"og:image:width\" content=\"700\" \/>\n\t<meta property=\"og:image:height\" content=\"320\" \/>\n\t<meta property=\"og:image:type\" content=\"image\/jpeg\" \/>\n<meta name=\"author\" content=\"miriam.meyer\" \/>\n<meta name=\"twitter:card\" content=\"summary_large_image\" \/>\n<meta name=\"twitter:label1\" content=\"Escrito por\" \/>\n\t<meta name=\"twitter:data1\" content=\"miriam.meyer\" \/>\n\t<meta name=\"twitter:label2\" content=\"Est. tempo de leitura\" \/>\n\t<meta name=\"twitter:data2\" content=\"4 minutos\" \/>\n<script type=\"application\/ld+json\" class=\"yoast-schema-graph\">{\"@context\":\"https:\/\/schema.org\",\"@graph\":[{\"@type\":\"Article\",\"@id\":\"https:\/\/www.oarcanjo.net\/site\/louvado-seja-papa-francisco\/#article\",\"isPartOf\":{\"@id\":\"https:\/\/www.oarcanjo.net\/site\/louvado-seja-papa-francisco\/\"},\"author\":{\"name\":\"miriam.meyer\",\"@id\":\"https:\/\/www.oarcanjo.net\/site\/#\/schema\/person\/ce0fba3450314a09c6442cfee983a3d8\"},\"headline\":\"Louvado Seja\u201d, Papa Francisco\",\"datePublished\":\"2015-06-18T20:06:40+00:00\",\"dateModified\":\"2015-06-18T20:55:47+00:00\",\"mainEntityOfPage\":{\"@id\":\"https:\/\/www.oarcanjo.net\/site\/louvado-seja-papa-francisco\/\"},\"wordCount\":714,\"commentCount\":0,\"publisher\":{\"@id\":\"https:\/\/www.oarcanjo.net\/site\/#organization\"},\"image\":{\"@id\":\"https:\/\/www.oarcanjo.net\/site\/louvado-seja-papa-francisco\/#primaryimage\"},\"thumbnailUrl\":\"https:\/\/www.oarcanjo.net\/site\/wp-content\/uploads\/banner-enciclica-louvado-seja-jun-2015.jpg\",\"keywords\":[\"N\u00f3s somos terra\"],\"articleSection\":[\"Destaques\",\"Not\u00edcias\",\"V\u00eddeos\"],\"inLanguage\":\"pt-BR\",\"potentialAction\":[{\"@type\":\"CommentAction\",\"name\":\"Comment\",\"target\":[\"https:\/\/www.oarcanjo.net\/site\/louvado-seja-papa-francisco\/#respond\"]}]},{\"@type\":\"WebPage\",\"@id\":\"https:\/\/www.oarcanjo.net\/site\/louvado-seja-papa-francisco\/\",\"url\":\"https:\/\/www.oarcanjo.net\/site\/louvado-seja-papa-francisco\/\",\"name\":\"Louvado Seja\u201d, Papa Francisco - O Arcanjo no ar\",\"isPartOf\":{\"@id\":\"https:\/\/www.oarcanjo.net\/site\/#website\"},\"primaryImageOfPage\":{\"@id\":\"https:\/\/www.oarcanjo.net\/site\/louvado-seja-papa-francisco\/#primaryimage\"},\"image\":{\"@id\":\"https:\/\/www.oarcanjo.net\/site\/louvado-seja-papa-francisco\/#primaryimage\"},\"thumbnailUrl\":\"https:\/\/www.oarcanjo.net\/site\/wp-content\/uploads\/banner-enciclica-louvado-seja-jun-2015.jpg\",\"datePublished\":\"2015-06-18T20:06:40+00:00\",\"dateModified\":\"2015-06-18T20:55:47+00:00\",\"breadcrumb\":{\"@id\":\"https:\/\/www.oarcanjo.net\/site\/louvado-seja-papa-francisco\/#breadcrumb\"},\"inLanguage\":\"pt-BR\",\"potentialAction\":[{\"@type\":\"ReadAction\",\"target\":[\"https:\/\/www.oarcanjo.net\/site\/louvado-seja-papa-francisco\/\"]}]},{\"@type\":\"ImageObject\",\"inLanguage\":\"pt-BR\",\"@id\":\"https:\/\/www.oarcanjo.net\/site\/louvado-seja-papa-francisco\/#primaryimage\",\"url\":\"https:\/\/www.oarcanjo.net\/site\/wp-content\/uploads\/banner-enciclica-louvado-seja-jun-2015.jpg\",\"contentUrl\":\"https:\/\/www.oarcanjo.net\/site\/wp-content\/uploads\/banner-enciclica-louvado-seja-jun-2015.jpg\",\"width\":700,\"height\":320},{\"@type\":\"BreadcrumbList\",\"@id\":\"https:\/\/www.oarcanjo.net\/site\/louvado-seja-papa-francisco\/#breadcrumb\",\"itemListElement\":[{\"@type\":\"ListItem\",\"position\":1,\"name\":\"In\u00edcio\",\"item\":\"https:\/\/www.oarcanjo.net\/site\/\"},{\"@type\":\"ListItem\",\"position\":2,\"name\":\"Louvado Seja\u201d, Papa Francisco\"}]},{\"@type\":\"WebSite\",\"@id\":\"https:\/\/www.oarcanjo.net\/site\/#website\",\"url\":\"https:\/\/www.oarcanjo.net\/site\/\",\"name\":\"O Arcanjo no ar\",\"description\":\"Site da Par\u00f3quia S\u00e3o Miguel Arcanjo (Arquidiocese de SP)\",\"publisher\":{\"@id\":\"https:\/\/www.oarcanjo.net\/site\/#organization\"},\"potentialAction\":[{\"@type\":\"SearchAction\",\"target\":{\"@type\":\"EntryPoint\",\"urlTemplate\":\"https:\/\/www.oarcanjo.net\/site\/?s={search_term_string}\"},\"query-input\":{\"@type\":\"PropertyValueSpecification\",\"valueRequired\":true,\"valueName\":\"search_term_string\"}}],\"inLanguage\":\"pt-BR\"},{\"@type\":\"Organization\",\"@id\":\"https:\/\/www.oarcanjo.net\/site\/#organization\",\"name\":\"Par\u00f3quia S\u00e3o Miguel Arcanjo\",\"url\":\"https:\/\/www.oarcanjo.net\/site\/\",\"logo\":{\"@type\":\"ImageObject\",\"inLanguage\":\"pt-BR\",\"@id\":\"https:\/\/www.oarcanjo.net\/site\/#\/schema\/logo\/image\/\",\"url\":\"https:\/\/www.oarcanjo.net\/site\/wp-content\/uploads\/LogoOArcanjo.png\",\"contentUrl\":\"https:\/\/www.oarcanjo.net\/site\/wp-content\/uploads\/LogoOArcanjo.png\",\"width\":319,\"height\":99,\"caption\":\"Par\u00f3quia S\u00e3o Miguel Arcanjo\"},\"image\":{\"@id\":\"https:\/\/www.oarcanjo.net\/site\/#\/schema\/logo\/image\/\"},\"sameAs\":[\"https:\/\/www.facebook.com\/OArcanjoNoAr\/\"]},{\"@type\":\"Person\",\"@id\":\"https:\/\/www.oarcanjo.net\/site\/#\/schema\/person\/ce0fba3450314a09c6442cfee983a3d8\",\"name\":\"miriam.meyer\"}]}<\/script>\n<!-- \/ Yoast SEO plugin. -->","yoast_head_json":{"title":"Louvado Seja\u201d, Papa Francisco - O Arcanjo no ar","robots":{"index":"index","follow":"follow","max-snippet":"max-snippet:-1","max-image-preview":"max-image-preview:large","max-video-preview":"max-video-preview:-1"},"canonical":"https:\/\/www.oarcanjo.net\/site\/louvado-seja-papa-francisco\/","og_locale":"pt_BR","og_type":"article","og_title":"Louvado Seja\u201d, Papa Francisco - O Arcanjo no ar","og_description":"Papa Francisco lan\u00e7a nova enc\u00edclica: Laudato Si', sobre o cuidado da casa comum","og_url":"https:\/\/www.oarcanjo.net\/site\/louvado-seja-papa-francisco\/","og_site_name":"O Arcanjo no ar","article_publisher":"https:\/\/www.facebook.com\/OArcanjoNoAr\/","article_published_time":"2015-06-18T20:06:40+00:00","article_modified_time":"2015-06-18T20:55:47+00:00","og_image":[{"width":700,"height":320,"url":"https:\/\/www.oarcanjo.net\/site\/wp-content\/uploads\/banner-enciclica-louvado-seja-jun-2015.jpg","type":"image\/jpeg"}],"author":"miriam.meyer","twitter_card":"summary_large_image","twitter_misc":{"Escrito por":"miriam.meyer","Est. tempo de leitura":"4 minutos"},"schema":{"@context":"https:\/\/schema.org","@graph":[{"@type":"Article","@id":"https:\/\/www.oarcanjo.net\/site\/louvado-seja-papa-francisco\/#article","isPartOf":{"@id":"https:\/\/www.oarcanjo.net\/site\/louvado-seja-papa-francisco\/"},"author":{"name":"miriam.meyer","@id":"https:\/\/www.oarcanjo.net\/site\/#\/schema\/person\/ce0fba3450314a09c6442cfee983a3d8"},"headline":"Louvado Seja\u201d, Papa Francisco","datePublished":"2015-06-18T20:06:40+00:00","dateModified":"2015-06-18T20:55:47+00:00","mainEntityOfPage":{"@id":"https:\/\/www.oarcanjo.net\/site\/louvado-seja-papa-francisco\/"},"wordCount":714,"commentCount":0,"publisher":{"@id":"https:\/\/www.oarcanjo.net\/site\/#organization"},"image":{"@id":"https:\/\/www.oarcanjo.net\/site\/louvado-seja-papa-francisco\/#primaryimage"},"thumbnailUrl":"https:\/\/www.oarcanjo.net\/site\/wp-content\/uploads\/banner-enciclica-louvado-seja-jun-2015.jpg","keywords":["N\u00f3s somos terra"],"articleSection":["Destaques","Not\u00edcias","V\u00eddeos"],"inLanguage":"pt-BR","potentialAction":[{"@type":"CommentAction","name":"Comment","target":["https:\/\/www.oarcanjo.net\/site\/louvado-seja-papa-francisco\/#respond"]}]},{"@type":"WebPage","@id":"https:\/\/www.oarcanjo.net\/site\/louvado-seja-papa-francisco\/","url":"https:\/\/www.oarcanjo.net\/site\/louvado-seja-papa-francisco\/","name":"Louvado Seja\u201d, Papa Francisco - O Arcanjo no ar","isPartOf":{"@id":"https:\/\/www.oarcanjo.net\/site\/#website"},"primaryImageOfPage":{"@id":"https:\/\/www.oarcanjo.net\/site\/louvado-seja-papa-francisco\/#primaryimage"},"image":{"@id":"https:\/\/www.oarcanjo.net\/site\/louvado-seja-papa-francisco\/#primaryimage"},"thumbnailUrl":"https:\/\/www.oarcanjo.net\/site\/wp-content\/uploads\/banner-enciclica-louvado-seja-jun-2015.jpg","datePublished":"2015-06-18T20:06:40+00:00","dateModified":"2015-06-18T20:55:47+00:00","breadcrumb":{"@id":"https:\/\/www.oarcanjo.net\/site\/louvado-seja-papa-francisco\/#breadcrumb"},"inLanguage":"pt-BR","potentialAction":[{"@type":"ReadAction","target":["https:\/\/www.oarcanjo.net\/site\/louvado-seja-papa-francisco\/"]}]},{"@type":"ImageObject","inLanguage":"pt-BR","@id":"https:\/\/www.oarcanjo.net\/site\/louvado-seja-papa-francisco\/#primaryimage","url":"https:\/\/www.oarcanjo.net\/site\/wp-content\/uploads\/banner-enciclica-louvado-seja-jun-2015.jpg","contentUrl":"https:\/\/www.oarcanjo.net\/site\/wp-content\/uploads\/banner-enciclica-louvado-seja-jun-2015.jpg","width":700,"height":320},{"@type":"BreadcrumbList","@id":"https:\/\/www.oarcanjo.net\/site\/louvado-seja-papa-francisco\/#breadcrumb","itemListElement":[{"@type":"ListItem","position":1,"name":"In\u00edcio","item":"https:\/\/www.oarcanjo.net\/site\/"},{"@type":"ListItem","position":2,"name":"Louvado Seja\u201d, Papa Francisco"}]},{"@type":"WebSite","@id":"https:\/\/www.oarcanjo.net\/site\/#website","url":"https:\/\/www.oarcanjo.net\/site\/","name":"O Arcanjo no ar","description":"Site da Par\u00f3quia S\u00e3o Miguel Arcanjo (Arquidiocese de SP)","publisher":{"@id":"https:\/\/www.oarcanjo.net\/site\/#organization"},"potentialAction":[{"@type":"SearchAction","target":{"@type":"EntryPoint","urlTemplate":"https:\/\/www.oarcanjo.net\/site\/?s={search_term_string}"},"query-input":{"@type":"PropertyValueSpecification","valueRequired":true,"valueName":"search_term_string"}}],"inLanguage":"pt-BR"},{"@type":"Organization","@id":"https:\/\/www.oarcanjo.net\/site\/#organization","name":"Par\u00f3quia S\u00e3o Miguel Arcanjo","url":"https:\/\/www.oarcanjo.net\/site\/","logo":{"@type":"ImageObject","inLanguage":"pt-BR","@id":"https:\/\/www.oarcanjo.net\/site\/#\/schema\/logo\/image\/","url":"https:\/\/www.oarcanjo.net\/site\/wp-content\/uploads\/LogoOArcanjo.png","contentUrl":"https:\/\/www.oarcanjo.net\/site\/wp-content\/uploads\/LogoOArcanjo.png","width":319,"height":99,"caption":"Par\u00f3quia S\u00e3o Miguel Arcanjo"},"image":{"@id":"https:\/\/www.oarcanjo.net\/site\/#\/schema\/logo\/image\/"},"sameAs":["https:\/\/www.facebook.com\/OArcanjoNoAr\/"]},{"@type":"Person","@id":"https:\/\/www.oarcanjo.net\/site\/#\/schema\/person\/ce0fba3450314a09c6442cfee983a3d8","name":"miriam.meyer"}]}},"publishpress_future_action":{"enabled":false,"date":"2026-05-07 06:48:36","action":"category","newStatus":"draft","terms":[],"taxonomy":"category"},"publishpress_future_workflow_manual_trigger":{"enabledWorkflows":[]},"_links":{"self":[{"href":"https:\/\/www.oarcanjo.net\/site\/wp-json\/wp\/v2\/posts\/63241"}],"collection":[{"href":"https:\/\/www.oarcanjo.net\/site\/wp-json\/wp\/v2\/posts"}],"about":[{"href":"https:\/\/www.oarcanjo.net\/site\/wp-json\/wp\/v2\/types\/post"}],"author":[{"embeddable":true,"href":"https:\/\/www.oarcanjo.net\/site\/wp-json\/wp\/v2\/users\/3"}],"replies":[{"embeddable":true,"href":"https:\/\/www.oarcanjo.net\/site\/wp-json\/wp\/v2\/comments?post=63241"}],"version-history":[{"count":0,"href":"https:\/\/www.oarcanjo.net\/site\/wp-json\/wp\/v2\/posts\/63241\/revisions"}],"wp:featuredmedia":[{"embeddable":true,"href":"https:\/\/www.oarcanjo.net\/site\/wp-json\/wp\/v2\/media\/63243"}],"wp:attachment":[{"href":"https:\/\/www.oarcanjo.net\/site\/wp-json\/wp\/v2\/media?parent=63241"}],"wp:term":[{"taxonomy":"category","embeddable":true,"href":"https:\/\/www.oarcanjo.net\/site\/wp-json\/wp\/v2\/categories?post=63241"},{"taxonomy":"post_tag","embeddable":true,"href":"https:\/\/www.oarcanjo.net\/site\/wp-json\/wp\/v2\/tags?post=63241"}],"curies":[{"name":"wp","href":"https:\/\/api.w.org\/{rel}","templated":true}]}}