
{"id":6327,"date":"2017-12-04T00:04:10","date_gmt":"2017-12-04T02:04:10","guid":{"rendered":"http:\/\/www.oarcanjo.net\/site\/?p=6327"},"modified":"2017-08-11T15:04:01","modified_gmt":"2017-08-11T18:04:01","slug":"sao-joao-damasceno","status":"publish","type":"post","link":"https:\/\/www.oarcanjo.net\/site\/sao-joao-damasceno\/","title":{"rendered":"S\u00e3o Jo\u00e3o Damasceno"},"content":{"rendered":"<p><img loading=\"lazy\" decoding=\"async\" class=\"aligncenter size-thumbnail wp-image-6328\" src=\"http:\/\/www.oarcanjo.net\/site\/wp-content\/uploads\/s_joao_damasceno11-150x150.jpg\" alt=\"s_joao_damasceno1[1]\" width=\"150\" height=\"150\" \/>4 de Dezembro<\/p>\n<p>Sacerdote e Doutor da Igreja<\/p>\n<p>Jo\u00e3o Damasceno \u00e9 considerado o \u00faltimo dos santos Padres orientais da Igreja, antes que o Oriente se separasse definitivamente de Roma, no ano 1054. Uma das grandes figuras do cristianismo, n\u00e3o s\u00f3 da \u00e9poca em que viveu, mas de todos os tempos, especialmente pela obra teol\u00f3gica que nos legou.<\/p>\n<p>Seu nome de batismo era Jo\u00e3o Mansur. Nasceu no seio de uma fam\u00edlia \u00e1rabe crist\u00e3 no ano 675, em Damasco, na S\u00edria. Veio da\u00ed seu apelido &#8220;Damasceno&#8221; ou &#8220;de Damasco&#8221;. Nessa \u00e9poca a cidade j\u00e1 estava dominada pelos \u00e1rabes mu\u00e7ulmanos, que acabavam de conquistar, tamb\u00e9m, a Palestina. No in\u00edcio da ocupa\u00e7\u00e3o, ainda se permitia alguma liberdade de culto e organiza\u00e7\u00e3o dos crist\u00e3os, dessa forma o conv\u00edvio entre as duas religi\u00f5es era at\u00e9 poss\u00edvel. A fam\u00edlia dos Mansur ocupava altos postos no governo da cidade, sob a administra\u00e7\u00e3o do califa mu\u00e7ulmano, esp\u00e9cie de prefeito \u00e1rabe.<\/p>\n<p>Dessa maneira, na juventude, Jo\u00e3o, culto e brilhante, se tornou amigo do califa, que depois o nomeou seu conselheiro, com o t\u00edtulo de gr\u00e3o-visir de Damasco. Mas como era, ao mesmo tempo, um crist\u00e3o reto e intransigente com a verdadeira doutrina, logo preferiu se retirar na Palestina. Foi ordenado sacerdote e ingressou na comunidade religiosa de S\u00e3o Sabas, e desde ent\u00e3o viveu na penit\u00eancia, na solid\u00e3o, no estudo das Sagradas Escrituras, dedicado \u00e0 atividade liter\u00e1ria e \u00e0 prega\u00e7\u00e3o.<\/p>\n<p>Sa\u00eda do convento apenas para pregar na igreja do Santo Sepulcro, para defender o rigor da doutrina. Suas homilias, depois, eram escritas e distribu\u00eddas para as mais diversas dioceses, o que o fez respeitado no meio do clero e do povo. Tamb\u00e9m a convite de Jo\u00e3o V, bispo de Jerusal\u00e9m, participou, ao seu lado, no Conc\u00edlio ecum\u00eanico de Nic\u00e9ia, defendendo a posi\u00e7\u00e3o da Igreja contra os hereges iconoclastas. O valor que passou para a Igreja foi atrav\u00e9s da santidade de vida, da humildade e da caridade, que fazia com que o povo j\u00e1 o venerasse como santo ainda em vida. Al\u00e9m disso, por sua obra escrita, sintetizando os cinco primeiros s\u00e9culos de tentativas e esfor\u00e7os de sedimenta\u00e7\u00e3o do cristianismo.<\/p>\n<p>Suas obras mais importantes s\u00e3o &#8220;A fonte da ci\u00eancia&#8221;, &#8220;A f\u00e9 ortodoxa&#8221;, &#8220;Sacra paralela&#8221; e &#8220;Ora\u00e7\u00f5es sobre as imagens sagradas&#8221;, onde defende o culto das imagens nas igrejas, contra o conceito dos iconoclastas. Por causa desse livro, Jo\u00e3o Damasceno foi muito perseguido e at\u00e9 preso pelos hereges. At\u00e9 mesmo o califa foi induzido a acreditar que Jo\u00e3o Damasceno conspirava, junto com os crist\u00e3os, contra ele. Mandou prend\u00ea-lo a aplicar-lhe a lei mu\u00e7ulmana: sua m\u00e3o direita foi decepada, para que n\u00e3o escrevesse mais.<\/p>\n<p>Mas pela f\u00e9 e devo\u00e7\u00e3o que dedicava \u00e0 Virgem Maria tanto rezou que a M\u00e3e recolocou a m\u00e3o no lugar e ele ficou curado. E foram in\u00fameras ora\u00e7\u00f5es, hinos, poesias e homilias que dedicou, especialmente, a Nossa Senhora. Atrav\u00e9s de sua obra teol\u00f3gica foi ele quem deu in\u00edcio \u00e0 teologia mariana. Morreu no ano 749, segundo a tradi\u00e7\u00e3o, no Mosteiro de S\u00e3o Sabas. T\u00e3o importante foi sua contribui\u00e7\u00e3o para a Igreja que o papa Le\u00e3o XIII o proclamou doutor da Igreja e os cr\u00edticos e te\u00f3logos o declararam &#8220;s\u00e3o Tom\u00e1s do Oriente&#8221;.<\/p>\n<div id=\"themify_builder_content-6327\" data-postid=\"6327\" class=\"themify_builder_content themify_builder_content-6327 themify_builder themify_builder_front\">\n\t<\/div>\n<!-- \/themify_builder_content -->","protected":false},"excerpt":{"rendered":"<p>4 de Dezembro Sacerdote e Doutor da Igreja Jo\u00e3o Damasceno \u00e9 considerado o \u00faltimo dos santos Padres orientais da Igreja, antes que o Oriente se separasse definitivamente de Roma, no ano 1054. Uma das grandes figuras do cristianismo, n\u00e3o s\u00f3 da \u00e9poca em que viveu, mas de todos os tempos, especialmente pela obra teol\u00f3gica que [&hellip;]<\/p>\n","protected":false},"author":14,"featured_media":0,"comment_status":"open","ping_status":"open","sticky":false,"template":"","format":"standard","meta":{"ngg_post_thumbnail":0,"footnotes":""},"categories":[186],"tags":[],"yoast_head":"<!-- This site is optimized with the Yoast SEO plugin v23.5 - https:\/\/yoast.com\/wordpress\/plugins\/seo\/ -->\n<title>S\u00e3o Jo\u00e3o Damasceno - O Arcanjo no ar<\/title>\n<meta name=\"robots\" content=\"index, follow, max-snippet:-1, max-image-preview:large, max-video-preview:-1\" \/>\n<link rel=\"canonical\" href=\"https:\/\/www.oarcanjo.net\/site\/sao-joao-damasceno\/\" \/>\n<meta property=\"og:locale\" content=\"pt_BR\" \/>\n<meta property=\"og:type\" content=\"article\" \/>\n<meta property=\"og:title\" content=\"S\u00e3o Jo\u00e3o Damasceno - O Arcanjo no ar\" \/>\n<meta property=\"og:description\" content=\"4 de Dezembro Sacerdote e Doutor da Igreja Jo\u00e3o Damasceno \u00e9 considerado o \u00faltimo dos santos Padres orientais da Igreja, antes que o Oriente se separasse definitivamente de Roma, no ano 1054. Uma das grandes figuras do cristianismo, n\u00e3o s\u00f3 da \u00e9poca em que viveu, mas de todos os tempos, especialmente pela obra teol\u00f3gica que [&hellip;]\" \/>\n<meta property=\"og:url\" content=\"https:\/\/www.oarcanjo.net\/site\/sao-joao-damasceno\/\" \/>\n<meta property=\"og:site_name\" content=\"O Arcanjo no ar\" \/>\n<meta property=\"article:publisher\" content=\"https:\/\/www.facebook.com\/OArcanjoNoAr\/\" \/>\n<meta property=\"article:published_time\" content=\"2017-12-04T02:04:10+00:00\" \/>\n<meta property=\"article:modified_time\" content=\"2017-08-11T18:04:01+00:00\" \/>\n<meta property=\"og:image\" content=\"http:\/\/www.oarcanjo.net\/site\/wp-content\/uploads\/s_joao_damasceno11-150x150.jpg\" \/>\n<meta name=\"author\" content=\"danilo\" \/>\n<meta name=\"twitter:card\" content=\"summary_large_image\" \/>\n<meta name=\"twitter:label1\" content=\"Escrito por\" \/>\n\t<meta name=\"twitter:data1\" content=\"danilo\" \/>\n\t<meta name=\"twitter:label2\" content=\"Est. tempo de leitura\" \/>\n\t<meta name=\"twitter:data2\" content=\"3 minutos\" \/>\n<script type=\"application\/ld+json\" class=\"yoast-schema-graph\">{\"@context\":\"https:\/\/schema.org\",\"@graph\":[{\"@type\":\"Article\",\"@id\":\"https:\/\/www.oarcanjo.net\/site\/sao-joao-damasceno\/#article\",\"isPartOf\":{\"@id\":\"https:\/\/www.oarcanjo.net\/site\/sao-joao-damasceno\/\"},\"author\":{\"name\":\"danilo\",\"@id\":\"https:\/\/www.oarcanjo.net\/site\/#\/schema\/person\/5eb9480bedd2f3c97e430ce128c29c6c\"},\"headline\":\"S\u00e3o Jo\u00e3o Damasceno\",\"datePublished\":\"2017-12-04T02:04:10+00:00\",\"dateModified\":\"2017-08-11T18:04:01+00:00\",\"mainEntityOfPage\":{\"@id\":\"https:\/\/www.oarcanjo.net\/site\/sao-joao-damasceno\/\"},\"wordCount\":588,\"commentCount\":0,\"publisher\":{\"@id\":\"https:\/\/www.oarcanjo.net\/site\/#organization\"},\"image\":{\"@id\":\"https:\/\/www.oarcanjo.net\/site\/sao-joao-damasceno\/#primaryimage\"},\"thumbnailUrl\":\"http:\/\/www.oarcanjo.net\/site\/wp-content\/uploads\/s_joao_damasceno11-150x150.jpg\",\"articleSection\":[\"Testemunhos\"],\"inLanguage\":\"pt-BR\",\"potentialAction\":[{\"@type\":\"CommentAction\",\"name\":\"Comment\",\"target\":[\"https:\/\/www.oarcanjo.net\/site\/sao-joao-damasceno\/#respond\"]}]},{\"@type\":\"WebPage\",\"@id\":\"https:\/\/www.oarcanjo.net\/site\/sao-joao-damasceno\/\",\"url\":\"https:\/\/www.oarcanjo.net\/site\/sao-joao-damasceno\/\",\"name\":\"S\u00e3o Jo\u00e3o Damasceno - O Arcanjo no ar\",\"isPartOf\":{\"@id\":\"https:\/\/www.oarcanjo.net\/site\/#website\"},\"primaryImageOfPage\":{\"@id\":\"https:\/\/www.oarcanjo.net\/site\/sao-joao-damasceno\/#primaryimage\"},\"image\":{\"@id\":\"https:\/\/www.oarcanjo.net\/site\/sao-joao-damasceno\/#primaryimage\"},\"thumbnailUrl\":\"http:\/\/www.oarcanjo.net\/site\/wp-content\/uploads\/s_joao_damasceno11-150x150.jpg\",\"datePublished\":\"2017-12-04T02:04:10+00:00\",\"dateModified\":\"2017-08-11T18:04:01+00:00\",\"breadcrumb\":{\"@id\":\"https:\/\/www.oarcanjo.net\/site\/sao-joao-damasceno\/#breadcrumb\"},\"inLanguage\":\"pt-BR\",\"potentialAction\":[{\"@type\":\"ReadAction\",\"target\":[\"https:\/\/www.oarcanjo.net\/site\/sao-joao-damasceno\/\"]}]},{\"@type\":\"ImageObject\",\"inLanguage\":\"pt-BR\",\"@id\":\"https:\/\/www.oarcanjo.net\/site\/sao-joao-damasceno\/#primaryimage\",\"url\":\"https:\/\/www.oarcanjo.net\/site\/wp-content\/uploads\/s_joao_damasceno11.jpg\",\"contentUrl\":\"https:\/\/www.oarcanjo.net\/site\/wp-content\/uploads\/s_joao_damasceno11.jpg\",\"width\":\"288\",\"height\":\"400\"},{\"@type\":\"BreadcrumbList\",\"@id\":\"https:\/\/www.oarcanjo.net\/site\/sao-joao-damasceno\/#breadcrumb\",\"itemListElement\":[{\"@type\":\"ListItem\",\"position\":1,\"name\":\"In\u00edcio\",\"item\":\"https:\/\/www.oarcanjo.net\/site\/\"},{\"@type\":\"ListItem\",\"position\":2,\"name\":\"S\u00e3o Jo\u00e3o Damasceno\"}]},{\"@type\":\"WebSite\",\"@id\":\"https:\/\/www.oarcanjo.net\/site\/#website\",\"url\":\"https:\/\/www.oarcanjo.net\/site\/\",\"name\":\"O Arcanjo no ar\",\"description\":\"Site da Par\u00f3quia S\u00e3o Miguel Arcanjo (Arquidiocese de SP)\",\"publisher\":{\"@id\":\"https:\/\/www.oarcanjo.net\/site\/#organization\"},\"potentialAction\":[{\"@type\":\"SearchAction\",\"target\":{\"@type\":\"EntryPoint\",\"urlTemplate\":\"https:\/\/www.oarcanjo.net\/site\/?s={search_term_string}\"},\"query-input\":{\"@type\":\"PropertyValueSpecification\",\"valueRequired\":true,\"valueName\":\"search_term_string\"}}],\"inLanguage\":\"pt-BR\"},{\"@type\":\"Organization\",\"@id\":\"https:\/\/www.oarcanjo.net\/site\/#organization\",\"name\":\"Par\u00f3quia S\u00e3o Miguel Arcanjo\",\"url\":\"https:\/\/www.oarcanjo.net\/site\/\",\"logo\":{\"@type\":\"ImageObject\",\"inLanguage\":\"pt-BR\",\"@id\":\"https:\/\/www.oarcanjo.net\/site\/#\/schema\/logo\/image\/\",\"url\":\"https:\/\/www.oarcanjo.net\/site\/wp-content\/uploads\/LogoOArcanjo.png\",\"contentUrl\":\"https:\/\/www.oarcanjo.net\/site\/wp-content\/uploads\/LogoOArcanjo.png\",\"width\":319,\"height\":99,\"caption\":\"Par\u00f3quia S\u00e3o Miguel Arcanjo\"},\"image\":{\"@id\":\"https:\/\/www.oarcanjo.net\/site\/#\/schema\/logo\/image\/\"},\"sameAs\":[\"https:\/\/www.facebook.com\/OArcanjoNoAr\/\"]},{\"@type\":\"Person\",\"@id\":\"https:\/\/www.oarcanjo.net\/site\/#\/schema\/person\/5eb9480bedd2f3c97e430ce128c29c6c\",\"name\":\"danilo\"}]}<\/script>\n<!-- \/ Yoast SEO plugin. -->","yoast_head_json":{"title":"S\u00e3o Jo\u00e3o Damasceno - O Arcanjo no ar","robots":{"index":"index","follow":"follow","max-snippet":"max-snippet:-1","max-image-preview":"max-image-preview:large","max-video-preview":"max-video-preview:-1"},"canonical":"https:\/\/www.oarcanjo.net\/site\/sao-joao-damasceno\/","og_locale":"pt_BR","og_type":"article","og_title":"S\u00e3o Jo\u00e3o Damasceno - O Arcanjo no ar","og_description":"4 de Dezembro Sacerdote e Doutor da Igreja Jo\u00e3o Damasceno \u00e9 considerado o \u00faltimo dos santos Padres orientais da Igreja, antes que o Oriente se separasse definitivamente de Roma, no ano 1054. Uma das grandes figuras do cristianismo, n\u00e3o s\u00f3 da \u00e9poca em que viveu, mas de todos os tempos, especialmente pela obra teol\u00f3gica que [&hellip;]","og_url":"https:\/\/www.oarcanjo.net\/site\/sao-joao-damasceno\/","og_site_name":"O Arcanjo no ar","article_publisher":"https:\/\/www.facebook.com\/OArcanjoNoAr\/","article_published_time":"2017-12-04T02:04:10+00:00","article_modified_time":"2017-08-11T18:04:01+00:00","og_image":[{"url":"http:\/\/www.oarcanjo.net\/site\/wp-content\/uploads\/s_joao_damasceno11-150x150.jpg"}],"author":"danilo","twitter_card":"summary_large_image","twitter_misc":{"Escrito por":"danilo","Est. tempo de leitura":"3 minutos"},"schema":{"@context":"https:\/\/schema.org","@graph":[{"@type":"Article","@id":"https:\/\/www.oarcanjo.net\/site\/sao-joao-damasceno\/#article","isPartOf":{"@id":"https:\/\/www.oarcanjo.net\/site\/sao-joao-damasceno\/"},"author":{"name":"danilo","@id":"https:\/\/www.oarcanjo.net\/site\/#\/schema\/person\/5eb9480bedd2f3c97e430ce128c29c6c"},"headline":"S\u00e3o Jo\u00e3o Damasceno","datePublished":"2017-12-04T02:04:10+00:00","dateModified":"2017-08-11T18:04:01+00:00","mainEntityOfPage":{"@id":"https:\/\/www.oarcanjo.net\/site\/sao-joao-damasceno\/"},"wordCount":588,"commentCount":0,"publisher":{"@id":"https:\/\/www.oarcanjo.net\/site\/#organization"},"image":{"@id":"https:\/\/www.oarcanjo.net\/site\/sao-joao-damasceno\/#primaryimage"},"thumbnailUrl":"http:\/\/www.oarcanjo.net\/site\/wp-content\/uploads\/s_joao_damasceno11-150x150.jpg","articleSection":["Testemunhos"],"inLanguage":"pt-BR","potentialAction":[{"@type":"CommentAction","name":"Comment","target":["https:\/\/www.oarcanjo.net\/site\/sao-joao-damasceno\/#respond"]}]},{"@type":"WebPage","@id":"https:\/\/www.oarcanjo.net\/site\/sao-joao-damasceno\/","url":"https:\/\/www.oarcanjo.net\/site\/sao-joao-damasceno\/","name":"S\u00e3o Jo\u00e3o Damasceno - O Arcanjo no ar","isPartOf":{"@id":"https:\/\/www.oarcanjo.net\/site\/#website"},"primaryImageOfPage":{"@id":"https:\/\/www.oarcanjo.net\/site\/sao-joao-damasceno\/#primaryimage"},"image":{"@id":"https:\/\/www.oarcanjo.net\/site\/sao-joao-damasceno\/#primaryimage"},"thumbnailUrl":"http:\/\/www.oarcanjo.net\/site\/wp-content\/uploads\/s_joao_damasceno11-150x150.jpg","datePublished":"2017-12-04T02:04:10+00:00","dateModified":"2017-08-11T18:04:01+00:00","breadcrumb":{"@id":"https:\/\/www.oarcanjo.net\/site\/sao-joao-damasceno\/#breadcrumb"},"inLanguage":"pt-BR","potentialAction":[{"@type":"ReadAction","target":["https:\/\/www.oarcanjo.net\/site\/sao-joao-damasceno\/"]}]},{"@type":"ImageObject","inLanguage":"pt-BR","@id":"https:\/\/www.oarcanjo.net\/site\/sao-joao-damasceno\/#primaryimage","url":"https:\/\/www.oarcanjo.net\/site\/wp-content\/uploads\/s_joao_damasceno11.jpg","contentUrl":"https:\/\/www.oarcanjo.net\/site\/wp-content\/uploads\/s_joao_damasceno11.jpg","width":"288","height":"400"},{"@type":"BreadcrumbList","@id":"https:\/\/www.oarcanjo.net\/site\/sao-joao-damasceno\/#breadcrumb","itemListElement":[{"@type":"ListItem","position":1,"name":"In\u00edcio","item":"https:\/\/www.oarcanjo.net\/site\/"},{"@type":"ListItem","position":2,"name":"S\u00e3o Jo\u00e3o Damasceno"}]},{"@type":"WebSite","@id":"https:\/\/www.oarcanjo.net\/site\/#website","url":"https:\/\/www.oarcanjo.net\/site\/","name":"O Arcanjo no ar","description":"Site da Par\u00f3quia S\u00e3o Miguel Arcanjo (Arquidiocese de SP)","publisher":{"@id":"https:\/\/www.oarcanjo.net\/site\/#organization"},"potentialAction":[{"@type":"SearchAction","target":{"@type":"EntryPoint","urlTemplate":"https:\/\/www.oarcanjo.net\/site\/?s={search_term_string}"},"query-input":{"@type":"PropertyValueSpecification","valueRequired":true,"valueName":"search_term_string"}}],"inLanguage":"pt-BR"},{"@type":"Organization","@id":"https:\/\/www.oarcanjo.net\/site\/#organization","name":"Par\u00f3quia S\u00e3o Miguel Arcanjo","url":"https:\/\/www.oarcanjo.net\/site\/","logo":{"@type":"ImageObject","inLanguage":"pt-BR","@id":"https:\/\/www.oarcanjo.net\/site\/#\/schema\/logo\/image\/","url":"https:\/\/www.oarcanjo.net\/site\/wp-content\/uploads\/LogoOArcanjo.png","contentUrl":"https:\/\/www.oarcanjo.net\/site\/wp-content\/uploads\/LogoOArcanjo.png","width":319,"height":99,"caption":"Par\u00f3quia S\u00e3o Miguel Arcanjo"},"image":{"@id":"https:\/\/www.oarcanjo.net\/site\/#\/schema\/logo\/image\/"},"sameAs":["https:\/\/www.facebook.com\/OArcanjoNoAr\/"]},{"@type":"Person","@id":"https:\/\/www.oarcanjo.net\/site\/#\/schema\/person\/5eb9480bedd2f3c97e430ce128c29c6c","name":"danilo"}]}},"publishpress_future_action":{"enabled":false,"date":"2026-05-08 16:58:22","action":"category","newStatus":"draft","terms":[],"taxonomy":"category"},"publishpress_future_workflow_manual_trigger":{"enabledWorkflows":[]},"_links":{"self":[{"href":"https:\/\/www.oarcanjo.net\/site\/wp-json\/wp\/v2\/posts\/6327"}],"collection":[{"href":"https:\/\/www.oarcanjo.net\/site\/wp-json\/wp\/v2\/posts"}],"about":[{"href":"https:\/\/www.oarcanjo.net\/site\/wp-json\/wp\/v2\/types\/post"}],"author":[{"embeddable":true,"href":"https:\/\/www.oarcanjo.net\/site\/wp-json\/wp\/v2\/users\/14"}],"replies":[{"embeddable":true,"href":"https:\/\/www.oarcanjo.net\/site\/wp-json\/wp\/v2\/comments?post=6327"}],"version-history":[{"count":0,"href":"https:\/\/www.oarcanjo.net\/site\/wp-json\/wp\/v2\/posts\/6327\/revisions"}],"wp:attachment":[{"href":"https:\/\/www.oarcanjo.net\/site\/wp-json\/wp\/v2\/media?parent=6327"}],"wp:term":[{"taxonomy":"category","embeddable":true,"href":"https:\/\/www.oarcanjo.net\/site\/wp-json\/wp\/v2\/categories?post=6327"},{"taxonomy":"post_tag","embeddable":true,"href":"https:\/\/www.oarcanjo.net\/site\/wp-json\/wp\/v2\/tags?post=6327"}],"curies":[{"name":"wp","href":"https:\/\/api.w.org\/{rel}","templated":true}]}}