
{"id":6331,"date":"2017-12-04T00:01:55","date_gmt":"2017-12-04T02:01:55","guid":{"rendered":"http:\/\/www.oarcanjo.net\/site\/?p=6331"},"modified":"2017-07-31T07:22:28","modified_gmt":"2017-07-31T10:22:28","slug":"santa-barbara","status":"publish","type":"post","link":"https:\/\/www.oarcanjo.net\/site\/santa-barbara\/","title":{"rendered":"Santa B\u00e1rbara"},"content":{"rendered":"<p><img loading=\"lazy\" decoding=\"async\" class=\"aligncenter size-full wp-image-6332\" src=\"http:\/\/www.oarcanjo.net\/site\/wp-content\/uploads\/santa-barbara.jpg\" alt=\"santa barbara\" width=\"108\" height=\"149\" \/>4 de Dezembro &#8211; virgem e M\u00e1rtir<\/p>\n<p><img loading=\"lazy\" decoding=\"async\" class=\"aligncenter size-full wp-image-6335\" src=\"http:\/\/www.oarcanjo.net\/site\/wp-content\/uploads\/martirio-santa-barbara2.jpg\" alt=\"martirio santa barbara\" width=\"179\" height=\"151\" \/><\/p>\n<p>Mart\u00edrio de Santa Barbara<\/p>\n<p>Filha de pais pag\u00e3os, B\u00e1rbara aprendeu a amar a Deus observando a natureza, o c\u00e9u, o sol, as estrelas e todas as maravilhas da terra.<\/p>\n<p>B\u00e1rbara nasceu na Nicom\u00e9dia, Bit\u00ednia, atual Turquia. Num lar pag\u00e3o, desde pequena participava dos cultos e homenagens aos deuses. A menina cresceu bela e inteligente e aprendeu os valores crist\u00e3os a ponto de apegar-se a eles com toda a for\u00e7a da alma. Assim, instru\u00edda no cristianismo \u00e0s escondidas, recebeu o batismo.<\/p>\n<p>Mas chegou o dia em que seu pai tomou conhecimento disso. A princ\u00edpio, tentou persuadi-la a voltar aos valores pag\u00e3os com arg\u00facia e artimanhas. O tempo foi passando e nada de B\u00e1rbara render-se. As press\u00f5es sobre ela aumentaram e a sua desobedi\u00eancia tamb\u00e9m. At\u00e9 que, um dia, o pai a agrediu fisicamente, com castigos severos. B\u00e1rbara resolveu fugir de suas m\u00e3os e escondeu-se numa gruta.<\/p>\n<p>Foi encontrada por dois pastores e entregue ao pai, que a maltratou, novamente, de maneira terr\u00edvel. Estava apenas come\u00e7ando o seu sofrimento e mart\u00edrio. Nada conseguindo, o pai a entregou ao governador romano Marciano.<\/p>\n<p>Impressionado com a beleza da jovem, o governante, a princ\u00edpio, evitou maltrat\u00e1-la. Tentou a t\u00e1tica da conquista, n\u00e3o somente para sua religi\u00e3o como tamb\u00e9m para si. Nada conseguiu e a jovem come\u00e7ou a ser flagelada sadicamente, v\u00e1rias horas seguidas, durante dias inteiros. Conta-se que jamais se ouviu uma queixa ou lamento.<\/p>\n<p>Segundo a tradi\u00e7\u00e3o, B\u00e1rbara era confortada e tratada \u00e0 noite por um anjo, de tal modo que no dia seguinte se apresentava a Marciano como se nada lhe tivesse acontecido durante o dia anterior. Tanto foi seu sofrimento que uma outra jovem crist\u00e3 se ofereceu para tomar o seu lugar. Tinha vinte anos de idade e seu nome era Emiliana. N\u00e3o conseguiu substitu\u00ed-la, sendo depois morta no mesmo dia que ela.<\/p>\n<p>Nessa ocasi\u00e3o, foi seu pr\u00f3prio pai que lhe serviu de carrasco. O golpe da espada paterna fez rolar sua cabe\u00e7a e nesse instante foi fulminado por um raio que caiu sobre ele. Tudo isso transcorreu no s\u00e9culo III.<\/p>\n<p>Por isso, at\u00e9 hoje, santa B\u00e1rbara \u00e9 invocada a proteger seus devotos durante as grandes tempestades de raios e trov\u00f5es. A cristandade do mundo todo a homenageia com a escolha do nome no batismo, tamb\u00e9m emprestado para v\u00e1rias cidades que a t\u00eam como padroeira.<\/p>\n<p>Santa Barbara tamb\u00e9m \u00e9 padroeira dos &#8220;Mineiros&#8221;<\/p>\n<p>A 4 de Dezembro \u00e9 comemorado, em todo o mundo, o dia de Santa B\u00e1rbara. A este prop\u00f3sito d\u00e1-se a conhecer um texto (extra\u00eddo de uma palestra proferida pelo Prof. F. Mello Mendes no Instituto Superior T\u00e9cnico, nas 1as Jornadas de Comemora\u00e7\u00e3o do Dia de Santa B\u00e1rbara, em 4 de Dezembro de 2003) acerca do historial e culto, que explica a origem da devo\u00e7\u00e3o dos mineiros por esta figura.<\/p>\n<p>Para compreender a devo\u00e7\u00e3o dos mineiros por Santa B\u00e1rbara importa entrar um pouco no conhecimento da hist\u00f3ria da respectiva vida lend\u00e1ria. Sobre esta hist\u00f3ria existem numerosas vers\u00f5es, a mais difundida das quais considera B\u00e1rbara nascida no in\u00edcio do S\u00e9c. IV em Nicom\u00e9dia, actual Ismite, cidade da antiga Bit\u00ednia, na \u00c1sia Menor, junto ao Mar de M\u00e1rmara; era ent\u00e3o Imperador Romano Maximiano H\u00e9rcules.<\/p>\n<p>Segundo esta vers\u00e3o, B\u00e1rbara era uma jovem invulgarmente bela, filha de Di\u00f3scoro, homem rico e poderoso, adorador dos deuses grego-romanos. Este, desejando destinar sua filha a um bom casamento, que tamb\u00e9m constitu\u00edsse para ele uma vantajosa alian\u00e7a, e por ter de partir em viagem, encerrou-a numa torre, mandando construir ali um balne\u00e1rio com duas janelas.<\/p>\n<p>No seu isolamento, B\u00e1rbara ter\u00e1 entrado em profunda medita\u00e7\u00e3o, acabando por se converter \u00e0 f\u00e9 crist\u00e3, ent\u00e3o seriamente proibida no pa\u00eds e j\u00e1 motivadora de persegui\u00e7\u00f5es. Na aus\u00eancia do seu pai, B\u00e1rbara mandou abrir no seu balne\u00e1rio uma terceira janela para que assim, segundo ela, recebesse uma luz que representasse a Sant\u00edssima Trindade. Tamb\u00e9m iluminada pela Sant\u00edssima Trindade ter\u00e1 desenhado uma cruz com o dedo, no m\u00e1rmore da balne\u00e1rio, que ali ficou profundamente gravada e que, conforme v\u00e1rios relatos, teve efeitos milagrosos para os que, mais tarde, a tocaram. Al\u00e9m disso mandou destruir os \u00eddolos pag\u00e3os que seu pai ali tinha.<\/p>\n<p>Quando Di\u00f3scoro regressou da viagem, interrogou sua filha, que explicou o que tinha feito e informou seu pai que recusava qualquer casamento, pois j\u00e1 se tinha destinado a Jesus Cristo. Aquele, furioso, desembainhou a espada para a castigar, o que fez com que B\u00e1rbara fugisse e se ocultasse no interior de um rochedo que, segundo a lenda, se ter\u00e1 aberto para a esconder. Numa vers\u00e3o da Idade M\u00e9dia, que situa a hist\u00f3ria lend\u00e1ria de B\u00e1rbara perto de Atenas, a jovem ter\u00e1 sido protegida por mineiros de Laurio que a esconderam na sua mina. Denunciada por um pastor, B\u00e1rbara ter\u00e1 sido entregue ao seu pai que a levou a Marciano, m\u00e1xima autoridade romana da cidade, acusando-a de professar o Cristianismo. Marciano quis perdo\u00e1-la, se B\u00e1rbara aceitasse os deuses de Roma, mas a jovem terminantemente recusou.<\/p>\n<p>Por v\u00e1rias vezes a\u00e7oitada cruelmente, B\u00e1rbara ter\u00e1 pedido sempre o aux\u00edlio a Deus, tendo Jesus aparecido assegurando-lhe que estaria sempre a seu lado, de modo que as crueldades dos tiranos nada pudessem contra ela. Nesse momento, B\u00e1rbara ter-se-\u00e1 sentido curada e ter\u00e1 dado muitas gra\u00e7as a Jesus, assegurando-lhe que o seguiria para sempre.<\/p>\n<p>N\u00e3o conseguindo demov\u00ea-la da sua f\u00e9 em Jesus, Marciano, no c\u00famulo do furor, t\u00ea-la-\u00e1 mandado decapitar. Di\u00f3scoro, seu pai, que ter\u00e1 solicitado ser ele o executor, ter\u00e1 levado B\u00e1rbara ao alto de um monte onde esta se ter\u00e1 ajoelhado e pedido a Jesus que, na hora da sua iminente morte, a absolvesse de todos os seus pecados. Levada pela sua bondade, ter\u00e1 pedido tamb\u00e9m que a mesma gra\u00e7a fosse concedida a todos os que, em situa\u00e7\u00f5es de morte iminente, por seu interm\u00e9dio implorassem a Extrema Un\u00e7\u00e3o. Tendo recebido de Jesus a garantia da satisfa\u00e7\u00e3o destes pedidos, B\u00e1rbara ter\u00e1 sido decapitada pelo seu cruel pai. Isto ter-se-\u00e1 passado no dia 4 de Dezembro, dia de futuro dedicado \u00e0 Santa. Continua a lenda que, entretanto, o c\u00e9u escurecera, se tornara tempestuoso e que, quando Di\u00f3scoro encetou o regresso do monte, um raio o fulminou, reduzindo-o a cinzas. E assim, enquanto B\u00e1rbara ter\u00e1 subido ao C\u00e9u levada por anjos, Di\u00f3scoro ter\u00e1 descido ao Inferno para ser atormentado para sempre pelos dem\u00f3nios.<\/p>\n<p>A adora\u00e7\u00e3o da Santa B\u00e1rbara por parte do mineiros, ao ponto de a elegerem como Padroeira, poder\u00e1 encontrar-se na sua hist\u00f3ria lend\u00e1ria. Para al\u00e9m de rela\u00e7\u00f5es poss\u00edveis, que podem ser consideradas menores, do ref\u00fagio de B\u00e1rbara no interior da terra , quando primeiramente perseguida pelo pai, parece fora de d\u00favida que o motivo essencial da adora\u00e7\u00e3o se encontre na s\u00faplica, feita pela Santa a Jesus, para que, quando em situa\u00e7\u00f5es de morte iminente, todos os que implorassem a Deus, por seu interm\u00e9dio, a Extrema Un\u00e7\u00e3o, a obtivessem, ficando absolvidos de todos os seus pecados. Tais situa\u00e7\u00f5es de morte iminente t\u00ea-las-iam sempre os mineiros diante dos olhos quando no seu trabalho no subsolo.<\/p>\n<p>Este tamb\u00e9m \u00e9 o motivo pelo qual Santa B\u00e1rbara \u00e9 tamb\u00e9m venerada, como Padroeira, por outras profiss\u00f5es (artilheiros, pirot\u00e9cnicos, bombeiros, etc.); outras profiss\u00f5es, relacion\u00e1veis com a torre, tanto quanto \u00e0 respectiva constru\u00e7\u00e3o (cabouqueiros, pedreiros, arquitectos) como quanto \u00e0 respectiva utiliza\u00e7\u00e3o como pris\u00e3o (presidi\u00e1rios, se tal se pode considerar uma profiss\u00e3o, e guardas de pris\u00e3o), t\u00eam igualmente a Santa como Padroeira. No mundo inteiro, Santa B\u00e1rbara mant\u00e9m-se Padroeira dos mineiros.<\/p>\n<div id=\"themify_builder_content-6331\" data-postid=\"6331\" class=\"themify_builder_content themify_builder_content-6331 themify_builder themify_builder_front\">\n\t<\/div>\n<!-- \/themify_builder_content -->","protected":false},"excerpt":{"rendered":"<p>4 de Dezembro &#8211; virgem e M\u00e1rtir Mart\u00edrio de Santa Barbara Filha de pais pag\u00e3os, B\u00e1rbara aprendeu a amar a Deus observando a natureza, o c\u00e9u, o sol, as estrelas e todas as maravilhas da terra. B\u00e1rbara nasceu na Nicom\u00e9dia, Bit\u00ednia, atual Turquia. Num lar pag\u00e3o, desde pequena participava dos cultos e homenagens aos deuses. [&hellip;]<\/p>\n","protected":false},"author":14,"featured_media":0,"comment_status":"open","ping_status":"open","sticky":false,"template":"","format":"standard","meta":{"ngg_post_thumbnail":0,"footnotes":""},"categories":[186],"tags":[],"yoast_head":"<!-- This site is optimized with the Yoast SEO plugin v23.5 - https:\/\/yoast.com\/wordpress\/plugins\/seo\/ -->\n<title>Santa B\u00e1rbara - O Arcanjo no ar<\/title>\n<meta name=\"robots\" content=\"index, follow, max-snippet:-1, max-image-preview:large, max-video-preview:-1\" \/>\n<link rel=\"canonical\" href=\"https:\/\/www.oarcanjo.net\/site\/santa-barbara\/\" \/>\n<meta property=\"og:locale\" content=\"pt_BR\" \/>\n<meta property=\"og:type\" content=\"article\" \/>\n<meta property=\"og:title\" content=\"Santa B\u00e1rbara - O Arcanjo no ar\" \/>\n<meta property=\"og:description\" content=\"4 de Dezembro &#8211; virgem e M\u00e1rtir Mart\u00edrio de Santa Barbara Filha de pais pag\u00e3os, B\u00e1rbara aprendeu a amar a Deus observando a natureza, o c\u00e9u, o sol, as estrelas e todas as maravilhas da terra. B\u00e1rbara nasceu na Nicom\u00e9dia, Bit\u00ednia, atual Turquia. Num lar pag\u00e3o, desde pequena participava dos cultos e homenagens aos deuses. [&hellip;]\" \/>\n<meta property=\"og:url\" content=\"https:\/\/www.oarcanjo.net\/site\/santa-barbara\/\" \/>\n<meta property=\"og:site_name\" content=\"O Arcanjo no ar\" \/>\n<meta property=\"article:publisher\" content=\"https:\/\/www.facebook.com\/OArcanjoNoAr\/\" \/>\n<meta property=\"article:published_time\" content=\"2017-12-04T02:01:55+00:00\" \/>\n<meta property=\"article:modified_time\" content=\"2017-07-31T10:22:28+00:00\" \/>\n<meta property=\"og:image\" content=\"http:\/\/www.oarcanjo.net\/site\/wp-content\/uploads\/santa-barbara.jpg\" \/>\n<meta name=\"author\" content=\"danilo\" \/>\n<meta name=\"twitter:card\" content=\"summary_large_image\" \/>\n<meta name=\"twitter:label1\" content=\"Escrito por\" \/>\n\t<meta name=\"twitter:data1\" content=\"danilo\" \/>\n\t<meta name=\"twitter:label2\" content=\"Est. tempo de leitura\" \/>\n\t<meta name=\"twitter:data2\" content=\"7 minutos\" \/>\n<script type=\"application\/ld+json\" class=\"yoast-schema-graph\">{\"@context\":\"https:\/\/schema.org\",\"@graph\":[{\"@type\":\"Article\",\"@id\":\"https:\/\/www.oarcanjo.net\/site\/santa-barbara\/#article\",\"isPartOf\":{\"@id\":\"https:\/\/www.oarcanjo.net\/site\/santa-barbara\/\"},\"author\":{\"name\":\"danilo\",\"@id\":\"https:\/\/www.oarcanjo.net\/site\/#\/schema\/person\/5eb9480bedd2f3c97e430ce128c29c6c\"},\"headline\":\"Santa B\u00e1rbara\",\"datePublished\":\"2017-12-04T02:01:55+00:00\",\"dateModified\":\"2017-07-31T10:22:28+00:00\",\"mainEntityOfPage\":{\"@id\":\"https:\/\/www.oarcanjo.net\/site\/santa-barbara\/\"},\"wordCount\":1367,\"commentCount\":12,\"publisher\":{\"@id\":\"https:\/\/www.oarcanjo.net\/site\/#organization\"},\"image\":{\"@id\":\"https:\/\/www.oarcanjo.net\/site\/santa-barbara\/#primaryimage\"},\"thumbnailUrl\":\"http:\/\/www.oarcanjo.net\/site\/wp-content\/uploads\/santa-barbara.jpg\",\"articleSection\":[\"Testemunhos\"],\"inLanguage\":\"pt-BR\",\"potentialAction\":[{\"@type\":\"CommentAction\",\"name\":\"Comment\",\"target\":[\"https:\/\/www.oarcanjo.net\/site\/santa-barbara\/#respond\"]}]},{\"@type\":\"WebPage\",\"@id\":\"https:\/\/www.oarcanjo.net\/site\/santa-barbara\/\",\"url\":\"https:\/\/www.oarcanjo.net\/site\/santa-barbara\/\",\"name\":\"Santa B\u00e1rbara - O Arcanjo no ar\",\"isPartOf\":{\"@id\":\"https:\/\/www.oarcanjo.net\/site\/#website\"},\"primaryImageOfPage\":{\"@id\":\"https:\/\/www.oarcanjo.net\/site\/santa-barbara\/#primaryimage\"},\"image\":{\"@id\":\"https:\/\/www.oarcanjo.net\/site\/santa-barbara\/#primaryimage\"},\"thumbnailUrl\":\"http:\/\/www.oarcanjo.net\/site\/wp-content\/uploads\/santa-barbara.jpg\",\"datePublished\":\"2017-12-04T02:01:55+00:00\",\"dateModified\":\"2017-07-31T10:22:28+00:00\",\"breadcrumb\":{\"@id\":\"https:\/\/www.oarcanjo.net\/site\/santa-barbara\/#breadcrumb\"},\"inLanguage\":\"pt-BR\",\"potentialAction\":[{\"@type\":\"ReadAction\",\"target\":[\"https:\/\/www.oarcanjo.net\/site\/santa-barbara\/\"]}]},{\"@type\":\"ImageObject\",\"inLanguage\":\"pt-BR\",\"@id\":\"https:\/\/www.oarcanjo.net\/site\/santa-barbara\/#primaryimage\",\"url\":\"https:\/\/www.oarcanjo.net\/site\/wp-content\/uploads\/santa-barbara.jpg\",\"contentUrl\":\"https:\/\/www.oarcanjo.net\/site\/wp-content\/uploads\/santa-barbara.jpg\",\"width\":\"108\",\"height\":\"149\"},{\"@type\":\"BreadcrumbList\",\"@id\":\"https:\/\/www.oarcanjo.net\/site\/santa-barbara\/#breadcrumb\",\"itemListElement\":[{\"@type\":\"ListItem\",\"position\":1,\"name\":\"In\u00edcio\",\"item\":\"https:\/\/www.oarcanjo.net\/site\/\"},{\"@type\":\"ListItem\",\"position\":2,\"name\":\"Santa B\u00e1rbara\"}]},{\"@type\":\"WebSite\",\"@id\":\"https:\/\/www.oarcanjo.net\/site\/#website\",\"url\":\"https:\/\/www.oarcanjo.net\/site\/\",\"name\":\"O Arcanjo no ar\",\"description\":\"Site da Par\u00f3quia S\u00e3o Miguel Arcanjo (Arquidiocese de SP)\",\"publisher\":{\"@id\":\"https:\/\/www.oarcanjo.net\/site\/#organization\"},\"potentialAction\":[{\"@type\":\"SearchAction\",\"target\":{\"@type\":\"EntryPoint\",\"urlTemplate\":\"https:\/\/www.oarcanjo.net\/site\/?s={search_term_string}\"},\"query-input\":{\"@type\":\"PropertyValueSpecification\",\"valueRequired\":true,\"valueName\":\"search_term_string\"}}],\"inLanguage\":\"pt-BR\"},{\"@type\":\"Organization\",\"@id\":\"https:\/\/www.oarcanjo.net\/site\/#organization\",\"name\":\"Par\u00f3quia S\u00e3o Miguel Arcanjo\",\"url\":\"https:\/\/www.oarcanjo.net\/site\/\",\"logo\":{\"@type\":\"ImageObject\",\"inLanguage\":\"pt-BR\",\"@id\":\"https:\/\/www.oarcanjo.net\/site\/#\/schema\/logo\/image\/\",\"url\":\"https:\/\/www.oarcanjo.net\/site\/wp-content\/uploads\/LogoOArcanjo.png\",\"contentUrl\":\"https:\/\/www.oarcanjo.net\/site\/wp-content\/uploads\/LogoOArcanjo.png\",\"width\":319,\"height\":99,\"caption\":\"Par\u00f3quia S\u00e3o Miguel Arcanjo\"},\"image\":{\"@id\":\"https:\/\/www.oarcanjo.net\/site\/#\/schema\/logo\/image\/\"},\"sameAs\":[\"https:\/\/www.facebook.com\/OArcanjoNoAr\/\"]},{\"@type\":\"Person\",\"@id\":\"https:\/\/www.oarcanjo.net\/site\/#\/schema\/person\/5eb9480bedd2f3c97e430ce128c29c6c\",\"name\":\"danilo\"}]}<\/script>\n<!-- \/ Yoast SEO plugin. -->","yoast_head_json":{"title":"Santa B\u00e1rbara - O Arcanjo no ar","robots":{"index":"index","follow":"follow","max-snippet":"max-snippet:-1","max-image-preview":"max-image-preview:large","max-video-preview":"max-video-preview:-1"},"canonical":"https:\/\/www.oarcanjo.net\/site\/santa-barbara\/","og_locale":"pt_BR","og_type":"article","og_title":"Santa B\u00e1rbara - O Arcanjo no ar","og_description":"4 de Dezembro &#8211; virgem e M\u00e1rtir Mart\u00edrio de Santa Barbara Filha de pais pag\u00e3os, B\u00e1rbara aprendeu a amar a Deus observando a natureza, o c\u00e9u, o sol, as estrelas e todas as maravilhas da terra. B\u00e1rbara nasceu na Nicom\u00e9dia, Bit\u00ednia, atual Turquia. Num lar pag\u00e3o, desde pequena participava dos cultos e homenagens aos deuses. [&hellip;]","og_url":"https:\/\/www.oarcanjo.net\/site\/santa-barbara\/","og_site_name":"O Arcanjo no ar","article_publisher":"https:\/\/www.facebook.com\/OArcanjoNoAr\/","article_published_time":"2017-12-04T02:01:55+00:00","article_modified_time":"2017-07-31T10:22:28+00:00","og_image":[{"url":"http:\/\/www.oarcanjo.net\/site\/wp-content\/uploads\/santa-barbara.jpg"}],"author":"danilo","twitter_card":"summary_large_image","twitter_misc":{"Escrito por":"danilo","Est. tempo de leitura":"7 minutos"},"schema":{"@context":"https:\/\/schema.org","@graph":[{"@type":"Article","@id":"https:\/\/www.oarcanjo.net\/site\/santa-barbara\/#article","isPartOf":{"@id":"https:\/\/www.oarcanjo.net\/site\/santa-barbara\/"},"author":{"name":"danilo","@id":"https:\/\/www.oarcanjo.net\/site\/#\/schema\/person\/5eb9480bedd2f3c97e430ce128c29c6c"},"headline":"Santa B\u00e1rbara","datePublished":"2017-12-04T02:01:55+00:00","dateModified":"2017-07-31T10:22:28+00:00","mainEntityOfPage":{"@id":"https:\/\/www.oarcanjo.net\/site\/santa-barbara\/"},"wordCount":1367,"commentCount":12,"publisher":{"@id":"https:\/\/www.oarcanjo.net\/site\/#organization"},"image":{"@id":"https:\/\/www.oarcanjo.net\/site\/santa-barbara\/#primaryimage"},"thumbnailUrl":"http:\/\/www.oarcanjo.net\/site\/wp-content\/uploads\/santa-barbara.jpg","articleSection":["Testemunhos"],"inLanguage":"pt-BR","potentialAction":[{"@type":"CommentAction","name":"Comment","target":["https:\/\/www.oarcanjo.net\/site\/santa-barbara\/#respond"]}]},{"@type":"WebPage","@id":"https:\/\/www.oarcanjo.net\/site\/santa-barbara\/","url":"https:\/\/www.oarcanjo.net\/site\/santa-barbara\/","name":"Santa B\u00e1rbara - O Arcanjo no ar","isPartOf":{"@id":"https:\/\/www.oarcanjo.net\/site\/#website"},"primaryImageOfPage":{"@id":"https:\/\/www.oarcanjo.net\/site\/santa-barbara\/#primaryimage"},"image":{"@id":"https:\/\/www.oarcanjo.net\/site\/santa-barbara\/#primaryimage"},"thumbnailUrl":"http:\/\/www.oarcanjo.net\/site\/wp-content\/uploads\/santa-barbara.jpg","datePublished":"2017-12-04T02:01:55+00:00","dateModified":"2017-07-31T10:22:28+00:00","breadcrumb":{"@id":"https:\/\/www.oarcanjo.net\/site\/santa-barbara\/#breadcrumb"},"inLanguage":"pt-BR","potentialAction":[{"@type":"ReadAction","target":["https:\/\/www.oarcanjo.net\/site\/santa-barbara\/"]}]},{"@type":"ImageObject","inLanguage":"pt-BR","@id":"https:\/\/www.oarcanjo.net\/site\/santa-barbara\/#primaryimage","url":"https:\/\/www.oarcanjo.net\/site\/wp-content\/uploads\/santa-barbara.jpg","contentUrl":"https:\/\/www.oarcanjo.net\/site\/wp-content\/uploads\/santa-barbara.jpg","width":"108","height":"149"},{"@type":"BreadcrumbList","@id":"https:\/\/www.oarcanjo.net\/site\/santa-barbara\/#breadcrumb","itemListElement":[{"@type":"ListItem","position":1,"name":"In\u00edcio","item":"https:\/\/www.oarcanjo.net\/site\/"},{"@type":"ListItem","position":2,"name":"Santa B\u00e1rbara"}]},{"@type":"WebSite","@id":"https:\/\/www.oarcanjo.net\/site\/#website","url":"https:\/\/www.oarcanjo.net\/site\/","name":"O Arcanjo no ar","description":"Site da Par\u00f3quia S\u00e3o Miguel Arcanjo (Arquidiocese de SP)","publisher":{"@id":"https:\/\/www.oarcanjo.net\/site\/#organization"},"potentialAction":[{"@type":"SearchAction","target":{"@type":"EntryPoint","urlTemplate":"https:\/\/www.oarcanjo.net\/site\/?s={search_term_string}"},"query-input":{"@type":"PropertyValueSpecification","valueRequired":true,"valueName":"search_term_string"}}],"inLanguage":"pt-BR"},{"@type":"Organization","@id":"https:\/\/www.oarcanjo.net\/site\/#organization","name":"Par\u00f3quia S\u00e3o Miguel Arcanjo","url":"https:\/\/www.oarcanjo.net\/site\/","logo":{"@type":"ImageObject","inLanguage":"pt-BR","@id":"https:\/\/www.oarcanjo.net\/site\/#\/schema\/logo\/image\/","url":"https:\/\/www.oarcanjo.net\/site\/wp-content\/uploads\/LogoOArcanjo.png","contentUrl":"https:\/\/www.oarcanjo.net\/site\/wp-content\/uploads\/LogoOArcanjo.png","width":319,"height":99,"caption":"Par\u00f3quia S\u00e3o Miguel Arcanjo"},"image":{"@id":"https:\/\/www.oarcanjo.net\/site\/#\/schema\/logo\/image\/"},"sameAs":["https:\/\/www.facebook.com\/OArcanjoNoAr\/"]},{"@type":"Person","@id":"https:\/\/www.oarcanjo.net\/site\/#\/schema\/person\/5eb9480bedd2f3c97e430ce128c29c6c","name":"danilo"}]}},"publishpress_future_action":{"enabled":false,"date":"2026-05-08 15:36:20","action":"category","newStatus":"draft","terms":[],"taxonomy":"category"},"publishpress_future_workflow_manual_trigger":{"enabledWorkflows":[]},"_links":{"self":[{"href":"https:\/\/www.oarcanjo.net\/site\/wp-json\/wp\/v2\/posts\/6331"}],"collection":[{"href":"https:\/\/www.oarcanjo.net\/site\/wp-json\/wp\/v2\/posts"}],"about":[{"href":"https:\/\/www.oarcanjo.net\/site\/wp-json\/wp\/v2\/types\/post"}],"author":[{"embeddable":true,"href":"https:\/\/www.oarcanjo.net\/site\/wp-json\/wp\/v2\/users\/14"}],"replies":[{"embeddable":true,"href":"https:\/\/www.oarcanjo.net\/site\/wp-json\/wp\/v2\/comments?post=6331"}],"version-history":[{"count":0,"href":"https:\/\/www.oarcanjo.net\/site\/wp-json\/wp\/v2\/posts\/6331\/revisions"}],"wp:attachment":[{"href":"https:\/\/www.oarcanjo.net\/site\/wp-json\/wp\/v2\/media?parent=6331"}],"wp:term":[{"taxonomy":"category","embeddable":true,"href":"https:\/\/www.oarcanjo.net\/site\/wp-json\/wp\/v2\/categories?post=6331"},{"taxonomy":"post_tag","embeddable":true,"href":"https:\/\/www.oarcanjo.net\/site\/wp-json\/wp\/v2\/tags?post=6331"}],"curies":[{"name":"wp","href":"https:\/\/api.w.org\/{rel}","templated":true}]}}