
{"id":6337,"date":"2017-12-04T00:06:10","date_gmt":"2017-12-04T02:06:10","guid":{"rendered":"http:\/\/www.oarcanjo.net\/site\/?p=6337"},"modified":"2017-07-31T07:22:33","modified_gmt":"2017-07-31T10:22:33","slug":"beato-joao-calabria","status":"publish","type":"post","link":"https:\/\/www.oarcanjo.net\/site\/beato-joao-calabria\/","title":{"rendered":"Beato Jo\u00e3o Calabria"},"content":{"rendered":"<p><img loading=\"lazy\" decoding=\"async\" class=\"aligncenter size-thumbnail wp-image-6338\" src=\"http:\/\/www.oarcanjo.net\/site\/wp-content\/uploads\/beato-joao-calabria-150x150.jpg\" alt=\"beato joao calabria\" width=\"150\" height=\"150\" \/><\/p>\n<p>4 de Dezembro<\/p>\n<p><em>Jo\u00e3o Cal\u00e1bria<\/em> nasceu em Verona no dia 8 de outubro de 1873, s\u00e9timo e \u00faltimo filho de Lu\u00eds Cal\u00e1bria, sapateiro, e de \u00c2ngela Foschio, empregada dom\u00e9stica e mulher de grande f\u00e9, educada pelo Servo de Deus Pe. Nicolau Mazza, em seu Instituto para meninas pobres.<\/p>\n<p>Desde o seu nascimento, a pobreza lhe foi mestra de vida. Vindo a falecer seu pai, teve que interromper a 4a s\u00e9rie prim\u00e1ria e trabalhar como gar\u00e7om. Pe. Pedro Scapini, Reitor de S\u00e3o Louren\u00e7o, percebendo as virtudes do jovem, preparou-o com aulas particulares para os exames de admiss\u00e3o ao 2\u00b0 grau, no Semin\u00e1rio. Tendo sido aprovado nos exames, foi admitido e freq\u00fcentou o 2\u00b0 grau como aluno externo. Mas teve que interromp\u00ea-lo no 3\u00b0 ano para prestar o servi\u00e7o militar.<\/p>\n<p>Neste sentido, o jovem distinguiu-se sobretudo pela sua caridade. Colocou-se a servi\u00e7o de todos, dedicando-se aos trabalhos mais humildes e arriscados. Conquistou a amizade dos seus colegas e superiores, levando muitos \u00e0 convers\u00e3o e \u00e0 pr\u00e1tica da f\u00e9.<\/p>\n<p>Terminado o servi\u00e7o militar, retornou aos estudos. Numa noite fria de novembro de 1897 &#8211; quando freq\u00fcentava o l \u00b0 ano de teologia &#8211; regressando do hospital, onde tinha visitado doentes, encontrou encolhido na porta de sua casa um menino fugido dos ciganos. Ent\u00e3o, acolhendo-o, levou-o para sua casa e partilhou com ele o seu pequeno quarto. Foi o inicio de suas obras com os meninos \u00f3rf\u00e3os e abandonados.<\/p>\n<p>Depois de alguns meses, fundou a &#8220;Pia Uni\u00e3o para a assist\u00eancia aos doentes pobres&#8221;, reunindo um grande n\u00famero de cl\u00e9rigos e leigos.<\/p>\n<p>Este foi somente o in\u00edcio de uma vida caracterizada totalmente pela caridade. &#8220;Todos os instantes de sua vida foram uma personifica\u00e7\u00e3o do maravilhoso c\u00e2ntico de S\u00e3o Paulo sobre a Caridade&#8221;, escrevia na sua carta de postula\u00e7\u00e3o ao papa Paulo VI uma m\u00e9dica hebr\u00e9ia que o Pe. Jo\u00e3o Cal\u00e1bria salvou da persegui\u00e7\u00e3o nazista e fascista, ocultando-a entre as religiosas do seu Instituto, vestindo-a com o h\u00e1bito delas.<\/p>\n<p>Em 1910 fundou tamb\u00e9m o ramo feminino, as &#8221; Irm\u00e3s &#8220;, sendo reconhecida no dia 25 de mar\u00e7o de 1952 como Congrega\u00e7\u00e3o de direito diocesano, com o nome de &#8221; Pobres Servas da Divina Provid\u00eancia&#8221; e aos 25 de dezembro de 1981 obteve a Aprova\u00e7\u00e3o Pontif\u00edcia.<\/p>\n<p>Tendo sido ordenado sacerdote no dia 11 de agosto de 1901 foi nomeado Vig\u00e1rio Cooperador na par\u00f3quia Santo Est\u00eav\u00e3o e confessor no Semin\u00e1rio. Dedicou-se com zelo especial \u00e0s confiss\u00f5es e ao exerc\u00edcio da Caridade, privilegiando sobretudo os mais pobres e marginalizados.<\/p>\n<p>Em 1907, nomeado Vig\u00e1rio da Reitoria de S\u00e3o Benedito ao Monte, come\u00e7ou tamb\u00e9m a acolher e ajudar espiritualmente alguns soldados. No dia 26 de novembro do mesmo ano, na Rua Case Rotte, iniciou oficialmente o Instituto &#8221; Casa Buoni Fanciulli &#8220;, que no ano seguinte, foi transferido para um lugar definitivo na Rua San Zeno in Monte, atual Casa M\u00e3e.<\/p>\n<p>Com os meninos, o Senhor mandou-lhe tamb\u00e9m alguns leigos que desejavam partilhar com ele a pr\u00f3pria doa\u00e7\u00e3o ao Senhor. Com este pequeno grupo de homens entregues totalmente ao Senhor no servi\u00e7o aos pobres com uma vida radicalmente evang\u00e9lica, fez com que a Igreja de Verona revivesse o clima da Igreja Apost\u00f3lica. E aquele primeiro n\u00facleo de homens foi a base da Congrega\u00e7\u00e3o dos Pobres Servos da Divina Provid\u00eancia, sendo aprovada pelo Bispo de Verona aos 11 de fevereiro de 1932 e obtendo a Aprova\u00e7\u00e3o Pontificia aos 25 de abril de 1949.<\/p>\n<p>Logo ap\u00f3s a aprova\u00e7\u00e3o diocesana, a Congrega\u00e7\u00e3o difundiu-se em v\u00e1rias regi\u00f5es da It\u00e1lia, sempre ao servi\u00e7o dos pobres, dos abandonados e dos marginalizados. Extendeu a sua a\u00e7\u00e3o tamb\u00e9m aos idosos e doentes, dando vida \u00e0 &#8221; Cittadella della Carit\u00e0 &#8220;. O Cora\u00e7\u00e3o apost\u00f3lico do Pe. Jo\u00e3o Cal\u00e1bria pensou tamb\u00e9m nos P\u00e1rias da \u00edndia, enviando, no ano de 1934, quatro Irm\u00e3os a Vijayavada.<\/p>\n<p>O Pe. Jo\u00e3o Cal\u00e1bria confiou \u00e0s duas Congrega\u00e7\u00f5es a mesma miss\u00e3o que o Senhor lhe inspirou desde quando era um jovem sacerdote: &#8220;Mostrar ao mundo que a Divina Provid\u00eancia existe, que Deus n\u00e3o \u00e9 um estrangeiro, mas que \u00e9 Pai e cuida de seus filhos, contanto que n\u00f3s O acolhamos e fa\u00e7amos a nossa parte que \u00e9 buscar em primeiro lugar o Reino de Deus e a sua justi\u00e7a&#8221; (cf. Mt 6, 25-34).<\/p>\n<p>Para testemunhar tudo isto, acolheu gratuitamente em suas casas meninos necessitados material e moralmente, criou hospitais e casas para acolher e dar assist\u00eancia corporal e espiritual aos doentes e idosos. Abriu casas de forma\u00e7\u00e3o para os jovens e adultos pobres, a fim de ajud\u00e1-los a realizar a pr\u00f3pria voca\u00e7\u00e3o sacerdotal ou religiosa, deixando-os livres para ingressar na diocese ou Congrega\u00e7\u00e3o que o Senhor lhes tivesse inspirado. Estabeleceu que os seus religiosos exercitassem o apostolado nos lugares mais pobres, &#8220;onde n\u00e3o se pode esperar nenhuma recompensa humana&#8221;.<\/p>\n<p>&#8220;Resplandeceu como farol luminoso na Igreja de Deus&#8221;. S\u00e3o exatamente estas as palavras que o Beato Cardeal Schuster mandou epigrafar sobre o t\u00famulo do Pe. Jo\u00e3o Cal\u00e1bria.<\/p>\n<p>Desde 1939 at\u00e9 o dia de sua morte, em contraste com seu inato desejo de ocultar-se, alargou os seus horizontes at\u00e9 alcan\u00e7ar as fronteiras da Igreja, &#8221; gritando &#8221; a todos que o mundo poderia salvar-se somente retornando a Cristo e ao seu Evangelho.<\/p>\n<p>Foi assim que se tornou uma voz prof\u00e9tica, um ponto de refer\u00eancia: bispos, sacerdotes, religiosos e leigos, viram nele o guia seguro para eles mesmos e para suas pr\u00f3prias iniciativas.<\/p>\n<p>Os bispos da Confer\u00eancia Episcopal do Triv\u00eaneto, na carta de postula\u00e7\u00e3o endere\u00e7ada ao papa Jo\u00e3o Paulo II escreveram: &#8220;Pe. Cal\u00e1bria, exatamente para preparar a Igreja do ano 2000 &#8211; express\u00e3o a ele familiar &#8211; fez de sua vida um sofrido e enternecido apelo \u00e0 convers\u00e3o, \u00e0 renova\u00e7\u00e3o, \u00e0 hora de Jesus com acentos impressionantes de premente urg\u00eancia &#8230; Parece-nos que a vida do Pe. Cal\u00e1bria e a sua mesma pessoa constitua uma &#8220;profecia&#8221; do vosso apaixonado grito a todo o mundo: &#8220;Abram as portas a Cristo Redentor!&#8221;.<\/p>\n<p>Ele compreendeu que nesta radical e profunda renova\u00e7\u00e3o espiritual do mundo, deveriam ser envolvidos tamb\u00e9m os leigos. Por isto, em 1944, fundou a &#8221; Fam\u00edlia dos Irm\u00e3os Externos &#8220;, constitu\u00edda por leigos. Rezou, escreveu, agiu e sofreu tamb\u00e9m para a unidade dos crist\u00e3os. Portanto, manteve fraternas rela\u00e7\u00f5es com protestantes, ortodoxos e hebreus: escreveu, falou, amou e nunca polemizou. Conquistou com o amor. O Pastor luterano Sune Wiman de Eskilstuna (Su\u00e9cia) que manteve com Pe. Cal\u00e1bria um abundante interc\u00e2mbio epistolar, endere\u00e7ou no dia 6 de mar\u00e7o de 1964 uma carta de postula\u00e7\u00e3o ao papa Paulo VI para solicitar-lhe a glorifica\u00e7\u00e3o do seu venerado amigo.<\/p>\n<p>Este foi o per\u00edodo misteriosamente mais doloroso de sua vida. Parecia que Jesus Cristo o tivesse associado \u00e0 agonia do Gets\u00eamani e do Calv\u00e1rio, aceitando a sua oferta de ser &#8220;v\u00edtima&#8221; para a santifica\u00e7\u00e3o da Igreja e para a salva\u00e7\u00e3o do mundo. O Beato Cardeal Schuster comparou-o ao Servo de Jav\u00e9.<\/p>\n<p>Morreu no dia 4 de dezembro de 1954. Na vig\u00edlia por\u00e9m, fez o seu \u00faltimo gesto de caridade: ofereceu a sua vida ao Senhor pelo papa Pio XII, que estava agonizando. Deus aceitou sua oferta: Pe. Jo\u00e3o Cal\u00e1bria morreu e o Papa, misteriosa e repentinamente recuperou a sa\u00fade e viveu por mais quatro anos. O mesmo Pont\u00edfice, desconhecendo o \u00faltimo gesto de oferta do Pe. Cal\u00e1bria, mas profundo conhecedor de toda a sua vida, recebendo a not\u00edcia de sua morte, em um telegrama de p\u00easames \u00e0 Congrega\u00e7\u00e3o, definiu-o &#8220;campe\u00e3o de evang\u00e9lica caridade &#8220;.<\/p>\n<p>O Pe. Jo\u00e3o Cal\u00e1bria foi beatificado pelo papa Jo\u00e3o Paulo II no dia 17 de abril de 1988.<\/p>\n<div id=\"themify_builder_content-6337\" data-postid=\"6337\" class=\"themify_builder_content themify_builder_content-6337 themify_builder themify_builder_front\">\n\t<\/div>\n<!-- \/themify_builder_content -->","protected":false},"excerpt":{"rendered":"<p>4 de Dezembro Jo\u00e3o Cal\u00e1bria nasceu em Verona no dia 8 de outubro de 1873, s\u00e9timo e \u00faltimo filho de Lu\u00eds Cal\u00e1bria, sapateiro, e de \u00c2ngela Foschio, empregada dom\u00e9stica e mulher de grande f\u00e9, educada pelo Servo de Deus Pe. Nicolau Mazza, em seu Instituto para meninas pobres. Desde o seu nascimento, a pobreza lhe [&hellip;]<\/p>\n","protected":false},"author":14,"featured_media":0,"comment_status":"open","ping_status":"open","sticky":false,"template":"","format":"standard","meta":{"ngg_post_thumbnail":0,"footnotes":""},"categories":[186],"tags":[],"yoast_head":"<!-- This site is optimized with the Yoast SEO plugin v23.5 - https:\/\/yoast.com\/wordpress\/plugins\/seo\/ -->\n<title>Beato Jo\u00e3o Calabria - O Arcanjo no ar<\/title>\n<meta name=\"robots\" content=\"index, follow, max-snippet:-1, max-image-preview:large, max-video-preview:-1\" \/>\n<link rel=\"canonical\" href=\"https:\/\/www.oarcanjo.net\/site\/beato-joao-calabria\/\" \/>\n<meta property=\"og:locale\" content=\"pt_BR\" \/>\n<meta property=\"og:type\" content=\"article\" \/>\n<meta property=\"og:title\" content=\"Beato Jo\u00e3o Calabria - O Arcanjo no ar\" \/>\n<meta property=\"og:description\" content=\"4 de Dezembro Jo\u00e3o Cal\u00e1bria nasceu em Verona no dia 8 de outubro de 1873, s\u00e9timo e \u00faltimo filho de Lu\u00eds Cal\u00e1bria, sapateiro, e de \u00c2ngela Foschio, empregada dom\u00e9stica e mulher de grande f\u00e9, educada pelo Servo de Deus Pe. Nicolau Mazza, em seu Instituto para meninas pobres. Desde o seu nascimento, a pobreza lhe [&hellip;]\" \/>\n<meta property=\"og:url\" content=\"https:\/\/www.oarcanjo.net\/site\/beato-joao-calabria\/\" \/>\n<meta property=\"og:site_name\" content=\"O Arcanjo no ar\" \/>\n<meta property=\"article:publisher\" content=\"https:\/\/www.facebook.com\/OArcanjoNoAr\/\" \/>\n<meta property=\"article:published_time\" content=\"2017-12-04T02:06:10+00:00\" \/>\n<meta property=\"article:modified_time\" content=\"2017-07-31T10:22:33+00:00\" \/>\n<meta property=\"og:image\" content=\"http:\/\/www.oarcanjo.net\/site\/wp-content\/uploads\/beato-joao-calabria-150x150.jpg\" \/>\n<meta name=\"author\" content=\"danilo\" \/>\n<meta name=\"twitter:card\" content=\"summary_large_image\" \/>\n<meta name=\"twitter:label1\" content=\"Escrito por\" \/>\n\t<meta name=\"twitter:data1\" content=\"danilo\" \/>\n\t<meta name=\"twitter:label2\" content=\"Est. tempo de leitura\" \/>\n\t<meta name=\"twitter:data2\" content=\"7 minutos\" \/>\n<script type=\"application\/ld+json\" class=\"yoast-schema-graph\">{\"@context\":\"https:\/\/schema.org\",\"@graph\":[{\"@type\":\"Article\",\"@id\":\"https:\/\/www.oarcanjo.net\/site\/beato-joao-calabria\/#article\",\"isPartOf\":{\"@id\":\"https:\/\/www.oarcanjo.net\/site\/beato-joao-calabria\/\"},\"author\":{\"name\":\"danilo\",\"@id\":\"https:\/\/www.oarcanjo.net\/site\/#\/schema\/person\/5eb9480bedd2f3c97e430ce128c29c6c\"},\"headline\":\"Beato Jo\u00e3o Calabria\",\"datePublished\":\"2017-12-04T02:06:10+00:00\",\"dateModified\":\"2017-07-31T10:22:33+00:00\",\"mainEntityOfPage\":{\"@id\":\"https:\/\/www.oarcanjo.net\/site\/beato-joao-calabria\/\"},\"wordCount\":1337,\"commentCount\":0,\"publisher\":{\"@id\":\"https:\/\/www.oarcanjo.net\/site\/#organization\"},\"image\":{\"@id\":\"https:\/\/www.oarcanjo.net\/site\/beato-joao-calabria\/#primaryimage\"},\"thumbnailUrl\":\"http:\/\/www.oarcanjo.net\/site\/wp-content\/uploads\/beato-joao-calabria-150x150.jpg\",\"articleSection\":[\"Testemunhos\"],\"inLanguage\":\"pt-BR\",\"potentialAction\":[{\"@type\":\"CommentAction\",\"name\":\"Comment\",\"target\":[\"https:\/\/www.oarcanjo.net\/site\/beato-joao-calabria\/#respond\"]}]},{\"@type\":\"WebPage\",\"@id\":\"https:\/\/www.oarcanjo.net\/site\/beato-joao-calabria\/\",\"url\":\"https:\/\/www.oarcanjo.net\/site\/beato-joao-calabria\/\",\"name\":\"Beato Jo\u00e3o Calabria - O Arcanjo no ar\",\"isPartOf\":{\"@id\":\"https:\/\/www.oarcanjo.net\/site\/#website\"},\"primaryImageOfPage\":{\"@id\":\"https:\/\/www.oarcanjo.net\/site\/beato-joao-calabria\/#primaryimage\"},\"image\":{\"@id\":\"https:\/\/www.oarcanjo.net\/site\/beato-joao-calabria\/#primaryimage\"},\"thumbnailUrl\":\"http:\/\/www.oarcanjo.net\/site\/wp-content\/uploads\/beato-joao-calabria-150x150.jpg\",\"datePublished\":\"2017-12-04T02:06:10+00:00\",\"dateModified\":\"2017-07-31T10:22:33+00:00\",\"breadcrumb\":{\"@id\":\"https:\/\/www.oarcanjo.net\/site\/beato-joao-calabria\/#breadcrumb\"},\"inLanguage\":\"pt-BR\",\"potentialAction\":[{\"@type\":\"ReadAction\",\"target\":[\"https:\/\/www.oarcanjo.net\/site\/beato-joao-calabria\/\"]}]},{\"@type\":\"ImageObject\",\"inLanguage\":\"pt-BR\",\"@id\":\"https:\/\/www.oarcanjo.net\/site\/beato-joao-calabria\/#primaryimage\",\"url\":\"https:\/\/www.oarcanjo.net\/site\/wp-content\/uploads\/beato-joao-calabria.jpg\",\"contentUrl\":\"https:\/\/www.oarcanjo.net\/site\/wp-content\/uploads\/beato-joao-calabria.jpg\",\"width\":\"380\",\"height\":\"500\"},{\"@type\":\"BreadcrumbList\",\"@id\":\"https:\/\/www.oarcanjo.net\/site\/beato-joao-calabria\/#breadcrumb\",\"itemListElement\":[{\"@type\":\"ListItem\",\"position\":1,\"name\":\"In\u00edcio\",\"item\":\"https:\/\/www.oarcanjo.net\/site\/\"},{\"@type\":\"ListItem\",\"position\":2,\"name\":\"Beato Jo\u00e3o Calabria\"}]},{\"@type\":\"WebSite\",\"@id\":\"https:\/\/www.oarcanjo.net\/site\/#website\",\"url\":\"https:\/\/www.oarcanjo.net\/site\/\",\"name\":\"O Arcanjo no ar\",\"description\":\"Site da Par\u00f3quia S\u00e3o Miguel Arcanjo (Arquidiocese de SP)\",\"publisher\":{\"@id\":\"https:\/\/www.oarcanjo.net\/site\/#organization\"},\"potentialAction\":[{\"@type\":\"SearchAction\",\"target\":{\"@type\":\"EntryPoint\",\"urlTemplate\":\"https:\/\/www.oarcanjo.net\/site\/?s={search_term_string}\"},\"query-input\":{\"@type\":\"PropertyValueSpecification\",\"valueRequired\":true,\"valueName\":\"search_term_string\"}}],\"inLanguage\":\"pt-BR\"},{\"@type\":\"Organization\",\"@id\":\"https:\/\/www.oarcanjo.net\/site\/#organization\",\"name\":\"Par\u00f3quia S\u00e3o Miguel Arcanjo\",\"url\":\"https:\/\/www.oarcanjo.net\/site\/\",\"logo\":{\"@type\":\"ImageObject\",\"inLanguage\":\"pt-BR\",\"@id\":\"https:\/\/www.oarcanjo.net\/site\/#\/schema\/logo\/image\/\",\"url\":\"https:\/\/www.oarcanjo.net\/site\/wp-content\/uploads\/LogoOArcanjo.png\",\"contentUrl\":\"https:\/\/www.oarcanjo.net\/site\/wp-content\/uploads\/LogoOArcanjo.png\",\"width\":319,\"height\":99,\"caption\":\"Par\u00f3quia S\u00e3o Miguel Arcanjo\"},\"image\":{\"@id\":\"https:\/\/www.oarcanjo.net\/site\/#\/schema\/logo\/image\/\"},\"sameAs\":[\"https:\/\/www.facebook.com\/OArcanjoNoAr\/\"]},{\"@type\":\"Person\",\"@id\":\"https:\/\/www.oarcanjo.net\/site\/#\/schema\/person\/5eb9480bedd2f3c97e430ce128c29c6c\",\"name\":\"danilo\"}]}<\/script>\n<!-- \/ Yoast SEO plugin. -->","yoast_head_json":{"title":"Beato Jo\u00e3o Calabria - O Arcanjo no ar","robots":{"index":"index","follow":"follow","max-snippet":"max-snippet:-1","max-image-preview":"max-image-preview:large","max-video-preview":"max-video-preview:-1"},"canonical":"https:\/\/www.oarcanjo.net\/site\/beato-joao-calabria\/","og_locale":"pt_BR","og_type":"article","og_title":"Beato Jo\u00e3o Calabria - O Arcanjo no ar","og_description":"4 de Dezembro Jo\u00e3o Cal\u00e1bria nasceu em Verona no dia 8 de outubro de 1873, s\u00e9timo e \u00faltimo filho de Lu\u00eds Cal\u00e1bria, sapateiro, e de \u00c2ngela Foschio, empregada dom\u00e9stica e mulher de grande f\u00e9, educada pelo Servo de Deus Pe. Nicolau Mazza, em seu Instituto para meninas pobres. Desde o seu nascimento, a pobreza lhe [&hellip;]","og_url":"https:\/\/www.oarcanjo.net\/site\/beato-joao-calabria\/","og_site_name":"O Arcanjo no ar","article_publisher":"https:\/\/www.facebook.com\/OArcanjoNoAr\/","article_published_time":"2017-12-04T02:06:10+00:00","article_modified_time":"2017-07-31T10:22:33+00:00","og_image":[{"url":"http:\/\/www.oarcanjo.net\/site\/wp-content\/uploads\/beato-joao-calabria-150x150.jpg"}],"author":"danilo","twitter_card":"summary_large_image","twitter_misc":{"Escrito por":"danilo","Est. tempo de leitura":"7 minutos"},"schema":{"@context":"https:\/\/schema.org","@graph":[{"@type":"Article","@id":"https:\/\/www.oarcanjo.net\/site\/beato-joao-calabria\/#article","isPartOf":{"@id":"https:\/\/www.oarcanjo.net\/site\/beato-joao-calabria\/"},"author":{"name":"danilo","@id":"https:\/\/www.oarcanjo.net\/site\/#\/schema\/person\/5eb9480bedd2f3c97e430ce128c29c6c"},"headline":"Beato Jo\u00e3o Calabria","datePublished":"2017-12-04T02:06:10+00:00","dateModified":"2017-07-31T10:22:33+00:00","mainEntityOfPage":{"@id":"https:\/\/www.oarcanjo.net\/site\/beato-joao-calabria\/"},"wordCount":1337,"commentCount":0,"publisher":{"@id":"https:\/\/www.oarcanjo.net\/site\/#organization"},"image":{"@id":"https:\/\/www.oarcanjo.net\/site\/beato-joao-calabria\/#primaryimage"},"thumbnailUrl":"http:\/\/www.oarcanjo.net\/site\/wp-content\/uploads\/beato-joao-calabria-150x150.jpg","articleSection":["Testemunhos"],"inLanguage":"pt-BR","potentialAction":[{"@type":"CommentAction","name":"Comment","target":["https:\/\/www.oarcanjo.net\/site\/beato-joao-calabria\/#respond"]}]},{"@type":"WebPage","@id":"https:\/\/www.oarcanjo.net\/site\/beato-joao-calabria\/","url":"https:\/\/www.oarcanjo.net\/site\/beato-joao-calabria\/","name":"Beato Jo\u00e3o Calabria - O Arcanjo no ar","isPartOf":{"@id":"https:\/\/www.oarcanjo.net\/site\/#website"},"primaryImageOfPage":{"@id":"https:\/\/www.oarcanjo.net\/site\/beato-joao-calabria\/#primaryimage"},"image":{"@id":"https:\/\/www.oarcanjo.net\/site\/beato-joao-calabria\/#primaryimage"},"thumbnailUrl":"http:\/\/www.oarcanjo.net\/site\/wp-content\/uploads\/beato-joao-calabria-150x150.jpg","datePublished":"2017-12-04T02:06:10+00:00","dateModified":"2017-07-31T10:22:33+00:00","breadcrumb":{"@id":"https:\/\/www.oarcanjo.net\/site\/beato-joao-calabria\/#breadcrumb"},"inLanguage":"pt-BR","potentialAction":[{"@type":"ReadAction","target":["https:\/\/www.oarcanjo.net\/site\/beato-joao-calabria\/"]}]},{"@type":"ImageObject","inLanguage":"pt-BR","@id":"https:\/\/www.oarcanjo.net\/site\/beato-joao-calabria\/#primaryimage","url":"https:\/\/www.oarcanjo.net\/site\/wp-content\/uploads\/beato-joao-calabria.jpg","contentUrl":"https:\/\/www.oarcanjo.net\/site\/wp-content\/uploads\/beato-joao-calabria.jpg","width":"380","height":"500"},{"@type":"BreadcrumbList","@id":"https:\/\/www.oarcanjo.net\/site\/beato-joao-calabria\/#breadcrumb","itemListElement":[{"@type":"ListItem","position":1,"name":"In\u00edcio","item":"https:\/\/www.oarcanjo.net\/site\/"},{"@type":"ListItem","position":2,"name":"Beato Jo\u00e3o Calabria"}]},{"@type":"WebSite","@id":"https:\/\/www.oarcanjo.net\/site\/#website","url":"https:\/\/www.oarcanjo.net\/site\/","name":"O Arcanjo no ar","description":"Site da Par\u00f3quia S\u00e3o Miguel Arcanjo (Arquidiocese de SP)","publisher":{"@id":"https:\/\/www.oarcanjo.net\/site\/#organization"},"potentialAction":[{"@type":"SearchAction","target":{"@type":"EntryPoint","urlTemplate":"https:\/\/www.oarcanjo.net\/site\/?s={search_term_string}"},"query-input":{"@type":"PropertyValueSpecification","valueRequired":true,"valueName":"search_term_string"}}],"inLanguage":"pt-BR"},{"@type":"Organization","@id":"https:\/\/www.oarcanjo.net\/site\/#organization","name":"Par\u00f3quia S\u00e3o Miguel Arcanjo","url":"https:\/\/www.oarcanjo.net\/site\/","logo":{"@type":"ImageObject","inLanguage":"pt-BR","@id":"https:\/\/www.oarcanjo.net\/site\/#\/schema\/logo\/image\/","url":"https:\/\/www.oarcanjo.net\/site\/wp-content\/uploads\/LogoOArcanjo.png","contentUrl":"https:\/\/www.oarcanjo.net\/site\/wp-content\/uploads\/LogoOArcanjo.png","width":319,"height":99,"caption":"Par\u00f3quia S\u00e3o Miguel Arcanjo"},"image":{"@id":"https:\/\/www.oarcanjo.net\/site\/#\/schema\/logo\/image\/"},"sameAs":["https:\/\/www.facebook.com\/OArcanjoNoAr\/"]},{"@type":"Person","@id":"https:\/\/www.oarcanjo.net\/site\/#\/schema\/person\/5eb9480bedd2f3c97e430ce128c29c6c","name":"danilo"}]}},"publishpress_future_action":{"enabled":false,"date":"2026-05-08 15:37:19","action":"category","newStatus":"draft","terms":[],"taxonomy":"category"},"publishpress_future_workflow_manual_trigger":{"enabledWorkflows":[]},"_links":{"self":[{"href":"https:\/\/www.oarcanjo.net\/site\/wp-json\/wp\/v2\/posts\/6337"}],"collection":[{"href":"https:\/\/www.oarcanjo.net\/site\/wp-json\/wp\/v2\/posts"}],"about":[{"href":"https:\/\/www.oarcanjo.net\/site\/wp-json\/wp\/v2\/types\/post"}],"author":[{"embeddable":true,"href":"https:\/\/www.oarcanjo.net\/site\/wp-json\/wp\/v2\/users\/14"}],"replies":[{"embeddable":true,"href":"https:\/\/www.oarcanjo.net\/site\/wp-json\/wp\/v2\/comments?post=6337"}],"version-history":[{"count":0,"href":"https:\/\/www.oarcanjo.net\/site\/wp-json\/wp\/v2\/posts\/6337\/revisions"}],"wp:attachment":[{"href":"https:\/\/www.oarcanjo.net\/site\/wp-json\/wp\/v2\/media?parent=6337"}],"wp:term":[{"taxonomy":"category","embeddable":true,"href":"https:\/\/www.oarcanjo.net\/site\/wp-json\/wp\/v2\/categories?post=6337"},{"taxonomy":"post_tag","embeddable":true,"href":"https:\/\/www.oarcanjo.net\/site\/wp-json\/wp\/v2\/tags?post=6337"}],"curies":[{"name":"wp","href":"https:\/\/api.w.org\/{rel}","templated":true}]}}