
{"id":6340,"date":"2017-12-05T00:05:32","date_gmt":"2017-12-05T02:05:32","guid":{"rendered":"http:\/\/www.oarcanjo.net\/site\/?p=6340"},"modified":"2017-07-31T07:22:39","modified_gmt":"2017-07-31T10:22:39","slug":"sao-sabas","status":"publish","type":"post","link":"https:\/\/www.oarcanjo.net\/site\/sao-sabas\/","title":{"rendered":"S\u00e3o Sabas"},"content":{"rendered":"<p><img loading=\"lazy\" decoding=\"async\" class=\"aligncenter size-full wp-image-6341\" src=\"http:\/\/www.oarcanjo.net\/site\/wp-content\/uploads\/sao-sabas.jpg\" alt=\"sao sabas\" width=\"81\" height=\"103\" \/>5 de Dezembro<\/p>\n<p>Sabas \u00e9 o fundador da chamada Grande Laura ao lado do vale de Cedron, as portas de Jerusal\u00e9m. Nasceu em Mutalasca, perto de Cesar\u00e9ia de Capad\u00f3cia, em 439. Ap\u00f3s ter passado alguns anos no mosteiro da sua cidade, em 457 passou ao de Jerusal\u00e9m, fundado por Passari\u00e3o, que n\u00e3o julgou todavia condizente com suas aspira\u00e7\u00f5es. Mas ao contr\u00e1rio de muitos monges, que abandonavam o pr\u00f3prio convento para correr as cidades grandes, antes que viver uma vida edificante, Sabas, desejoso de solid\u00e3o, durante uma estrada em Alexandria pediu e obteve a licen\u00e7a de retirar-se para uma gruta, comprometendo-se a voltar todos os s\u00e1bados e domingos para fazer vida comum no mosteiro.<\/p>\n<p>Cinco anos mais tarde, em 478, voltando a Jerusal\u00e9m, fixou o seu domic\u00edlio no vale do Cedron, em uma gruta inacess\u00edvel, aonde s\u00f3 por meio de cordas se chegava. Aquela escadinha (de cordas), ao que parece, revelou seu esconderijo a outros monges, desejosos como ele de solid\u00e3o, e em breve, como um enxame, as grutas in\u00f3spitas, na parede rochosa, povoaram-se de solit\u00e1rios mas n\u00e3o ociosos habitantes.<\/p>\n<p>Nascia assim a Grande Laura, isto \u00e9, um dos mais originais mosteiros da antig\u00fcidade crist\u00e3. Sabas, com grande paci\u00eancia e ao mesmo tempo com indiscutivel autoridade, governou aquele crescente ex\u00e9rcito de eremitas organizando-o segundo as regras de vida cenobita, j\u00e1 fixada por s\u00e3o Pac\u00f4mio, um s\u00e9culo antes. Para que a autoridade do santo abade tivesse um ponto de refer\u00eancia na autoridade do bispo, o patriarca de Jerusal\u00e9m ordenou-o sacerdote em 491. Sabas, n\u00e3o obstante a predile\u00e7\u00e3o pelo absoluto isolamento do mundo, n\u00e3o se subtraiu as suas tarefas sacerdotais. Fundou outros mosteiros, entre os quais um Ema\u00fas e tomou parte ativa na luta contra os monofisitas, chegando a ponto de mobilizar seus monges numa expedi\u00e7\u00e3o para opor-se ao estabelecimento de um bispo herege, enviado a Jerusal\u00e9m pelo imperador Anast\u00e1cio.<\/p>\n<p>Diante do imperador de Constantinopla, s\u00e3o Sabas encenou uma verdadeira representa\u00e7\u00e3o de m\u00edmicas para mostrar com a evid\u00eancia da imagem coreogr\u00e1fica as tristes condi\u00e7\u00f5es do povo palestino oprimido por pesadas taxas e, em particular, por uma taxa que atingia os pequenos comerciantes. Quando morreu, a 5 de dezembro de 532, toda a regi\u00e3o quis honr\u00e1-lo com espl\u00eandidos funerais. Em Roma, no s\u00e9culo VII, surgiram sobre o Aventino, por meio de monges gregos, um mosteiro e uma bas\u00edlica a ele dedicados, que deram nome a todo o bairro.<\/p>\n<div id=\"themify_builder_content-6340\" data-postid=\"6340\" class=\"themify_builder_content themify_builder_content-6340 themify_builder themify_builder_front\">\n\t<\/div>\n<!-- \/themify_builder_content -->","protected":false},"excerpt":{"rendered":"<p>5 de Dezembro Sabas \u00e9 o fundador da chamada Grande Laura ao lado do vale de Cedron, as portas de Jerusal\u00e9m. Nasceu em Mutalasca, perto de Cesar\u00e9ia de Capad\u00f3cia, em 439. Ap\u00f3s ter passado alguns anos no mosteiro da sua cidade, em 457 passou ao de Jerusal\u00e9m, fundado por Passari\u00e3o, que n\u00e3o julgou todavia condizente [&hellip;]<\/p>\n","protected":false},"author":14,"featured_media":0,"comment_status":"open","ping_status":"open","sticky":false,"template":"","format":"standard","meta":{"ngg_post_thumbnail":0,"footnotes":""},"categories":[186],"tags":[],"yoast_head":"<!-- This site is optimized with the Yoast SEO plugin v23.5 - https:\/\/yoast.com\/wordpress\/plugins\/seo\/ -->\n<title>S\u00e3o Sabas - O Arcanjo no ar<\/title>\n<meta name=\"robots\" content=\"index, follow, max-snippet:-1, max-image-preview:large, max-video-preview:-1\" \/>\n<link rel=\"canonical\" href=\"https:\/\/www.oarcanjo.net\/site\/sao-sabas\/\" \/>\n<meta property=\"og:locale\" content=\"pt_BR\" \/>\n<meta property=\"og:type\" content=\"article\" \/>\n<meta property=\"og:title\" content=\"S\u00e3o Sabas - O Arcanjo no ar\" \/>\n<meta property=\"og:description\" content=\"5 de Dezembro Sabas \u00e9 o fundador da chamada Grande Laura ao lado do vale de Cedron, as portas de Jerusal\u00e9m. Nasceu em Mutalasca, perto de Cesar\u00e9ia de Capad\u00f3cia, em 439. Ap\u00f3s ter passado alguns anos no mosteiro da sua cidade, em 457 passou ao de Jerusal\u00e9m, fundado por Passari\u00e3o, que n\u00e3o julgou todavia condizente [&hellip;]\" \/>\n<meta property=\"og:url\" content=\"https:\/\/www.oarcanjo.net\/site\/sao-sabas\/\" \/>\n<meta property=\"og:site_name\" content=\"O Arcanjo no ar\" \/>\n<meta property=\"article:publisher\" content=\"https:\/\/www.facebook.com\/OArcanjoNoAr\/\" \/>\n<meta property=\"article:published_time\" content=\"2017-12-05T02:05:32+00:00\" \/>\n<meta property=\"article:modified_time\" content=\"2017-07-31T10:22:39+00:00\" \/>\n<meta property=\"og:image\" content=\"http:\/\/www.oarcanjo.net\/site\/wp-content\/uploads\/sao-sabas.jpg\" \/>\n<meta name=\"author\" content=\"danilo\" \/>\n<meta name=\"twitter:card\" content=\"summary_large_image\" \/>\n<meta name=\"twitter:label1\" content=\"Escrito por\" \/>\n\t<meta name=\"twitter:data1\" content=\"danilo\" \/>\n\t<meta name=\"twitter:label2\" content=\"Est. tempo de leitura\" \/>\n\t<meta name=\"twitter:data2\" content=\"2 minutos\" \/>\n<script type=\"application\/ld+json\" class=\"yoast-schema-graph\">{\"@context\":\"https:\/\/schema.org\",\"@graph\":[{\"@type\":\"Article\",\"@id\":\"https:\/\/www.oarcanjo.net\/site\/sao-sabas\/#article\",\"isPartOf\":{\"@id\":\"https:\/\/www.oarcanjo.net\/site\/sao-sabas\/\"},\"author\":{\"name\":\"danilo\",\"@id\":\"https:\/\/www.oarcanjo.net\/site\/#\/schema\/person\/5eb9480bedd2f3c97e430ce128c29c6c\"},\"headline\":\"S\u00e3o Sabas\",\"datePublished\":\"2017-12-05T02:05:32+00:00\",\"dateModified\":\"2017-07-31T10:22:39+00:00\",\"mainEntityOfPage\":{\"@id\":\"https:\/\/www.oarcanjo.net\/site\/sao-sabas\/\"},\"wordCount\":434,\"commentCount\":0,\"publisher\":{\"@id\":\"https:\/\/www.oarcanjo.net\/site\/#organization\"},\"image\":{\"@id\":\"https:\/\/www.oarcanjo.net\/site\/sao-sabas\/#primaryimage\"},\"thumbnailUrl\":\"http:\/\/www.oarcanjo.net\/site\/wp-content\/uploads\/sao-sabas.jpg\",\"articleSection\":[\"Testemunhos\"],\"inLanguage\":\"pt-BR\",\"potentialAction\":[{\"@type\":\"CommentAction\",\"name\":\"Comment\",\"target\":[\"https:\/\/www.oarcanjo.net\/site\/sao-sabas\/#respond\"]}]},{\"@type\":\"WebPage\",\"@id\":\"https:\/\/www.oarcanjo.net\/site\/sao-sabas\/\",\"url\":\"https:\/\/www.oarcanjo.net\/site\/sao-sabas\/\",\"name\":\"S\u00e3o Sabas - O Arcanjo no ar\",\"isPartOf\":{\"@id\":\"https:\/\/www.oarcanjo.net\/site\/#website\"},\"primaryImageOfPage\":{\"@id\":\"https:\/\/www.oarcanjo.net\/site\/sao-sabas\/#primaryimage\"},\"image\":{\"@id\":\"https:\/\/www.oarcanjo.net\/site\/sao-sabas\/#primaryimage\"},\"thumbnailUrl\":\"http:\/\/www.oarcanjo.net\/site\/wp-content\/uploads\/sao-sabas.jpg\",\"datePublished\":\"2017-12-05T02:05:32+00:00\",\"dateModified\":\"2017-07-31T10:22:39+00:00\",\"breadcrumb\":{\"@id\":\"https:\/\/www.oarcanjo.net\/site\/sao-sabas\/#breadcrumb\"},\"inLanguage\":\"pt-BR\",\"potentialAction\":[{\"@type\":\"ReadAction\",\"target\":[\"https:\/\/www.oarcanjo.net\/site\/sao-sabas\/\"]}]},{\"@type\":\"ImageObject\",\"inLanguage\":\"pt-BR\",\"@id\":\"https:\/\/www.oarcanjo.net\/site\/sao-sabas\/#primaryimage\",\"url\":\"https:\/\/www.oarcanjo.net\/site\/wp-content\/uploads\/sao-sabas.jpg\",\"contentUrl\":\"https:\/\/www.oarcanjo.net\/site\/wp-content\/uploads\/sao-sabas.jpg\",\"width\":\"81\",\"height\":\"103\"},{\"@type\":\"BreadcrumbList\",\"@id\":\"https:\/\/www.oarcanjo.net\/site\/sao-sabas\/#breadcrumb\",\"itemListElement\":[{\"@type\":\"ListItem\",\"position\":1,\"name\":\"In\u00edcio\",\"item\":\"https:\/\/www.oarcanjo.net\/site\/\"},{\"@type\":\"ListItem\",\"position\":2,\"name\":\"S\u00e3o Sabas\"}]},{\"@type\":\"WebSite\",\"@id\":\"https:\/\/www.oarcanjo.net\/site\/#website\",\"url\":\"https:\/\/www.oarcanjo.net\/site\/\",\"name\":\"O Arcanjo no ar\",\"description\":\"Site da Par\u00f3quia S\u00e3o Miguel Arcanjo (Arquidiocese de SP)\",\"publisher\":{\"@id\":\"https:\/\/www.oarcanjo.net\/site\/#organization\"},\"potentialAction\":[{\"@type\":\"SearchAction\",\"target\":{\"@type\":\"EntryPoint\",\"urlTemplate\":\"https:\/\/www.oarcanjo.net\/site\/?s={search_term_string}\"},\"query-input\":{\"@type\":\"PropertyValueSpecification\",\"valueRequired\":true,\"valueName\":\"search_term_string\"}}],\"inLanguage\":\"pt-BR\"},{\"@type\":\"Organization\",\"@id\":\"https:\/\/www.oarcanjo.net\/site\/#organization\",\"name\":\"Par\u00f3quia S\u00e3o Miguel Arcanjo\",\"url\":\"https:\/\/www.oarcanjo.net\/site\/\",\"logo\":{\"@type\":\"ImageObject\",\"inLanguage\":\"pt-BR\",\"@id\":\"https:\/\/www.oarcanjo.net\/site\/#\/schema\/logo\/image\/\",\"url\":\"https:\/\/www.oarcanjo.net\/site\/wp-content\/uploads\/LogoOArcanjo.png\",\"contentUrl\":\"https:\/\/www.oarcanjo.net\/site\/wp-content\/uploads\/LogoOArcanjo.png\",\"width\":319,\"height\":99,\"caption\":\"Par\u00f3quia S\u00e3o Miguel Arcanjo\"},\"image\":{\"@id\":\"https:\/\/www.oarcanjo.net\/site\/#\/schema\/logo\/image\/\"},\"sameAs\":[\"https:\/\/www.facebook.com\/OArcanjoNoAr\/\"]},{\"@type\":\"Person\",\"@id\":\"https:\/\/www.oarcanjo.net\/site\/#\/schema\/person\/5eb9480bedd2f3c97e430ce128c29c6c\",\"name\":\"danilo\"}]}<\/script>\n<!-- \/ Yoast SEO plugin. -->","yoast_head_json":{"title":"S\u00e3o Sabas - O Arcanjo no ar","robots":{"index":"index","follow":"follow","max-snippet":"max-snippet:-1","max-image-preview":"max-image-preview:large","max-video-preview":"max-video-preview:-1"},"canonical":"https:\/\/www.oarcanjo.net\/site\/sao-sabas\/","og_locale":"pt_BR","og_type":"article","og_title":"S\u00e3o Sabas - O Arcanjo no ar","og_description":"5 de Dezembro Sabas \u00e9 o fundador da chamada Grande Laura ao lado do vale de Cedron, as portas de Jerusal\u00e9m. Nasceu em Mutalasca, perto de Cesar\u00e9ia de Capad\u00f3cia, em 439. Ap\u00f3s ter passado alguns anos no mosteiro da sua cidade, em 457 passou ao de Jerusal\u00e9m, fundado por Passari\u00e3o, que n\u00e3o julgou todavia condizente [&hellip;]","og_url":"https:\/\/www.oarcanjo.net\/site\/sao-sabas\/","og_site_name":"O Arcanjo no ar","article_publisher":"https:\/\/www.facebook.com\/OArcanjoNoAr\/","article_published_time":"2017-12-05T02:05:32+00:00","article_modified_time":"2017-07-31T10:22:39+00:00","og_image":[{"url":"http:\/\/www.oarcanjo.net\/site\/wp-content\/uploads\/sao-sabas.jpg"}],"author":"danilo","twitter_card":"summary_large_image","twitter_misc":{"Escrito por":"danilo","Est. tempo de leitura":"2 minutos"},"schema":{"@context":"https:\/\/schema.org","@graph":[{"@type":"Article","@id":"https:\/\/www.oarcanjo.net\/site\/sao-sabas\/#article","isPartOf":{"@id":"https:\/\/www.oarcanjo.net\/site\/sao-sabas\/"},"author":{"name":"danilo","@id":"https:\/\/www.oarcanjo.net\/site\/#\/schema\/person\/5eb9480bedd2f3c97e430ce128c29c6c"},"headline":"S\u00e3o Sabas","datePublished":"2017-12-05T02:05:32+00:00","dateModified":"2017-07-31T10:22:39+00:00","mainEntityOfPage":{"@id":"https:\/\/www.oarcanjo.net\/site\/sao-sabas\/"},"wordCount":434,"commentCount":0,"publisher":{"@id":"https:\/\/www.oarcanjo.net\/site\/#organization"},"image":{"@id":"https:\/\/www.oarcanjo.net\/site\/sao-sabas\/#primaryimage"},"thumbnailUrl":"http:\/\/www.oarcanjo.net\/site\/wp-content\/uploads\/sao-sabas.jpg","articleSection":["Testemunhos"],"inLanguage":"pt-BR","potentialAction":[{"@type":"CommentAction","name":"Comment","target":["https:\/\/www.oarcanjo.net\/site\/sao-sabas\/#respond"]}]},{"@type":"WebPage","@id":"https:\/\/www.oarcanjo.net\/site\/sao-sabas\/","url":"https:\/\/www.oarcanjo.net\/site\/sao-sabas\/","name":"S\u00e3o Sabas - O Arcanjo no ar","isPartOf":{"@id":"https:\/\/www.oarcanjo.net\/site\/#website"},"primaryImageOfPage":{"@id":"https:\/\/www.oarcanjo.net\/site\/sao-sabas\/#primaryimage"},"image":{"@id":"https:\/\/www.oarcanjo.net\/site\/sao-sabas\/#primaryimage"},"thumbnailUrl":"http:\/\/www.oarcanjo.net\/site\/wp-content\/uploads\/sao-sabas.jpg","datePublished":"2017-12-05T02:05:32+00:00","dateModified":"2017-07-31T10:22:39+00:00","breadcrumb":{"@id":"https:\/\/www.oarcanjo.net\/site\/sao-sabas\/#breadcrumb"},"inLanguage":"pt-BR","potentialAction":[{"@type":"ReadAction","target":["https:\/\/www.oarcanjo.net\/site\/sao-sabas\/"]}]},{"@type":"ImageObject","inLanguage":"pt-BR","@id":"https:\/\/www.oarcanjo.net\/site\/sao-sabas\/#primaryimage","url":"https:\/\/www.oarcanjo.net\/site\/wp-content\/uploads\/sao-sabas.jpg","contentUrl":"https:\/\/www.oarcanjo.net\/site\/wp-content\/uploads\/sao-sabas.jpg","width":"81","height":"103"},{"@type":"BreadcrumbList","@id":"https:\/\/www.oarcanjo.net\/site\/sao-sabas\/#breadcrumb","itemListElement":[{"@type":"ListItem","position":1,"name":"In\u00edcio","item":"https:\/\/www.oarcanjo.net\/site\/"},{"@type":"ListItem","position":2,"name":"S\u00e3o Sabas"}]},{"@type":"WebSite","@id":"https:\/\/www.oarcanjo.net\/site\/#website","url":"https:\/\/www.oarcanjo.net\/site\/","name":"O Arcanjo no ar","description":"Site da Par\u00f3quia S\u00e3o Miguel Arcanjo (Arquidiocese de SP)","publisher":{"@id":"https:\/\/www.oarcanjo.net\/site\/#organization"},"potentialAction":[{"@type":"SearchAction","target":{"@type":"EntryPoint","urlTemplate":"https:\/\/www.oarcanjo.net\/site\/?s={search_term_string}"},"query-input":{"@type":"PropertyValueSpecification","valueRequired":true,"valueName":"search_term_string"}}],"inLanguage":"pt-BR"},{"@type":"Organization","@id":"https:\/\/www.oarcanjo.net\/site\/#organization","name":"Par\u00f3quia S\u00e3o Miguel Arcanjo","url":"https:\/\/www.oarcanjo.net\/site\/","logo":{"@type":"ImageObject","inLanguage":"pt-BR","@id":"https:\/\/www.oarcanjo.net\/site\/#\/schema\/logo\/image\/","url":"https:\/\/www.oarcanjo.net\/site\/wp-content\/uploads\/LogoOArcanjo.png","contentUrl":"https:\/\/www.oarcanjo.net\/site\/wp-content\/uploads\/LogoOArcanjo.png","width":319,"height":99,"caption":"Par\u00f3quia S\u00e3o Miguel Arcanjo"},"image":{"@id":"https:\/\/www.oarcanjo.net\/site\/#\/schema\/logo\/image\/"},"sameAs":["https:\/\/www.facebook.com\/OArcanjoNoAr\/"]},{"@type":"Person","@id":"https:\/\/www.oarcanjo.net\/site\/#\/schema\/person\/5eb9480bedd2f3c97e430ce128c29c6c","name":"danilo"}]}},"publishpress_future_action":{"enabled":false,"date":"2026-05-08 15:47:05","action":"category","newStatus":"draft","terms":[],"taxonomy":"category"},"publishpress_future_workflow_manual_trigger":{"enabledWorkflows":[]},"_links":{"self":[{"href":"https:\/\/www.oarcanjo.net\/site\/wp-json\/wp\/v2\/posts\/6340"}],"collection":[{"href":"https:\/\/www.oarcanjo.net\/site\/wp-json\/wp\/v2\/posts"}],"about":[{"href":"https:\/\/www.oarcanjo.net\/site\/wp-json\/wp\/v2\/types\/post"}],"author":[{"embeddable":true,"href":"https:\/\/www.oarcanjo.net\/site\/wp-json\/wp\/v2\/users\/14"}],"replies":[{"embeddable":true,"href":"https:\/\/www.oarcanjo.net\/site\/wp-json\/wp\/v2\/comments?post=6340"}],"version-history":[{"count":0,"href":"https:\/\/www.oarcanjo.net\/site\/wp-json\/wp\/v2\/posts\/6340\/revisions"}],"wp:attachment":[{"href":"https:\/\/www.oarcanjo.net\/site\/wp-json\/wp\/v2\/media?parent=6340"}],"wp:term":[{"taxonomy":"category","embeddable":true,"href":"https:\/\/www.oarcanjo.net\/site\/wp-json\/wp\/v2\/categories?post=6340"},{"taxonomy":"post_tag","embeddable":true,"href":"https:\/\/www.oarcanjo.net\/site\/wp-json\/wp\/v2\/tags?post=6340"}],"curies":[{"name":"wp","href":"https:\/\/api.w.org\/{rel}","templated":true}]}}