
{"id":6343,"date":"2014-12-05T00:17:18","date_gmt":"2014-12-05T02:17:18","guid":{"rendered":"http:\/\/www.oarcanjo.net\/site\/?p=6343"},"modified":"2014-11-11T11:14:36","modified_gmt":"2014-11-11T13:14:36","slug":"nicola-stenon-bem-aventurado","status":"publish","type":"post","link":"https:\/\/www.oarcanjo.net\/site\/nicola-stenon-bem-aventurado\/","title":{"rendered":"Nicola Stenon &#8211; Bem Aventurado"},"content":{"rendered":"<p><img loading=\"lazy\" decoding=\"async\" class=\"aligncenter size-full wp-image-6344\" src=\"http:\/\/www.oarcanjo.net\/site\/wp-content\/uploads\/nicola-stenon.jpg\" alt=\"nicola stenon\" width=\"86\" height=\"118\" \/><\/p>\n<p>5 de Dezembro<\/p>\n<p>Nasceu no dia 11 de janeiro de 1638, em Copenhague, Dinamarca. A fam\u00edlia Stenon era rica e luterana. Seu pai, ourives da Corte, o batizou como Niels Stensen, que foi traduzido para o latim como Nicola Stenon.<\/p>\n<p>Quando jovem, resolveu estudar medicina, sendo enviado para as universidades de Copenhague, Rostock e Amsterd\u00e3. Muito aplicado e inteligente, descobriu que o cora\u00e7\u00e3o \u00e9 um m\u00fasculo e o canal que vai da gl\u00e2ndula par\u00f3tida at\u00e9 a boca, conhecido at\u00e9 hoje como &#8220;canal de steno&#8221;, ou &#8220;canal de stenon&#8221;.<\/p>\n<p>Mas ele n\u00e3o se restringiu apenas ao conhecimento cient\u00edfico. Dedicou-se ao estudo da doutrina crist\u00e3, que se refor\u00e7ou ainda mais quando se estabeleceu em Floren\u00e7a, por cauda das viagens que tinha de fazer pela Europa em fun\u00e7\u00e3o da medicina.<\/p>\n<p>Nos per\u00edodos em que ficava na cidade, participava de muitos retiros, estudando a religi\u00e3o e, principalmente, dialogando com doutores te\u00f3logos. Em 1667, foi tocado pela f\u00e9 durante a prociss\u00e3o &#8220;Corpus Domini&#8221; e decidiu tornar-se cat\u00f3lico, acolhendo os sacramentos da Igreja de Roma.<\/p>\n<p>Durante algum tempo, ele se dedicou a uma s\u00e9rie de prega\u00e7\u00f5es atrav\u00e9s de cartas enviadas a muitos amigos luteranos. Em seguida, em 1675, recebeu a ordena\u00e7\u00e3o sacerdotal em Floren\u00e7a. Dois anos depois, era consagrado bispo, sendo enviado como vig\u00e1rio apost\u00f3lico ao norte da Alemanha, territ\u00f3rio quase todo luterano.<\/p>\n<p>O bispo Nicola, com suas in\u00fameras visitas pastorais, levando a Palavra de Deus a quem encontrava, converteu muitos luteranos de volta ao catolicismo. Mesmo sofrendo de uma doen\u00e7a cr\u00f4nica nos rins, nunca pensou em abandonar sua miss\u00e3o em Schwerin. At\u00e9 que foi derrotado pela doen\u00e7a.<\/p>\n<p>Morreu no dia 5 de dezembro de 1686, entregue ao sacramento da penit\u00eancia. Confessou aos presentes seus pecados, porque n\u00e3o havia um padre cat\u00f3lico para receb\u00ea-la antes de morrer. Uma multid\u00e3o velou o seu corpo enterrado na catedral dessa cidade na Alemanha. Algum tempo depois, foi trasladado para Floren\u00e7a e sepultado na Bas\u00edlica de S\u00e3o Louren\u00e7o, onde permanece at\u00e9 hoje.<\/p>\n<p>O papa Jo\u00e3o Paulo II proclamou bem-aventurado Nicola Stenon em 1988. A festa lit\u00fargica para homenagear a sua mem\u00f3ria ocorre no dia de sua morte.<\/p>\n<div id=\"themify_builder_content-6343\" data-postid=\"6343\" class=\"themify_builder_content themify_builder_content-6343 themify_builder themify_builder_front\">\n\t<\/div>\n<!-- \/themify_builder_content -->","protected":false},"excerpt":{"rendered":"<p>5 de Dezembro Nasceu no dia 11 de janeiro de 1638, em Copenhague, Dinamarca. A fam\u00edlia Stenon era rica e luterana. Seu pai, ourives da Corte, o batizou como Niels Stensen, que foi traduzido para o latim como Nicola Stenon. Quando jovem, resolveu estudar medicina, sendo enviado para as universidades de Copenhague, Rostock e Amsterd\u00e3. [&hellip;]<\/p>\n","protected":false},"author":14,"featured_media":0,"comment_status":"open","ping_status":"open","sticky":false,"template":"","format":"standard","meta":{"ngg_post_thumbnail":0,"footnotes":""},"categories":[186],"tags":[],"yoast_head":"<!-- This site is optimized with the Yoast SEO plugin v23.5 - https:\/\/yoast.com\/wordpress\/plugins\/seo\/ -->\n<title>Nicola Stenon - Bem Aventurado - O Arcanjo no ar<\/title>\n<meta name=\"robots\" content=\"index, follow, max-snippet:-1, max-image-preview:large, max-video-preview:-1\" \/>\n<link rel=\"canonical\" href=\"https:\/\/www.oarcanjo.net\/site\/nicola-stenon-bem-aventurado\/\" \/>\n<meta property=\"og:locale\" content=\"pt_BR\" \/>\n<meta property=\"og:type\" content=\"article\" \/>\n<meta property=\"og:title\" content=\"Nicola Stenon - Bem Aventurado - O Arcanjo no ar\" \/>\n<meta property=\"og:description\" content=\"5 de Dezembro Nasceu no dia 11 de janeiro de 1638, em Copenhague, Dinamarca. A fam\u00edlia Stenon era rica e luterana. Seu pai, ourives da Corte, o batizou como Niels Stensen, que foi traduzido para o latim como Nicola Stenon. Quando jovem, resolveu estudar medicina, sendo enviado para as universidades de Copenhague, Rostock e Amsterd\u00e3. [&hellip;]\" \/>\n<meta property=\"og:url\" content=\"https:\/\/www.oarcanjo.net\/site\/nicola-stenon-bem-aventurado\/\" \/>\n<meta property=\"og:site_name\" content=\"O Arcanjo no ar\" \/>\n<meta property=\"article:publisher\" content=\"https:\/\/www.facebook.com\/OArcanjoNoAr\/\" \/>\n<meta property=\"article:published_time\" content=\"2014-12-05T02:17:18+00:00\" \/>\n<meta property=\"article:modified_time\" content=\"2014-11-11T13:14:36+00:00\" \/>\n<meta property=\"og:image\" content=\"http:\/\/www.oarcanjo.net\/site\/wp-content\/uploads\/nicola-stenon.jpg\" \/>\n<meta name=\"author\" content=\"danilo\" \/>\n<meta name=\"twitter:card\" content=\"summary_large_image\" \/>\n<meta name=\"twitter:label1\" content=\"Escrito por\" \/>\n\t<meta name=\"twitter:data1\" content=\"danilo\" \/>\n\t<meta name=\"twitter:label2\" content=\"Est. tempo de leitura\" \/>\n\t<meta name=\"twitter:data2\" content=\"2 minutos\" \/>\n<script type=\"application\/ld+json\" class=\"yoast-schema-graph\">{\"@context\":\"https:\/\/schema.org\",\"@graph\":[{\"@type\":\"Article\",\"@id\":\"https:\/\/www.oarcanjo.net\/site\/nicola-stenon-bem-aventurado\/#article\",\"isPartOf\":{\"@id\":\"https:\/\/www.oarcanjo.net\/site\/nicola-stenon-bem-aventurado\/\"},\"author\":{\"name\":\"danilo\",\"@id\":\"https:\/\/www.oarcanjo.net\/site\/#\/schema\/person\/5eb9480bedd2f3c97e430ce128c29c6c\"},\"headline\":\"Nicola Stenon &#8211; Bem Aventurado\",\"datePublished\":\"2014-12-05T02:17:18+00:00\",\"dateModified\":\"2014-11-11T13:14:36+00:00\",\"mainEntityOfPage\":{\"@id\":\"https:\/\/www.oarcanjo.net\/site\/nicola-stenon-bem-aventurado\/\"},\"wordCount\":383,\"commentCount\":0,\"publisher\":{\"@id\":\"https:\/\/www.oarcanjo.net\/site\/#organization\"},\"image\":{\"@id\":\"https:\/\/www.oarcanjo.net\/site\/nicola-stenon-bem-aventurado\/#primaryimage\"},\"thumbnailUrl\":\"http:\/\/www.oarcanjo.net\/site\/wp-content\/uploads\/nicola-stenon.jpg\",\"articleSection\":[\"Testemunhos\"],\"inLanguage\":\"pt-BR\",\"potentialAction\":[{\"@type\":\"CommentAction\",\"name\":\"Comment\",\"target\":[\"https:\/\/www.oarcanjo.net\/site\/nicola-stenon-bem-aventurado\/#respond\"]}]},{\"@type\":\"WebPage\",\"@id\":\"https:\/\/www.oarcanjo.net\/site\/nicola-stenon-bem-aventurado\/\",\"url\":\"https:\/\/www.oarcanjo.net\/site\/nicola-stenon-bem-aventurado\/\",\"name\":\"Nicola Stenon - Bem Aventurado - O Arcanjo no ar\",\"isPartOf\":{\"@id\":\"https:\/\/www.oarcanjo.net\/site\/#website\"},\"primaryImageOfPage\":{\"@id\":\"https:\/\/www.oarcanjo.net\/site\/nicola-stenon-bem-aventurado\/#primaryimage\"},\"image\":{\"@id\":\"https:\/\/www.oarcanjo.net\/site\/nicola-stenon-bem-aventurado\/#primaryimage\"},\"thumbnailUrl\":\"http:\/\/www.oarcanjo.net\/site\/wp-content\/uploads\/nicola-stenon.jpg\",\"datePublished\":\"2014-12-05T02:17:18+00:00\",\"dateModified\":\"2014-11-11T13:14:36+00:00\",\"breadcrumb\":{\"@id\":\"https:\/\/www.oarcanjo.net\/site\/nicola-stenon-bem-aventurado\/#breadcrumb\"},\"inLanguage\":\"pt-BR\",\"potentialAction\":[{\"@type\":\"ReadAction\",\"target\":[\"https:\/\/www.oarcanjo.net\/site\/nicola-stenon-bem-aventurado\/\"]}]},{\"@type\":\"ImageObject\",\"inLanguage\":\"pt-BR\",\"@id\":\"https:\/\/www.oarcanjo.net\/site\/nicola-stenon-bem-aventurado\/#primaryimage\",\"url\":\"https:\/\/www.oarcanjo.net\/site\/wp-content\/uploads\/nicola-stenon.jpg\",\"contentUrl\":\"https:\/\/www.oarcanjo.net\/site\/wp-content\/uploads\/nicola-stenon.jpg\",\"width\":\"86\",\"height\":\"118\"},{\"@type\":\"BreadcrumbList\",\"@id\":\"https:\/\/www.oarcanjo.net\/site\/nicola-stenon-bem-aventurado\/#breadcrumb\",\"itemListElement\":[{\"@type\":\"ListItem\",\"position\":1,\"name\":\"In\u00edcio\",\"item\":\"https:\/\/www.oarcanjo.net\/site\/\"},{\"@type\":\"ListItem\",\"position\":2,\"name\":\"Nicola Stenon &#8211; Bem Aventurado\"}]},{\"@type\":\"WebSite\",\"@id\":\"https:\/\/www.oarcanjo.net\/site\/#website\",\"url\":\"https:\/\/www.oarcanjo.net\/site\/\",\"name\":\"O Arcanjo no ar\",\"description\":\"Site da Par\u00f3quia S\u00e3o Miguel Arcanjo (Arquidiocese de SP)\",\"publisher\":{\"@id\":\"https:\/\/www.oarcanjo.net\/site\/#organization\"},\"potentialAction\":[{\"@type\":\"SearchAction\",\"target\":{\"@type\":\"EntryPoint\",\"urlTemplate\":\"https:\/\/www.oarcanjo.net\/site\/?s={search_term_string}\"},\"query-input\":{\"@type\":\"PropertyValueSpecification\",\"valueRequired\":true,\"valueName\":\"search_term_string\"}}],\"inLanguage\":\"pt-BR\"},{\"@type\":\"Organization\",\"@id\":\"https:\/\/www.oarcanjo.net\/site\/#organization\",\"name\":\"Par\u00f3quia S\u00e3o Miguel Arcanjo\",\"url\":\"https:\/\/www.oarcanjo.net\/site\/\",\"logo\":{\"@type\":\"ImageObject\",\"inLanguage\":\"pt-BR\",\"@id\":\"https:\/\/www.oarcanjo.net\/site\/#\/schema\/logo\/image\/\",\"url\":\"https:\/\/www.oarcanjo.net\/site\/wp-content\/uploads\/LogoOArcanjo.png\",\"contentUrl\":\"https:\/\/www.oarcanjo.net\/site\/wp-content\/uploads\/LogoOArcanjo.png\",\"width\":319,\"height\":99,\"caption\":\"Par\u00f3quia S\u00e3o Miguel Arcanjo\"},\"image\":{\"@id\":\"https:\/\/www.oarcanjo.net\/site\/#\/schema\/logo\/image\/\"},\"sameAs\":[\"https:\/\/www.facebook.com\/OArcanjoNoAr\/\"]},{\"@type\":\"Person\",\"@id\":\"https:\/\/www.oarcanjo.net\/site\/#\/schema\/person\/5eb9480bedd2f3c97e430ce128c29c6c\",\"name\":\"danilo\"}]}<\/script>\n<!-- \/ Yoast SEO plugin. -->","yoast_head_json":{"title":"Nicola Stenon - Bem Aventurado - O Arcanjo no ar","robots":{"index":"index","follow":"follow","max-snippet":"max-snippet:-1","max-image-preview":"max-image-preview:large","max-video-preview":"max-video-preview:-1"},"canonical":"https:\/\/www.oarcanjo.net\/site\/nicola-stenon-bem-aventurado\/","og_locale":"pt_BR","og_type":"article","og_title":"Nicola Stenon - Bem Aventurado - O Arcanjo no ar","og_description":"5 de Dezembro Nasceu no dia 11 de janeiro de 1638, em Copenhague, Dinamarca. A fam\u00edlia Stenon era rica e luterana. Seu pai, ourives da Corte, o batizou como Niels Stensen, que foi traduzido para o latim como Nicola Stenon. Quando jovem, resolveu estudar medicina, sendo enviado para as universidades de Copenhague, Rostock e Amsterd\u00e3. [&hellip;]","og_url":"https:\/\/www.oarcanjo.net\/site\/nicola-stenon-bem-aventurado\/","og_site_name":"O Arcanjo no ar","article_publisher":"https:\/\/www.facebook.com\/OArcanjoNoAr\/","article_published_time":"2014-12-05T02:17:18+00:00","article_modified_time":"2014-11-11T13:14:36+00:00","og_image":[{"url":"http:\/\/www.oarcanjo.net\/site\/wp-content\/uploads\/nicola-stenon.jpg"}],"author":"danilo","twitter_card":"summary_large_image","twitter_misc":{"Escrito por":"danilo","Est. tempo de leitura":"2 minutos"},"schema":{"@context":"https:\/\/schema.org","@graph":[{"@type":"Article","@id":"https:\/\/www.oarcanjo.net\/site\/nicola-stenon-bem-aventurado\/#article","isPartOf":{"@id":"https:\/\/www.oarcanjo.net\/site\/nicola-stenon-bem-aventurado\/"},"author":{"name":"danilo","@id":"https:\/\/www.oarcanjo.net\/site\/#\/schema\/person\/5eb9480bedd2f3c97e430ce128c29c6c"},"headline":"Nicola Stenon &#8211; Bem Aventurado","datePublished":"2014-12-05T02:17:18+00:00","dateModified":"2014-11-11T13:14:36+00:00","mainEntityOfPage":{"@id":"https:\/\/www.oarcanjo.net\/site\/nicola-stenon-bem-aventurado\/"},"wordCount":383,"commentCount":0,"publisher":{"@id":"https:\/\/www.oarcanjo.net\/site\/#organization"},"image":{"@id":"https:\/\/www.oarcanjo.net\/site\/nicola-stenon-bem-aventurado\/#primaryimage"},"thumbnailUrl":"http:\/\/www.oarcanjo.net\/site\/wp-content\/uploads\/nicola-stenon.jpg","articleSection":["Testemunhos"],"inLanguage":"pt-BR","potentialAction":[{"@type":"CommentAction","name":"Comment","target":["https:\/\/www.oarcanjo.net\/site\/nicola-stenon-bem-aventurado\/#respond"]}]},{"@type":"WebPage","@id":"https:\/\/www.oarcanjo.net\/site\/nicola-stenon-bem-aventurado\/","url":"https:\/\/www.oarcanjo.net\/site\/nicola-stenon-bem-aventurado\/","name":"Nicola Stenon - Bem Aventurado - O Arcanjo no ar","isPartOf":{"@id":"https:\/\/www.oarcanjo.net\/site\/#website"},"primaryImageOfPage":{"@id":"https:\/\/www.oarcanjo.net\/site\/nicola-stenon-bem-aventurado\/#primaryimage"},"image":{"@id":"https:\/\/www.oarcanjo.net\/site\/nicola-stenon-bem-aventurado\/#primaryimage"},"thumbnailUrl":"http:\/\/www.oarcanjo.net\/site\/wp-content\/uploads\/nicola-stenon.jpg","datePublished":"2014-12-05T02:17:18+00:00","dateModified":"2014-11-11T13:14:36+00:00","breadcrumb":{"@id":"https:\/\/www.oarcanjo.net\/site\/nicola-stenon-bem-aventurado\/#breadcrumb"},"inLanguage":"pt-BR","potentialAction":[{"@type":"ReadAction","target":["https:\/\/www.oarcanjo.net\/site\/nicola-stenon-bem-aventurado\/"]}]},{"@type":"ImageObject","inLanguage":"pt-BR","@id":"https:\/\/www.oarcanjo.net\/site\/nicola-stenon-bem-aventurado\/#primaryimage","url":"https:\/\/www.oarcanjo.net\/site\/wp-content\/uploads\/nicola-stenon.jpg","contentUrl":"https:\/\/www.oarcanjo.net\/site\/wp-content\/uploads\/nicola-stenon.jpg","width":"86","height":"118"},{"@type":"BreadcrumbList","@id":"https:\/\/www.oarcanjo.net\/site\/nicola-stenon-bem-aventurado\/#breadcrumb","itemListElement":[{"@type":"ListItem","position":1,"name":"In\u00edcio","item":"https:\/\/www.oarcanjo.net\/site\/"},{"@type":"ListItem","position":2,"name":"Nicola Stenon &#8211; Bem Aventurado"}]},{"@type":"WebSite","@id":"https:\/\/www.oarcanjo.net\/site\/#website","url":"https:\/\/www.oarcanjo.net\/site\/","name":"O Arcanjo no ar","description":"Site da Par\u00f3quia S\u00e3o Miguel Arcanjo (Arquidiocese de SP)","publisher":{"@id":"https:\/\/www.oarcanjo.net\/site\/#organization"},"potentialAction":[{"@type":"SearchAction","target":{"@type":"EntryPoint","urlTemplate":"https:\/\/www.oarcanjo.net\/site\/?s={search_term_string}"},"query-input":{"@type":"PropertyValueSpecification","valueRequired":true,"valueName":"search_term_string"}}],"inLanguage":"pt-BR"},{"@type":"Organization","@id":"https:\/\/www.oarcanjo.net\/site\/#organization","name":"Par\u00f3quia S\u00e3o Miguel Arcanjo","url":"https:\/\/www.oarcanjo.net\/site\/","logo":{"@type":"ImageObject","inLanguage":"pt-BR","@id":"https:\/\/www.oarcanjo.net\/site\/#\/schema\/logo\/image\/","url":"https:\/\/www.oarcanjo.net\/site\/wp-content\/uploads\/LogoOArcanjo.png","contentUrl":"https:\/\/www.oarcanjo.net\/site\/wp-content\/uploads\/LogoOArcanjo.png","width":319,"height":99,"caption":"Par\u00f3quia S\u00e3o Miguel Arcanjo"},"image":{"@id":"https:\/\/www.oarcanjo.net\/site\/#\/schema\/logo\/image\/"},"sameAs":["https:\/\/www.facebook.com\/OArcanjoNoAr\/"]},{"@type":"Person","@id":"https:\/\/www.oarcanjo.net\/site\/#\/schema\/person\/5eb9480bedd2f3c97e430ce128c29c6c","name":"danilo"}]}},"publishpress_future_action":{"enabled":false,"date":"2026-05-08 06:12:29","action":"category","newStatus":"draft","terms":[],"taxonomy":"category"},"publishpress_future_workflow_manual_trigger":{"enabledWorkflows":[]},"_links":{"self":[{"href":"https:\/\/www.oarcanjo.net\/site\/wp-json\/wp\/v2\/posts\/6343"}],"collection":[{"href":"https:\/\/www.oarcanjo.net\/site\/wp-json\/wp\/v2\/posts"}],"about":[{"href":"https:\/\/www.oarcanjo.net\/site\/wp-json\/wp\/v2\/types\/post"}],"author":[{"embeddable":true,"href":"https:\/\/www.oarcanjo.net\/site\/wp-json\/wp\/v2\/users\/14"}],"replies":[{"embeddable":true,"href":"https:\/\/www.oarcanjo.net\/site\/wp-json\/wp\/v2\/comments?post=6343"}],"version-history":[{"count":0,"href":"https:\/\/www.oarcanjo.net\/site\/wp-json\/wp\/v2\/posts\/6343\/revisions"}],"wp:attachment":[{"href":"https:\/\/www.oarcanjo.net\/site\/wp-json\/wp\/v2\/media?parent=6343"}],"wp:term":[{"taxonomy":"category","embeddable":true,"href":"https:\/\/www.oarcanjo.net\/site\/wp-json\/wp\/v2\/categories?post=6343"},{"taxonomy":"post_tag","embeddable":true,"href":"https:\/\/www.oarcanjo.net\/site\/wp-json\/wp\/v2\/tags?post=6343"}],"curies":[{"name":"wp","href":"https:\/\/api.w.org\/{rel}","templated":true}]}}