
{"id":6347,"date":"2017-12-05T00:08:47","date_gmt":"2017-12-05T02:08:47","guid":{"rendered":"http:\/\/www.oarcanjo.net\/site\/?p=6347"},"modified":"2017-07-31T07:22:43","modified_gmt":"2017-07-31T10:22:43","slug":"sao-geraldo","status":"publish","type":"post","link":"https:\/\/www.oarcanjo.net\/site\/sao-geraldo\/","title":{"rendered":"S\u00e3o Geraldo"},"content":{"rendered":"<p><img loading=\"lazy\" decoding=\"async\" class=\"aligncenter size-thumbnail wp-image-6348\" src=\"http:\/\/www.oarcanjo.net\/site\/wp-content\/uploads\/sao-geraldo-de-braga-150x150.jpg\" alt=\"sao geraldo de braga\" width=\"150\" height=\"150\" \/><\/p>\n<p>5 de Dezembro &#8211; Padroeiro de Braga<\/p>\n<p><strong>A cidade de Braga festeja a 5 de Dezembro o seu padroeiro. Nada menos que o primeiro arcebispo desta metropolita arquidiocese: S\u00e3o Geraldo. Motivo para cerim\u00f3nias religiosas evocativas de t\u00e3o ins\u00edgne figura da nossa hist\u00f3ria comum, justifica igualmente a reuni\u00e3o das chamadas &#8220;for\u00e7as vivas&#8221;, um encontro \u00edmpar que se vem alicer\u00e7ando ano ap\u00f3s ano.<\/strong><\/p>\n<p>Nascido de fam\u00edlia nobre, o beato Geraldo viu a luz do dia na diocese de Cahors, em Fran\u00e7a, onde, ap\u00f3s o baptismo, foi oferecido a Deus pelos seus pais, cumprindo-se assim os costumes crist\u00e3os.<\/p>\n<p>Professou na conhecida abadia de Moissac, foi visitador de mosteiros de obedi\u00eancia desta localidade e chantre da S\u00e9 de Toledo. Eleito bibliotec\u00e1rio do mosteiro, tal o seu fervor pela leitura, dedicava-se ao ensino dos monges menos instru\u00eddos, tanto na m\u00fasica como nas artes.<\/p>\n<p>Nas reuni\u00f5es capitulares, distinguia-se pela sua eloqu\u00eancia e erudi\u00e7\u00e3o, desde logo porque era versado em Gram\u00e1tica, cujo exerc\u00edcio, como bom primic\u00e9rio, regia muito doutamente.<\/p>\n<p>Eleito para a S\u00e9 de Braga, foi sagrado em Sahagun pelo arcebispo de Toledo D. Bernardo, que ao mesmo tempo desempenhava as fun\u00e7\u00f5es de legado apost\u00f3lico.<\/p>\n<p><span>Em Abril de 1096, S\u00e3o Geraldo encontra-se j\u00e1 na &#8220;Roma portuguesa&#8221;. Governa a diocese com a m\u00e1xima compet\u00eancia, fazendo todos os esfor\u00e7os para engrandecer a Igreja local, de que \u00e9 testemunho o facto de ter conseguido do Papa Pascoal II a dignidade de Braga como metr\u00f3pole da Galiza<br \/>\n<\/span><\/p>\n<p>A sua ac\u00e7\u00e3o em prol deste engrandecimento bracarense registou sempre o apoio do Conde D. Henrique, que nisso via maneira de fomentar a independ\u00eancia nacional. Por alguma raz\u00e3o chegou igualmente at\u00e9 aos nossos dias a informa\u00e7\u00e3o de que ter\u00e1 sido o nosso primeiro arcebispo a baptizar o nosso primeiro rei, D. Afonso Henriques.\u00a0<\/p>\n<p>Morreu S\u00e3o Geraldo no concelho de Vila Pouca de Aguiar, quando, em Dezembro de 1108, por l\u00e1 andava em visita pastoral. Foi ent\u00e3o trazido para Braga e sepultado na capela que edificara em honra de S\u00e3o Nicolau, junto da S\u00e9.\u00a0<\/p>\n<p>Cedo foi organizado o seu processo de canoniza\u00e7\u00e3o e, em fins do s\u00e9culo XII, aparece j\u00e1 como Padroeiro da Diocese que t\u00e3o eficazmente governara.<\/p>\n<p><img loading=\"lazy\" decoding=\"async\" class=\"aligncenter size-thumbnail wp-image-6349\" src=\"http:\/\/www.oarcanjo.net\/site\/wp-content\/uploads\/capela-sao-geraldo-150x150.jpg\" alt=\"capela sao geraldo\" width=\"150\" height=\"150\" \/><\/p>\n<p>CAPELA S\u00c3O GERALDO<\/p>\n<p>\u00c9 uma das capelas anexas \u00e0 S\u00e9 Primacial de Braga e situa-se na sua fachada norte. Trata-se da Capela de S\u00e3o Geraldo, edificada por este arcebispo, como capela mortu\u00e1ria, em honra de S\u00e3o Nicolau. Tendo sofrido v\u00e1rias altera\u00e7\u00f5es ao longo do tempo, foi reconstru\u00edda, nos princ\u00edpios do s\u00e9culo XVIII(1712), por D. Rodrigo de Moura Teles, motivado que estava por uma grande devo\u00e7\u00e3o ao santo prelado, patrono de Braga e dela seu primeiro arcebispo.\u00a0<\/p>\n<p>A 5 de Dezembro, Festa de S\u00e3o Geraldo, encontra-se aberta ao p\u00fablico, apresentando-se os seus altares ornados de frutas da \u00e9poca, que substituem as tradicionais flores. Deve-se esta particularidade a uma lenda, como uns querem, ou ao primeiro milagre, como outros defendem, operado pelo santo arcebispo: \u00abencontrava-se S\u00e3o Geraldo muito doente, \u00e0s portas da morte, em Bornes, na terra fria, nos princ\u00edpios de Dezembro, cercado o tug\u00fario onde se refugiara com os seus familiares, fugindo \u00e0 neve que abundantemente por aquelas terras ca\u00eda. Nos ardores de febre que o consumia, pede a um dos seus familiares que lhe traga algumas pe\u00e7as de fruta. Para aplacar a sede e dar um pouco de alento ao seu debilitado corpo. Responde-lhe o seu f\u00e2mulo que naquele lugar e com aquele tempo invernoso as \u00e1rvores estavam despidas de folhagens e frutos. Poder-se-ia talvez encontrar ainda espalhadas pelo ch\u00e3o algumas castanhas e nada mais. A esta observa\u00e7\u00e3o responde S\u00e3o Geraldo: &#8220;vai e procura!&#8221;. Ent\u00e3o, por uma frincha da porta por onde entrava o regelante frio, o servo viu que as \u00e1rvores, l\u00e1 fora, ao redor do terreiro, estavam floridas e recheadas de belos frutos\u00bb.<\/p>\n<p><span>Quanto \u00e0 capela, rico patrim\u00f3nio edificado no contexto de uma catedral de que Braga se orgulha, a sua porta principal abre-se num arco em ogiva, por cima da qual se encontra uma janela igualmente ogival, com vitrais verdes. Outras janelas g\u00f3ticas se encontram na parede nascente, tapadas, contudo, no interior por ret\u00e1bulo que encobre totalmente esse espa\u00e7o. A sul, abrem-se tamb\u00e9m tr\u00eas grandes janelas rectangulares com vitrais coloridos.<\/span><\/p>\n<p>Ao transpormos a porta da capela, deparamos com um magn\u00edfico ret\u00e1bulo, com motivos animais e vegetais, que adornam as suas entalhadas colunas torsas, manifesta\u00e7\u00e3o de arte barroca, t\u00e3o disseminada na regi\u00e3o nortenha.\u00a0<\/p>\n<p><span>Cl\u00e1ssicos azulejos azuis e brancos, representando cenas da vida daquele santo, forram as paredes laterais da capela at\u00e9 \u00e0 altura das janelas,qual se encontra o t\u00famulo de S\u00e3o Geraldo, primeiro arcebispo bracarense<br \/>\n<\/span><\/p>\n<p><span>\u00a0<\/span><\/p>\n<div id=\"themify_builder_content-6347\" data-postid=\"6347\" class=\"themify_builder_content themify_builder_content-6347 themify_builder themify_builder_front\">\n\t<\/div>\n<!-- \/themify_builder_content -->","protected":false},"excerpt":{"rendered":"<p>5 de Dezembro &#8211; Padroeiro de Braga A cidade de Braga festeja a 5 de Dezembro o seu padroeiro. Nada menos que o primeiro arcebispo desta metropolita arquidiocese: S\u00e3o Geraldo. Motivo para cerim\u00f3nias religiosas evocativas de t\u00e3o ins\u00edgne figura da nossa hist\u00f3ria comum, justifica igualmente a reuni\u00e3o das chamadas &#8220;for\u00e7as vivas&#8221;, um encontro \u00edmpar que [&hellip;]<\/p>\n","protected":false},"author":14,"featured_media":0,"comment_status":"open","ping_status":"open","sticky":false,"template":"","format":"standard","meta":{"ngg_post_thumbnail":0,"footnotes":""},"categories":[186],"tags":[],"yoast_head":"<!-- This site is optimized with the Yoast SEO plugin v23.5 - https:\/\/yoast.com\/wordpress\/plugins\/seo\/ -->\n<title>S\u00e3o Geraldo - O Arcanjo no ar<\/title>\n<meta name=\"robots\" content=\"index, follow, max-snippet:-1, max-image-preview:large, max-video-preview:-1\" \/>\n<link rel=\"canonical\" href=\"https:\/\/www.oarcanjo.net\/site\/sao-geraldo\/\" \/>\n<meta property=\"og:locale\" content=\"pt_BR\" \/>\n<meta property=\"og:type\" content=\"article\" \/>\n<meta property=\"og:title\" content=\"S\u00e3o Geraldo - O Arcanjo no ar\" \/>\n<meta property=\"og:description\" content=\"5 de Dezembro &#8211; Padroeiro de Braga A cidade de Braga festeja a 5 de Dezembro o seu padroeiro. Nada menos que o primeiro arcebispo desta metropolita arquidiocese: S\u00e3o Geraldo. Motivo para cerim\u00f3nias religiosas evocativas de t\u00e3o ins\u00edgne figura da nossa hist\u00f3ria comum, justifica igualmente a reuni\u00e3o das chamadas &#8220;for\u00e7as vivas&#8221;, um encontro \u00edmpar que [&hellip;]\" \/>\n<meta property=\"og:url\" content=\"https:\/\/www.oarcanjo.net\/site\/sao-geraldo\/\" \/>\n<meta property=\"og:site_name\" content=\"O Arcanjo no ar\" \/>\n<meta property=\"article:publisher\" content=\"https:\/\/www.facebook.com\/OArcanjoNoAr\/\" \/>\n<meta property=\"article:published_time\" content=\"2017-12-05T02:08:47+00:00\" \/>\n<meta property=\"article:modified_time\" content=\"2017-07-31T10:22:43+00:00\" \/>\n<meta property=\"og:image\" content=\"http:\/\/www.oarcanjo.net\/site\/wp-content\/uploads\/sao-geraldo-de-braga-150x150.jpg\" \/>\n<meta name=\"author\" content=\"danilo\" \/>\n<meta name=\"twitter:card\" content=\"summary_large_image\" \/>\n<meta name=\"twitter:label1\" content=\"Escrito por\" \/>\n\t<meta name=\"twitter:data1\" content=\"danilo\" \/>\n\t<meta name=\"twitter:label2\" content=\"Est. tempo de leitura\" \/>\n\t<meta name=\"twitter:data2\" content=\"4 minutos\" \/>\n<script type=\"application\/ld+json\" class=\"yoast-schema-graph\">{\"@context\":\"https:\/\/schema.org\",\"@graph\":[{\"@type\":\"Article\",\"@id\":\"https:\/\/www.oarcanjo.net\/site\/sao-geraldo\/#article\",\"isPartOf\":{\"@id\":\"https:\/\/www.oarcanjo.net\/site\/sao-geraldo\/\"},\"author\":{\"name\":\"danilo\",\"@id\":\"https:\/\/www.oarcanjo.net\/site\/#\/schema\/person\/5eb9480bedd2f3c97e430ce128c29c6c\"},\"headline\":\"S\u00e3o Geraldo\",\"datePublished\":\"2017-12-05T02:08:47+00:00\",\"dateModified\":\"2017-07-31T10:22:43+00:00\",\"mainEntityOfPage\":{\"@id\":\"https:\/\/www.oarcanjo.net\/site\/sao-geraldo\/\"},\"wordCount\":819,\"commentCount\":1,\"publisher\":{\"@id\":\"https:\/\/www.oarcanjo.net\/site\/#organization\"},\"image\":{\"@id\":\"https:\/\/www.oarcanjo.net\/site\/sao-geraldo\/#primaryimage\"},\"thumbnailUrl\":\"http:\/\/www.oarcanjo.net\/site\/wp-content\/uploads\/sao-geraldo-de-braga-150x150.jpg\",\"articleSection\":[\"Testemunhos\"],\"inLanguage\":\"pt-BR\",\"potentialAction\":[{\"@type\":\"CommentAction\",\"name\":\"Comment\",\"target\":[\"https:\/\/www.oarcanjo.net\/site\/sao-geraldo\/#respond\"]}]},{\"@type\":\"WebPage\",\"@id\":\"https:\/\/www.oarcanjo.net\/site\/sao-geraldo\/\",\"url\":\"https:\/\/www.oarcanjo.net\/site\/sao-geraldo\/\",\"name\":\"S\u00e3o Geraldo - O Arcanjo no ar\",\"isPartOf\":{\"@id\":\"https:\/\/www.oarcanjo.net\/site\/#website\"},\"primaryImageOfPage\":{\"@id\":\"https:\/\/www.oarcanjo.net\/site\/sao-geraldo\/#primaryimage\"},\"image\":{\"@id\":\"https:\/\/www.oarcanjo.net\/site\/sao-geraldo\/#primaryimage\"},\"thumbnailUrl\":\"http:\/\/www.oarcanjo.net\/site\/wp-content\/uploads\/sao-geraldo-de-braga-150x150.jpg\",\"datePublished\":\"2017-12-05T02:08:47+00:00\",\"dateModified\":\"2017-07-31T10:22:43+00:00\",\"breadcrumb\":{\"@id\":\"https:\/\/www.oarcanjo.net\/site\/sao-geraldo\/#breadcrumb\"},\"inLanguage\":\"pt-BR\",\"potentialAction\":[{\"@type\":\"ReadAction\",\"target\":[\"https:\/\/www.oarcanjo.net\/site\/sao-geraldo\/\"]}]},{\"@type\":\"ImageObject\",\"inLanguage\":\"pt-BR\",\"@id\":\"https:\/\/www.oarcanjo.net\/site\/sao-geraldo\/#primaryimage\",\"url\":\"https:\/\/www.oarcanjo.net\/site\/wp-content\/uploads\/sao-geraldo-de-braga.jpg\",\"contentUrl\":\"https:\/\/www.oarcanjo.net\/site\/wp-content\/uploads\/sao-geraldo-de-braga.jpg\",\"width\":\"280\",\"height\":\"398\"},{\"@type\":\"BreadcrumbList\",\"@id\":\"https:\/\/www.oarcanjo.net\/site\/sao-geraldo\/#breadcrumb\",\"itemListElement\":[{\"@type\":\"ListItem\",\"position\":1,\"name\":\"In\u00edcio\",\"item\":\"https:\/\/www.oarcanjo.net\/site\/\"},{\"@type\":\"ListItem\",\"position\":2,\"name\":\"S\u00e3o Geraldo\"}]},{\"@type\":\"WebSite\",\"@id\":\"https:\/\/www.oarcanjo.net\/site\/#website\",\"url\":\"https:\/\/www.oarcanjo.net\/site\/\",\"name\":\"O Arcanjo no ar\",\"description\":\"Site da Par\u00f3quia S\u00e3o Miguel Arcanjo (Arquidiocese de SP)\",\"publisher\":{\"@id\":\"https:\/\/www.oarcanjo.net\/site\/#organization\"},\"potentialAction\":[{\"@type\":\"SearchAction\",\"target\":{\"@type\":\"EntryPoint\",\"urlTemplate\":\"https:\/\/www.oarcanjo.net\/site\/?s={search_term_string}\"},\"query-input\":{\"@type\":\"PropertyValueSpecification\",\"valueRequired\":true,\"valueName\":\"search_term_string\"}}],\"inLanguage\":\"pt-BR\"},{\"@type\":\"Organization\",\"@id\":\"https:\/\/www.oarcanjo.net\/site\/#organization\",\"name\":\"Par\u00f3quia S\u00e3o Miguel Arcanjo\",\"url\":\"https:\/\/www.oarcanjo.net\/site\/\",\"logo\":{\"@type\":\"ImageObject\",\"inLanguage\":\"pt-BR\",\"@id\":\"https:\/\/www.oarcanjo.net\/site\/#\/schema\/logo\/image\/\",\"url\":\"https:\/\/www.oarcanjo.net\/site\/wp-content\/uploads\/LogoOArcanjo.png\",\"contentUrl\":\"https:\/\/www.oarcanjo.net\/site\/wp-content\/uploads\/LogoOArcanjo.png\",\"width\":319,\"height\":99,\"caption\":\"Par\u00f3quia S\u00e3o Miguel Arcanjo\"},\"image\":{\"@id\":\"https:\/\/www.oarcanjo.net\/site\/#\/schema\/logo\/image\/\"},\"sameAs\":[\"https:\/\/www.facebook.com\/OArcanjoNoAr\/\"]},{\"@type\":\"Person\",\"@id\":\"https:\/\/www.oarcanjo.net\/site\/#\/schema\/person\/5eb9480bedd2f3c97e430ce128c29c6c\",\"name\":\"danilo\"}]}<\/script>\n<!-- \/ Yoast SEO plugin. -->","yoast_head_json":{"title":"S\u00e3o Geraldo - O Arcanjo no ar","robots":{"index":"index","follow":"follow","max-snippet":"max-snippet:-1","max-image-preview":"max-image-preview:large","max-video-preview":"max-video-preview:-1"},"canonical":"https:\/\/www.oarcanjo.net\/site\/sao-geraldo\/","og_locale":"pt_BR","og_type":"article","og_title":"S\u00e3o Geraldo - O Arcanjo no ar","og_description":"5 de Dezembro &#8211; Padroeiro de Braga A cidade de Braga festeja a 5 de Dezembro o seu padroeiro. Nada menos que o primeiro arcebispo desta metropolita arquidiocese: S\u00e3o Geraldo. Motivo para cerim\u00f3nias religiosas evocativas de t\u00e3o ins\u00edgne figura da nossa hist\u00f3ria comum, justifica igualmente a reuni\u00e3o das chamadas &#8220;for\u00e7as vivas&#8221;, um encontro \u00edmpar que [&hellip;]","og_url":"https:\/\/www.oarcanjo.net\/site\/sao-geraldo\/","og_site_name":"O Arcanjo no ar","article_publisher":"https:\/\/www.facebook.com\/OArcanjoNoAr\/","article_published_time":"2017-12-05T02:08:47+00:00","article_modified_time":"2017-07-31T10:22:43+00:00","og_image":[{"url":"http:\/\/www.oarcanjo.net\/site\/wp-content\/uploads\/sao-geraldo-de-braga-150x150.jpg"}],"author":"danilo","twitter_card":"summary_large_image","twitter_misc":{"Escrito por":"danilo","Est. tempo de leitura":"4 minutos"},"schema":{"@context":"https:\/\/schema.org","@graph":[{"@type":"Article","@id":"https:\/\/www.oarcanjo.net\/site\/sao-geraldo\/#article","isPartOf":{"@id":"https:\/\/www.oarcanjo.net\/site\/sao-geraldo\/"},"author":{"name":"danilo","@id":"https:\/\/www.oarcanjo.net\/site\/#\/schema\/person\/5eb9480bedd2f3c97e430ce128c29c6c"},"headline":"S\u00e3o Geraldo","datePublished":"2017-12-05T02:08:47+00:00","dateModified":"2017-07-31T10:22:43+00:00","mainEntityOfPage":{"@id":"https:\/\/www.oarcanjo.net\/site\/sao-geraldo\/"},"wordCount":819,"commentCount":1,"publisher":{"@id":"https:\/\/www.oarcanjo.net\/site\/#organization"},"image":{"@id":"https:\/\/www.oarcanjo.net\/site\/sao-geraldo\/#primaryimage"},"thumbnailUrl":"http:\/\/www.oarcanjo.net\/site\/wp-content\/uploads\/sao-geraldo-de-braga-150x150.jpg","articleSection":["Testemunhos"],"inLanguage":"pt-BR","potentialAction":[{"@type":"CommentAction","name":"Comment","target":["https:\/\/www.oarcanjo.net\/site\/sao-geraldo\/#respond"]}]},{"@type":"WebPage","@id":"https:\/\/www.oarcanjo.net\/site\/sao-geraldo\/","url":"https:\/\/www.oarcanjo.net\/site\/sao-geraldo\/","name":"S\u00e3o Geraldo - O Arcanjo no ar","isPartOf":{"@id":"https:\/\/www.oarcanjo.net\/site\/#website"},"primaryImageOfPage":{"@id":"https:\/\/www.oarcanjo.net\/site\/sao-geraldo\/#primaryimage"},"image":{"@id":"https:\/\/www.oarcanjo.net\/site\/sao-geraldo\/#primaryimage"},"thumbnailUrl":"http:\/\/www.oarcanjo.net\/site\/wp-content\/uploads\/sao-geraldo-de-braga-150x150.jpg","datePublished":"2017-12-05T02:08:47+00:00","dateModified":"2017-07-31T10:22:43+00:00","breadcrumb":{"@id":"https:\/\/www.oarcanjo.net\/site\/sao-geraldo\/#breadcrumb"},"inLanguage":"pt-BR","potentialAction":[{"@type":"ReadAction","target":["https:\/\/www.oarcanjo.net\/site\/sao-geraldo\/"]}]},{"@type":"ImageObject","inLanguage":"pt-BR","@id":"https:\/\/www.oarcanjo.net\/site\/sao-geraldo\/#primaryimage","url":"https:\/\/www.oarcanjo.net\/site\/wp-content\/uploads\/sao-geraldo-de-braga.jpg","contentUrl":"https:\/\/www.oarcanjo.net\/site\/wp-content\/uploads\/sao-geraldo-de-braga.jpg","width":"280","height":"398"},{"@type":"BreadcrumbList","@id":"https:\/\/www.oarcanjo.net\/site\/sao-geraldo\/#breadcrumb","itemListElement":[{"@type":"ListItem","position":1,"name":"In\u00edcio","item":"https:\/\/www.oarcanjo.net\/site\/"},{"@type":"ListItem","position":2,"name":"S\u00e3o Geraldo"}]},{"@type":"WebSite","@id":"https:\/\/www.oarcanjo.net\/site\/#website","url":"https:\/\/www.oarcanjo.net\/site\/","name":"O Arcanjo no ar","description":"Site da Par\u00f3quia S\u00e3o Miguel Arcanjo (Arquidiocese de SP)","publisher":{"@id":"https:\/\/www.oarcanjo.net\/site\/#organization"},"potentialAction":[{"@type":"SearchAction","target":{"@type":"EntryPoint","urlTemplate":"https:\/\/www.oarcanjo.net\/site\/?s={search_term_string}"},"query-input":{"@type":"PropertyValueSpecification","valueRequired":true,"valueName":"search_term_string"}}],"inLanguage":"pt-BR"},{"@type":"Organization","@id":"https:\/\/www.oarcanjo.net\/site\/#organization","name":"Par\u00f3quia S\u00e3o Miguel Arcanjo","url":"https:\/\/www.oarcanjo.net\/site\/","logo":{"@type":"ImageObject","inLanguage":"pt-BR","@id":"https:\/\/www.oarcanjo.net\/site\/#\/schema\/logo\/image\/","url":"https:\/\/www.oarcanjo.net\/site\/wp-content\/uploads\/LogoOArcanjo.png","contentUrl":"https:\/\/www.oarcanjo.net\/site\/wp-content\/uploads\/LogoOArcanjo.png","width":319,"height":99,"caption":"Par\u00f3quia S\u00e3o Miguel Arcanjo"},"image":{"@id":"https:\/\/www.oarcanjo.net\/site\/#\/schema\/logo\/image\/"},"sameAs":["https:\/\/www.facebook.com\/OArcanjoNoAr\/"]},{"@type":"Person","@id":"https:\/\/www.oarcanjo.net\/site\/#\/schema\/person\/5eb9480bedd2f3c97e430ce128c29c6c","name":"danilo"}]}},"publishpress_future_action":{"enabled":false,"date":"2026-05-08 15:36:56","action":"category","newStatus":"draft","terms":[],"taxonomy":"category"},"publishpress_future_workflow_manual_trigger":{"enabledWorkflows":[]},"_links":{"self":[{"href":"https:\/\/www.oarcanjo.net\/site\/wp-json\/wp\/v2\/posts\/6347"}],"collection":[{"href":"https:\/\/www.oarcanjo.net\/site\/wp-json\/wp\/v2\/posts"}],"about":[{"href":"https:\/\/www.oarcanjo.net\/site\/wp-json\/wp\/v2\/types\/post"}],"author":[{"embeddable":true,"href":"https:\/\/www.oarcanjo.net\/site\/wp-json\/wp\/v2\/users\/14"}],"replies":[{"embeddable":true,"href":"https:\/\/www.oarcanjo.net\/site\/wp-json\/wp\/v2\/comments?post=6347"}],"version-history":[{"count":0,"href":"https:\/\/www.oarcanjo.net\/site\/wp-json\/wp\/v2\/posts\/6347\/revisions"}],"wp:attachment":[{"href":"https:\/\/www.oarcanjo.net\/site\/wp-json\/wp\/v2\/media?parent=6347"}],"wp:term":[{"taxonomy":"category","embeddable":true,"href":"https:\/\/www.oarcanjo.net\/site\/wp-json\/wp\/v2\/categories?post=6347"},{"taxonomy":"post_tag","embeddable":true,"href":"https:\/\/www.oarcanjo.net\/site\/wp-json\/wp\/v2\/tags?post=6347"}],"curies":[{"name":"wp","href":"https:\/\/api.w.org\/{rel}","templated":true}]}}