
{"id":6361,"date":"2014-12-06T00:10:11","date_gmt":"2014-12-06T02:10:11","guid":{"rendered":"http:\/\/www.oarcanjo.net\/site\/?p=6361"},"modified":"2014-11-11T11:14:40","modified_gmt":"2014-11-11T13:14:40","slug":"sao-nicolau","status":"publish","type":"post","link":"https:\/\/www.oarcanjo.net\/site\/sao-nicolau\/","title":{"rendered":"S\u00e3o Nicolau"},"content":{"rendered":"<p><a href=\"http:\/\/www.oarcanjo.net\/wiki\/Ficheiro:Saint_Nicholas_with_the_Three_Boys_in_the_Pickling_Tub.jpg\"><img loading=\"lazy\" decoding=\"async\" src=\"http:\/\/upload.wikimedia.org\/wikipedia\/commons\/thumb\/d\/dc\/Saint_Nicholas_with_the_Three_Boys_in_the_Pickling_Tub.jpg\/180px-Saint_Nicholas_with_the_Three_Boys_in_the_Pickling_Tub.jpg\" alt=\"\" width=\"180\" height=\"240\" \/><\/a><\/p>\n<p>6 de Dezembro<\/p>\n<p>&#8220;O Famoso Papai Noel&#8221;<\/p>\n<p>O santo deste dia \u00e9 S\u00e3o Nicolau, muito amado pelos crist\u00e3os e alvo de in\u00fameras lendas. Filho de pais ricos com profunda vida de ora\u00e7\u00e3o, nasceu Nicolau no ano 275 em P\u00e1tara, na \u00c1sia Menor. Tornou-se sacerdote da diocese de Mira, onde com amor evangelizou os pag\u00e3os, mesmo no clima de persegui\u00e7\u00e3o que os crist\u00e3os viviam.<\/p>\n<p>S\u00e3o Nicolau \u00e9 conhecido principalmente para com os pobres, j\u00e1 que ao receber por heran\u00e7a uma grande quantia de dinheiro, livremente partilhou com os necessitados. Certa vez, Nicolau sabendo que tr\u00eas pobres mo\u00e7as n\u00e3o tinham os dotes para o casamento e por isso o pr\u00f3prio pai, na loucura, aconselhou a prostitui\u00e7\u00e3o, jogou pela janela da casa das mo\u00e7as tr\u00eas bolsas com o dinheiro suficiente para os dotes das jovens. Da\u00ed que nos pa\u00edses do Norte da Europa, usando da fantasia, viram em Nicolau o velho de barbas brancas que levava presentes \u00e0s crian\u00e7as no m\u00eas de dezembro.<\/p>\n<p>Sagrado Bispo de Mira, Nicolau conquistou a todos com sua caridade, zelo, esp\u00edrito de ora\u00e7\u00e3o, e carisma de milagres. Historiadores relatam que ao ser preso, por causa da persegui\u00e7\u00e3o dos crist\u00e3os, Nicolau foi torturado e condenado a morte, mas felizmente se salvou em 313, pois foi publicado o edito de Mil\u00e3o que concedia a liberdade religiosa.<\/p>\n<p>S\u00e3o Nicolau participou do Concilio de Nic\u00e9ia, onde Jesus foi declarado consubstancial ao Pai.<\/p>\n<p>Foi venerado como santo ainda em vida, tal era a fama de taumaturgo que gozava entre o povo crist\u00e3o da \u00c1sia. Morreu no dia 6 de dezembro de 326, em Mira. Imediatamente, o local da sepultura se tornou meta de intensa peregrina\u00e7\u00e3o. O seu culto se difundiu antes na \u00c1sia, e o local do seu t\u00famulo, fora da \u00e1rea central de Mira, se tornou meta de peregrina\u00e7\u00e3o.<\/p>\n<p><img loading=\"lazy\" decoding=\"async\" src=\"http:\/\/gcnturismo.files.wordpress.com\/2008\/11\/sao-nicolau.jpg\" alt=\"\" width=\"225\" height=\"385\" \/>\u00a0 <img loading=\"lazy\" decoding=\"async\" src=\"http:\/\/www.copiadorazonanorte.com.br\/norteando\/images\/n24_espiritualidade.jpg\" alt=\"\" width=\"238\" height=\"384\" \/><span><strong><strong><\/strong><\/strong><\/span><\/p>\n<p>A sua figura bondosa e caridosa, s\u00edmbolo da fraternidade crist\u00e3, mant\u00e9m-se viva e impressa na mem\u00f3ria de toda a cristandade. Agora, tamb\u00e9m na da humanidade toda, porque perpetuada atrav\u00e9s dos comerciantes nas vestes de Papai Noel nos pa\u00edses latinos, de Nikolaus na Alemanha e de Santa Claus nos pa\u00edses anglo-sax\u00f5es. Mesmo sob falsas vestes, s\u00e3o Nicolau nos exemplifica e recorda o seu grande amor \u00e0s crian\u00e7as e aos pobres e a alegria em poder servi-los em nome de Deus.<\/p>\n<div id=\"themify_builder_content-6361\" data-postid=\"6361\" class=\"themify_builder_content themify_builder_content-6361 themify_builder themify_builder_front\">\n\t<\/div>\n<!-- \/themify_builder_content -->","protected":false},"excerpt":{"rendered":"<p>6 de Dezembro &#8220;O Famoso Papai Noel&#8221; O santo deste dia \u00e9 S\u00e3o Nicolau, muito amado pelos crist\u00e3os e alvo de in\u00fameras lendas. Filho de pais ricos com profunda vida de ora\u00e7\u00e3o, nasceu Nicolau no ano 275 em P\u00e1tara, na \u00c1sia Menor. Tornou-se sacerdote da diocese de Mira, onde com amor evangelizou os pag\u00e3os, mesmo [&hellip;]<\/p>\n","protected":false},"author":14,"featured_media":0,"comment_status":"open","ping_status":"open","sticky":false,"template":"","format":"standard","meta":{"ngg_post_thumbnail":0,"footnotes":""},"categories":[186],"tags":[],"yoast_head":"<!-- This site is optimized with the Yoast SEO plugin v23.5 - https:\/\/yoast.com\/wordpress\/plugins\/seo\/ -->\n<title>S\u00e3o Nicolau - O Arcanjo no ar<\/title>\n<meta name=\"robots\" content=\"index, follow, max-snippet:-1, max-image-preview:large, max-video-preview:-1\" \/>\n<link rel=\"canonical\" href=\"https:\/\/www.oarcanjo.net\/site\/sao-nicolau\/\" \/>\n<meta property=\"og:locale\" content=\"pt_BR\" \/>\n<meta property=\"og:type\" content=\"article\" \/>\n<meta property=\"og:title\" content=\"S\u00e3o Nicolau - O Arcanjo no ar\" \/>\n<meta property=\"og:description\" content=\"6 de Dezembro &#8220;O Famoso Papai Noel&#8221; O santo deste dia \u00e9 S\u00e3o Nicolau, muito amado pelos crist\u00e3os e alvo de in\u00fameras lendas. Filho de pais ricos com profunda vida de ora\u00e7\u00e3o, nasceu Nicolau no ano 275 em P\u00e1tara, na \u00c1sia Menor. Tornou-se sacerdote da diocese de Mira, onde com amor evangelizou os pag\u00e3os, mesmo [&hellip;]\" \/>\n<meta property=\"og:url\" content=\"https:\/\/www.oarcanjo.net\/site\/sao-nicolau\/\" \/>\n<meta property=\"og:site_name\" content=\"O Arcanjo no ar\" \/>\n<meta property=\"article:publisher\" content=\"https:\/\/www.facebook.com\/OArcanjoNoAr\/\" \/>\n<meta property=\"article:published_time\" content=\"2014-12-06T02:10:11+00:00\" \/>\n<meta property=\"article:modified_time\" content=\"2014-11-11T13:14:40+00:00\" \/>\n<meta property=\"og:image\" content=\"http:\/\/upload.wikimedia.org\/wikipedia\/commons\/thumb\/d\/dc\/Saint_Nicholas_with_the_Three_Boys_in_the_Pickling_Tub.jpg\/180px-Saint_Nicholas_with_the_Three_Boys_in_the_Pickling_Tub.jpg\" \/>\n<meta name=\"author\" content=\"danilo\" \/>\n<meta name=\"twitter:card\" content=\"summary_large_image\" \/>\n<meta name=\"twitter:label1\" content=\"Escrito por\" \/>\n\t<meta name=\"twitter:data1\" content=\"danilo\" \/>\n\t<meta name=\"twitter:label2\" content=\"Est. tempo de leitura\" \/>\n\t<meta name=\"twitter:data2\" content=\"2 minutos\" \/>\n<script type=\"application\/ld+json\" class=\"yoast-schema-graph\">{\"@context\":\"https:\/\/schema.org\",\"@graph\":[{\"@type\":\"Article\",\"@id\":\"https:\/\/www.oarcanjo.net\/site\/sao-nicolau\/#article\",\"isPartOf\":{\"@id\":\"https:\/\/www.oarcanjo.net\/site\/sao-nicolau\/\"},\"author\":{\"name\":\"danilo\",\"@id\":\"https:\/\/www.oarcanjo.net\/site\/#\/schema\/person\/5eb9480bedd2f3c97e430ce128c29c6c\"},\"headline\":\"S\u00e3o Nicolau\",\"datePublished\":\"2014-12-06T02:10:11+00:00\",\"dateModified\":\"2014-11-11T13:14:40+00:00\",\"mainEntityOfPage\":{\"@id\":\"https:\/\/www.oarcanjo.net\/site\/sao-nicolau\/\"},\"wordCount\":413,\"commentCount\":4,\"publisher\":{\"@id\":\"https:\/\/www.oarcanjo.net\/site\/#organization\"},\"image\":{\"@id\":\"https:\/\/www.oarcanjo.net\/site\/sao-nicolau\/#primaryimage\"},\"thumbnailUrl\":\"http:\/\/upload.wikimedia.org\/wikipedia\/commons\/thumb\/d\/dc\/Saint_Nicholas_with_the_Three_Boys_in_the_Pickling_Tub.jpg\/180px-Saint_Nicholas_with_the_Three_Boys_in_the_Pickling_Tub.jpg\",\"articleSection\":[\"Testemunhos\"],\"inLanguage\":\"pt-BR\",\"potentialAction\":[{\"@type\":\"CommentAction\",\"name\":\"Comment\",\"target\":[\"https:\/\/www.oarcanjo.net\/site\/sao-nicolau\/#respond\"]}]},{\"@type\":\"WebPage\",\"@id\":\"https:\/\/www.oarcanjo.net\/site\/sao-nicolau\/\",\"url\":\"https:\/\/www.oarcanjo.net\/site\/sao-nicolau\/\",\"name\":\"S\u00e3o Nicolau - O Arcanjo no ar\",\"isPartOf\":{\"@id\":\"https:\/\/www.oarcanjo.net\/site\/#website\"},\"primaryImageOfPage\":{\"@id\":\"https:\/\/www.oarcanjo.net\/site\/sao-nicolau\/#primaryimage\"},\"image\":{\"@id\":\"https:\/\/www.oarcanjo.net\/site\/sao-nicolau\/#primaryimage\"},\"thumbnailUrl\":\"http:\/\/upload.wikimedia.org\/wikipedia\/commons\/thumb\/d\/dc\/Saint_Nicholas_with_the_Three_Boys_in_the_Pickling_Tub.jpg\/180px-Saint_Nicholas_with_the_Three_Boys_in_the_Pickling_Tub.jpg\",\"datePublished\":\"2014-12-06T02:10:11+00:00\",\"dateModified\":\"2014-11-11T13:14:40+00:00\",\"breadcrumb\":{\"@id\":\"https:\/\/www.oarcanjo.net\/site\/sao-nicolau\/#breadcrumb\"},\"inLanguage\":\"pt-BR\",\"potentialAction\":[{\"@type\":\"ReadAction\",\"target\":[\"https:\/\/www.oarcanjo.net\/site\/sao-nicolau\/\"]}]},{\"@type\":\"ImageObject\",\"inLanguage\":\"pt-BR\",\"@id\":\"https:\/\/www.oarcanjo.net\/site\/sao-nicolau\/#primaryimage\",\"url\":\"http:\/\/upload.wikimedia.org\/wikipedia\/commons\/thumb\/d\/dc\/Saint_Nicholas_with_the_Three_Boys_in_the_Pickling_Tub.jpg\/180px-Saint_Nicholas_with_the_Three_Boys_in_the_Pickling_Tub.jpg\",\"contentUrl\":\"http:\/\/upload.wikimedia.org\/wikipedia\/commons\/thumb\/d\/dc\/Saint_Nicholas_with_the_Three_Boys_in_the_Pickling_Tub.jpg\/180px-Saint_Nicholas_with_the_Three_Boys_in_the_Pickling_Tub.jpg\"},{\"@type\":\"BreadcrumbList\",\"@id\":\"https:\/\/www.oarcanjo.net\/site\/sao-nicolau\/#breadcrumb\",\"itemListElement\":[{\"@type\":\"ListItem\",\"position\":1,\"name\":\"In\u00edcio\",\"item\":\"https:\/\/www.oarcanjo.net\/site\/\"},{\"@type\":\"ListItem\",\"position\":2,\"name\":\"S\u00e3o Nicolau\"}]},{\"@type\":\"WebSite\",\"@id\":\"https:\/\/www.oarcanjo.net\/site\/#website\",\"url\":\"https:\/\/www.oarcanjo.net\/site\/\",\"name\":\"O Arcanjo no ar\",\"description\":\"Site da Par\u00f3quia S\u00e3o Miguel Arcanjo (Arquidiocese de SP)\",\"publisher\":{\"@id\":\"https:\/\/www.oarcanjo.net\/site\/#organization\"},\"potentialAction\":[{\"@type\":\"SearchAction\",\"target\":{\"@type\":\"EntryPoint\",\"urlTemplate\":\"https:\/\/www.oarcanjo.net\/site\/?s={search_term_string}\"},\"query-input\":{\"@type\":\"PropertyValueSpecification\",\"valueRequired\":true,\"valueName\":\"search_term_string\"}}],\"inLanguage\":\"pt-BR\"},{\"@type\":\"Organization\",\"@id\":\"https:\/\/www.oarcanjo.net\/site\/#organization\",\"name\":\"Par\u00f3quia S\u00e3o Miguel Arcanjo\",\"url\":\"https:\/\/www.oarcanjo.net\/site\/\",\"logo\":{\"@type\":\"ImageObject\",\"inLanguage\":\"pt-BR\",\"@id\":\"https:\/\/www.oarcanjo.net\/site\/#\/schema\/logo\/image\/\",\"url\":\"https:\/\/www.oarcanjo.net\/site\/wp-content\/uploads\/LogoOArcanjo.png\",\"contentUrl\":\"https:\/\/www.oarcanjo.net\/site\/wp-content\/uploads\/LogoOArcanjo.png\",\"width\":319,\"height\":99,\"caption\":\"Par\u00f3quia S\u00e3o Miguel Arcanjo\"},\"image\":{\"@id\":\"https:\/\/www.oarcanjo.net\/site\/#\/schema\/logo\/image\/\"},\"sameAs\":[\"https:\/\/www.facebook.com\/OArcanjoNoAr\/\"]},{\"@type\":\"Person\",\"@id\":\"https:\/\/www.oarcanjo.net\/site\/#\/schema\/person\/5eb9480bedd2f3c97e430ce128c29c6c\",\"name\":\"danilo\"}]}<\/script>\n<!-- \/ Yoast SEO plugin. -->","yoast_head_json":{"title":"S\u00e3o Nicolau - O Arcanjo no ar","robots":{"index":"index","follow":"follow","max-snippet":"max-snippet:-1","max-image-preview":"max-image-preview:large","max-video-preview":"max-video-preview:-1"},"canonical":"https:\/\/www.oarcanjo.net\/site\/sao-nicolau\/","og_locale":"pt_BR","og_type":"article","og_title":"S\u00e3o Nicolau - O Arcanjo no ar","og_description":"6 de Dezembro &#8220;O Famoso Papai Noel&#8221; O santo deste dia \u00e9 S\u00e3o Nicolau, muito amado pelos crist\u00e3os e alvo de in\u00fameras lendas. Filho de pais ricos com profunda vida de ora\u00e7\u00e3o, nasceu Nicolau no ano 275 em P\u00e1tara, na \u00c1sia Menor. Tornou-se sacerdote da diocese de Mira, onde com amor evangelizou os pag\u00e3os, mesmo [&hellip;]","og_url":"https:\/\/www.oarcanjo.net\/site\/sao-nicolau\/","og_site_name":"O Arcanjo no ar","article_publisher":"https:\/\/www.facebook.com\/OArcanjoNoAr\/","article_published_time":"2014-12-06T02:10:11+00:00","article_modified_time":"2014-11-11T13:14:40+00:00","og_image":[{"url":"http:\/\/upload.wikimedia.org\/wikipedia\/commons\/thumb\/d\/dc\/Saint_Nicholas_with_the_Three_Boys_in_the_Pickling_Tub.jpg\/180px-Saint_Nicholas_with_the_Three_Boys_in_the_Pickling_Tub.jpg"}],"author":"danilo","twitter_card":"summary_large_image","twitter_misc":{"Escrito por":"danilo","Est. tempo de leitura":"2 minutos"},"schema":{"@context":"https:\/\/schema.org","@graph":[{"@type":"Article","@id":"https:\/\/www.oarcanjo.net\/site\/sao-nicolau\/#article","isPartOf":{"@id":"https:\/\/www.oarcanjo.net\/site\/sao-nicolau\/"},"author":{"name":"danilo","@id":"https:\/\/www.oarcanjo.net\/site\/#\/schema\/person\/5eb9480bedd2f3c97e430ce128c29c6c"},"headline":"S\u00e3o Nicolau","datePublished":"2014-12-06T02:10:11+00:00","dateModified":"2014-11-11T13:14:40+00:00","mainEntityOfPage":{"@id":"https:\/\/www.oarcanjo.net\/site\/sao-nicolau\/"},"wordCount":413,"commentCount":4,"publisher":{"@id":"https:\/\/www.oarcanjo.net\/site\/#organization"},"image":{"@id":"https:\/\/www.oarcanjo.net\/site\/sao-nicolau\/#primaryimage"},"thumbnailUrl":"http:\/\/upload.wikimedia.org\/wikipedia\/commons\/thumb\/d\/dc\/Saint_Nicholas_with_the_Three_Boys_in_the_Pickling_Tub.jpg\/180px-Saint_Nicholas_with_the_Three_Boys_in_the_Pickling_Tub.jpg","articleSection":["Testemunhos"],"inLanguage":"pt-BR","potentialAction":[{"@type":"CommentAction","name":"Comment","target":["https:\/\/www.oarcanjo.net\/site\/sao-nicolau\/#respond"]}]},{"@type":"WebPage","@id":"https:\/\/www.oarcanjo.net\/site\/sao-nicolau\/","url":"https:\/\/www.oarcanjo.net\/site\/sao-nicolau\/","name":"S\u00e3o Nicolau - O Arcanjo no ar","isPartOf":{"@id":"https:\/\/www.oarcanjo.net\/site\/#website"},"primaryImageOfPage":{"@id":"https:\/\/www.oarcanjo.net\/site\/sao-nicolau\/#primaryimage"},"image":{"@id":"https:\/\/www.oarcanjo.net\/site\/sao-nicolau\/#primaryimage"},"thumbnailUrl":"http:\/\/upload.wikimedia.org\/wikipedia\/commons\/thumb\/d\/dc\/Saint_Nicholas_with_the_Three_Boys_in_the_Pickling_Tub.jpg\/180px-Saint_Nicholas_with_the_Three_Boys_in_the_Pickling_Tub.jpg","datePublished":"2014-12-06T02:10:11+00:00","dateModified":"2014-11-11T13:14:40+00:00","breadcrumb":{"@id":"https:\/\/www.oarcanjo.net\/site\/sao-nicolau\/#breadcrumb"},"inLanguage":"pt-BR","potentialAction":[{"@type":"ReadAction","target":["https:\/\/www.oarcanjo.net\/site\/sao-nicolau\/"]}]},{"@type":"ImageObject","inLanguage":"pt-BR","@id":"https:\/\/www.oarcanjo.net\/site\/sao-nicolau\/#primaryimage","url":"http:\/\/upload.wikimedia.org\/wikipedia\/commons\/thumb\/d\/dc\/Saint_Nicholas_with_the_Three_Boys_in_the_Pickling_Tub.jpg\/180px-Saint_Nicholas_with_the_Three_Boys_in_the_Pickling_Tub.jpg","contentUrl":"http:\/\/upload.wikimedia.org\/wikipedia\/commons\/thumb\/d\/dc\/Saint_Nicholas_with_the_Three_Boys_in_the_Pickling_Tub.jpg\/180px-Saint_Nicholas_with_the_Three_Boys_in_the_Pickling_Tub.jpg"},{"@type":"BreadcrumbList","@id":"https:\/\/www.oarcanjo.net\/site\/sao-nicolau\/#breadcrumb","itemListElement":[{"@type":"ListItem","position":1,"name":"In\u00edcio","item":"https:\/\/www.oarcanjo.net\/site\/"},{"@type":"ListItem","position":2,"name":"S\u00e3o Nicolau"}]},{"@type":"WebSite","@id":"https:\/\/www.oarcanjo.net\/site\/#website","url":"https:\/\/www.oarcanjo.net\/site\/","name":"O Arcanjo no ar","description":"Site da Par\u00f3quia S\u00e3o Miguel Arcanjo (Arquidiocese de SP)","publisher":{"@id":"https:\/\/www.oarcanjo.net\/site\/#organization"},"potentialAction":[{"@type":"SearchAction","target":{"@type":"EntryPoint","urlTemplate":"https:\/\/www.oarcanjo.net\/site\/?s={search_term_string}"},"query-input":{"@type":"PropertyValueSpecification","valueRequired":true,"valueName":"search_term_string"}}],"inLanguage":"pt-BR"},{"@type":"Organization","@id":"https:\/\/www.oarcanjo.net\/site\/#organization","name":"Par\u00f3quia S\u00e3o Miguel Arcanjo","url":"https:\/\/www.oarcanjo.net\/site\/","logo":{"@type":"ImageObject","inLanguage":"pt-BR","@id":"https:\/\/www.oarcanjo.net\/site\/#\/schema\/logo\/image\/","url":"https:\/\/www.oarcanjo.net\/site\/wp-content\/uploads\/LogoOArcanjo.png","contentUrl":"https:\/\/www.oarcanjo.net\/site\/wp-content\/uploads\/LogoOArcanjo.png","width":319,"height":99,"caption":"Par\u00f3quia S\u00e3o Miguel Arcanjo"},"image":{"@id":"https:\/\/www.oarcanjo.net\/site\/#\/schema\/logo\/image\/"},"sameAs":["https:\/\/www.facebook.com\/OArcanjoNoAr\/"]},{"@type":"Person","@id":"https:\/\/www.oarcanjo.net\/site\/#\/schema\/person\/5eb9480bedd2f3c97e430ce128c29c6c","name":"danilo"}]}},"publishpress_future_action":{"enabled":false,"date":"2026-05-08 07:48:05","action":"category","newStatus":"draft","terms":[],"taxonomy":"category"},"publishpress_future_workflow_manual_trigger":{"enabledWorkflows":[]},"_links":{"self":[{"href":"https:\/\/www.oarcanjo.net\/site\/wp-json\/wp\/v2\/posts\/6361"}],"collection":[{"href":"https:\/\/www.oarcanjo.net\/site\/wp-json\/wp\/v2\/posts"}],"about":[{"href":"https:\/\/www.oarcanjo.net\/site\/wp-json\/wp\/v2\/types\/post"}],"author":[{"embeddable":true,"href":"https:\/\/www.oarcanjo.net\/site\/wp-json\/wp\/v2\/users\/14"}],"replies":[{"embeddable":true,"href":"https:\/\/www.oarcanjo.net\/site\/wp-json\/wp\/v2\/comments?post=6361"}],"version-history":[{"count":0,"href":"https:\/\/www.oarcanjo.net\/site\/wp-json\/wp\/v2\/posts\/6361\/revisions"}],"wp:attachment":[{"href":"https:\/\/www.oarcanjo.net\/site\/wp-json\/wp\/v2\/media?parent=6361"}],"wp:term":[{"taxonomy":"category","embeddable":true,"href":"https:\/\/www.oarcanjo.net\/site\/wp-json\/wp\/v2\/categories?post=6361"},{"taxonomy":"post_tag","embeddable":true,"href":"https:\/\/www.oarcanjo.net\/site\/wp-json\/wp\/v2\/tags?post=6361"}],"curies":[{"name":"wp","href":"https:\/\/api.w.org\/{rel}","templated":true}]}}