
{"id":6367,"date":"2014-12-07T00:10:50","date_gmt":"2014-12-07T02:10:50","guid":{"rendered":"http:\/\/www.oarcanjo.net\/site\/?p=6367"},"modified":"2014-11-11T11:14:49","modified_gmt":"2014-11-11T13:14:49","slug":"santo-ambrosio","status":"publish","type":"post","link":"https:\/\/www.oarcanjo.net\/site\/santo-ambrosio\/","title":{"rendered":"Santo Ambr\u00f3sio"},"content":{"rendered":"<p><img loading=\"lazy\" decoding=\"async\" class=\"aligncenter size-full wp-image-6368\" src=\"http:\/\/www.oarcanjo.net\/site\/wp-content\/uploads\/santo-ambrosio.jpg\" alt=\"santo ambrosio\" width=\"89\" height=\"116\" \/><\/p>\n<p>7 de Dezembro<\/p>\n<p>Bispo e Doutor da Igreja<\/p>\n<p>Conselheiro e pai espiritual de tr\u00eas imperadores romanos, Graciano, Valentiniano II e Teod\u00f3sio I, Ambr\u00f3sio \u00e9 o s\u00edmbolo da Igreja nascente, ap\u00f3s os sofridos anos de persegui\u00e7\u00f5es e vida escondida. Foi gra\u00e7as \u00e0 sua atua\u00e7\u00e3o que a Igreja de Roma conseguiu tratar com o poder p\u00fablico sem servilismo.<\/p>\n<p>Tanto que Ambr\u00f3sio chegou a repreender asperamente o imperador Teod\u00f3sio I, obrigando-o a fazer uma penit\u00eancia p\u00fablica por ter massacrado a popula\u00e7\u00e3o da Tessal\u00f4nica para conter uma revolta. A sua figura representa o ideal de bispo pastor, que se deve impor como s\u00edmbolo de liberdade e de pacifica\u00e7\u00e3o para o Povo de Deus.<\/p>\n<p>Nasceu em Tr\u00e8ves, atual Alemanha, por volta do ano 339. Era de fam\u00edlia crist\u00e3: seu pai era alto funcion\u00e1rio do Imp\u00e9rio Romano, governador de uma prov\u00edncia do outro lado dos Alpes, no norte da It\u00e1lia. Quando o pai morreu, a fam\u00edlia foi para Roma, onde Ambrosio estudou direito, ret\u00f3rica e iniciou sua carreira jur\u00eddica.<\/p>\n<p>Certa vez, estava em Mil\u00e3o quando o bispo morreu. Bom jurista e funcion\u00e1rio imperial, procurou evitar um conflito nas novas elei\u00e7\u00f5es eclesi\u00e1sticas com um discurso firme e muito sensato. Foi t\u00e3o sereno e equilibrado que, ao final, a assembl\u00e9ia o aclamou o novo bispo de Mil\u00e3o. Muito surpreso, recusou, dizendo que essa n\u00e3o era a sua inten\u00e7\u00e3o, at\u00e9 porque era um pecador, e n\u00e3o era ainda batizado, ainda se preparava para esse sacramento. Mas n\u00e3o adiantou. Logo foi batizado e consagrado.<\/p>\n<p>Desde ent\u00e3o, dedicou-se com afinco ao estudo das Sagradas Escrituras. N\u00e3o era intelectual, mas suas obras lit\u00fargicas, coment\u00e1rios sobre as Escrituras e tratados asc\u00e9tico-morais o fizeram especialista da doutrina crist\u00e3 e da arte de administrar a comunidade crist\u00e3 a ele confiada.<\/p>\n<p>A marca do seu apostolado foi impressa pela import\u00e2ncia que deu aos valores da virgindade de Maria e dos m\u00e1rtires de Cristo. Considerado o pai da liturgia ambrosiana, recebeu com m\u00e9rito o t\u00edtulo de doutor da Igreja.<\/p>\n<p>Os livros de sua autoria que chegaram at\u00e9 n\u00f3s s\u00e3o, quase todos, a reprodu\u00e7\u00e3o de suas prega\u00e7\u00f5es e serm\u00f5es. Agostinho, convertido por ele e um dos seus ouvintes freq\u00fcentes, conta que o prest\u00edgio dos serm\u00f5es do bispo Ambr\u00f3sio de Mil\u00e3o era enorme, gra\u00e7as ao eficaz tom de voz e sua eloq\u00fc\u00eancia com a escolha das palavras. Por isso foi chamado de &#8220;o ap\u00f3stolo da amizade&#8221;.<\/p>\n<p>Morreu em Mil\u00e3o, em 4 de abril de 397, uma Sexta-Feira Santa. Santo Ambr\u00f3sio \u00e9 venerado no dia 7 de dezembro, data em que, no ano 374, foi aclamado pela popula\u00e7\u00e3o bispo de Mil\u00e3o.<\/p>\n<p><img decoding=\"async\" src=\"http:\/\/www.manualdoturista.com.br\/fotos\/ITmilaoduomo13.jpg\" alt=\"\" \/><\/p>\n<p>BAS\u00cdLICA DE SANTO AMBR\u00d3SIO EM MIL\u00c3O<\/p>\n<div id=\"themify_builder_content-6367\" data-postid=\"6367\" class=\"themify_builder_content themify_builder_content-6367 themify_builder themify_builder_front\">\n\t<\/div>\n<!-- \/themify_builder_content -->","protected":false},"excerpt":{"rendered":"<p>7 de Dezembro Bispo e Doutor da Igreja Conselheiro e pai espiritual de tr\u00eas imperadores romanos, Graciano, Valentiniano II e Teod\u00f3sio I, Ambr\u00f3sio \u00e9 o s\u00edmbolo da Igreja nascente, ap\u00f3s os sofridos anos de persegui\u00e7\u00f5es e vida escondida. Foi gra\u00e7as \u00e0 sua atua\u00e7\u00e3o que a Igreja de Roma conseguiu tratar com o poder p\u00fablico sem [&hellip;]<\/p>\n","protected":false},"author":14,"featured_media":0,"comment_status":"open","ping_status":"open","sticky":false,"template":"","format":"standard","meta":{"ngg_post_thumbnail":0,"footnotes":""},"categories":[186],"tags":[1338,3200],"yoast_head":"<!-- This site is optimized with the Yoast SEO plugin v23.5 - https:\/\/yoast.com\/wordpress\/plugins\/seo\/ -->\n<title>Santo Ambr\u00f3sio - O Arcanjo no ar<\/title>\n<meta name=\"robots\" content=\"index, follow, max-snippet:-1, max-image-preview:large, max-video-preview:-1\" \/>\n<link rel=\"canonical\" href=\"https:\/\/www.oarcanjo.net\/site\/santo-ambrosio\/\" \/>\n<meta property=\"og:locale\" content=\"pt_BR\" \/>\n<meta property=\"og:type\" content=\"article\" \/>\n<meta property=\"og:title\" content=\"Santo Ambr\u00f3sio - O Arcanjo no ar\" \/>\n<meta property=\"og:description\" content=\"7 de Dezembro Bispo e Doutor da Igreja Conselheiro e pai espiritual de tr\u00eas imperadores romanos, Graciano, Valentiniano II e Teod\u00f3sio I, Ambr\u00f3sio \u00e9 o s\u00edmbolo da Igreja nascente, ap\u00f3s os sofridos anos de persegui\u00e7\u00f5es e vida escondida. Foi gra\u00e7as \u00e0 sua atua\u00e7\u00e3o que a Igreja de Roma conseguiu tratar com o poder p\u00fablico sem [&hellip;]\" \/>\n<meta property=\"og:url\" content=\"https:\/\/www.oarcanjo.net\/site\/santo-ambrosio\/\" \/>\n<meta property=\"og:site_name\" content=\"O Arcanjo no ar\" \/>\n<meta property=\"article:publisher\" content=\"https:\/\/www.facebook.com\/OArcanjoNoAr\/\" \/>\n<meta property=\"article:published_time\" content=\"2014-12-07T02:10:50+00:00\" \/>\n<meta property=\"article:modified_time\" content=\"2014-11-11T13:14:49+00:00\" \/>\n<meta property=\"og:image\" content=\"http:\/\/www.oarcanjo.net\/site\/wp-content\/uploads\/santo-ambrosio.jpg\" \/>\n<meta name=\"author\" content=\"danilo\" \/>\n<meta name=\"twitter:card\" content=\"summary_large_image\" \/>\n<meta name=\"twitter:label1\" content=\"Escrito por\" \/>\n\t<meta name=\"twitter:data1\" content=\"danilo\" \/>\n\t<meta name=\"twitter:label2\" content=\"Est. tempo de leitura\" \/>\n\t<meta name=\"twitter:data2\" content=\"2 minutos\" \/>\n<script type=\"application\/ld+json\" class=\"yoast-schema-graph\">{\"@context\":\"https:\/\/schema.org\",\"@graph\":[{\"@type\":\"Article\",\"@id\":\"https:\/\/www.oarcanjo.net\/site\/santo-ambrosio\/#article\",\"isPartOf\":{\"@id\":\"https:\/\/www.oarcanjo.net\/site\/santo-ambrosio\/\"},\"author\":{\"name\":\"danilo\",\"@id\":\"https:\/\/www.oarcanjo.net\/site\/#\/schema\/person\/5eb9480bedd2f3c97e430ce128c29c6c\"},\"headline\":\"Santo Ambr\u00f3sio\",\"datePublished\":\"2014-12-07T02:10:50+00:00\",\"dateModified\":\"2014-11-11T13:14:49+00:00\",\"mainEntityOfPage\":{\"@id\":\"https:\/\/www.oarcanjo.net\/site\/santo-ambrosio\/\"},\"wordCount\":487,\"commentCount\":0,\"publisher\":{\"@id\":\"https:\/\/www.oarcanjo.net\/site\/#organization\"},\"image\":{\"@id\":\"https:\/\/www.oarcanjo.net\/site\/santo-ambrosio\/#primaryimage\"},\"thumbnailUrl\":\"http:\/\/www.oarcanjo.net\/site\/wp-content\/uploads\/santo-ambrosio.jpg\",\"keywords\":[\"Santo Ambr\u00f3sio\",\"Voz do Arcanjo\"],\"articleSection\":[\"Testemunhos\"],\"inLanguage\":\"pt-BR\",\"potentialAction\":[{\"@type\":\"CommentAction\",\"name\":\"Comment\",\"target\":[\"https:\/\/www.oarcanjo.net\/site\/santo-ambrosio\/#respond\"]}]},{\"@type\":\"WebPage\",\"@id\":\"https:\/\/www.oarcanjo.net\/site\/santo-ambrosio\/\",\"url\":\"https:\/\/www.oarcanjo.net\/site\/santo-ambrosio\/\",\"name\":\"Santo Ambr\u00f3sio - O Arcanjo no ar\",\"isPartOf\":{\"@id\":\"https:\/\/www.oarcanjo.net\/site\/#website\"},\"primaryImageOfPage\":{\"@id\":\"https:\/\/www.oarcanjo.net\/site\/santo-ambrosio\/#primaryimage\"},\"image\":{\"@id\":\"https:\/\/www.oarcanjo.net\/site\/santo-ambrosio\/#primaryimage\"},\"thumbnailUrl\":\"http:\/\/www.oarcanjo.net\/site\/wp-content\/uploads\/santo-ambrosio.jpg\",\"datePublished\":\"2014-12-07T02:10:50+00:00\",\"dateModified\":\"2014-11-11T13:14:49+00:00\",\"breadcrumb\":{\"@id\":\"https:\/\/www.oarcanjo.net\/site\/santo-ambrosio\/#breadcrumb\"},\"inLanguage\":\"pt-BR\",\"potentialAction\":[{\"@type\":\"ReadAction\",\"target\":[\"https:\/\/www.oarcanjo.net\/site\/santo-ambrosio\/\"]}]},{\"@type\":\"ImageObject\",\"inLanguage\":\"pt-BR\",\"@id\":\"https:\/\/www.oarcanjo.net\/site\/santo-ambrosio\/#primaryimage\",\"url\":\"https:\/\/www.oarcanjo.net\/site\/wp-content\/uploads\/santo-ambrosio.jpg\",\"contentUrl\":\"https:\/\/www.oarcanjo.net\/site\/wp-content\/uploads\/santo-ambrosio.jpg\",\"width\":\"89\",\"height\":\"116\"},{\"@type\":\"BreadcrumbList\",\"@id\":\"https:\/\/www.oarcanjo.net\/site\/santo-ambrosio\/#breadcrumb\",\"itemListElement\":[{\"@type\":\"ListItem\",\"position\":1,\"name\":\"In\u00edcio\",\"item\":\"https:\/\/www.oarcanjo.net\/site\/\"},{\"@type\":\"ListItem\",\"position\":2,\"name\":\"Santo Ambr\u00f3sio\"}]},{\"@type\":\"WebSite\",\"@id\":\"https:\/\/www.oarcanjo.net\/site\/#website\",\"url\":\"https:\/\/www.oarcanjo.net\/site\/\",\"name\":\"O Arcanjo no ar\",\"description\":\"Site da Par\u00f3quia S\u00e3o Miguel Arcanjo (Arquidiocese de SP)\",\"publisher\":{\"@id\":\"https:\/\/www.oarcanjo.net\/site\/#organization\"},\"potentialAction\":[{\"@type\":\"SearchAction\",\"target\":{\"@type\":\"EntryPoint\",\"urlTemplate\":\"https:\/\/www.oarcanjo.net\/site\/?s={search_term_string}\"},\"query-input\":{\"@type\":\"PropertyValueSpecification\",\"valueRequired\":true,\"valueName\":\"search_term_string\"}}],\"inLanguage\":\"pt-BR\"},{\"@type\":\"Organization\",\"@id\":\"https:\/\/www.oarcanjo.net\/site\/#organization\",\"name\":\"Par\u00f3quia S\u00e3o Miguel Arcanjo\",\"url\":\"https:\/\/www.oarcanjo.net\/site\/\",\"logo\":{\"@type\":\"ImageObject\",\"inLanguage\":\"pt-BR\",\"@id\":\"https:\/\/www.oarcanjo.net\/site\/#\/schema\/logo\/image\/\",\"url\":\"https:\/\/www.oarcanjo.net\/site\/wp-content\/uploads\/LogoOArcanjo.png\",\"contentUrl\":\"https:\/\/www.oarcanjo.net\/site\/wp-content\/uploads\/LogoOArcanjo.png\",\"width\":319,\"height\":99,\"caption\":\"Par\u00f3quia S\u00e3o Miguel Arcanjo\"},\"image\":{\"@id\":\"https:\/\/www.oarcanjo.net\/site\/#\/schema\/logo\/image\/\"},\"sameAs\":[\"https:\/\/www.facebook.com\/OArcanjoNoAr\/\"]},{\"@type\":\"Person\",\"@id\":\"https:\/\/www.oarcanjo.net\/site\/#\/schema\/person\/5eb9480bedd2f3c97e430ce128c29c6c\",\"name\":\"danilo\"}]}<\/script>\n<!-- \/ Yoast SEO plugin. -->","yoast_head_json":{"title":"Santo Ambr\u00f3sio - O Arcanjo no ar","robots":{"index":"index","follow":"follow","max-snippet":"max-snippet:-1","max-image-preview":"max-image-preview:large","max-video-preview":"max-video-preview:-1"},"canonical":"https:\/\/www.oarcanjo.net\/site\/santo-ambrosio\/","og_locale":"pt_BR","og_type":"article","og_title":"Santo Ambr\u00f3sio - O Arcanjo no ar","og_description":"7 de Dezembro Bispo e Doutor da Igreja Conselheiro e pai espiritual de tr\u00eas imperadores romanos, Graciano, Valentiniano II e Teod\u00f3sio I, Ambr\u00f3sio \u00e9 o s\u00edmbolo da Igreja nascente, ap\u00f3s os sofridos anos de persegui\u00e7\u00f5es e vida escondida. Foi gra\u00e7as \u00e0 sua atua\u00e7\u00e3o que a Igreja de Roma conseguiu tratar com o poder p\u00fablico sem [&hellip;]","og_url":"https:\/\/www.oarcanjo.net\/site\/santo-ambrosio\/","og_site_name":"O Arcanjo no ar","article_publisher":"https:\/\/www.facebook.com\/OArcanjoNoAr\/","article_published_time":"2014-12-07T02:10:50+00:00","article_modified_time":"2014-11-11T13:14:49+00:00","og_image":[{"url":"http:\/\/www.oarcanjo.net\/site\/wp-content\/uploads\/santo-ambrosio.jpg"}],"author":"danilo","twitter_card":"summary_large_image","twitter_misc":{"Escrito por":"danilo","Est. tempo de leitura":"2 minutos"},"schema":{"@context":"https:\/\/schema.org","@graph":[{"@type":"Article","@id":"https:\/\/www.oarcanjo.net\/site\/santo-ambrosio\/#article","isPartOf":{"@id":"https:\/\/www.oarcanjo.net\/site\/santo-ambrosio\/"},"author":{"name":"danilo","@id":"https:\/\/www.oarcanjo.net\/site\/#\/schema\/person\/5eb9480bedd2f3c97e430ce128c29c6c"},"headline":"Santo Ambr\u00f3sio","datePublished":"2014-12-07T02:10:50+00:00","dateModified":"2014-11-11T13:14:49+00:00","mainEntityOfPage":{"@id":"https:\/\/www.oarcanjo.net\/site\/santo-ambrosio\/"},"wordCount":487,"commentCount":0,"publisher":{"@id":"https:\/\/www.oarcanjo.net\/site\/#organization"},"image":{"@id":"https:\/\/www.oarcanjo.net\/site\/santo-ambrosio\/#primaryimage"},"thumbnailUrl":"http:\/\/www.oarcanjo.net\/site\/wp-content\/uploads\/santo-ambrosio.jpg","keywords":["Santo Ambr\u00f3sio","Voz do Arcanjo"],"articleSection":["Testemunhos"],"inLanguage":"pt-BR","potentialAction":[{"@type":"CommentAction","name":"Comment","target":["https:\/\/www.oarcanjo.net\/site\/santo-ambrosio\/#respond"]}]},{"@type":"WebPage","@id":"https:\/\/www.oarcanjo.net\/site\/santo-ambrosio\/","url":"https:\/\/www.oarcanjo.net\/site\/santo-ambrosio\/","name":"Santo Ambr\u00f3sio - O Arcanjo no ar","isPartOf":{"@id":"https:\/\/www.oarcanjo.net\/site\/#website"},"primaryImageOfPage":{"@id":"https:\/\/www.oarcanjo.net\/site\/santo-ambrosio\/#primaryimage"},"image":{"@id":"https:\/\/www.oarcanjo.net\/site\/santo-ambrosio\/#primaryimage"},"thumbnailUrl":"http:\/\/www.oarcanjo.net\/site\/wp-content\/uploads\/santo-ambrosio.jpg","datePublished":"2014-12-07T02:10:50+00:00","dateModified":"2014-11-11T13:14:49+00:00","breadcrumb":{"@id":"https:\/\/www.oarcanjo.net\/site\/santo-ambrosio\/#breadcrumb"},"inLanguage":"pt-BR","potentialAction":[{"@type":"ReadAction","target":["https:\/\/www.oarcanjo.net\/site\/santo-ambrosio\/"]}]},{"@type":"ImageObject","inLanguage":"pt-BR","@id":"https:\/\/www.oarcanjo.net\/site\/santo-ambrosio\/#primaryimage","url":"https:\/\/www.oarcanjo.net\/site\/wp-content\/uploads\/santo-ambrosio.jpg","contentUrl":"https:\/\/www.oarcanjo.net\/site\/wp-content\/uploads\/santo-ambrosio.jpg","width":"89","height":"116"},{"@type":"BreadcrumbList","@id":"https:\/\/www.oarcanjo.net\/site\/santo-ambrosio\/#breadcrumb","itemListElement":[{"@type":"ListItem","position":1,"name":"In\u00edcio","item":"https:\/\/www.oarcanjo.net\/site\/"},{"@type":"ListItem","position":2,"name":"Santo Ambr\u00f3sio"}]},{"@type":"WebSite","@id":"https:\/\/www.oarcanjo.net\/site\/#website","url":"https:\/\/www.oarcanjo.net\/site\/","name":"O Arcanjo no ar","description":"Site da Par\u00f3quia S\u00e3o Miguel Arcanjo (Arquidiocese de SP)","publisher":{"@id":"https:\/\/www.oarcanjo.net\/site\/#organization"},"potentialAction":[{"@type":"SearchAction","target":{"@type":"EntryPoint","urlTemplate":"https:\/\/www.oarcanjo.net\/site\/?s={search_term_string}"},"query-input":{"@type":"PropertyValueSpecification","valueRequired":true,"valueName":"search_term_string"}}],"inLanguage":"pt-BR"},{"@type":"Organization","@id":"https:\/\/www.oarcanjo.net\/site\/#organization","name":"Par\u00f3quia S\u00e3o Miguel Arcanjo","url":"https:\/\/www.oarcanjo.net\/site\/","logo":{"@type":"ImageObject","inLanguage":"pt-BR","@id":"https:\/\/www.oarcanjo.net\/site\/#\/schema\/logo\/image\/","url":"https:\/\/www.oarcanjo.net\/site\/wp-content\/uploads\/LogoOArcanjo.png","contentUrl":"https:\/\/www.oarcanjo.net\/site\/wp-content\/uploads\/LogoOArcanjo.png","width":319,"height":99,"caption":"Par\u00f3quia S\u00e3o Miguel Arcanjo"},"image":{"@id":"https:\/\/www.oarcanjo.net\/site\/#\/schema\/logo\/image\/"},"sameAs":["https:\/\/www.facebook.com\/OArcanjoNoAr\/"]},{"@type":"Person","@id":"https:\/\/www.oarcanjo.net\/site\/#\/schema\/person\/5eb9480bedd2f3c97e430ce128c29c6c","name":"danilo"}]}},"publishpress_future_action":{"enabled":false,"date":"2026-05-08 10:39:33","action":"category","newStatus":"draft","terms":[],"taxonomy":"category"},"publishpress_future_workflow_manual_trigger":{"enabledWorkflows":[]},"_links":{"self":[{"href":"https:\/\/www.oarcanjo.net\/site\/wp-json\/wp\/v2\/posts\/6367"}],"collection":[{"href":"https:\/\/www.oarcanjo.net\/site\/wp-json\/wp\/v2\/posts"}],"about":[{"href":"https:\/\/www.oarcanjo.net\/site\/wp-json\/wp\/v2\/types\/post"}],"author":[{"embeddable":true,"href":"https:\/\/www.oarcanjo.net\/site\/wp-json\/wp\/v2\/users\/14"}],"replies":[{"embeddable":true,"href":"https:\/\/www.oarcanjo.net\/site\/wp-json\/wp\/v2\/comments?post=6367"}],"version-history":[{"count":0,"href":"https:\/\/www.oarcanjo.net\/site\/wp-json\/wp\/v2\/posts\/6367\/revisions"}],"wp:attachment":[{"href":"https:\/\/www.oarcanjo.net\/site\/wp-json\/wp\/v2\/media?parent=6367"}],"wp:term":[{"taxonomy":"category","embeddable":true,"href":"https:\/\/www.oarcanjo.net\/site\/wp-json\/wp\/v2\/categories?post=6367"},{"taxonomy":"post_tag","embeddable":true,"href":"https:\/\/www.oarcanjo.net\/site\/wp-json\/wp\/v2\/tags?post=6367"}],"curies":[{"name":"wp","href":"https:\/\/api.w.org\/{rel}","templated":true}]}}