
{"id":6370,"date":"2014-12-07T00:02:19","date_gmt":"2014-12-07T02:02:19","guid":{"rendered":"http:\/\/www.oarcanjo.net\/site\/?p=6370"},"modified":"2014-11-11T11:14:45","modified_gmt":"2014-11-11T13:14:45","slug":"santa-maria-josefa-rossello","status":"publish","type":"post","link":"https:\/\/www.oarcanjo.net\/site\/santa-maria-josefa-rossello\/","title":{"rendered":"Santa Maria Josefa Rossello"},"content":{"rendered":"<p><img loading=\"lazy\" decoding=\"async\" class=\"aligncenter size-full wp-image-6371\" src=\"http:\/\/www.oarcanjo.net\/site\/wp-content\/uploads\/Santa-Maria-Josefa-Rossello.jpg\" alt=\"Santa Maria Josefa Rossello\" width=\"81\" height=\"103\" \/><\/p>\n<p>7 de Dezembro<\/p>\n<p>Fundou o Instituto das Filhas de Nossa Senhora da Miseric\u00f3rdia<\/p>\n<p>Benedita Rossello era natural da bel\u00edssima cidade de Albissola Mariana, em Savona, na It\u00e1lia. Nasceu no dia 27 de maio de 1811, descendente de uma humilde fam\u00edlia de fabricantes de vasilhas e, desde cedo, teve de, literalmente, &#8220;colocar a m\u00e3o na massa&#8221; para ajudar o pai com a modela\u00e7\u00e3o da argila. Mas trabalhar para a fam\u00edlia n\u00e3o era o suficiente para Benedita. O que ela mais queria era trabalhar para o mundo, para os outros, para o pr\u00f3ximo.<\/p>\n<p>Inscreveu-se muito jovem na Ordem Terceira de S\u00e3o Francisco e, aos dezenove anos, empregou-se numa resid\u00eancia para dar assist\u00eancia ao chefe da fam\u00edlia em sua doen\u00e7a. Fez um trabalho t\u00e3o dedicado e confortador que, quando o doente morreu, a vi\u00fava quis adotar Benedita.<\/p>\n<p>A oferta foi recusada, pois a jovem buscava uma atividade maior. Tentou inscrever-se numa casa de caridade, mas a falta do dote financeiro suficiente a impediu de concretizar o sonho, deixando-a triste e amargurada. Nesse mesmo tempo, perdeu o pai e uma irm\u00e3, tendo de prover a fam\u00edlia durante um per\u00edodo.<\/p>\n<p>Pouco tempo depois, o bispado de Mari procurava volunt\u00e1rias para a implanta\u00e7\u00e3o de um instituto de educa\u00e7\u00e3o para meninas pobres e Benedita n\u00e3o perdeu tempo. Uma casa modesta e alugada serviu de semente para o que seria uma grande Obra, de in\u00edcio dirigida por Benedita e com apenas duas companheiras.<\/p>\n<p>Em 1837, fez os votos perp\u00e9tuos de religiosa, tomando o nome de Maria Josefa. Tr\u00eas anos depois, era a superiora da nova Congrega\u00e7\u00e3o religiosa: o Instituto das Filhas de Nossa Senhora da Miseric\u00f3rdia, que j\u00e1 contava com sete irm\u00e3s e algumas novi\u00e7as.<\/p>\n<p>Entre tantas iniciativas de benemer\u00eancia, uma ficou marcada: sob a tutela da madre Maria Josefa, o Instituto come\u00e7ou a abrigar escravos africanos, dando asilo, principalmente, a meninas provindas da escravid\u00e3o humilhante e desumana. Ela, no futuro, ergueria muitas casas iguais, al\u00e9m de um semin\u00e1rio para filhos de oper\u00e1rios pobres.<\/p>\n<p>A fundadora morreu em 7 de dezembro de 1880. O papa Pio XII declarou santa Maria Josefa Rossello em 1949. Ela, que dedicou toda sua vida aos doentes e \u00e0s crian\u00e7as, mesmo quando ainda n\u00e3o era religiosa, nasceu Benedita, e bendita foi sua dedica\u00e7\u00e3o \u00e0 caridade, deve ser venerada com festa lit\u00fargica no dia de sua morte.<\/p>\n<p style=\"text-align: center\"><span style=\"font-size: medium;font-family: Times\"><strong><em>DISCURSO DO PAPA JO\u00c3O PAULO II<br \/>\n\u00c0S IRM\u00c3S DA CONGREGA\u00c7\u00c3O DAS FILHAS<br \/>\nDE NOSSA SENHORA DA MISERIC\u00d3RDIA<\/em><\/strong><\/span><\/p>\n<p><em><span style=\"font-family: Times\"><img loading=\"lazy\" decoding=\"async\" class=\"alignright size-thumbnail wp-image-6374\" src=\"http:\/\/www.oarcanjo.net\/site\/wp-content\/uploads\/papa-joao-paulo-II-150x150.jpg\" alt=\"papa joao paulo II\" width=\"150\" height=\"150\" \/><\/span><\/em><\/p>\n<p><em><span style=\"font-family: Times\">20 de Agosto de 1998<\/span><\/em><\/p>\n<p><em>\u00a0<\/em><\/p>\n<p><span style=\"font-size: small;font-family: Times\"><em>Car\u00edssimas Filhas de Nossa Senhora da Miseric\u00f3rdia<\/em>! <\/span><\/p>\n<p><span style=\"font-size: small;font-family: Times\">1. \u00c9-me grato acolher-vos por ocasi\u00e3o do Cap\u00edtulo Geral que h\u00e1 pouco conclu\u00edstes em Savona, cidade na qual, h\u00e1 mais de um s\u00e9culo e meio, Santa Maria Josefa Rossello fundou a vossa Congrega\u00e7\u00e3o. A minha sauda\u00e7\u00e3o cordial dirige-se a cada uma de v\u00f3s que compondes a assembleia capitular, e estende-se ao mesmo tempo a todas as Coirm\u00e3s \u2013 mais de mil \u2013 nas diversas comunidades espalhadas pela Europa, \u00c1frica, Am\u00e9rica e \u00c1sia. <\/span><\/p>\n<p><span style=\"font-size: small;font-family: Times\">Dirijo um pensamento de bons votos \u00e0 Superiora-Geral, Irm\u00e3 M. Celsa Josefa Benetti, que foi confirmada nesse cargo pelo Cap\u00edtulo. Apresento-lhe as minhas felicita\u00e7\u00f5es, juntamente com o encorajamento a continuar com \u00e2nimo alegre e sereno no seu servi\u00e7o \u00e0 Congrega\u00e7\u00e3o, para promover a sua incisiva presen\u00e7a apost\u00f3lica na Igreja. <\/span><\/p>\n<p><span style=\"font-size: small;font-family: Times\">2. A vossa reuni\u00e3o capitular inscreve-se no ano do Esp\u00edrito Santo, segunda etapa do itiner\u00e1rio de prepara\u00e7\u00e3o imediata para o Grande Jubileu do Ano 2000. Por esta raz\u00e3o, quereria antes de tudo evocar a \u00ab\u00edntima rela\u00e7\u00e3o\u00bb que liga a vida consagrada \u00e0 obra do Esp\u00edrito Santo (cf. Exort. Apost. p\u00f3s-sinodal <em><a href=\"http:\/\/www.oarcanjo.net\/apost_exhortations\/documents\/hf_jp-ii_exh_25031996_vita-consecrata_po.html\">Vita consecrata<\/a><\/em>, 19). <\/span><\/p>\n<p><span style=\"font-size: small;font-family: Times\">O Esp\u00edrito \u00e9, em primeiro lugar, a alma da voca\u00e7\u00e3o: \u00ab\u00e9 Ele que sempre induz novas pessoas a sentirem atrac\u00e7\u00e3o por uma op\u00e7\u00e3o t\u00e3o comprometida&#8230; \u00e9 Ele que guia o crescimento desse anseio&#8230; \u00e9 Ele que forma e plasma o esp\u00edrito dos que s\u00e3o chamados, configurando-os a Cristo casto, pobre e obediente\u00bb (<em>ibid<\/em>.). <\/span><\/p>\n<p><span style=\"font-size: small;font-family: Times\">Tal como o \u00absim\u00bb de Maria, e a sua fecundidade virginal, assim o dom de si na vida consagrada acontece na \u00absombra \u00bb do poder do Alt\u00edssimo. E este \u00absim\u00bb, este dom renova-se cada dia na orante uni\u00e3o com Deus \u2013 da qual a Eucaristia \u00e9 o \u00e1pice \u2013, na comunh\u00e3o fraterna e no apostolado. <\/span><\/p>\n<p><span style=\"font-size: small;font-family: Times\">No decurso dos s\u00e9culos e dos mil\u00e9nios, o Esp\u00edrito Santo semeia na Igreja a variedade dos carismas, entre os quais tamb\u00e9m aqueles pr\u00f3prios dos v\u00e1rios Institutos. \u00abDa\u00ed a apari\u00e7\u00e3o de m\u00faltiplas formas de vida consagrada, atrav\u00e9s das quais a Igreja \u00e9 embelezada&#8230; e fica enriquecida&#8230; para cumprir a sua miss\u00e3o no mundo\u00bb (<em>ibid<\/em>.). <\/span><\/p>\n<p><span style=\"font-size: small;font-family: Times\">3. Mediante o luminoso testemunho de Maria Josefa Rossello, o Esp\u00edrito p\u00f4de suscitar na generosa terra l\u00edgure um novo rebento, a partir daquela inexaur\u00edvel fonte de vida evang\u00e9lica que \u00e9 a experi\u00eancia da divina Miseric\u00f3rdia, \u00abconte\u00fado fundamental da mensagem messi\u00e2nica e for\u00e7a constitutiva da sua miss\u00e3o\u00bb (<em><a href=\"http:\/\/www.oarcanjo.net\/encyclicals\/documents\/hf_jp-ii_enc_30111980_dives-in-misericordia_po.html\">Dives in misericordia<\/a><\/em>, 6). Este \u00e9 o vosso carisma, que sentis particularmente ligado com Maria Sant\u00edssima, M\u00e3e da Miseric\u00f3rdia e de quantos a ela se confiam. <\/span><\/p>\n<p><span style=\"font-size: small;font-family: Times\">O Cap\u00edtulo Geral constitui, antes de tudo, um acto de fidelidade ao carisma de funda\u00e7\u00e3o e ao consequente patrim\u00f3nio espiritual do Instituto. \u00abPrecisamente nessa fidelidade \u00e0 inspira\u00e7\u00e3o dos fundadores e das fundadoras, dom do Esp\u00edrito Santo, se descobrem mais facilmente e se revivem com maior fervor os elementos essenciais da vida consagrada\u00bb (<em><a href=\"http:\/\/www.oarcanjo.net\/apost_exhortations\/documents\/hf_jp-ii_exh_25031996_vita-consecrata_po.html\">Vita consecrata<\/a><\/em>, 36). Nas reuni\u00f5es capitulares, p\u00f5em-se \u00e0 escuta daquilo que o Esp\u00edrito quer dizer, para discernir o que significa ser fi\u00e9is ao pr\u00f3prio carisma no hoje do Instituto, da Igreja e do mundo, a fim de que a semente de santidade possa produzir fruto no tempo presente. <\/span><\/p>\n<p><span style=\"font-size: small;font-family: Times\">A respeito disso, \u00abcontudo, h\u00e1 que manter viva a convic\u00e7\u00e3o de que a garantia de toda a renova\u00e7\u00e3o, que pretenda permanecer fiel \u00e0 inspira\u00e7\u00e3o origin\u00e1ria, est\u00e1 na busca de uma conformidade cada vez mais plena com o Senhor\u00bb (<em>ibid<\/em>., 37).<\/span><\/p>\n<p><span style=\"font-size: small;font-family: Times\">4. Tamb\u00e9m a humanidade contempor\u00e2nea \u2013 com as suas pobrezas de sempre e com as espec\u00edficas da nossa \u00e9poca \u2013 tem sede da divina Miseric\u00f3rdia, e pede que seja reconhecida a sua presen\u00e7a em homens e mulheres, que lhe sejam testemunhas cr\u00edveis. <\/span><\/p>\n<p><span style=\"font-size: small;font-family: Times\">Esse testemunho n\u00e3o pode sen\u00e3o partir da pr\u00f3pria vida da comunidade religiosa, a qual \u00e9 o lugar em que a miseric\u00f3rdia se faz quotidiana aten\u00e7\u00e3o rec\u00edproca, compartilha, correc\u00e7\u00e3o fraterna. De uma intensa experi\u00eancia pessoal e comunit\u00e1ria irradiam-se os v\u00e1rios \u00abminist\u00e9rios de miseric\u00f3rdia\u00bb \u2013 como s\u00e3o chamados pelas vossas Constitui\u00e7\u00f5es \u2013, que s\u00e3o o vosso peculiar modo de \u00abtrabalhar pela extens\u00e3o do Reino de Deus\u00bb (<em>Const<\/em>. 4). <\/span><\/p>\n<p><span style=\"font-size: small;font-family: Times\">Queridas Irm\u00e3s, v\u00f3s pondes tudo isto sob a especial protec\u00e7\u00e3o de Maria M\u00e3e de Miseric\u00f3rdia. Ela, \u00abexemplo sublime de perfeita consagra\u00e7\u00e3o\u00bb (<em><a href=\"http:\/\/www.oarcanjo.net\/apost_exhortations\/documents\/hf_jp-ii_exh_25031996_vita-consecrata_po.html\">Vita consecrata<\/a><\/em>, 28), recorde sempre a cada uma das suas Filhas \u00abo primado da iniciativa de Deus\u00bb e lhes comunique \u00abaquele amor que consente oferecer todos os dias a vida por Cristo, cooperando com Ele na salva\u00e7\u00e3o do mundo\u00bb (<em>ibid<\/em>.). Possa a Virgem Santa, tamb\u00e9m gra\u00e7as ao vosso testemunho de f\u00e9 e de amor, ser por todos reconhecida como M\u00e3e de Miseric\u00f3rdia. Com estes bons votos concedo de cora\u00e7\u00e3o a v\u00f3s e \u00e0 inteira Congrega\u00e7\u00e3o uma especial B\u00ean\u00e7\u00e3o Apost\u00f3lica.<\/span><\/p>\n<p><span style=\"font-size: small;font-family: Times\">\u00a0\u00a0\u00a0\u00a0\u00a0\u00a0\u00a0\u00a0\u00a0\u00a0\u00a0\u00a0\u00a0\u00a0\u00a0\u00a0\u00a0\u00a0\u00a0\u00a0\u00a0\u00a0\u00a0\u00a0\u00a0\u00a0\u00a0\u00a0\u00a0\u00a0\u00a0\u00a0\u00a0\u00a0\u00a0\u00a0\u00a0\u00a0\u00a0\u00a0\u00a0\u00a0\u00a0\u00a0\u00a0\u00a0\u00a0\u00a0\u00a0\u00a0\u00a0\u00a0\u00a0\u00a0\u00a0\u00a0\u00a0\u00a0\u00a0\u00a0\u00a0\u00a0\u00a0\u00a0\u00a0\u00a0\u00a0\u00a0\u00a0\u00a0\u00a0\u00a0\u00a0\u00a0\u00a0\u00a0\u00a0\u00a0\u00a0\u00a0\u00a0 <strong><em>Fonte: Site Vaticano<\/em><\/strong><\/span><\/p>\n<div id=\"themify_builder_content-6370\" data-postid=\"6370\" class=\"themify_builder_content themify_builder_content-6370 themify_builder themify_builder_front\">\n\t<\/div>\n<!-- \/themify_builder_content -->","protected":false},"excerpt":{"rendered":"<p>7 de Dezembro Fundou o Instituto das Filhas de Nossa Senhora da Miseric\u00f3rdia Benedita Rossello era natural da bel\u00edssima cidade de Albissola Mariana, em Savona, na It\u00e1lia. Nasceu no dia 27 de maio de 1811, descendente de uma humilde fam\u00edlia de fabricantes de vasilhas e, desde cedo, teve de, literalmente, &#8220;colocar a m\u00e3o na massa&#8221; [&hellip;]<\/p>\n","protected":false},"author":14,"featured_media":0,"comment_status":"open","ping_status":"open","sticky":false,"template":"","format":"standard","meta":{"ngg_post_thumbnail":0,"footnotes":""},"categories":[186],"tags":[],"yoast_head":"<!-- This site is optimized with the Yoast SEO plugin v23.5 - https:\/\/yoast.com\/wordpress\/plugins\/seo\/ -->\n<title>Santa Maria Josefa Rossello - O Arcanjo no ar<\/title>\n<meta name=\"robots\" content=\"index, follow, max-snippet:-1, max-image-preview:large, max-video-preview:-1\" \/>\n<link rel=\"canonical\" href=\"https:\/\/www.oarcanjo.net\/site\/santa-maria-josefa-rossello\/\" \/>\n<meta property=\"og:locale\" content=\"pt_BR\" \/>\n<meta property=\"og:type\" content=\"article\" \/>\n<meta property=\"og:title\" content=\"Santa Maria Josefa Rossello - O Arcanjo no ar\" \/>\n<meta property=\"og:description\" content=\"7 de Dezembro Fundou o Instituto das Filhas de Nossa Senhora da Miseric\u00f3rdia Benedita Rossello era natural da bel\u00edssima cidade de Albissola Mariana, em Savona, na It\u00e1lia. Nasceu no dia 27 de maio de 1811, descendente de uma humilde fam\u00edlia de fabricantes de vasilhas e, desde cedo, teve de, literalmente, &#8220;colocar a m\u00e3o na massa&#8221; [&hellip;]\" \/>\n<meta property=\"og:url\" content=\"https:\/\/www.oarcanjo.net\/site\/santa-maria-josefa-rossello\/\" \/>\n<meta property=\"og:site_name\" content=\"O Arcanjo no ar\" \/>\n<meta property=\"article:publisher\" content=\"https:\/\/www.facebook.com\/OArcanjoNoAr\/\" \/>\n<meta property=\"article:published_time\" content=\"2014-12-07T02:02:19+00:00\" \/>\n<meta property=\"article:modified_time\" content=\"2014-11-11T13:14:45+00:00\" \/>\n<meta property=\"og:image\" content=\"http:\/\/www.oarcanjo.net\/site\/wp-content\/uploads\/Santa-Maria-Josefa-Rossello.jpg\" \/>\n<meta name=\"author\" content=\"danilo\" \/>\n<meta name=\"twitter:card\" content=\"summary_large_image\" \/>\n<meta name=\"twitter:label1\" content=\"Escrito por\" \/>\n\t<meta name=\"twitter:data1\" content=\"danilo\" \/>\n\t<meta name=\"twitter:label2\" content=\"Est. tempo de leitura\" \/>\n\t<meta name=\"twitter:data2\" content=\"6 minutos\" \/>\n<script type=\"application\/ld+json\" class=\"yoast-schema-graph\">{\"@context\":\"https:\/\/schema.org\",\"@graph\":[{\"@type\":\"Article\",\"@id\":\"https:\/\/www.oarcanjo.net\/site\/santa-maria-josefa-rossello\/#article\",\"isPartOf\":{\"@id\":\"https:\/\/www.oarcanjo.net\/site\/santa-maria-josefa-rossello\/\"},\"author\":{\"name\":\"danilo\",\"@id\":\"https:\/\/www.oarcanjo.net\/site\/#\/schema\/person\/5eb9480bedd2f3c97e430ce128c29c6c\"},\"headline\":\"Santa Maria Josefa Rossello\",\"datePublished\":\"2014-12-07T02:02:19+00:00\",\"dateModified\":\"2014-11-11T13:14:45+00:00\",\"mainEntityOfPage\":{\"@id\":\"https:\/\/www.oarcanjo.net\/site\/santa-maria-josefa-rossello\/\"},\"wordCount\":1283,\"commentCount\":0,\"publisher\":{\"@id\":\"https:\/\/www.oarcanjo.net\/site\/#organization\"},\"image\":{\"@id\":\"https:\/\/www.oarcanjo.net\/site\/santa-maria-josefa-rossello\/#primaryimage\"},\"thumbnailUrl\":\"http:\/\/www.oarcanjo.net\/site\/wp-content\/uploads\/Santa-Maria-Josefa-Rossello.jpg\",\"articleSection\":[\"Testemunhos\"],\"inLanguage\":\"pt-BR\",\"potentialAction\":[{\"@type\":\"CommentAction\",\"name\":\"Comment\",\"target\":[\"https:\/\/www.oarcanjo.net\/site\/santa-maria-josefa-rossello\/#respond\"]}]},{\"@type\":\"WebPage\",\"@id\":\"https:\/\/www.oarcanjo.net\/site\/santa-maria-josefa-rossello\/\",\"url\":\"https:\/\/www.oarcanjo.net\/site\/santa-maria-josefa-rossello\/\",\"name\":\"Santa Maria Josefa Rossello - O Arcanjo no ar\",\"isPartOf\":{\"@id\":\"https:\/\/www.oarcanjo.net\/site\/#website\"},\"primaryImageOfPage\":{\"@id\":\"https:\/\/www.oarcanjo.net\/site\/santa-maria-josefa-rossello\/#primaryimage\"},\"image\":{\"@id\":\"https:\/\/www.oarcanjo.net\/site\/santa-maria-josefa-rossello\/#primaryimage\"},\"thumbnailUrl\":\"http:\/\/www.oarcanjo.net\/site\/wp-content\/uploads\/Santa-Maria-Josefa-Rossello.jpg\",\"datePublished\":\"2014-12-07T02:02:19+00:00\",\"dateModified\":\"2014-11-11T13:14:45+00:00\",\"breadcrumb\":{\"@id\":\"https:\/\/www.oarcanjo.net\/site\/santa-maria-josefa-rossello\/#breadcrumb\"},\"inLanguage\":\"pt-BR\",\"potentialAction\":[{\"@type\":\"ReadAction\",\"target\":[\"https:\/\/www.oarcanjo.net\/site\/santa-maria-josefa-rossello\/\"]}]},{\"@type\":\"ImageObject\",\"inLanguage\":\"pt-BR\",\"@id\":\"https:\/\/www.oarcanjo.net\/site\/santa-maria-josefa-rossello\/#primaryimage\",\"url\":\"https:\/\/www.oarcanjo.net\/site\/wp-content\/uploads\/Santa-Maria-Josefa-Rossello.jpg\",\"contentUrl\":\"https:\/\/www.oarcanjo.net\/site\/wp-content\/uploads\/Santa-Maria-Josefa-Rossello.jpg\",\"width\":\"81\",\"height\":\"103\"},{\"@type\":\"BreadcrumbList\",\"@id\":\"https:\/\/www.oarcanjo.net\/site\/santa-maria-josefa-rossello\/#breadcrumb\",\"itemListElement\":[{\"@type\":\"ListItem\",\"position\":1,\"name\":\"In\u00edcio\",\"item\":\"https:\/\/www.oarcanjo.net\/site\/\"},{\"@type\":\"ListItem\",\"position\":2,\"name\":\"Santa Maria Josefa Rossello\"}]},{\"@type\":\"WebSite\",\"@id\":\"https:\/\/www.oarcanjo.net\/site\/#website\",\"url\":\"https:\/\/www.oarcanjo.net\/site\/\",\"name\":\"O Arcanjo no ar\",\"description\":\"Site da Par\u00f3quia S\u00e3o Miguel Arcanjo (Arquidiocese de SP)\",\"publisher\":{\"@id\":\"https:\/\/www.oarcanjo.net\/site\/#organization\"},\"potentialAction\":[{\"@type\":\"SearchAction\",\"target\":{\"@type\":\"EntryPoint\",\"urlTemplate\":\"https:\/\/www.oarcanjo.net\/site\/?s={search_term_string}\"},\"query-input\":{\"@type\":\"PropertyValueSpecification\",\"valueRequired\":true,\"valueName\":\"search_term_string\"}}],\"inLanguage\":\"pt-BR\"},{\"@type\":\"Organization\",\"@id\":\"https:\/\/www.oarcanjo.net\/site\/#organization\",\"name\":\"Par\u00f3quia S\u00e3o Miguel Arcanjo\",\"url\":\"https:\/\/www.oarcanjo.net\/site\/\",\"logo\":{\"@type\":\"ImageObject\",\"inLanguage\":\"pt-BR\",\"@id\":\"https:\/\/www.oarcanjo.net\/site\/#\/schema\/logo\/image\/\",\"url\":\"https:\/\/www.oarcanjo.net\/site\/wp-content\/uploads\/LogoOArcanjo.png\",\"contentUrl\":\"https:\/\/www.oarcanjo.net\/site\/wp-content\/uploads\/LogoOArcanjo.png\",\"width\":319,\"height\":99,\"caption\":\"Par\u00f3quia S\u00e3o Miguel Arcanjo\"},\"image\":{\"@id\":\"https:\/\/www.oarcanjo.net\/site\/#\/schema\/logo\/image\/\"},\"sameAs\":[\"https:\/\/www.facebook.com\/OArcanjoNoAr\/\"]},{\"@type\":\"Person\",\"@id\":\"https:\/\/www.oarcanjo.net\/site\/#\/schema\/person\/5eb9480bedd2f3c97e430ce128c29c6c\",\"name\":\"danilo\"}]}<\/script>\n<!-- \/ Yoast SEO plugin. -->","yoast_head_json":{"title":"Santa Maria Josefa Rossello - O Arcanjo no ar","robots":{"index":"index","follow":"follow","max-snippet":"max-snippet:-1","max-image-preview":"max-image-preview:large","max-video-preview":"max-video-preview:-1"},"canonical":"https:\/\/www.oarcanjo.net\/site\/santa-maria-josefa-rossello\/","og_locale":"pt_BR","og_type":"article","og_title":"Santa Maria Josefa Rossello - O Arcanjo no ar","og_description":"7 de Dezembro Fundou o Instituto das Filhas de Nossa Senhora da Miseric\u00f3rdia Benedita Rossello era natural da bel\u00edssima cidade de Albissola Mariana, em Savona, na It\u00e1lia. Nasceu no dia 27 de maio de 1811, descendente de uma humilde fam\u00edlia de fabricantes de vasilhas e, desde cedo, teve de, literalmente, &#8220;colocar a m\u00e3o na massa&#8221; [&hellip;]","og_url":"https:\/\/www.oarcanjo.net\/site\/santa-maria-josefa-rossello\/","og_site_name":"O Arcanjo no ar","article_publisher":"https:\/\/www.facebook.com\/OArcanjoNoAr\/","article_published_time":"2014-12-07T02:02:19+00:00","article_modified_time":"2014-11-11T13:14:45+00:00","og_image":[{"url":"http:\/\/www.oarcanjo.net\/site\/wp-content\/uploads\/Santa-Maria-Josefa-Rossello.jpg"}],"author":"danilo","twitter_card":"summary_large_image","twitter_misc":{"Escrito por":"danilo","Est. tempo de leitura":"6 minutos"},"schema":{"@context":"https:\/\/schema.org","@graph":[{"@type":"Article","@id":"https:\/\/www.oarcanjo.net\/site\/santa-maria-josefa-rossello\/#article","isPartOf":{"@id":"https:\/\/www.oarcanjo.net\/site\/santa-maria-josefa-rossello\/"},"author":{"name":"danilo","@id":"https:\/\/www.oarcanjo.net\/site\/#\/schema\/person\/5eb9480bedd2f3c97e430ce128c29c6c"},"headline":"Santa Maria Josefa Rossello","datePublished":"2014-12-07T02:02:19+00:00","dateModified":"2014-11-11T13:14:45+00:00","mainEntityOfPage":{"@id":"https:\/\/www.oarcanjo.net\/site\/santa-maria-josefa-rossello\/"},"wordCount":1283,"commentCount":0,"publisher":{"@id":"https:\/\/www.oarcanjo.net\/site\/#organization"},"image":{"@id":"https:\/\/www.oarcanjo.net\/site\/santa-maria-josefa-rossello\/#primaryimage"},"thumbnailUrl":"http:\/\/www.oarcanjo.net\/site\/wp-content\/uploads\/Santa-Maria-Josefa-Rossello.jpg","articleSection":["Testemunhos"],"inLanguage":"pt-BR","potentialAction":[{"@type":"CommentAction","name":"Comment","target":["https:\/\/www.oarcanjo.net\/site\/santa-maria-josefa-rossello\/#respond"]}]},{"@type":"WebPage","@id":"https:\/\/www.oarcanjo.net\/site\/santa-maria-josefa-rossello\/","url":"https:\/\/www.oarcanjo.net\/site\/santa-maria-josefa-rossello\/","name":"Santa Maria Josefa Rossello - O Arcanjo no ar","isPartOf":{"@id":"https:\/\/www.oarcanjo.net\/site\/#website"},"primaryImageOfPage":{"@id":"https:\/\/www.oarcanjo.net\/site\/santa-maria-josefa-rossello\/#primaryimage"},"image":{"@id":"https:\/\/www.oarcanjo.net\/site\/santa-maria-josefa-rossello\/#primaryimage"},"thumbnailUrl":"http:\/\/www.oarcanjo.net\/site\/wp-content\/uploads\/Santa-Maria-Josefa-Rossello.jpg","datePublished":"2014-12-07T02:02:19+00:00","dateModified":"2014-11-11T13:14:45+00:00","breadcrumb":{"@id":"https:\/\/www.oarcanjo.net\/site\/santa-maria-josefa-rossello\/#breadcrumb"},"inLanguage":"pt-BR","potentialAction":[{"@type":"ReadAction","target":["https:\/\/www.oarcanjo.net\/site\/santa-maria-josefa-rossello\/"]}]},{"@type":"ImageObject","inLanguage":"pt-BR","@id":"https:\/\/www.oarcanjo.net\/site\/santa-maria-josefa-rossello\/#primaryimage","url":"https:\/\/www.oarcanjo.net\/site\/wp-content\/uploads\/Santa-Maria-Josefa-Rossello.jpg","contentUrl":"https:\/\/www.oarcanjo.net\/site\/wp-content\/uploads\/Santa-Maria-Josefa-Rossello.jpg","width":"81","height":"103"},{"@type":"BreadcrumbList","@id":"https:\/\/www.oarcanjo.net\/site\/santa-maria-josefa-rossello\/#breadcrumb","itemListElement":[{"@type":"ListItem","position":1,"name":"In\u00edcio","item":"https:\/\/www.oarcanjo.net\/site\/"},{"@type":"ListItem","position":2,"name":"Santa Maria Josefa Rossello"}]},{"@type":"WebSite","@id":"https:\/\/www.oarcanjo.net\/site\/#website","url":"https:\/\/www.oarcanjo.net\/site\/","name":"O Arcanjo no ar","description":"Site da Par\u00f3quia S\u00e3o Miguel Arcanjo (Arquidiocese de SP)","publisher":{"@id":"https:\/\/www.oarcanjo.net\/site\/#organization"},"potentialAction":[{"@type":"SearchAction","target":{"@type":"EntryPoint","urlTemplate":"https:\/\/www.oarcanjo.net\/site\/?s={search_term_string}"},"query-input":{"@type":"PropertyValueSpecification","valueRequired":true,"valueName":"search_term_string"}}],"inLanguage":"pt-BR"},{"@type":"Organization","@id":"https:\/\/www.oarcanjo.net\/site\/#organization","name":"Par\u00f3quia S\u00e3o Miguel Arcanjo","url":"https:\/\/www.oarcanjo.net\/site\/","logo":{"@type":"ImageObject","inLanguage":"pt-BR","@id":"https:\/\/www.oarcanjo.net\/site\/#\/schema\/logo\/image\/","url":"https:\/\/www.oarcanjo.net\/site\/wp-content\/uploads\/LogoOArcanjo.png","contentUrl":"https:\/\/www.oarcanjo.net\/site\/wp-content\/uploads\/LogoOArcanjo.png","width":319,"height":99,"caption":"Par\u00f3quia S\u00e3o Miguel Arcanjo"},"image":{"@id":"https:\/\/www.oarcanjo.net\/site\/#\/schema\/logo\/image\/"},"sameAs":["https:\/\/www.facebook.com\/OArcanjoNoAr\/"]},{"@type":"Person","@id":"https:\/\/www.oarcanjo.net\/site\/#\/schema\/person\/5eb9480bedd2f3c97e430ce128c29c6c","name":"danilo"}]}},"publishpress_future_action":{"enabled":false,"date":"2026-05-08 09:15:19","action":"category","newStatus":"draft","terms":[],"taxonomy":"category"},"publishpress_future_workflow_manual_trigger":{"enabledWorkflows":[]},"_links":{"self":[{"href":"https:\/\/www.oarcanjo.net\/site\/wp-json\/wp\/v2\/posts\/6370"}],"collection":[{"href":"https:\/\/www.oarcanjo.net\/site\/wp-json\/wp\/v2\/posts"}],"about":[{"href":"https:\/\/www.oarcanjo.net\/site\/wp-json\/wp\/v2\/types\/post"}],"author":[{"embeddable":true,"href":"https:\/\/www.oarcanjo.net\/site\/wp-json\/wp\/v2\/users\/14"}],"replies":[{"embeddable":true,"href":"https:\/\/www.oarcanjo.net\/site\/wp-json\/wp\/v2\/comments?post=6370"}],"version-history":[{"count":0,"href":"https:\/\/www.oarcanjo.net\/site\/wp-json\/wp\/v2\/posts\/6370\/revisions"}],"wp:attachment":[{"href":"https:\/\/www.oarcanjo.net\/site\/wp-json\/wp\/v2\/media?parent=6370"}],"wp:term":[{"taxonomy":"category","embeddable":true,"href":"https:\/\/www.oarcanjo.net\/site\/wp-json\/wp\/v2\/categories?post=6370"},{"taxonomy":"post_tag","embeddable":true,"href":"https:\/\/www.oarcanjo.net\/site\/wp-json\/wp\/v2\/tags?post=6370"}],"curies":[{"name":"wp","href":"https:\/\/api.w.org\/{rel}","templated":true}]}}