
{"id":63979,"date":"2015-07-01T10:22:25","date_gmt":"2015-07-01T13:22:25","guid":{"rendered":"http:\/\/www.oarcanjo.net\/site\/?p=63979"},"modified":"2015-07-01T10:22:47","modified_gmt":"2015-07-01T13:22:47","slug":"papa-francisco-igreja-em-saida-de-onde-para-onde","status":"publish","type":"post","link":"https:\/\/www.oarcanjo.net\/site\/papa-francisco-igreja-em-saida-de-onde-para-onde\/","title":{"rendered":"Papa Francisco: Igreja em sa\u00edda de onde para onde?"},"content":{"rendered":"<p><em><strong>Leonardo Boff<\/strong><\/em><\/p>\n<p>Celebrando ainda a extraordin\u00e1ria enc\u00edclica sobre &#8220;o cuidado da Casa Comum&#8221;, voltamos a refletir uma perspectiva importante do Papa Francisco, um verdadeiro logotipo de sua compreens\u00e3o de Igreja: &#8220;uma Igreja em sa\u00edda&#8221;.<\/p>\n<p>Essa formula\u00e7\u00e3o encerra uma velada cr\u00edtica ao modelo anterior de Igreja que era uma Igreja &#8220;sem sa\u00edda&#8221; devido aos diversos esc\u00e2ndalos de ordem moral e financeira, o que for\u00e7ou o Papa Bento XVI a renunciar, uma Igreja que perdeu seu melhor capital: a moralidade e a credibilidade dos crist\u00e3os e do mundo secular.<\/p>\n<p>Mas o logotipo &#8220;Igreja em sa\u00edda&#8221; possui um significado mais profundo, tornado poss\u00edvel porque veio de um Papa fora dos quadros institucionais da velha e cansada cristandade europeia. Esta havia encerrado a Igreja dentro de uma compreens\u00e3o que a tornava praticamente inaceit\u00e1vel pelos modernos, ref\u00e9m de tradi\u00e7\u00f5es fossilizadas e com uma mensagem que n\u00e3o mordia os problemas dos crist\u00e3os e do mundo atual. A &#8220;Igreja em sa\u00edda\u201d quer marcar uma ruptura com aquele estado de coisas. Essa palavra &#8220;ruptura\u201d irrita os representantes do\u00a0<em>establishment<\/em>eclesi\u00e1stico. Mas nem por isso deixa de ser verdadeira. E ent\u00e3o se coloca a pergunta: &#8220;sa\u00edda&#8221; de onde para onde? Vejamos alguns passos:<\/p>\n<p>&#8211; Sa\u00edda de uma Igreja-fortaleza que protegia os fi\u00e9is contra as liberdades modernas para uma Igreja-hospital de campanha que atende a toda pessoa que a procura, pouco importa seu estado moral ou ideol\u00f3gico.<\/p>\n<p>&#8211; Sa\u00edda de uma Igreja-institui\u00e7\u00e3o absolutista, centrada em si mesma para uma Igreja-movimento, aberta ao di\u00e1logo universal, com outras Igrejas, religi\u00f5es e ideologias.<\/p>\n<p>&#8211; Sa\u00edda de uma Igreja-hierarquia, criadora de desigualdades para uma Igreja-povo de Deus, fazendo de todos irm\u00e3os e irm\u00e3s: uma imensa comunidade fraternal.<\/p>\n<p>&#8211; Sa\u00edda de uma Igreja-autoridade eclesi\u00e1stica, distanciada dos fi\u00e9is ou at\u00e9 de costas a eles, para uma Igreja-pastor que anda no meio do povo, com cheiro de ovelha e misericordiosa.<\/p>\n<p>&#8211; Sa\u00edda de uma Igreja-Papa de todos os crist\u00e3os e bispos que governa com o r\u00edgido direito can\u00f4nico para uma Igreja-bispo de Roma, que preside na caridade e s\u00f3 a partir da\u00ed se faz Papa da Igreja universal.<\/p>\n<p>&#8211; Sa\u00edda de uma Igreja-mestra de doutrinas e normas para uma Igreja de pr\u00e1ticas surpreendentes e do encontro afetuoso com as pessoas para al\u00e9m de sua inscri\u00e7\u00e3o religiosa, moral ou ideol\u00f3gica. As periferias existenciais ganham centralidade.<\/p>\n<p>&#8211; Sa\u00edda de uma Igreja de poder sagrado, das pompa e circunst\u00e2ncia, dos pal\u00e1cios pontif\u00edcios e titulaturas de nobreza renascentista para uma Igreja-pobre e para os pobres, despojada de s\u00edmbolos de honra, servidora e porta-voz prof\u00e9tica contra o sistema de acumula\u00e7\u00e3o de dinheiro, o \u00eddolo que produz sofrimento e mis\u00e9ria e mata as pessoas.<\/p>\n<p>&#8211; Sa\u00edda da Igreja-que fala dos pobres para uma Igreja-que vai aos pobres, conversa com eles, abra\u00e7a-os e os defende.<\/p>\n<p>&#8211; Sa\u00edda de uma Igreja-equidistante dos sistemas pol\u00edticos e econ\u00f4micos para uma Igreja-que toma partido em favor das v\u00edtimas e que chama pelo nome os produtores das injusti\u00e7as e convida a Roma representantes dos movimentos sociais mundiais para discutir com eles como buscar alternativas.<\/p>\n<p>&#8211; Sa\u00edda de uma Igreja-automagnificadora e acr\u00edtica para uma Igreja-da verdade sobre si mesma contra cardeais, bispos e te\u00f3logos zelosos de seu status, mas com cara de &#8220;vinagre ou de sexta-feira santa\u201d, &#8220;tristes como se fossem ao pr\u00f3prio enterro\u201d, enfim, uma Igreja feita de pessoas humanas.<\/p>\n<p>&#8211; Sa\u00edda de uma Igreja-da ordem e do rigorismo para uma Igreja-da revolu\u00e7\u00e3o da ternura, da miseric\u00f3rdia e do cuidado.<\/p>\n<p>&#8211; Sa\u00edda de uma Igreja-de devotos, como aqueles que aparecem nos programas televisivos, com padres artistas do mercado religioso, para uma Igreja-compromisso com a justi\u00e7a social e com a liberta\u00e7\u00e3o dos oprimidos.<\/p>\n<p>&#8211; Sa\u00edda de uma Igreja-obedi\u00eancia e da rever\u00eancia para uma Igreja-alegria do evangelho e de esperan\u00e7a ainda para esse mundo.<\/p>\n<p>&#8211; Sa\u00edda de uma Igreja-sem o mundo que permitiu surgir um mundo sem Igreja para uma Igreja-mundo, sens\u00edvel ao problema da ecologia e do futuro da Casa Comum, a m\u00e3e Terra.<\/p>\n<p>Estas e outras sa\u00eddas mostram que a Igreja n\u00e3o se reduz apenas a uma miss\u00e3o religiosa, acantonada numa parte privada da realidade. Ela possui, al\u00e9m disso, uma miss\u00e3o pol\u00edtico-social no sentido maior desta palavra, como fonte de inspira\u00e7\u00e3o para as transforma\u00e7\u00f5es necess\u00e1rias que resgatem a humanidade para um tipo de civiliza\u00e7\u00e3o do amor e da compaix\u00e3o, que seja menos individualista, materialista, c\u00ednica e destitu\u00edda de solidariedade.<\/p>\n<p>Esta Igreja-em-sa\u00edda devolveu alegria e esperan\u00e7a aos crist\u00e3os e reconquistou o sentimento de ser um lar espiritual. Granjeou pela simplicidade, despojamento e acolhida no amor e na ternura, a estima de muitas pessoas de outras confiss\u00f5es ou de simples cidad\u00e3os do mundo e mesmo de chefes de Estado que admiram a figura e as pr\u00e1ticas surpreendentes do Papa Francisco em favor da paz, do di\u00e1logo entre os povos e da ren\u00fancia a toda viol\u00eancia e a guerra.<\/p>\n<p>Mais que doutrinas e dogmas \u00e9 a Tradi\u00e7\u00e3o de Jesus, feita de amor incondicional, de miseric\u00f3rdia e de compaix\u00e3o que por ele se atualiza e revela sua inesgot\u00e1vel energia humanizadora. Pois, entre outras coisas, est\u00e1 \u00e9 a mensagem central de Jesus, aceit\u00e1vel por todas as pessoas de todos os quadrantes.<\/p>\n<div id=\"themify_builder_content-63979\" data-postid=\"63979\" class=\"themify_builder_content themify_builder_content-63979 themify_builder themify_builder_front\">\n\t<\/div>\n<!-- \/themify_builder_content -->","protected":false},"excerpt":{"rendered":"<p>Celebrando ainda a extraordin\u00e1ria enc\u00edclica sobre &#8220;o cuidado da Casa Comum&#8221;, voltamos a refletir uma perspectiva importante do Papa Francisco, um verdadeiro logotipo de sua compreens\u00e3o de Igreja: &#8220;uma Igreja em sa\u00edda&#8221;<\/p>\n","protected":false},"author":3,"featured_media":0,"comment_status":"open","ping_status":"open","sticky":false,"template":"","format":"standard","meta":{"ngg_post_thumbnail":0,"footnotes":""},"categories":[9],"tags":[319,2433],"yoast_head":"<!-- This site is optimized with the Yoast SEO plugin v23.5 - https:\/\/yoast.com\/wordpress\/plugins\/seo\/ -->\n<title>Papa Francisco: Igreja em sa\u00edda de onde para onde? - O Arcanjo no ar<\/title>\n<meta name=\"robots\" content=\"index, follow, max-snippet:-1, max-image-preview:large, max-video-preview:-1\" \/>\n<link rel=\"canonical\" href=\"https:\/\/www.oarcanjo.net\/site\/papa-francisco-igreja-em-saida-de-onde-para-onde\/\" \/>\n<meta property=\"og:locale\" content=\"pt_BR\" \/>\n<meta property=\"og:type\" content=\"article\" \/>\n<meta property=\"og:title\" content=\"Papa Francisco: Igreja em sa\u00edda de onde para onde? - O Arcanjo no ar\" \/>\n<meta property=\"og:description\" content=\"Celebrando ainda a extraordin\u00e1ria enc\u00edclica sobre &quot;o cuidado da Casa Comum&quot;, voltamos a refletir uma perspectiva importante do Papa Francisco, um verdadeiro logotipo de sua compreens\u00e3o de Igreja: &quot;uma Igreja em sa\u00edda&quot;\" \/>\n<meta property=\"og:url\" content=\"https:\/\/www.oarcanjo.net\/site\/papa-francisco-igreja-em-saida-de-onde-para-onde\/\" \/>\n<meta property=\"og:site_name\" content=\"O Arcanjo no ar\" \/>\n<meta property=\"article:publisher\" content=\"https:\/\/www.facebook.com\/OArcanjoNoAr\/\" \/>\n<meta property=\"article:published_time\" content=\"2015-07-01T13:22:25+00:00\" \/>\n<meta property=\"article:modified_time\" content=\"2015-07-01T13:22:47+00:00\" \/>\n<meta property=\"og:image\" content=\"https:\/\/www.oarcanjo.net\/site\/wp-content\/uploads\/logo-o-arcanjo-no-ar-facebook.png\" \/>\n\t<meta property=\"og:image:width\" content=\"300\" \/>\n\t<meta property=\"og:image:height\" content=\"300\" \/>\n\t<meta property=\"og:image:type\" content=\"image\/png\" \/>\n<meta name=\"author\" content=\"miriam.meyer\" \/>\n<meta name=\"twitter:card\" content=\"summary_large_image\" \/>\n<meta name=\"twitter:label1\" content=\"Escrito por\" \/>\n\t<meta name=\"twitter:data1\" content=\"miriam.meyer\" \/>\n\t<meta name=\"twitter:label2\" content=\"Est. tempo de leitura\" \/>\n\t<meta name=\"twitter:data2\" content=\"5 minutos\" \/>\n<script type=\"application\/ld+json\" class=\"yoast-schema-graph\">{\"@context\":\"https:\/\/schema.org\",\"@graph\":[{\"@type\":\"Article\",\"@id\":\"https:\/\/www.oarcanjo.net\/site\/papa-francisco-igreja-em-saida-de-onde-para-onde\/#article\",\"isPartOf\":{\"@id\":\"https:\/\/www.oarcanjo.net\/site\/papa-francisco-igreja-em-saida-de-onde-para-onde\/\"},\"author\":{\"name\":\"miriam.meyer\",\"@id\":\"https:\/\/www.oarcanjo.net\/site\/#\/schema\/person\/ce0fba3450314a09c6442cfee983a3d8\"},\"headline\":\"Papa Francisco: Igreja em sa\u00edda de onde para onde?\",\"datePublished\":\"2015-07-01T13:22:25+00:00\",\"dateModified\":\"2015-07-01T13:22:47+00:00\",\"mainEntityOfPage\":{\"@id\":\"https:\/\/www.oarcanjo.net\/site\/papa-francisco-igreja-em-saida-de-onde-para-onde\/\"},\"wordCount\":947,\"commentCount\":0,\"publisher\":{\"@id\":\"https:\/\/www.oarcanjo.net\/site\/#organization\"},\"keywords\":[\"enc\u00edclica\",\"Papa Francisco\"],\"articleSection\":[\"Reflex\u00f5es\"],\"inLanguage\":\"pt-BR\",\"potentialAction\":[{\"@type\":\"CommentAction\",\"name\":\"Comment\",\"target\":[\"https:\/\/www.oarcanjo.net\/site\/papa-francisco-igreja-em-saida-de-onde-para-onde\/#respond\"]}]},{\"@type\":\"WebPage\",\"@id\":\"https:\/\/www.oarcanjo.net\/site\/papa-francisco-igreja-em-saida-de-onde-para-onde\/\",\"url\":\"https:\/\/www.oarcanjo.net\/site\/papa-francisco-igreja-em-saida-de-onde-para-onde\/\",\"name\":\"Papa Francisco: Igreja em sa\u00edda de onde para onde? - O Arcanjo no ar\",\"isPartOf\":{\"@id\":\"https:\/\/www.oarcanjo.net\/site\/#website\"},\"datePublished\":\"2015-07-01T13:22:25+00:00\",\"dateModified\":\"2015-07-01T13:22:47+00:00\",\"breadcrumb\":{\"@id\":\"https:\/\/www.oarcanjo.net\/site\/papa-francisco-igreja-em-saida-de-onde-para-onde\/#breadcrumb\"},\"inLanguage\":\"pt-BR\",\"potentialAction\":[{\"@type\":\"ReadAction\",\"target\":[\"https:\/\/www.oarcanjo.net\/site\/papa-francisco-igreja-em-saida-de-onde-para-onde\/\"]}]},{\"@type\":\"BreadcrumbList\",\"@id\":\"https:\/\/www.oarcanjo.net\/site\/papa-francisco-igreja-em-saida-de-onde-para-onde\/#breadcrumb\",\"itemListElement\":[{\"@type\":\"ListItem\",\"position\":1,\"name\":\"In\u00edcio\",\"item\":\"https:\/\/www.oarcanjo.net\/site\/\"},{\"@type\":\"ListItem\",\"position\":2,\"name\":\"Papa Francisco: Igreja em sa\u00edda de onde para onde?\"}]},{\"@type\":\"WebSite\",\"@id\":\"https:\/\/www.oarcanjo.net\/site\/#website\",\"url\":\"https:\/\/www.oarcanjo.net\/site\/\",\"name\":\"O Arcanjo no ar\",\"description\":\"Site da Par\u00f3quia S\u00e3o Miguel Arcanjo (Arquidiocese de SP)\",\"publisher\":{\"@id\":\"https:\/\/www.oarcanjo.net\/site\/#organization\"},\"potentialAction\":[{\"@type\":\"SearchAction\",\"target\":{\"@type\":\"EntryPoint\",\"urlTemplate\":\"https:\/\/www.oarcanjo.net\/site\/?s={search_term_string}\"},\"query-input\":{\"@type\":\"PropertyValueSpecification\",\"valueRequired\":true,\"valueName\":\"search_term_string\"}}],\"inLanguage\":\"pt-BR\"},{\"@type\":\"Organization\",\"@id\":\"https:\/\/www.oarcanjo.net\/site\/#organization\",\"name\":\"Par\u00f3quia S\u00e3o Miguel Arcanjo\",\"url\":\"https:\/\/www.oarcanjo.net\/site\/\",\"logo\":{\"@type\":\"ImageObject\",\"inLanguage\":\"pt-BR\",\"@id\":\"https:\/\/www.oarcanjo.net\/site\/#\/schema\/logo\/image\/\",\"url\":\"https:\/\/www.oarcanjo.net\/site\/wp-content\/uploads\/LogoOArcanjo.png\",\"contentUrl\":\"https:\/\/www.oarcanjo.net\/site\/wp-content\/uploads\/LogoOArcanjo.png\",\"width\":319,\"height\":99,\"caption\":\"Par\u00f3quia S\u00e3o Miguel Arcanjo\"},\"image\":{\"@id\":\"https:\/\/www.oarcanjo.net\/site\/#\/schema\/logo\/image\/\"},\"sameAs\":[\"https:\/\/www.facebook.com\/OArcanjoNoAr\/\"]},{\"@type\":\"Person\",\"@id\":\"https:\/\/www.oarcanjo.net\/site\/#\/schema\/person\/ce0fba3450314a09c6442cfee983a3d8\",\"name\":\"miriam.meyer\"}]}<\/script>\n<!-- \/ Yoast SEO plugin. -->","yoast_head_json":{"title":"Papa Francisco: Igreja em sa\u00edda de onde para onde? - O Arcanjo no ar","robots":{"index":"index","follow":"follow","max-snippet":"max-snippet:-1","max-image-preview":"max-image-preview:large","max-video-preview":"max-video-preview:-1"},"canonical":"https:\/\/www.oarcanjo.net\/site\/papa-francisco-igreja-em-saida-de-onde-para-onde\/","og_locale":"pt_BR","og_type":"article","og_title":"Papa Francisco: Igreja em sa\u00edda de onde para onde? - O Arcanjo no ar","og_description":"Celebrando ainda a extraordin\u00e1ria enc\u00edclica sobre \"o cuidado da Casa Comum\", voltamos a refletir uma perspectiva importante do Papa Francisco, um verdadeiro logotipo de sua compreens\u00e3o de Igreja: \"uma Igreja em sa\u00edda\"","og_url":"https:\/\/www.oarcanjo.net\/site\/papa-francisco-igreja-em-saida-de-onde-para-onde\/","og_site_name":"O Arcanjo no ar","article_publisher":"https:\/\/www.facebook.com\/OArcanjoNoAr\/","article_published_time":"2015-07-01T13:22:25+00:00","article_modified_time":"2015-07-01T13:22:47+00:00","og_image":[{"width":300,"height":300,"url":"https:\/\/www.oarcanjo.net\/site\/wp-content\/uploads\/logo-o-arcanjo-no-ar-facebook.png","type":"image\/png"}],"author":"miriam.meyer","twitter_card":"summary_large_image","twitter_misc":{"Escrito por":"miriam.meyer","Est. tempo de leitura":"5 minutos"},"schema":{"@context":"https:\/\/schema.org","@graph":[{"@type":"Article","@id":"https:\/\/www.oarcanjo.net\/site\/papa-francisco-igreja-em-saida-de-onde-para-onde\/#article","isPartOf":{"@id":"https:\/\/www.oarcanjo.net\/site\/papa-francisco-igreja-em-saida-de-onde-para-onde\/"},"author":{"name":"miriam.meyer","@id":"https:\/\/www.oarcanjo.net\/site\/#\/schema\/person\/ce0fba3450314a09c6442cfee983a3d8"},"headline":"Papa Francisco: Igreja em sa\u00edda de onde para onde?","datePublished":"2015-07-01T13:22:25+00:00","dateModified":"2015-07-01T13:22:47+00:00","mainEntityOfPage":{"@id":"https:\/\/www.oarcanjo.net\/site\/papa-francisco-igreja-em-saida-de-onde-para-onde\/"},"wordCount":947,"commentCount":0,"publisher":{"@id":"https:\/\/www.oarcanjo.net\/site\/#organization"},"keywords":["enc\u00edclica","Papa Francisco"],"articleSection":["Reflex\u00f5es"],"inLanguage":"pt-BR","potentialAction":[{"@type":"CommentAction","name":"Comment","target":["https:\/\/www.oarcanjo.net\/site\/papa-francisco-igreja-em-saida-de-onde-para-onde\/#respond"]}]},{"@type":"WebPage","@id":"https:\/\/www.oarcanjo.net\/site\/papa-francisco-igreja-em-saida-de-onde-para-onde\/","url":"https:\/\/www.oarcanjo.net\/site\/papa-francisco-igreja-em-saida-de-onde-para-onde\/","name":"Papa Francisco: Igreja em sa\u00edda de onde para onde? - O Arcanjo no ar","isPartOf":{"@id":"https:\/\/www.oarcanjo.net\/site\/#website"},"datePublished":"2015-07-01T13:22:25+00:00","dateModified":"2015-07-01T13:22:47+00:00","breadcrumb":{"@id":"https:\/\/www.oarcanjo.net\/site\/papa-francisco-igreja-em-saida-de-onde-para-onde\/#breadcrumb"},"inLanguage":"pt-BR","potentialAction":[{"@type":"ReadAction","target":["https:\/\/www.oarcanjo.net\/site\/papa-francisco-igreja-em-saida-de-onde-para-onde\/"]}]},{"@type":"BreadcrumbList","@id":"https:\/\/www.oarcanjo.net\/site\/papa-francisco-igreja-em-saida-de-onde-para-onde\/#breadcrumb","itemListElement":[{"@type":"ListItem","position":1,"name":"In\u00edcio","item":"https:\/\/www.oarcanjo.net\/site\/"},{"@type":"ListItem","position":2,"name":"Papa Francisco: Igreja em sa\u00edda de onde para onde?"}]},{"@type":"WebSite","@id":"https:\/\/www.oarcanjo.net\/site\/#website","url":"https:\/\/www.oarcanjo.net\/site\/","name":"O Arcanjo no ar","description":"Site da Par\u00f3quia S\u00e3o Miguel Arcanjo (Arquidiocese de SP)","publisher":{"@id":"https:\/\/www.oarcanjo.net\/site\/#organization"},"potentialAction":[{"@type":"SearchAction","target":{"@type":"EntryPoint","urlTemplate":"https:\/\/www.oarcanjo.net\/site\/?s={search_term_string}"},"query-input":{"@type":"PropertyValueSpecification","valueRequired":true,"valueName":"search_term_string"}}],"inLanguage":"pt-BR"},{"@type":"Organization","@id":"https:\/\/www.oarcanjo.net\/site\/#organization","name":"Par\u00f3quia S\u00e3o Miguel Arcanjo","url":"https:\/\/www.oarcanjo.net\/site\/","logo":{"@type":"ImageObject","inLanguage":"pt-BR","@id":"https:\/\/www.oarcanjo.net\/site\/#\/schema\/logo\/image\/","url":"https:\/\/www.oarcanjo.net\/site\/wp-content\/uploads\/LogoOArcanjo.png","contentUrl":"https:\/\/www.oarcanjo.net\/site\/wp-content\/uploads\/LogoOArcanjo.png","width":319,"height":99,"caption":"Par\u00f3quia S\u00e3o Miguel Arcanjo"},"image":{"@id":"https:\/\/www.oarcanjo.net\/site\/#\/schema\/logo\/image\/"},"sameAs":["https:\/\/www.facebook.com\/OArcanjoNoAr\/"]},{"@type":"Person","@id":"https:\/\/www.oarcanjo.net\/site\/#\/schema\/person\/ce0fba3450314a09c6442cfee983a3d8","name":"miriam.meyer"}]}},"publishpress_future_action":{"enabled":false,"date":"2026-05-06 10:51:59","action":"category","newStatus":"draft","terms":[],"taxonomy":"category"},"publishpress_future_workflow_manual_trigger":{"enabledWorkflows":[]},"_links":{"self":[{"href":"https:\/\/www.oarcanjo.net\/site\/wp-json\/wp\/v2\/posts\/63979"}],"collection":[{"href":"https:\/\/www.oarcanjo.net\/site\/wp-json\/wp\/v2\/posts"}],"about":[{"href":"https:\/\/www.oarcanjo.net\/site\/wp-json\/wp\/v2\/types\/post"}],"author":[{"embeddable":true,"href":"https:\/\/www.oarcanjo.net\/site\/wp-json\/wp\/v2\/users\/3"}],"replies":[{"embeddable":true,"href":"https:\/\/www.oarcanjo.net\/site\/wp-json\/wp\/v2\/comments?post=63979"}],"version-history":[{"count":0,"href":"https:\/\/www.oarcanjo.net\/site\/wp-json\/wp\/v2\/posts\/63979\/revisions"}],"wp:attachment":[{"href":"https:\/\/www.oarcanjo.net\/site\/wp-json\/wp\/v2\/media?parent=63979"}],"wp:term":[{"taxonomy":"category","embeddable":true,"href":"https:\/\/www.oarcanjo.net\/site\/wp-json\/wp\/v2\/categories?post=63979"},{"taxonomy":"post_tag","embeddable":true,"href":"https:\/\/www.oarcanjo.net\/site\/wp-json\/wp\/v2\/tags?post=63979"}],"curies":[{"name":"wp","href":"https:\/\/api.w.org\/{rel}","templated":true}]}}