
{"id":64045,"date":"2015-07-06T20:59:00","date_gmt":"2015-07-06T23:59:00","guid":{"rendered":"http:\/\/www.oarcanjo.net\/site\/?p=64045"},"modified":"2015-07-06T21:02:27","modified_gmt":"2015-07-07T00:02:27","slug":"laudato-si-ecologia-da-libertacao","status":"publish","type":"post","link":"https:\/\/www.oarcanjo.net\/site\/laudato-si-ecologia-da-libertacao\/","title":{"rendered":"Laudato Si\u2019: ecologia da liberta\u00e7\u00e3o"},"content":{"rendered":"<div class=\"texto_autor\"><em>Fr. Marcos Sassatelli<\/em><\/div>\n<div class=\"texto_cidade\"><em>Adital<\/em><\/div>\n<div class=\"texto_texto\">\n<p style=\"text-align: right;\"><em>&#8220;A nossa casa comum se pode comparar<\/em><br \/>\n<em>ora a uma irm\u00e3, com quem partilhamos a exist\u00eancia,<\/em><br \/>\n<em>ora a uma boa m\u00e3e, que nos acolhe nos seus bra\u00e7os\u201d (1)<\/em><\/p>\n<div>O Editorial da Folha de S. Paulo do dia 20 de junho afirma: &#8220;apesar de bem recebida por ambientalistas, a Enc\u00edclica (Laudato Si\u2019 &#8211; Louvado sejas) do papa Francisco sobre a mudan\u00e7a clim\u00e1tica defende solu\u00e7\u00e3o ut\u00f3pica para a quest\u00e3o\u201d. Para o Jornal, solu\u00e7\u00e3o ut\u00f3pica \u00e9 solu\u00e7\u00e3o imposs\u00edvel, distante e que n\u00e3o trata da realidade. Em outras palavras, \u00e9 solu\u00e7\u00e3o ing\u00eanua. Esse \u00e9 o pensamento daqueles que (como a Folha de S. Paulo) acham que o capitalismo &#8211; com as adapta\u00e7\u00f5es conjunturais necess\u00e1rias &#8211; \u00e9 o &#8220;fim da hist\u00f3ria\u201d.<\/div>\n<div><\/div>\n<div>Ao contr\u00e1rio, aqueles que (como o papa Francisco) acreditam que o capitalismo &#8211; que \u00e9 &#8220;um sistema econ\u00f4mico in\u00edquo\u201d (Documento de Aparecida &#8211; DA, 385) &#8211; pode ser superado, t\u00eam um sonho, uma utopia, um ideal, que &#8211; mesmo no meio de muitas ambiguidades e contradi\u00e7\u00f5es &#8211; \u00e9 um projeto poss\u00edvel de ser realizado na hist\u00f3ria. \u00c9 o projeto do &#8220;bem-viver\u201d, que &#8211; \u00e0 luz da f\u00e9 &#8211; \u00e9 o Reino de Deus acontecendo na vida do ser humano e do mundo.<\/div>\n<p>O Editorial diz ainda: &#8220;a \u00eanfase moral da Enc\u00edclica lhe confere por vezes um tom anticapitalista\u201d. Eu afirmo: n\u00e3o s\u00f3 por vezes, mas sempre. A Enc\u00edclica \u00e9 anticapitalista e defende um modelo de sociedade estruturalmente novo.<\/p>\n<p>A Folha de S. Paulo &#8211; querendo justificar a tese que a solu\u00e7\u00e3o apresentada por Francisco \u00e9 ut\u00f3pica (ou seja, imposs\u00edvel e ing\u00eanua) &#8211; coloca como t\u00edtulo do Editorial: &#8220;Ecologia da liberta\u00e7\u00e3o\u201d. Com esse t\u00edtulo, por\u00e9m, o Jornal (mesmo que n\u00e3o tenha sido intencionalmente) acaba reconhecendo &#8211; dando-lhe um destaque especial &#8211; que a Enc\u00edclica \u00e9, pelo seu conte\u00fado, &#8220;ecologia da liberta\u00e7\u00e3o\u201d.<\/p>\n<p>O m\u00e9todo ver (analisar), julgar (interpretar) e agir (libertar), usado pela Enc\u00edclica, confirma isso. \u00c9 o m\u00e9todo da Filosofia e da Teologia da Liberta\u00e7\u00e3o, e tamb\u00e9m de muitos documentos da Igreja latino-americana e caribenha. Ele \u00e9 constitu\u00eddo de tr\u00eas momentos interligados e interdependentes. O ver suscita o julgar, o julgar suscita o agir e, por sua vez, o agir suscita novamente o ver e assim por diante num processo de continuo aprofundamento e crescimento vivencial.<\/p>\n<p>Nos crist\u00e3os e crist\u00e3s, o m\u00e9todo ver, julgar e agir suscita tamb\u00e9m a necessidade de, periodicamente (sobretudo aos domingos), celebrar a vida no mist\u00e9rio pascal de Cristo e, ao mesmo tempo, o mist\u00e9rio pascal de Cristo na vida.<\/p>\n<p>No primeiro momento (o ver, o analisar), a Enc\u00edclica come\u00e7a vendo e analisando &#8220;o que est\u00e1 acontecendo com nossa casa\u201d: a polui\u00e7\u00e3o e as mudan\u00e7as clim\u00e1ticas (res\u00edduos e cultura do descarte, o clima como bem comum), a quest\u00e3o da \u00e1gua, a perda da biodiversidade, a deteriora\u00e7\u00e3o da qualidade de vida humana e a degrada\u00e7\u00e3o social, a desigualdade planet\u00e1ria, a fraqueza das rea\u00e7\u00f5es, a diversidade de opini\u00f5es (cf. cap. I).<\/p>\n<p>&#8220;As reflex\u00f5es teol\u00f3gicas ou filos\u00f3ficas sobre a situa\u00e7\u00e3o da humanidade e do mundo podem soar como uma mensagem repetida e vazia, se n\u00e3o forem apresentadas novamente a partir de um confronto com o contexto atual no que este tem de in\u00e9dito para a hist\u00f3ria da humanidade. Por isso, antes de reconhecer como a f\u00e9 traz novas motiva\u00e7\u00f5es e exig\u00eancias face ao mundo de que fazemos parte, proponho que nos detenhamos brevemente a considerar o que est\u00e1 acontecendo com nossa casa comum\u201d (17).<\/p>\n<p>No segundo momento (o julgar, o interpretar), a Enc\u00edclica apresenta &#8220;o Evangelho da cria\u00e7\u00e3o\u201d: a luz que a F\u00e9 oferece (e que ilumina a raz\u00e3o humana em sua capacidade de julgar a realidade), a sabedoria das narra\u00e7\u00f5es b\u00edblicas, o mist\u00e9rio do universo, a mensagem de cada criatura na harmonia de toda cria\u00e7\u00e3o, a comunh\u00e3o universal (cf. cap. II).<\/p>\n<p>&#8220;Se tivermos presente a complexidade da crise ecol\u00f3gica e suas m\u00faltiplas causas, devemos reconhecer que as solu\u00e7\u00f5es n\u00e3o podem vir de uma \u00fanica maneira de interpretar e transformar a realidade. \u00c9 necess\u00e1rio recorrer tamb\u00e9m \u00e0s diversas riquezas culturais dos povos, \u00e0 arte e \u00e0 poesia, \u00e0 vida interior e \u00e0 espiritualidade. Se queremos, de verdade, construir uma ecologia que nos permita reparar tudo o que temos destru\u00eddo, ent\u00e3o nenhum ramo das ci\u00eancias e nenhuma forma de sabedoria pode ser transcurada, nem sequer a sabedoria religiosa com sua linguagem pr\u00f3pria\u201d.<\/p>\n<p>Diz ainda Francisco: &#8220;a Igreja Cat\u00f3lica est\u00e1 aberta ao di\u00e1logo com o pensamento filos\u00f3fico, o que lhe permite produzir v\u00e1rias s\u00ednteses entre f\u00e9 e raz\u00e3o\u201d. E ainda: &#8220;no que diz respeito \u00e0s quest\u00f5es sociais, pode-se constatar isto mesmo no desenvolvimento da doutrina social da Igreja, chamada a enriquecer-se cada vez mais a partir dos novos desafios\u201d.<\/p>\n<p>Afirma, pois: &#8220;embora a Enc\u00edclica se abra a um di\u00e1logo com todos para, juntos, buscarmos caminhos de liberta\u00e7\u00e3o, quero mostrar desde o in\u00edcio como as convic\u00e7\u00f5es da f\u00e9 oferecem aos crist\u00e3os &#8211; e, em parte, tamb\u00e9m a outros crentes &#8211; motiva\u00e7\u00f5es para cuidar da natureza e dos irm\u00e3os e irm\u00e3s mais fr\u00e1geis\u201d (63). \u00c8 justamente por buscar, em di\u00e1logo com todos e \u00e0 luz da f\u00e9, &#8220;caminhos de liberta\u00e7\u00e3o\u201d que a Enc\u00edclica \u00e9 ecologia da liberta\u00e7\u00e3o. Ora, sendo ecologia da liberta\u00e7\u00e3o, ela \u00e9 tamb\u00e9m filosofia e teologia da liberta\u00e7\u00e3o, e &#8211; em especial &#8211; \u00e9tica filos\u00f3fica e teol\u00f3gica da liberta\u00e7\u00e3o.<\/p>\n<p>O segundo momento nos permite discernir e entender &#8220;a raiz humana da crise ecol\u00f3gica\u201d: a tecnologia (criatividade e poder), a globaliza\u00e7\u00e3o do paradigma tecnocr\u00e1tico, a crise do antropocentrismo moderno e suas consequ\u00eancias, o relativismo pr\u00e1tico, a necessidade de defender o trabalho, a inova\u00e7\u00e3o biol\u00f3gica a partir da pesquisa\u201d (cf. cap. III).<\/p>\n<p>O segundo momento nos permite tamb\u00e9m defender e construir &#8220;uma ecologia integral\u201d: a ecologia ambiental, econ\u00f4mica e social, a ecologia cultural, a ecologia da vida cotidiana, o princ\u00edpio do bem comum, a justi\u00e7a intergeracional (cf. cap. IV).<\/p>\n<p>No terceiro momento (o agir, o libertar), a Enc\u00edclica aponta &#8220;algumas linhas de orienta\u00e7\u00e3o e a\u00e7\u00e3o\u201d: o di\u00e1logo sobre o meio ambiente na pol\u00edtica internacional, o di\u00e1logo para novas pol\u00edticas nacionais e locais, o di\u00e1logo e a transpar\u00eancia nos processos decis\u00f3rios, a pol\u00edtica e a economia em di\u00e1logo para a plenitude humana, as religi\u00f5es no di\u00e1logo com as ci\u00eancias (cf. cap. V).<\/p>\n<p>&#8220;Procurei examinar a atual situa\u00e7\u00e3o da humanidade, tanto nas brechas do planeta que habitamos, como nas causas mais profundamente humanas da degrada\u00e7\u00e3o ambiental. Embora esta contempla\u00e7\u00e3o da realidade em si mesma j\u00e1 nos indique a necessidade de uma mudan\u00e7a de rumo e sugira algumas a\u00e7\u00f5es, procurarei agora delinear grandes percursos de di\u00e1logo que nos ajudem a sair da espiral de autodestrui\u00e7\u00e3o onde estamos afundando\u201d (163).<\/p>\n<p>Diz ainda o papa Francisco: &#8220;desde meados do s\u00e9culo passado e superando muitas dificuldades, foi se consolidando a tend\u00eancia de considerar o planeta como p\u00e1tria e a humanidade como povo que habita uma casa comum\u201d. O Mundo interdependente &#8220;obriga-nos a pensar num \u00fanico mundo, num projeto comum\u201d (164).<\/p>\n<p>Sempre no terceiro momento, a Enc\u00edclica desperta tamb\u00e9m para a viv\u00eancia da &#8220;educa\u00e7\u00e3o e espiritualidade ecol\u00f3gicas\u201d: um outro estilo de vida, a alian\u00e7a entre a humanidade e o ambiente, a convers\u00e3o ecol\u00f3gica, a alegria e a paz, o amor civil e pol\u00edtico, os sinais sacramentais e o descanso celebrativo, a Trindade e a rela\u00e7\u00e3o entre as criaturas, a Rainha de toda a cria\u00e7\u00e3o, para al\u00e9m do Sol (cf. cap. VI).<\/p>\n<p>Termino com parte da &#8220;Ora\u00e7\u00e3o pela nossa terra\u201d de Francisco: &#8220;\u00f3 Deus dos pobres, ajudai-nos a resgatar os abandonados e esquecidos desta terra (&#8230;). Curai a nossa vida, para que protejamos o mundo e n\u00e3o o depredemos (&#8230;). Ensinai-nos a descobrir o valor de cada coisa, a contemplar com encanto, a reconhecer que estamos profundamente unidos com todas as criaturas no nosso caminho para a vossa luz infinita. Obrigado porque estais conosco todos os dias. Sustentai-nos, por favor, na nossa luta pela justi\u00e7a, pelo amor e pela paz\u201d.<\/p>\n<\/div>\n<div id=\"themify_builder_content-64045\" data-postid=\"64045\" class=\"themify_builder_content themify_builder_content-64045 themify_builder themify_builder_front\">\n\t<\/div>\n<!-- \/themify_builder_content -->","protected":false},"excerpt":{"rendered":"<p>&#8220;A nossa casa comum se pode comparar ora a uma irm\u00e3, com quem partilhamos a exist\u00eancia, ora a uma boa m\u00e3e, que nos acolhe nos seus bra\u00e7os&#8221;<\/p>\n","protected":false},"author":3,"featured_media":0,"comment_status":"open","ping_status":"open","sticky":false,"template":"","format":"standard","meta":{"ngg_post_thumbnail":0,"footnotes":""},"categories":[9],"tags":[],"yoast_head":"<!-- This site is optimized with the Yoast SEO plugin v23.5 - https:\/\/yoast.com\/wordpress\/plugins\/seo\/ -->\n<title>Laudato Si\u2019: ecologia da liberta\u00e7\u00e3o - O Arcanjo no ar<\/title>\n<meta name=\"robots\" content=\"index, follow, max-snippet:-1, max-image-preview:large, max-video-preview:-1\" \/>\n<link rel=\"canonical\" href=\"https:\/\/www.oarcanjo.net\/site\/laudato-si-ecologia-da-libertacao\/\" \/>\n<meta property=\"og:locale\" content=\"pt_BR\" \/>\n<meta property=\"og:type\" content=\"article\" \/>\n<meta property=\"og:title\" content=\"Laudato Si\u2019: ecologia da liberta\u00e7\u00e3o - O Arcanjo no ar\" \/>\n<meta property=\"og:description\" content=\"&quot;A nossa casa comum se pode comparar ora a uma irm\u00e3, com quem partilhamos a exist\u00eancia, ora a uma boa m\u00e3e, que nos acolhe nos seus bra\u00e7os&quot;\" \/>\n<meta property=\"og:url\" content=\"https:\/\/www.oarcanjo.net\/site\/laudato-si-ecologia-da-libertacao\/\" \/>\n<meta property=\"og:site_name\" content=\"O Arcanjo no ar\" \/>\n<meta property=\"article:publisher\" content=\"https:\/\/www.facebook.com\/OArcanjoNoAr\/\" \/>\n<meta property=\"article:published_time\" content=\"2015-07-06T23:59:00+00:00\" \/>\n<meta property=\"article:modified_time\" content=\"2015-07-07T00:02:27+00:00\" \/>\n<meta property=\"og:image\" content=\"https:\/\/www.oarcanjo.net\/site\/wp-content\/uploads\/logo-o-arcanjo-no-ar-facebook.png\" \/>\n\t<meta property=\"og:image:width\" content=\"300\" \/>\n\t<meta property=\"og:image:height\" content=\"300\" \/>\n\t<meta property=\"og:image:type\" content=\"image\/png\" \/>\n<meta name=\"author\" content=\"miriam.meyer\" \/>\n<meta name=\"twitter:card\" content=\"summary_large_image\" \/>\n<meta name=\"twitter:label1\" content=\"Escrito por\" \/>\n\t<meta name=\"twitter:data1\" content=\"miriam.meyer\" \/>\n\t<meta name=\"twitter:label2\" content=\"Est. tempo de leitura\" \/>\n\t<meta name=\"twitter:data2\" content=\"7 minutos\" \/>\n<script type=\"application\/ld+json\" class=\"yoast-schema-graph\">{\"@context\":\"https:\/\/schema.org\",\"@graph\":[{\"@type\":\"Article\",\"@id\":\"https:\/\/www.oarcanjo.net\/site\/laudato-si-ecologia-da-libertacao\/#article\",\"isPartOf\":{\"@id\":\"https:\/\/www.oarcanjo.net\/site\/laudato-si-ecologia-da-libertacao\/\"},\"author\":{\"name\":\"miriam.meyer\",\"@id\":\"https:\/\/www.oarcanjo.net\/site\/#\/schema\/person\/ce0fba3450314a09c6442cfee983a3d8\"},\"headline\":\"Laudato Si\u2019: ecologia da liberta\u00e7\u00e3o\",\"datePublished\":\"2015-07-06T23:59:00+00:00\",\"dateModified\":\"2015-07-07T00:02:27+00:00\",\"mainEntityOfPage\":{\"@id\":\"https:\/\/www.oarcanjo.net\/site\/laudato-si-ecologia-da-libertacao\/\"},\"wordCount\":1433,\"commentCount\":0,\"publisher\":{\"@id\":\"https:\/\/www.oarcanjo.net\/site\/#organization\"},\"articleSection\":[\"Reflex\u00f5es\"],\"inLanguage\":\"pt-BR\",\"potentialAction\":[{\"@type\":\"CommentAction\",\"name\":\"Comment\",\"target\":[\"https:\/\/www.oarcanjo.net\/site\/laudato-si-ecologia-da-libertacao\/#respond\"]}]},{\"@type\":\"WebPage\",\"@id\":\"https:\/\/www.oarcanjo.net\/site\/laudato-si-ecologia-da-libertacao\/\",\"url\":\"https:\/\/www.oarcanjo.net\/site\/laudato-si-ecologia-da-libertacao\/\",\"name\":\"Laudato Si\u2019: ecologia da liberta\u00e7\u00e3o - O Arcanjo no ar\",\"isPartOf\":{\"@id\":\"https:\/\/www.oarcanjo.net\/site\/#website\"},\"datePublished\":\"2015-07-06T23:59:00+00:00\",\"dateModified\":\"2015-07-07T00:02:27+00:00\",\"breadcrumb\":{\"@id\":\"https:\/\/www.oarcanjo.net\/site\/laudato-si-ecologia-da-libertacao\/#breadcrumb\"},\"inLanguage\":\"pt-BR\",\"potentialAction\":[{\"@type\":\"ReadAction\",\"target\":[\"https:\/\/www.oarcanjo.net\/site\/laudato-si-ecologia-da-libertacao\/\"]}]},{\"@type\":\"BreadcrumbList\",\"@id\":\"https:\/\/www.oarcanjo.net\/site\/laudato-si-ecologia-da-libertacao\/#breadcrumb\",\"itemListElement\":[{\"@type\":\"ListItem\",\"position\":1,\"name\":\"In\u00edcio\",\"item\":\"https:\/\/www.oarcanjo.net\/site\/\"},{\"@type\":\"ListItem\",\"position\":2,\"name\":\"Laudato Si\u2019: ecologia da liberta\u00e7\u00e3o\"}]},{\"@type\":\"WebSite\",\"@id\":\"https:\/\/www.oarcanjo.net\/site\/#website\",\"url\":\"https:\/\/www.oarcanjo.net\/site\/\",\"name\":\"O Arcanjo no ar\",\"description\":\"Site da Par\u00f3quia S\u00e3o Miguel Arcanjo (Arquidiocese de SP)\",\"publisher\":{\"@id\":\"https:\/\/www.oarcanjo.net\/site\/#organization\"},\"potentialAction\":[{\"@type\":\"SearchAction\",\"target\":{\"@type\":\"EntryPoint\",\"urlTemplate\":\"https:\/\/www.oarcanjo.net\/site\/?s={search_term_string}\"},\"query-input\":{\"@type\":\"PropertyValueSpecification\",\"valueRequired\":true,\"valueName\":\"search_term_string\"}}],\"inLanguage\":\"pt-BR\"},{\"@type\":\"Organization\",\"@id\":\"https:\/\/www.oarcanjo.net\/site\/#organization\",\"name\":\"Par\u00f3quia S\u00e3o Miguel Arcanjo\",\"url\":\"https:\/\/www.oarcanjo.net\/site\/\",\"logo\":{\"@type\":\"ImageObject\",\"inLanguage\":\"pt-BR\",\"@id\":\"https:\/\/www.oarcanjo.net\/site\/#\/schema\/logo\/image\/\",\"url\":\"https:\/\/www.oarcanjo.net\/site\/wp-content\/uploads\/LogoOArcanjo.png\",\"contentUrl\":\"https:\/\/www.oarcanjo.net\/site\/wp-content\/uploads\/LogoOArcanjo.png\",\"width\":319,\"height\":99,\"caption\":\"Par\u00f3quia S\u00e3o Miguel Arcanjo\"},\"image\":{\"@id\":\"https:\/\/www.oarcanjo.net\/site\/#\/schema\/logo\/image\/\"},\"sameAs\":[\"https:\/\/www.facebook.com\/OArcanjoNoAr\/\"]},{\"@type\":\"Person\",\"@id\":\"https:\/\/www.oarcanjo.net\/site\/#\/schema\/person\/ce0fba3450314a09c6442cfee983a3d8\",\"name\":\"miriam.meyer\"}]}<\/script>\n<!-- \/ Yoast SEO plugin. -->","yoast_head_json":{"title":"Laudato Si\u2019: ecologia da liberta\u00e7\u00e3o - O Arcanjo no ar","robots":{"index":"index","follow":"follow","max-snippet":"max-snippet:-1","max-image-preview":"max-image-preview:large","max-video-preview":"max-video-preview:-1"},"canonical":"https:\/\/www.oarcanjo.net\/site\/laudato-si-ecologia-da-libertacao\/","og_locale":"pt_BR","og_type":"article","og_title":"Laudato Si\u2019: ecologia da liberta\u00e7\u00e3o - O Arcanjo no ar","og_description":"\"A nossa casa comum se pode comparar ora a uma irm\u00e3, com quem partilhamos a exist\u00eancia, ora a uma boa m\u00e3e, que nos acolhe nos seus bra\u00e7os\"","og_url":"https:\/\/www.oarcanjo.net\/site\/laudato-si-ecologia-da-libertacao\/","og_site_name":"O Arcanjo no ar","article_publisher":"https:\/\/www.facebook.com\/OArcanjoNoAr\/","article_published_time":"2015-07-06T23:59:00+00:00","article_modified_time":"2015-07-07T00:02:27+00:00","og_image":[{"width":300,"height":300,"url":"https:\/\/www.oarcanjo.net\/site\/wp-content\/uploads\/logo-o-arcanjo-no-ar-facebook.png","type":"image\/png"}],"author":"miriam.meyer","twitter_card":"summary_large_image","twitter_misc":{"Escrito por":"miriam.meyer","Est. tempo de leitura":"7 minutos"},"schema":{"@context":"https:\/\/schema.org","@graph":[{"@type":"Article","@id":"https:\/\/www.oarcanjo.net\/site\/laudato-si-ecologia-da-libertacao\/#article","isPartOf":{"@id":"https:\/\/www.oarcanjo.net\/site\/laudato-si-ecologia-da-libertacao\/"},"author":{"name":"miriam.meyer","@id":"https:\/\/www.oarcanjo.net\/site\/#\/schema\/person\/ce0fba3450314a09c6442cfee983a3d8"},"headline":"Laudato Si\u2019: ecologia da liberta\u00e7\u00e3o","datePublished":"2015-07-06T23:59:00+00:00","dateModified":"2015-07-07T00:02:27+00:00","mainEntityOfPage":{"@id":"https:\/\/www.oarcanjo.net\/site\/laudato-si-ecologia-da-libertacao\/"},"wordCount":1433,"commentCount":0,"publisher":{"@id":"https:\/\/www.oarcanjo.net\/site\/#organization"},"articleSection":["Reflex\u00f5es"],"inLanguage":"pt-BR","potentialAction":[{"@type":"CommentAction","name":"Comment","target":["https:\/\/www.oarcanjo.net\/site\/laudato-si-ecologia-da-libertacao\/#respond"]}]},{"@type":"WebPage","@id":"https:\/\/www.oarcanjo.net\/site\/laudato-si-ecologia-da-libertacao\/","url":"https:\/\/www.oarcanjo.net\/site\/laudato-si-ecologia-da-libertacao\/","name":"Laudato Si\u2019: ecologia da liberta\u00e7\u00e3o - O Arcanjo no ar","isPartOf":{"@id":"https:\/\/www.oarcanjo.net\/site\/#website"},"datePublished":"2015-07-06T23:59:00+00:00","dateModified":"2015-07-07T00:02:27+00:00","breadcrumb":{"@id":"https:\/\/www.oarcanjo.net\/site\/laudato-si-ecologia-da-libertacao\/#breadcrumb"},"inLanguage":"pt-BR","potentialAction":[{"@type":"ReadAction","target":["https:\/\/www.oarcanjo.net\/site\/laudato-si-ecologia-da-libertacao\/"]}]},{"@type":"BreadcrumbList","@id":"https:\/\/www.oarcanjo.net\/site\/laudato-si-ecologia-da-libertacao\/#breadcrumb","itemListElement":[{"@type":"ListItem","position":1,"name":"In\u00edcio","item":"https:\/\/www.oarcanjo.net\/site\/"},{"@type":"ListItem","position":2,"name":"Laudato Si\u2019: ecologia da liberta\u00e7\u00e3o"}]},{"@type":"WebSite","@id":"https:\/\/www.oarcanjo.net\/site\/#website","url":"https:\/\/www.oarcanjo.net\/site\/","name":"O Arcanjo no ar","description":"Site da Par\u00f3quia S\u00e3o Miguel Arcanjo (Arquidiocese de SP)","publisher":{"@id":"https:\/\/www.oarcanjo.net\/site\/#organization"},"potentialAction":[{"@type":"SearchAction","target":{"@type":"EntryPoint","urlTemplate":"https:\/\/www.oarcanjo.net\/site\/?s={search_term_string}"},"query-input":{"@type":"PropertyValueSpecification","valueRequired":true,"valueName":"search_term_string"}}],"inLanguage":"pt-BR"},{"@type":"Organization","@id":"https:\/\/www.oarcanjo.net\/site\/#organization","name":"Par\u00f3quia S\u00e3o Miguel Arcanjo","url":"https:\/\/www.oarcanjo.net\/site\/","logo":{"@type":"ImageObject","inLanguage":"pt-BR","@id":"https:\/\/www.oarcanjo.net\/site\/#\/schema\/logo\/image\/","url":"https:\/\/www.oarcanjo.net\/site\/wp-content\/uploads\/LogoOArcanjo.png","contentUrl":"https:\/\/www.oarcanjo.net\/site\/wp-content\/uploads\/LogoOArcanjo.png","width":319,"height":99,"caption":"Par\u00f3quia S\u00e3o Miguel Arcanjo"},"image":{"@id":"https:\/\/www.oarcanjo.net\/site\/#\/schema\/logo\/image\/"},"sameAs":["https:\/\/www.facebook.com\/OArcanjoNoAr\/"]},{"@type":"Person","@id":"https:\/\/www.oarcanjo.net\/site\/#\/schema\/person\/ce0fba3450314a09c6442cfee983a3d8","name":"miriam.meyer"}]}},"publishpress_future_action":{"enabled":false,"date":"2026-05-08 21:36:38","action":"category","newStatus":"draft","terms":[],"taxonomy":"category"},"publishpress_future_workflow_manual_trigger":{"enabledWorkflows":[]},"_links":{"self":[{"href":"https:\/\/www.oarcanjo.net\/site\/wp-json\/wp\/v2\/posts\/64045"}],"collection":[{"href":"https:\/\/www.oarcanjo.net\/site\/wp-json\/wp\/v2\/posts"}],"about":[{"href":"https:\/\/www.oarcanjo.net\/site\/wp-json\/wp\/v2\/types\/post"}],"author":[{"embeddable":true,"href":"https:\/\/www.oarcanjo.net\/site\/wp-json\/wp\/v2\/users\/3"}],"replies":[{"embeddable":true,"href":"https:\/\/www.oarcanjo.net\/site\/wp-json\/wp\/v2\/comments?post=64045"}],"version-history":[{"count":0,"href":"https:\/\/www.oarcanjo.net\/site\/wp-json\/wp\/v2\/posts\/64045\/revisions"}],"wp:attachment":[{"href":"https:\/\/www.oarcanjo.net\/site\/wp-json\/wp\/v2\/media?parent=64045"}],"wp:term":[{"taxonomy":"category","embeddable":true,"href":"https:\/\/www.oarcanjo.net\/site\/wp-json\/wp\/v2\/categories?post=64045"},{"taxonomy":"post_tag","embeddable":true,"href":"https:\/\/www.oarcanjo.net\/site\/wp-json\/wp\/v2\/tags?post=64045"}],"curies":[{"name":"wp","href":"https:\/\/api.w.org\/{rel}","templated":true}]}}