
{"id":6405,"date":"2009-12-07T00:48:04","date_gmt":"2009-12-07T02:48:04","guid":{"rendered":"http:\/\/www.oarcanjo.net\/site\/?p=6405"},"modified":"2009-12-07T01:17:41","modified_gmt":"2009-12-07T03:17:41","slug":"coroa-de-arroz-com-uvas-passas-e-castanha-do-para","status":"publish","type":"post","link":"https:\/\/www.oarcanjo.net\/site\/coroa-de-arroz-com-uvas-passas-e-castanha-do-para\/","title":{"rendered":"Coroa de Arroz com uvas passas e Castanha-do-Par\u00e1"},"content":{"rendered":"<p><em>\u201cCada vez que nossa mesa \u00e9 posta, muito mais que um alimento, a vida nos \u00e9 oferecida.Que nossa fome de amor e de fraternidade seja sempre saciada nos olhares dos quais nos serviremos.\u201d<\/em><br \/>\n<strong><em>Pe. F\u00e1bio de Melo<\/em><\/strong><\/p>\n<p><a href=\"http:\/\/www.oarcanjo.net\/site\/wp-content\/uploads\/receitas-ArrozPassasCastanha.jpg\"><img loading=\"lazy\" decoding=\"async\" class=\"alignnone size-full wp-image-6406\" title=\"receitas-ArrozPassasCastanha\" src=\"http:\/\/www.oarcanjo.net\/site\/wp-content\/uploads\/receitas-ArrozPassasCastanha.jpg\" alt=\"receitas-ArrozPassasCastanha\" width=\"350\" height=\"132\" srcset=\"https:\/\/www.oarcanjo.net\/site\/wp-content\/uploads\/receitas-ArrozPassasCastanha.jpg 350w, https:\/\/www.oarcanjo.net\/site\/wp-content\/uploads\/receitas-ArrozPassasCastanha-300x113.jpg 300w\" sizes=\"(max-width: 350px) 100vw, 350px\" \/><\/a><\/p>\n<p><strong>Ingredientes:<br \/>\n<\/strong>2 x\u00edcaras (ch\u00e1) arroz cru.<br \/>\n2 tabletes caldo de galinha.<br \/>\ncebola e alho, a gosto.<br \/>\n1 colher (sopa) \u00f3leo soja.<br \/>\n4 x\u00edcaras (ch\u00e1) de \u00e1gua.<br \/>\n3 colheres (sopa) manteiga bem cheias.<br \/>\n1 x\u00edcara (ch\u00e1) de uvas passas.<br \/>\n1 x\u00edcara (ch\u00e1) de champagne ou vinho branco.<br \/>\n100g de castanha-do-par\u00e1.<\/p>\n<p><strong>Modo de fazer<\/strong><\/p>\n<p>Primeiro fa\u00e7a o arroz. Coloque \u00f3leo, alho e cebola refogue, coloque o arroz. Dissolva os 2 tabletes e caldo de galinha nas 4 x\u00edcaras de \u00e1gua fervente e misture ao arroz.<\/p>\n<p>Em outra panela coloque a manteiga, as uvas passas e a champangne deixe levantar fervura. Misture o arroz e por fim a castanha-do-par\u00e1. Coloque em forma de buraco di\u00e2metro 20cm e desenforme na hora de servir.<\/p>\n<p><strong>Tempo de preparo:<\/strong> 30 minutos<br \/>\n<strong>Grau de dificuldade:<\/strong> f\u00e1cil<br \/>\n<strong>Culinarista:<\/strong> Ang\u00e9lica (<a href=\"mailto:angelica.leone@hotmail.com\">angelica.leone@hotmail.com<\/a>)<\/p>\n<div id=\"themify_builder_content-6405\" data-postid=\"6405\" class=\"themify_builder_content themify_builder_content-6405 themify_builder themify_builder_front\">\n\t<\/div>\n<!-- \/themify_builder_content -->","protected":false},"excerpt":{"rendered":"<p>\u201cCada vez que nossa mesa \u00e9 posta, muito mais que um alimento, a vida nos \u00e9 oferecida.Que nossa fome de amor e de fraternidade seja sempre saciada nos olhares dos quais nos serviremos.\u201d Pe. F\u00e1bio de Melo Ingredientes: 2 x\u00edcaras (ch\u00e1) arroz cru. 2 tabletes caldo de galinha. cebola e alho, a gosto. 1 colher [&hellip;]<\/p>\n","protected":false},"author":5,"featured_media":0,"comment_status":"open","ping_status":"open","sticky":false,"template":"","format":"standard","meta":{"ngg_post_thumbnail":0,"footnotes":""},"categories":[472],"tags":[1328,1330,60,1326,1329],"yoast_head":"<!-- This site is optimized with the Yoast SEO plugin v23.5 - https:\/\/yoast.com\/wordpress\/plugins\/seo\/ -->\n<title>Coroa de Arroz com uvas passas e Castanha-do-Par\u00e1 - O Arcanjo no ar<\/title>\n<meta name=\"robots\" content=\"index, follow, max-snippet:-1, max-image-preview:large, max-video-preview:-1\" \/>\n<link rel=\"canonical\" href=\"https:\/\/www.oarcanjo.net\/site\/coroa-de-arroz-com-uvas-passas-e-castanha-do-para\/\" \/>\n<meta property=\"og:locale\" content=\"pt_BR\" \/>\n<meta property=\"og:type\" content=\"article\" \/>\n<meta property=\"og:title\" content=\"Coroa de Arroz com uvas passas e Castanha-do-Par\u00e1 - O Arcanjo no ar\" \/>\n<meta property=\"og:description\" content=\"\u201cCada vez que nossa mesa \u00e9 posta, muito mais que um alimento, a vida nos \u00e9 oferecida.Que nossa fome de amor e de fraternidade seja sempre saciada nos olhares dos quais nos serviremos.\u201d Pe. F\u00e1bio de Melo Ingredientes: 2 x\u00edcaras (ch\u00e1) arroz cru. 2 tabletes caldo de galinha. cebola e alho, a gosto. 1 colher [&hellip;]\" \/>\n<meta property=\"og:url\" content=\"https:\/\/www.oarcanjo.net\/site\/coroa-de-arroz-com-uvas-passas-e-castanha-do-para\/\" \/>\n<meta property=\"og:site_name\" content=\"O Arcanjo no ar\" \/>\n<meta property=\"article:publisher\" content=\"https:\/\/www.facebook.com\/OArcanjoNoAr\/\" \/>\n<meta property=\"article:published_time\" content=\"2009-12-07T02:48:04+00:00\" \/>\n<meta property=\"article:modified_time\" content=\"2009-12-07T03:17:41+00:00\" \/>\n<meta property=\"og:image\" content=\"http:\/\/www.oarcanjo.net\/site\/wp-content\/uploads\/receitas-ArrozPassasCastanha.jpg\" \/>\n<meta name=\"author\" content=\"editor\" \/>\n<meta name=\"twitter:card\" content=\"summary_large_image\" \/>\n<meta name=\"twitter:label1\" content=\"Escrito por\" \/>\n\t<meta name=\"twitter:data1\" content=\"editor\" \/>\n\t<meta name=\"twitter:label2\" content=\"Est. tempo de leitura\" \/>\n\t<meta name=\"twitter:data2\" content=\"1 minuto\" \/>\n<script type=\"application\/ld+json\" class=\"yoast-schema-graph\">{\"@context\":\"https:\/\/schema.org\",\"@graph\":[{\"@type\":\"Article\",\"@id\":\"https:\/\/www.oarcanjo.net\/site\/coroa-de-arroz-com-uvas-passas-e-castanha-do-para\/#article\",\"isPartOf\":{\"@id\":\"https:\/\/www.oarcanjo.net\/site\/coroa-de-arroz-com-uvas-passas-e-castanha-do-para\/\"},\"author\":{\"name\":\"editor\",\"@id\":\"https:\/\/www.oarcanjo.net\/site\/#\/schema\/person\/f7024d007863202483a31326673a0838\"},\"headline\":\"Coroa de Arroz com uvas passas e Castanha-do-Par\u00e1\",\"datePublished\":\"2009-12-07T02:48:04+00:00\",\"dateModified\":\"2009-12-07T03:17:41+00:00\",\"mainEntityOfPage\":{\"@id\":\"https:\/\/www.oarcanjo.net\/site\/coroa-de-arroz-com-uvas-passas-e-castanha-do-para\/\"},\"wordCount\":178,\"commentCount\":0,\"publisher\":{\"@id\":\"https:\/\/www.oarcanjo.net\/site\/#organization\"},\"image\":{\"@id\":\"https:\/\/www.oarcanjo.net\/site\/coroa-de-arroz-com-uvas-passas-e-castanha-do-para\/#primaryimage\"},\"thumbnailUrl\":\"http:\/\/www.oarcanjo.net\/site\/wp-content\/uploads\/receitas-ArrozPassasCastanha.jpg\",\"keywords\":[\"Arroz\",\"Castanha-do-Par\u00e1\",\"natal\",\"Salgado\",\"uvas passas\"],\"articleSection\":[\"Receitas\"],\"inLanguage\":\"pt-BR\",\"potentialAction\":[{\"@type\":\"CommentAction\",\"name\":\"Comment\",\"target\":[\"https:\/\/www.oarcanjo.net\/site\/coroa-de-arroz-com-uvas-passas-e-castanha-do-para\/#respond\"]}]},{\"@type\":\"WebPage\",\"@id\":\"https:\/\/www.oarcanjo.net\/site\/coroa-de-arroz-com-uvas-passas-e-castanha-do-para\/\",\"url\":\"https:\/\/www.oarcanjo.net\/site\/coroa-de-arroz-com-uvas-passas-e-castanha-do-para\/\",\"name\":\"Coroa de Arroz com uvas passas e Castanha-do-Par\u00e1 - O Arcanjo no ar\",\"isPartOf\":{\"@id\":\"https:\/\/www.oarcanjo.net\/site\/#website\"},\"primaryImageOfPage\":{\"@id\":\"https:\/\/www.oarcanjo.net\/site\/coroa-de-arroz-com-uvas-passas-e-castanha-do-para\/#primaryimage\"},\"image\":{\"@id\":\"https:\/\/www.oarcanjo.net\/site\/coroa-de-arroz-com-uvas-passas-e-castanha-do-para\/#primaryimage\"},\"thumbnailUrl\":\"http:\/\/www.oarcanjo.net\/site\/wp-content\/uploads\/receitas-ArrozPassasCastanha.jpg\",\"datePublished\":\"2009-12-07T02:48:04+00:00\",\"dateModified\":\"2009-12-07T03:17:41+00:00\",\"breadcrumb\":{\"@id\":\"https:\/\/www.oarcanjo.net\/site\/coroa-de-arroz-com-uvas-passas-e-castanha-do-para\/#breadcrumb\"},\"inLanguage\":\"pt-BR\",\"potentialAction\":[{\"@type\":\"ReadAction\",\"target\":[\"https:\/\/www.oarcanjo.net\/site\/coroa-de-arroz-com-uvas-passas-e-castanha-do-para\/\"]}]},{\"@type\":\"ImageObject\",\"inLanguage\":\"pt-BR\",\"@id\":\"https:\/\/www.oarcanjo.net\/site\/coroa-de-arroz-com-uvas-passas-e-castanha-do-para\/#primaryimage\",\"url\":\"http:\/\/www.oarcanjo.net\/site\/wp-content\/uploads\/receitas-ArrozPassasCastanha.jpg\",\"contentUrl\":\"http:\/\/www.oarcanjo.net\/site\/wp-content\/uploads\/receitas-ArrozPassasCastanha.jpg\"},{\"@type\":\"BreadcrumbList\",\"@id\":\"https:\/\/www.oarcanjo.net\/site\/coroa-de-arroz-com-uvas-passas-e-castanha-do-para\/#breadcrumb\",\"itemListElement\":[{\"@type\":\"ListItem\",\"position\":1,\"name\":\"In\u00edcio\",\"item\":\"https:\/\/www.oarcanjo.net\/site\/\"},{\"@type\":\"ListItem\",\"position\":2,\"name\":\"Coroa de Arroz com uvas passas e Castanha-do-Par\u00e1\"}]},{\"@type\":\"WebSite\",\"@id\":\"https:\/\/www.oarcanjo.net\/site\/#website\",\"url\":\"https:\/\/www.oarcanjo.net\/site\/\",\"name\":\"O Arcanjo no ar\",\"description\":\"Site da Par\u00f3quia S\u00e3o Miguel Arcanjo (Arquidiocese de SP)\",\"publisher\":{\"@id\":\"https:\/\/www.oarcanjo.net\/site\/#organization\"},\"potentialAction\":[{\"@type\":\"SearchAction\",\"target\":{\"@type\":\"EntryPoint\",\"urlTemplate\":\"https:\/\/www.oarcanjo.net\/site\/?s={search_term_string}\"},\"query-input\":{\"@type\":\"PropertyValueSpecification\",\"valueRequired\":true,\"valueName\":\"search_term_string\"}}],\"inLanguage\":\"pt-BR\"},{\"@type\":\"Organization\",\"@id\":\"https:\/\/www.oarcanjo.net\/site\/#organization\",\"name\":\"Par\u00f3quia S\u00e3o Miguel Arcanjo\",\"url\":\"https:\/\/www.oarcanjo.net\/site\/\",\"logo\":{\"@type\":\"ImageObject\",\"inLanguage\":\"pt-BR\",\"@id\":\"https:\/\/www.oarcanjo.net\/site\/#\/schema\/logo\/image\/\",\"url\":\"https:\/\/www.oarcanjo.net\/site\/wp-content\/uploads\/LogoOArcanjo.png\",\"contentUrl\":\"https:\/\/www.oarcanjo.net\/site\/wp-content\/uploads\/LogoOArcanjo.png\",\"width\":319,\"height\":99,\"caption\":\"Par\u00f3quia S\u00e3o Miguel Arcanjo\"},\"image\":{\"@id\":\"https:\/\/www.oarcanjo.net\/site\/#\/schema\/logo\/image\/\"},\"sameAs\":[\"https:\/\/www.facebook.com\/OArcanjoNoAr\/\"]},{\"@type\":\"Person\",\"@id\":\"https:\/\/www.oarcanjo.net\/site\/#\/schema\/person\/f7024d007863202483a31326673a0838\",\"name\":\"editor\",\"sameAs\":[\"http:\/\/www.oarcanjo.net\"]}]}<\/script>\n<!-- \/ Yoast SEO plugin. -->","yoast_head_json":{"title":"Coroa de Arroz com uvas passas e Castanha-do-Par\u00e1 - O Arcanjo no ar","robots":{"index":"index","follow":"follow","max-snippet":"max-snippet:-1","max-image-preview":"max-image-preview:large","max-video-preview":"max-video-preview:-1"},"canonical":"https:\/\/www.oarcanjo.net\/site\/coroa-de-arroz-com-uvas-passas-e-castanha-do-para\/","og_locale":"pt_BR","og_type":"article","og_title":"Coroa de Arroz com uvas passas e Castanha-do-Par\u00e1 - O Arcanjo no ar","og_description":"\u201cCada vez que nossa mesa \u00e9 posta, muito mais que um alimento, a vida nos \u00e9 oferecida.Que nossa fome de amor e de fraternidade seja sempre saciada nos olhares dos quais nos serviremos.\u201d Pe. F\u00e1bio de Melo Ingredientes: 2 x\u00edcaras (ch\u00e1) arroz cru. 2 tabletes caldo de galinha. cebola e alho, a gosto. 1 colher [&hellip;]","og_url":"https:\/\/www.oarcanjo.net\/site\/coroa-de-arroz-com-uvas-passas-e-castanha-do-para\/","og_site_name":"O Arcanjo no ar","article_publisher":"https:\/\/www.facebook.com\/OArcanjoNoAr\/","article_published_time":"2009-12-07T02:48:04+00:00","article_modified_time":"2009-12-07T03:17:41+00:00","og_image":[{"url":"http:\/\/www.oarcanjo.net\/site\/wp-content\/uploads\/receitas-ArrozPassasCastanha.jpg"}],"author":"editor","twitter_card":"summary_large_image","twitter_misc":{"Escrito por":"editor","Est. tempo de leitura":"1 minuto"},"schema":{"@context":"https:\/\/schema.org","@graph":[{"@type":"Article","@id":"https:\/\/www.oarcanjo.net\/site\/coroa-de-arroz-com-uvas-passas-e-castanha-do-para\/#article","isPartOf":{"@id":"https:\/\/www.oarcanjo.net\/site\/coroa-de-arroz-com-uvas-passas-e-castanha-do-para\/"},"author":{"name":"editor","@id":"https:\/\/www.oarcanjo.net\/site\/#\/schema\/person\/f7024d007863202483a31326673a0838"},"headline":"Coroa de Arroz com uvas passas e Castanha-do-Par\u00e1","datePublished":"2009-12-07T02:48:04+00:00","dateModified":"2009-12-07T03:17:41+00:00","mainEntityOfPage":{"@id":"https:\/\/www.oarcanjo.net\/site\/coroa-de-arroz-com-uvas-passas-e-castanha-do-para\/"},"wordCount":178,"commentCount":0,"publisher":{"@id":"https:\/\/www.oarcanjo.net\/site\/#organization"},"image":{"@id":"https:\/\/www.oarcanjo.net\/site\/coroa-de-arroz-com-uvas-passas-e-castanha-do-para\/#primaryimage"},"thumbnailUrl":"http:\/\/www.oarcanjo.net\/site\/wp-content\/uploads\/receitas-ArrozPassasCastanha.jpg","keywords":["Arroz","Castanha-do-Par\u00e1","natal","Salgado","uvas passas"],"articleSection":["Receitas"],"inLanguage":"pt-BR","potentialAction":[{"@type":"CommentAction","name":"Comment","target":["https:\/\/www.oarcanjo.net\/site\/coroa-de-arroz-com-uvas-passas-e-castanha-do-para\/#respond"]}]},{"@type":"WebPage","@id":"https:\/\/www.oarcanjo.net\/site\/coroa-de-arroz-com-uvas-passas-e-castanha-do-para\/","url":"https:\/\/www.oarcanjo.net\/site\/coroa-de-arroz-com-uvas-passas-e-castanha-do-para\/","name":"Coroa de Arroz com uvas passas e Castanha-do-Par\u00e1 - O Arcanjo no ar","isPartOf":{"@id":"https:\/\/www.oarcanjo.net\/site\/#website"},"primaryImageOfPage":{"@id":"https:\/\/www.oarcanjo.net\/site\/coroa-de-arroz-com-uvas-passas-e-castanha-do-para\/#primaryimage"},"image":{"@id":"https:\/\/www.oarcanjo.net\/site\/coroa-de-arroz-com-uvas-passas-e-castanha-do-para\/#primaryimage"},"thumbnailUrl":"http:\/\/www.oarcanjo.net\/site\/wp-content\/uploads\/receitas-ArrozPassasCastanha.jpg","datePublished":"2009-12-07T02:48:04+00:00","dateModified":"2009-12-07T03:17:41+00:00","breadcrumb":{"@id":"https:\/\/www.oarcanjo.net\/site\/coroa-de-arroz-com-uvas-passas-e-castanha-do-para\/#breadcrumb"},"inLanguage":"pt-BR","potentialAction":[{"@type":"ReadAction","target":["https:\/\/www.oarcanjo.net\/site\/coroa-de-arroz-com-uvas-passas-e-castanha-do-para\/"]}]},{"@type":"ImageObject","inLanguage":"pt-BR","@id":"https:\/\/www.oarcanjo.net\/site\/coroa-de-arroz-com-uvas-passas-e-castanha-do-para\/#primaryimage","url":"http:\/\/www.oarcanjo.net\/site\/wp-content\/uploads\/receitas-ArrozPassasCastanha.jpg","contentUrl":"http:\/\/www.oarcanjo.net\/site\/wp-content\/uploads\/receitas-ArrozPassasCastanha.jpg"},{"@type":"BreadcrumbList","@id":"https:\/\/www.oarcanjo.net\/site\/coroa-de-arroz-com-uvas-passas-e-castanha-do-para\/#breadcrumb","itemListElement":[{"@type":"ListItem","position":1,"name":"In\u00edcio","item":"https:\/\/www.oarcanjo.net\/site\/"},{"@type":"ListItem","position":2,"name":"Coroa de Arroz com uvas passas e Castanha-do-Par\u00e1"}]},{"@type":"WebSite","@id":"https:\/\/www.oarcanjo.net\/site\/#website","url":"https:\/\/www.oarcanjo.net\/site\/","name":"O Arcanjo no ar","description":"Site da Par\u00f3quia S\u00e3o Miguel Arcanjo (Arquidiocese de SP)","publisher":{"@id":"https:\/\/www.oarcanjo.net\/site\/#organization"},"potentialAction":[{"@type":"SearchAction","target":{"@type":"EntryPoint","urlTemplate":"https:\/\/www.oarcanjo.net\/site\/?s={search_term_string}"},"query-input":{"@type":"PropertyValueSpecification","valueRequired":true,"valueName":"search_term_string"}}],"inLanguage":"pt-BR"},{"@type":"Organization","@id":"https:\/\/www.oarcanjo.net\/site\/#organization","name":"Par\u00f3quia S\u00e3o Miguel Arcanjo","url":"https:\/\/www.oarcanjo.net\/site\/","logo":{"@type":"ImageObject","inLanguage":"pt-BR","@id":"https:\/\/www.oarcanjo.net\/site\/#\/schema\/logo\/image\/","url":"https:\/\/www.oarcanjo.net\/site\/wp-content\/uploads\/LogoOArcanjo.png","contentUrl":"https:\/\/www.oarcanjo.net\/site\/wp-content\/uploads\/LogoOArcanjo.png","width":319,"height":99,"caption":"Par\u00f3quia S\u00e3o Miguel Arcanjo"},"image":{"@id":"https:\/\/www.oarcanjo.net\/site\/#\/schema\/logo\/image\/"},"sameAs":["https:\/\/www.facebook.com\/OArcanjoNoAr\/"]},{"@type":"Person","@id":"https:\/\/www.oarcanjo.net\/site\/#\/schema\/person\/f7024d007863202483a31326673a0838","name":"editor","sameAs":["http:\/\/www.oarcanjo.net"]}]}},"publishpress_future_action":{"enabled":false,"date":"2026-05-09 00:55:56","action":"category","newStatus":"draft","terms":[],"taxonomy":"category"},"publishpress_future_workflow_manual_trigger":{"enabledWorkflows":[]},"_links":{"self":[{"href":"https:\/\/www.oarcanjo.net\/site\/wp-json\/wp\/v2\/posts\/6405"}],"collection":[{"href":"https:\/\/www.oarcanjo.net\/site\/wp-json\/wp\/v2\/posts"}],"about":[{"href":"https:\/\/www.oarcanjo.net\/site\/wp-json\/wp\/v2\/types\/post"}],"author":[{"embeddable":true,"href":"https:\/\/www.oarcanjo.net\/site\/wp-json\/wp\/v2\/users\/5"}],"replies":[{"embeddable":true,"href":"https:\/\/www.oarcanjo.net\/site\/wp-json\/wp\/v2\/comments?post=6405"}],"version-history":[{"count":0,"href":"https:\/\/www.oarcanjo.net\/site\/wp-json\/wp\/v2\/posts\/6405\/revisions"}],"wp:attachment":[{"href":"https:\/\/www.oarcanjo.net\/site\/wp-json\/wp\/v2\/media?parent=6405"}],"wp:term":[{"taxonomy":"category","embeddable":true,"href":"https:\/\/www.oarcanjo.net\/site\/wp-json\/wp\/v2\/categories?post=6405"},{"taxonomy":"post_tag","embeddable":true,"href":"https:\/\/www.oarcanjo.net\/site\/wp-json\/wp\/v2\/tags?post=6405"}],"curies":[{"name":"wp","href":"https:\/\/api.w.org\/{rel}","templated":true}]}}