
{"id":64070,"date":"2015-07-06T22:11:31","date_gmt":"2015-07-07T01:11:31","guid":{"rendered":"http:\/\/www.oarcanjo.net\/site\/?p=64070"},"modified":"2015-07-06T22:11:31","modified_gmt":"2015-07-07T01:11:31","slug":"jesus-estava-na-barca","status":"publish","type":"post","link":"https:\/\/www.oarcanjo.net\/site\/jesus-estava-na-barca\/","title":{"rendered":"Jesus estava na barca"},"content":{"rendered":"<p style=\"text-align: justify;\"><em>Pe. Alfredo J. Gon\u00e7alves, cs<\/em><\/p>\n<p style=\"text-align: justify;\">A tarde chega. Jesus e os disc\u00edpulos decidem \u201catravessar para o outro lado do mar\u201d. Mas quando a noite cai, \u201ccome\u00e7a a soprar um vento muito forte\u201d,\u00a0 o mar se agita e \u201cas ondas se lan\u00e7am dentro da barca\u201d. Improvisamente, tr\u00eas poderosos elementos da natureza \u2013 o vento, as trevas e as \u00e1guas \u2013 fundem sua f\u00faria devastadora numa tempestade que aterroriza os disc\u00edpulos, deixando-os \u00e0 deriva de uma turbul\u00eancia imprevista. O caos ignoto, primitivo, os envolve de forma assustadora. O naufr\u00e1gio se faz iminente, a vida parece suspensa por um fio. Jesus, por\u00e9m, \u201cestava na parte de tr\u00e1s da barca, dormindo com a cabe\u00e7a num travesseiro\u201d (Mc 4, 35-41).<\/p>\n<p style=\"text-align: justify;\">\u201cMestre, n\u00e3o te importas que morramos?\u201d \u2013 \u00e9 o grito dos disc\u00edpulos acordando-o. N\u00e3o se trata de um grito \u00fanico, isolado. Ao contr\u00e1rio, faz coro ao clamor de todo o ser humano. No v\u00f3rtice voraz do desespero, onde predomina a dor, o mal, a viol\u00eancia e o sofrimento, essa \u00e9 a linguagem que une a todos. Inseguran\u00e7a e terror s\u00e3o as coisas que melhor se condivivem. O grito \u00e9 tanto mais forte quanto menos coerente a l\u00f3gica dos acontecimentos. Tanto mais espantoso e incompreens\u00edvel quanto maior a inoc\u00eancia dos envolvidos. Tanto mais estridente quanto mais silenciado ou silencioso. Tanto mais paralisante quanto mais se agitam os elementos enfurecidos.<\/p>\n<p style=\"text-align: justify;\">A barca em meio \u00e0 escurid\u00e3o e \u00e0 tempestade: met\u00e1fora que, s\u00f3 em pensar, provoca calafrios. De imediato, a imagem nos transporta ao ventre da embarca\u00e7\u00e3o. T\u00famulo com as portas escancaradas, ao inv\u00e9s de \u00fatero protetor. Querendo ou n\u00e3o, fazemo-nos solid\u00e1rios com seus pobres ocupantes. Afinal, a exist\u00eancia humana n\u00e3o deixa de ser uma travessia \u201cpor mares nunca dantes navegados\u201d, como diz o poeta portugu\u00eas Cam\u00f5es. Esperam-nos ondas bravias, amea\u00e7adoras, mais ainda se acompanhadas pelas sombras da noite. Da\u00ed o medo e o apelo ag\u00f4nico: salva-nos!<\/p>\n<p style=\"text-align: justify;\">Temor e s\u00faplica se levantam igualmente do fundo escuro de nosso sofrimento. O grito ou o sil\u00eancio, gestados ambos no n\u00facleo duro da dor oculta e sem rem\u00e9dio, se convertem em ora\u00e7\u00e3o. Erguem-se ao c\u00e9u com redobrada energia e ardor. Especialmente quando n\u00e3o entendemos o por que de tanto suor, tantas l\u00e1grimas e tanto sangue na carne viva e ferida da hist\u00f3ria. Do ponto de vista pessoal ou coletivo, nem sempre as chagas cicatrizam. Pior ainda: tendem n\u00e3o raro a reabrir-se, expostas aos golpes imprevis\u00edveis do destino. Sequer nos damos conta que Jesus tamb\u00e9m est\u00e1 na barca.<\/p>\n<p style=\"text-align: justify;\">Jesus desperta e imp\u00f5e sua autoridade sobre as for\u00e7as tenebrosas e avassaladoras. Elas amea\u00e7am fugir ao controle, transbordar do seu leito normal e destruir tudo que encontram pela frente, reconduzir \u00e0 desordem primordial: \u201cCale-se! Acalme-se\u201d! O Mestre acalma-os em seu furor, reorganiza-os e refaz a ordem, possibilitando o retorno ao curso livre e fecundo da vida. Impede que o caos possa prevalecer. Com a sua palavra realiza, assim, um ato criador, em meio \u00e0s for\u00e7as da viol\u00eancia e do mal que tudo parecem querer varrer e devastar. \u201cQuem \u00e9 este homem, a quem at\u00e9 o vento e mar obedecem?\u201d \u2013 \u00e9 a pergunta que surge espont\u00e2nea!<\/p>\n<p style=\"text-align: justify;\">Eis o poder criativo da ora\u00e7\u00e3o contra as for\u00e7as do mal. Quando imperam a injusti\u00e7a, a explora\u00e7\u00e3o e a tirania, do ponto de vista socioecon\u00f4mico e pol\u00edtico, ou emergem os instintos, paix\u00f5es e desejos ego\u00edstas e incontidos, do ponto de vista pessoal, \u00e9 preciso despertar o Mestre. A ora\u00e7\u00e3o como que toca as cordas mais sens\u00edveis da miseric\u00f3rdia e da compaix\u00e3o divinas. Se e quando soltas, as for\u00e7as da natueza semeiam a desordem, nos reconduzem ao olho do furac\u00e3o, onde tudo \u00e9 noite, tormenta e trag\u00e9dia. E onde n\u00e3o passamos de n\u00e1ufragos em bra\u00e7adas v\u00e3s e desesperadas. Mas nenhum poder supera o amor daquele que \u00e9 Pai\/M\u00e3e, e que envia seu Filho como um passageiro nesta embarca\u00e7\u00e3o gr\u00e1gil da hist\u00f3ria. Ao mesmo tempo, envolve-nos com a luz do Esp\u00edrito Santo para que encontremos sempre o rumo da farol e do porto seguro.<\/p>\n<div id=\"themify_builder_content-64070\" data-postid=\"64070\" class=\"themify_builder_content themify_builder_content-64070 themify_builder themify_builder_front\">\n\t<\/div>\n<!-- \/themify_builder_content -->","protected":false},"excerpt":{"rendered":"<p>Pe. Alfredo J. Gon\u00e7alves, cs A tarde chega. Jesus e os disc\u00edpulos decidem \u201catravessar para o outro lado do mar\u201d. Mas quando a noite cai, \u201ccome\u00e7a a soprar um vento muito forte\u201d,\u00a0 o mar se agita e \u201cas ondas se lan\u00e7am dentro da barca\u201d. Improvisamente, tr\u00eas poderosos elementos da natureza \u2013 o vento, as trevas [&hellip;]<\/p>\n","protected":false},"author":15,"featured_media":0,"comment_status":"open","ping_status":"open","sticky":false,"template":"","format":"standard","meta":{"ngg_post_thumbnail":0,"footnotes":""},"categories":[9],"tags":[],"yoast_head":"<!-- This site is optimized with the Yoast SEO plugin v23.5 - https:\/\/yoast.com\/wordpress\/plugins\/seo\/ -->\n<title>Jesus estava na barca - O Arcanjo no ar<\/title>\n<meta name=\"robots\" content=\"index, follow, max-snippet:-1, max-image-preview:large, max-video-preview:-1\" \/>\n<link rel=\"canonical\" href=\"https:\/\/www.oarcanjo.net\/site\/jesus-estava-na-barca\/\" \/>\n<meta property=\"og:locale\" content=\"pt_BR\" \/>\n<meta property=\"og:type\" content=\"article\" \/>\n<meta property=\"og:title\" content=\"Jesus estava na barca - O Arcanjo no ar\" \/>\n<meta property=\"og:description\" content=\"Pe. Alfredo J. Gon\u00e7alves, cs A tarde chega. Jesus e os disc\u00edpulos decidem \u201catravessar para o outro lado do mar\u201d. Mas quando a noite cai, \u201ccome\u00e7a a soprar um vento muito forte\u201d,\u00a0 o mar se agita e \u201cas ondas se lan\u00e7am dentro da barca\u201d. Improvisamente, tr\u00eas poderosos elementos da natureza \u2013 o vento, as trevas [&hellip;]\" \/>\n<meta property=\"og:url\" content=\"https:\/\/www.oarcanjo.net\/site\/jesus-estava-na-barca\/\" \/>\n<meta property=\"og:site_name\" content=\"O Arcanjo no ar\" \/>\n<meta property=\"article:publisher\" content=\"https:\/\/www.facebook.com\/OArcanjoNoAr\/\" \/>\n<meta property=\"article:published_time\" content=\"2015-07-07T01:11:31+00:00\" \/>\n<meta property=\"og:image\" content=\"https:\/\/www.oarcanjo.net\/site\/wp-content\/uploads\/logo-o-arcanjo-no-ar-facebook.png\" \/>\n\t<meta property=\"og:image:width\" content=\"300\" \/>\n\t<meta property=\"og:image:height\" content=\"300\" \/>\n\t<meta property=\"og:image:type\" content=\"image\/png\" \/>\n<meta name=\"author\" content=\"Alexandre Nunes\" \/>\n<meta name=\"twitter:card\" content=\"summary_large_image\" \/>\n<meta name=\"twitter:label1\" content=\"Escrito por\" \/>\n\t<meta name=\"twitter:data1\" content=\"Alexandre Nunes\" \/>\n\t<meta name=\"twitter:label2\" content=\"Est. tempo de leitura\" \/>\n\t<meta name=\"twitter:data2\" content=\"4 minutos\" \/>\n<script type=\"application\/ld+json\" class=\"yoast-schema-graph\">{\"@context\":\"https:\/\/schema.org\",\"@graph\":[{\"@type\":\"Article\",\"@id\":\"https:\/\/www.oarcanjo.net\/site\/jesus-estava-na-barca\/#article\",\"isPartOf\":{\"@id\":\"https:\/\/www.oarcanjo.net\/site\/jesus-estava-na-barca\/\"},\"author\":{\"name\":\"Alexandre Nunes\",\"@id\":\"https:\/\/www.oarcanjo.net\/site\/#\/schema\/person\/0a2ae077c1a09b69d29928e3b9f1c0d1\"},\"headline\":\"Jesus estava na barca\",\"datePublished\":\"2015-07-07T01:11:31+00:00\",\"dateModified\":\"2015-07-07T01:11:31+00:00\",\"mainEntityOfPage\":{\"@id\":\"https:\/\/www.oarcanjo.net\/site\/jesus-estava-na-barca\/\"},\"wordCount\":720,\"commentCount\":0,\"publisher\":{\"@id\":\"https:\/\/www.oarcanjo.net\/site\/#organization\"},\"articleSection\":[\"Reflex\u00f5es\"],\"inLanguage\":\"pt-BR\",\"potentialAction\":[{\"@type\":\"CommentAction\",\"name\":\"Comment\",\"target\":[\"https:\/\/www.oarcanjo.net\/site\/jesus-estava-na-barca\/#respond\"]}]},{\"@type\":\"WebPage\",\"@id\":\"https:\/\/www.oarcanjo.net\/site\/jesus-estava-na-barca\/\",\"url\":\"https:\/\/www.oarcanjo.net\/site\/jesus-estava-na-barca\/\",\"name\":\"Jesus estava na barca - O Arcanjo no ar\",\"isPartOf\":{\"@id\":\"https:\/\/www.oarcanjo.net\/site\/#website\"},\"datePublished\":\"2015-07-07T01:11:31+00:00\",\"dateModified\":\"2015-07-07T01:11:31+00:00\",\"breadcrumb\":{\"@id\":\"https:\/\/www.oarcanjo.net\/site\/jesus-estava-na-barca\/#breadcrumb\"},\"inLanguage\":\"pt-BR\",\"potentialAction\":[{\"@type\":\"ReadAction\",\"target\":[\"https:\/\/www.oarcanjo.net\/site\/jesus-estava-na-barca\/\"]}]},{\"@type\":\"BreadcrumbList\",\"@id\":\"https:\/\/www.oarcanjo.net\/site\/jesus-estava-na-barca\/#breadcrumb\",\"itemListElement\":[{\"@type\":\"ListItem\",\"position\":1,\"name\":\"In\u00edcio\",\"item\":\"https:\/\/www.oarcanjo.net\/site\/\"},{\"@type\":\"ListItem\",\"position\":2,\"name\":\"Jesus estava na barca\"}]},{\"@type\":\"WebSite\",\"@id\":\"https:\/\/www.oarcanjo.net\/site\/#website\",\"url\":\"https:\/\/www.oarcanjo.net\/site\/\",\"name\":\"O Arcanjo no ar\",\"description\":\"Site da Par\u00f3quia S\u00e3o Miguel Arcanjo (Arquidiocese de SP)\",\"publisher\":{\"@id\":\"https:\/\/www.oarcanjo.net\/site\/#organization\"},\"potentialAction\":[{\"@type\":\"SearchAction\",\"target\":{\"@type\":\"EntryPoint\",\"urlTemplate\":\"https:\/\/www.oarcanjo.net\/site\/?s={search_term_string}\"},\"query-input\":{\"@type\":\"PropertyValueSpecification\",\"valueRequired\":true,\"valueName\":\"search_term_string\"}}],\"inLanguage\":\"pt-BR\"},{\"@type\":\"Organization\",\"@id\":\"https:\/\/www.oarcanjo.net\/site\/#organization\",\"name\":\"Par\u00f3quia S\u00e3o Miguel Arcanjo\",\"url\":\"https:\/\/www.oarcanjo.net\/site\/\",\"logo\":{\"@type\":\"ImageObject\",\"inLanguage\":\"pt-BR\",\"@id\":\"https:\/\/www.oarcanjo.net\/site\/#\/schema\/logo\/image\/\",\"url\":\"https:\/\/www.oarcanjo.net\/site\/wp-content\/uploads\/LogoOArcanjo.png\",\"contentUrl\":\"https:\/\/www.oarcanjo.net\/site\/wp-content\/uploads\/LogoOArcanjo.png\",\"width\":319,\"height\":99,\"caption\":\"Par\u00f3quia S\u00e3o Miguel Arcanjo\"},\"image\":{\"@id\":\"https:\/\/www.oarcanjo.net\/site\/#\/schema\/logo\/image\/\"},\"sameAs\":[\"https:\/\/www.facebook.com\/OArcanjoNoAr\/\"]},{\"@type\":\"Person\",\"@id\":\"https:\/\/www.oarcanjo.net\/site\/#\/schema\/person\/0a2ae077c1a09b69d29928e3b9f1c0d1\",\"name\":\"Alexandre Nunes\",\"sameAs\":[\"http:\/\/alexandrenu.com\"]}]}<\/script>\n<!-- \/ Yoast SEO plugin. -->","yoast_head_json":{"title":"Jesus estava na barca - O Arcanjo no ar","robots":{"index":"index","follow":"follow","max-snippet":"max-snippet:-1","max-image-preview":"max-image-preview:large","max-video-preview":"max-video-preview:-1"},"canonical":"https:\/\/www.oarcanjo.net\/site\/jesus-estava-na-barca\/","og_locale":"pt_BR","og_type":"article","og_title":"Jesus estava na barca - O Arcanjo no ar","og_description":"Pe. Alfredo J. Gon\u00e7alves, cs A tarde chega. Jesus e os disc\u00edpulos decidem \u201catravessar para o outro lado do mar\u201d. Mas quando a noite cai, \u201ccome\u00e7a a soprar um vento muito forte\u201d,\u00a0 o mar se agita e \u201cas ondas se lan\u00e7am dentro da barca\u201d. Improvisamente, tr\u00eas poderosos elementos da natureza \u2013 o vento, as trevas [&hellip;]","og_url":"https:\/\/www.oarcanjo.net\/site\/jesus-estava-na-barca\/","og_site_name":"O Arcanjo no ar","article_publisher":"https:\/\/www.facebook.com\/OArcanjoNoAr\/","article_published_time":"2015-07-07T01:11:31+00:00","og_image":[{"width":300,"height":300,"url":"https:\/\/www.oarcanjo.net\/site\/wp-content\/uploads\/logo-o-arcanjo-no-ar-facebook.png","type":"image\/png"}],"author":"Alexandre Nunes","twitter_card":"summary_large_image","twitter_misc":{"Escrito por":"Alexandre Nunes","Est. tempo de leitura":"4 minutos"},"schema":{"@context":"https:\/\/schema.org","@graph":[{"@type":"Article","@id":"https:\/\/www.oarcanjo.net\/site\/jesus-estava-na-barca\/#article","isPartOf":{"@id":"https:\/\/www.oarcanjo.net\/site\/jesus-estava-na-barca\/"},"author":{"name":"Alexandre Nunes","@id":"https:\/\/www.oarcanjo.net\/site\/#\/schema\/person\/0a2ae077c1a09b69d29928e3b9f1c0d1"},"headline":"Jesus estava na barca","datePublished":"2015-07-07T01:11:31+00:00","dateModified":"2015-07-07T01:11:31+00:00","mainEntityOfPage":{"@id":"https:\/\/www.oarcanjo.net\/site\/jesus-estava-na-barca\/"},"wordCount":720,"commentCount":0,"publisher":{"@id":"https:\/\/www.oarcanjo.net\/site\/#organization"},"articleSection":["Reflex\u00f5es"],"inLanguage":"pt-BR","potentialAction":[{"@type":"CommentAction","name":"Comment","target":["https:\/\/www.oarcanjo.net\/site\/jesus-estava-na-barca\/#respond"]}]},{"@type":"WebPage","@id":"https:\/\/www.oarcanjo.net\/site\/jesus-estava-na-barca\/","url":"https:\/\/www.oarcanjo.net\/site\/jesus-estava-na-barca\/","name":"Jesus estava na barca - O Arcanjo no ar","isPartOf":{"@id":"https:\/\/www.oarcanjo.net\/site\/#website"},"datePublished":"2015-07-07T01:11:31+00:00","dateModified":"2015-07-07T01:11:31+00:00","breadcrumb":{"@id":"https:\/\/www.oarcanjo.net\/site\/jesus-estava-na-barca\/#breadcrumb"},"inLanguage":"pt-BR","potentialAction":[{"@type":"ReadAction","target":["https:\/\/www.oarcanjo.net\/site\/jesus-estava-na-barca\/"]}]},{"@type":"BreadcrumbList","@id":"https:\/\/www.oarcanjo.net\/site\/jesus-estava-na-barca\/#breadcrumb","itemListElement":[{"@type":"ListItem","position":1,"name":"In\u00edcio","item":"https:\/\/www.oarcanjo.net\/site\/"},{"@type":"ListItem","position":2,"name":"Jesus estava na barca"}]},{"@type":"WebSite","@id":"https:\/\/www.oarcanjo.net\/site\/#website","url":"https:\/\/www.oarcanjo.net\/site\/","name":"O Arcanjo no ar","description":"Site da Par\u00f3quia S\u00e3o Miguel Arcanjo (Arquidiocese de SP)","publisher":{"@id":"https:\/\/www.oarcanjo.net\/site\/#organization"},"potentialAction":[{"@type":"SearchAction","target":{"@type":"EntryPoint","urlTemplate":"https:\/\/www.oarcanjo.net\/site\/?s={search_term_string}"},"query-input":{"@type":"PropertyValueSpecification","valueRequired":true,"valueName":"search_term_string"}}],"inLanguage":"pt-BR"},{"@type":"Organization","@id":"https:\/\/www.oarcanjo.net\/site\/#organization","name":"Par\u00f3quia S\u00e3o Miguel Arcanjo","url":"https:\/\/www.oarcanjo.net\/site\/","logo":{"@type":"ImageObject","inLanguage":"pt-BR","@id":"https:\/\/www.oarcanjo.net\/site\/#\/schema\/logo\/image\/","url":"https:\/\/www.oarcanjo.net\/site\/wp-content\/uploads\/LogoOArcanjo.png","contentUrl":"https:\/\/www.oarcanjo.net\/site\/wp-content\/uploads\/LogoOArcanjo.png","width":319,"height":99,"caption":"Par\u00f3quia S\u00e3o Miguel Arcanjo"},"image":{"@id":"https:\/\/www.oarcanjo.net\/site\/#\/schema\/logo\/image\/"},"sameAs":["https:\/\/www.facebook.com\/OArcanjoNoAr\/"]},{"@type":"Person","@id":"https:\/\/www.oarcanjo.net\/site\/#\/schema\/person\/0a2ae077c1a09b69d29928e3b9f1c0d1","name":"Alexandre Nunes","sameAs":["http:\/\/alexandrenu.com"]}]}},"publishpress_future_action":{"enabled":false,"date":"2026-05-08 21:26:51","action":"category","newStatus":"draft","terms":[],"taxonomy":"category"},"publishpress_future_workflow_manual_trigger":{"enabledWorkflows":[]},"_links":{"self":[{"href":"https:\/\/www.oarcanjo.net\/site\/wp-json\/wp\/v2\/posts\/64070"}],"collection":[{"href":"https:\/\/www.oarcanjo.net\/site\/wp-json\/wp\/v2\/posts"}],"about":[{"href":"https:\/\/www.oarcanjo.net\/site\/wp-json\/wp\/v2\/types\/post"}],"author":[{"embeddable":true,"href":"https:\/\/www.oarcanjo.net\/site\/wp-json\/wp\/v2\/users\/15"}],"replies":[{"embeddable":true,"href":"https:\/\/www.oarcanjo.net\/site\/wp-json\/wp\/v2\/comments?post=64070"}],"version-history":[{"count":0,"href":"https:\/\/www.oarcanjo.net\/site\/wp-json\/wp\/v2\/posts\/64070\/revisions"}],"wp:attachment":[{"href":"https:\/\/www.oarcanjo.net\/site\/wp-json\/wp\/v2\/media?parent=64070"}],"wp:term":[{"taxonomy":"category","embeddable":true,"href":"https:\/\/www.oarcanjo.net\/site\/wp-json\/wp\/v2\/categories?post=64070"},{"taxonomy":"post_tag","embeddable":true,"href":"https:\/\/www.oarcanjo.net\/site\/wp-json\/wp\/v2\/tags?post=64070"}],"curies":[{"name":"wp","href":"https:\/\/api.w.org\/{rel}","templated":true}]}}