
{"id":6410,"date":"2009-12-07T00:55:49","date_gmt":"2009-12-07T02:55:49","guid":{"rendered":"http:\/\/www.oarcanjo.net\/site\/?p=6410"},"modified":"2009-12-07T01:15:37","modified_gmt":"2009-12-07T03:15:37","slug":"torta-de-ameixa-e-castanha-do-para","status":"publish","type":"post","link":"https:\/\/www.oarcanjo.net\/site\/torta-de-ameixa-e-castanha-do-para\/","title":{"rendered":"Torta de ameixa e Castanha-do-Par\u00e1"},"content":{"rendered":"<p><a href=\"http:\/\/www.oarcanjo.net\/site\/wp-content\/uploads\/receitas-TortaAmeixaCastanha.jpg\"><img loading=\"lazy\" decoding=\"async\" class=\"alignnone size-full wp-image-6411\" title=\"Torta de ameixa e Castanha-do-Par\u00e1\" src=\"http:\/\/www.oarcanjo.net\/site\/wp-content\/uploads\/receitas-TortaAmeixaCastanha.jpg\" alt=\"Torta de ameixa e Castanha-do-Par\u00e1\" width=\"450\" height=\"336\" srcset=\"https:\/\/www.oarcanjo.net\/site\/wp-content\/uploads\/receitas-TortaAmeixaCastanha.jpg 450w, https:\/\/www.oarcanjo.net\/site\/wp-content\/uploads\/receitas-TortaAmeixaCastanha-300x224.jpg 300w\" sizes=\"(max-width: 450px) 100vw, 450px\" \/><\/a><\/p>\n<p><strong>Ingredientes Massa:<br \/>\n<\/strong>1 pacote de biscoito Maria.<br \/>\n100g de manteiga.<\/p>\n<p><strong>Ingredientes recheio:<br \/>\n<\/strong>400g de ameixas pretas picadas.<br \/>\n150g de castanha-do-Par\u00e1 picadas.<br \/>\n1 lata de leite condensado.<\/p>\n<p><strong>Modo de preparo<\/strong><\/p>\n<p>Triture os biscoitos no liquidificador e coloque em uma tigela. Misture a manteiga com a farinha de biscoito ate ficar uma farofa \u00famida. Forre o fundo e as laterais de uma forma de aro 25cm com fundo remov\u00edvel. Leve para assar em forno pr\u00e9aquecido 180 \u00b0C por 5 minutos.Retire do forno e deixe esfriar. Sobre a massa j\u00e1 fria, spalhe toda a ameixa picada. Sobre a ameixa espalhe toda a castanha-do-par\u00e1, e por cima, despeje toda a lata de leite condensado de maneira uniforme.Volte ao forno a 200 \u00b0C durante 25 minutos ou at\u00e9 que esteja firme e dourada.<\/p>\n<p><strong>Tempo de preparo:<\/strong> 25 minutos<br \/>\n<strong>Grau de dificuldade:<\/strong> f\u00e1cil<br \/>\n<strong>Culinarista: <\/strong>Ang\u00e9lica (angelica.leone@hotmail.com)<\/p>\n<div id=\"themify_builder_content-6410\" data-postid=\"6410\" class=\"themify_builder_content themify_builder_content-6410 themify_builder themify_builder_front\">\n\t<\/div>\n<!-- \/themify_builder_content -->","protected":false},"excerpt":{"rendered":"<p>Ingredientes Massa: 1 pacote de biscoito Maria. 100g de manteiga. Ingredientes recheio: 400g de ameixas pretas picadas. 150g de castanha-do-Par\u00e1 picadas. 1 lata de leite condensado. Modo de preparo Triture os biscoitos no liquidificador e coloque em uma tigela. Misture a manteiga com a farinha de biscoito ate ficar uma farofa \u00famida. Forre o fundo [&hellip;]<\/p>\n","protected":false},"author":5,"featured_media":0,"comment_status":"open","ping_status":"open","sticky":false,"template":"","format":"standard","meta":{"ngg_post_thumbnail":0,"footnotes":""},"categories":[472],"tags":[1331,1330,1333,60,1332],"yoast_head":"<!-- This site is optimized with the Yoast SEO plugin v23.5 - https:\/\/yoast.com\/wordpress\/plugins\/seo\/ -->\n<title>Torta de ameixa e Castanha-do-Par\u00e1 - O Arcanjo no ar<\/title>\n<meta name=\"robots\" content=\"index, follow, max-snippet:-1, max-image-preview:large, max-video-preview:-1\" \/>\n<link rel=\"canonical\" href=\"https:\/\/www.oarcanjo.net\/site\/torta-de-ameixa-e-castanha-do-para\/\" \/>\n<meta property=\"og:locale\" content=\"pt_BR\" \/>\n<meta property=\"og:type\" content=\"article\" \/>\n<meta property=\"og:title\" content=\"Torta de ameixa e Castanha-do-Par\u00e1 - O Arcanjo no ar\" \/>\n<meta property=\"og:description\" content=\"Ingredientes Massa: 1 pacote de biscoito Maria. 100g de manteiga. Ingredientes recheio: 400g de ameixas pretas picadas. 150g de castanha-do-Par\u00e1 picadas. 1 lata de leite condensado. Modo de preparo Triture os biscoitos no liquidificador e coloque em uma tigela. Misture a manteiga com a farinha de biscoito ate ficar uma farofa \u00famida. Forre o fundo [&hellip;]\" \/>\n<meta property=\"og:url\" content=\"https:\/\/www.oarcanjo.net\/site\/torta-de-ameixa-e-castanha-do-para\/\" \/>\n<meta property=\"og:site_name\" content=\"O Arcanjo no ar\" \/>\n<meta property=\"article:publisher\" content=\"https:\/\/www.facebook.com\/OArcanjoNoAr\/\" \/>\n<meta property=\"article:published_time\" content=\"2009-12-07T02:55:49+00:00\" \/>\n<meta property=\"article:modified_time\" content=\"2009-12-07T03:15:37+00:00\" \/>\n<meta property=\"og:image\" content=\"http:\/\/www.oarcanjo.net\/site\/wp-content\/uploads\/receitas-TortaAmeixaCastanha.jpg\" \/>\n<meta name=\"author\" content=\"editor\" \/>\n<meta name=\"twitter:card\" content=\"summary_large_image\" \/>\n<meta name=\"twitter:label1\" content=\"Escrito por\" \/>\n\t<meta name=\"twitter:data1\" content=\"editor\" \/>\n\t<meta name=\"twitter:label2\" content=\"Est. tempo de leitura\" \/>\n\t<meta name=\"twitter:data2\" content=\"1 minuto\" \/>\n<script type=\"application\/ld+json\" class=\"yoast-schema-graph\">{\"@context\":\"https:\/\/schema.org\",\"@graph\":[{\"@type\":\"Article\",\"@id\":\"https:\/\/www.oarcanjo.net\/site\/torta-de-ameixa-e-castanha-do-para\/#article\",\"isPartOf\":{\"@id\":\"https:\/\/www.oarcanjo.net\/site\/torta-de-ameixa-e-castanha-do-para\/\"},\"author\":{\"name\":\"editor\",\"@id\":\"https:\/\/www.oarcanjo.net\/site\/#\/schema\/person\/f7024d007863202483a31326673a0838\"},\"headline\":\"Torta de ameixa e Castanha-do-Par\u00e1\",\"datePublished\":\"2009-12-07T02:55:49+00:00\",\"dateModified\":\"2009-12-07T03:15:37+00:00\",\"mainEntityOfPage\":{\"@id\":\"https:\/\/www.oarcanjo.net\/site\/torta-de-ameixa-e-castanha-do-para\/\"},\"wordCount\":147,\"commentCount\":2,\"publisher\":{\"@id\":\"https:\/\/www.oarcanjo.net\/site\/#organization\"},\"image\":{\"@id\":\"https:\/\/www.oarcanjo.net\/site\/torta-de-ameixa-e-castanha-do-para\/#primaryimage\"},\"thumbnailUrl\":\"http:\/\/www.oarcanjo.net\/site\/wp-content\/uploads\/receitas-TortaAmeixaCastanha.jpg\",\"keywords\":[\"Ameixa\",\"Castanha-do-Par\u00e1\",\"Doce\",\"natal\",\"Torta\"],\"articleSection\":[\"Receitas\"],\"inLanguage\":\"pt-BR\",\"potentialAction\":[{\"@type\":\"CommentAction\",\"name\":\"Comment\",\"target\":[\"https:\/\/www.oarcanjo.net\/site\/torta-de-ameixa-e-castanha-do-para\/#respond\"]}]},{\"@type\":\"WebPage\",\"@id\":\"https:\/\/www.oarcanjo.net\/site\/torta-de-ameixa-e-castanha-do-para\/\",\"url\":\"https:\/\/www.oarcanjo.net\/site\/torta-de-ameixa-e-castanha-do-para\/\",\"name\":\"Torta de ameixa e Castanha-do-Par\u00e1 - O Arcanjo no ar\",\"isPartOf\":{\"@id\":\"https:\/\/www.oarcanjo.net\/site\/#website\"},\"primaryImageOfPage\":{\"@id\":\"https:\/\/www.oarcanjo.net\/site\/torta-de-ameixa-e-castanha-do-para\/#primaryimage\"},\"image\":{\"@id\":\"https:\/\/www.oarcanjo.net\/site\/torta-de-ameixa-e-castanha-do-para\/#primaryimage\"},\"thumbnailUrl\":\"http:\/\/www.oarcanjo.net\/site\/wp-content\/uploads\/receitas-TortaAmeixaCastanha.jpg\",\"datePublished\":\"2009-12-07T02:55:49+00:00\",\"dateModified\":\"2009-12-07T03:15:37+00:00\",\"breadcrumb\":{\"@id\":\"https:\/\/www.oarcanjo.net\/site\/torta-de-ameixa-e-castanha-do-para\/#breadcrumb\"},\"inLanguage\":\"pt-BR\",\"potentialAction\":[{\"@type\":\"ReadAction\",\"target\":[\"https:\/\/www.oarcanjo.net\/site\/torta-de-ameixa-e-castanha-do-para\/\"]}]},{\"@type\":\"ImageObject\",\"inLanguage\":\"pt-BR\",\"@id\":\"https:\/\/www.oarcanjo.net\/site\/torta-de-ameixa-e-castanha-do-para\/#primaryimage\",\"url\":\"http:\/\/www.oarcanjo.net\/site\/wp-content\/uploads\/receitas-TortaAmeixaCastanha.jpg\",\"contentUrl\":\"http:\/\/www.oarcanjo.net\/site\/wp-content\/uploads\/receitas-TortaAmeixaCastanha.jpg\"},{\"@type\":\"BreadcrumbList\",\"@id\":\"https:\/\/www.oarcanjo.net\/site\/torta-de-ameixa-e-castanha-do-para\/#breadcrumb\",\"itemListElement\":[{\"@type\":\"ListItem\",\"position\":1,\"name\":\"In\u00edcio\",\"item\":\"https:\/\/www.oarcanjo.net\/site\/\"},{\"@type\":\"ListItem\",\"position\":2,\"name\":\"Torta de ameixa e Castanha-do-Par\u00e1\"}]},{\"@type\":\"WebSite\",\"@id\":\"https:\/\/www.oarcanjo.net\/site\/#website\",\"url\":\"https:\/\/www.oarcanjo.net\/site\/\",\"name\":\"O Arcanjo no ar\",\"description\":\"Site da Par\u00f3quia S\u00e3o Miguel Arcanjo (Arquidiocese de SP)\",\"publisher\":{\"@id\":\"https:\/\/www.oarcanjo.net\/site\/#organization\"},\"potentialAction\":[{\"@type\":\"SearchAction\",\"target\":{\"@type\":\"EntryPoint\",\"urlTemplate\":\"https:\/\/www.oarcanjo.net\/site\/?s={search_term_string}\"},\"query-input\":{\"@type\":\"PropertyValueSpecification\",\"valueRequired\":true,\"valueName\":\"search_term_string\"}}],\"inLanguage\":\"pt-BR\"},{\"@type\":\"Organization\",\"@id\":\"https:\/\/www.oarcanjo.net\/site\/#organization\",\"name\":\"Par\u00f3quia S\u00e3o Miguel Arcanjo\",\"url\":\"https:\/\/www.oarcanjo.net\/site\/\",\"logo\":{\"@type\":\"ImageObject\",\"inLanguage\":\"pt-BR\",\"@id\":\"https:\/\/www.oarcanjo.net\/site\/#\/schema\/logo\/image\/\",\"url\":\"https:\/\/www.oarcanjo.net\/site\/wp-content\/uploads\/LogoOArcanjo.png\",\"contentUrl\":\"https:\/\/www.oarcanjo.net\/site\/wp-content\/uploads\/LogoOArcanjo.png\",\"width\":319,\"height\":99,\"caption\":\"Par\u00f3quia S\u00e3o Miguel Arcanjo\"},\"image\":{\"@id\":\"https:\/\/www.oarcanjo.net\/site\/#\/schema\/logo\/image\/\"},\"sameAs\":[\"https:\/\/www.facebook.com\/OArcanjoNoAr\/\"]},{\"@type\":\"Person\",\"@id\":\"https:\/\/www.oarcanjo.net\/site\/#\/schema\/person\/f7024d007863202483a31326673a0838\",\"name\":\"editor\",\"sameAs\":[\"http:\/\/www.oarcanjo.net\"]}]}<\/script>\n<!-- \/ Yoast SEO plugin. -->","yoast_head_json":{"title":"Torta de ameixa e Castanha-do-Par\u00e1 - O Arcanjo no ar","robots":{"index":"index","follow":"follow","max-snippet":"max-snippet:-1","max-image-preview":"max-image-preview:large","max-video-preview":"max-video-preview:-1"},"canonical":"https:\/\/www.oarcanjo.net\/site\/torta-de-ameixa-e-castanha-do-para\/","og_locale":"pt_BR","og_type":"article","og_title":"Torta de ameixa e Castanha-do-Par\u00e1 - O Arcanjo no ar","og_description":"Ingredientes Massa: 1 pacote de biscoito Maria. 100g de manteiga. Ingredientes recheio: 400g de ameixas pretas picadas. 150g de castanha-do-Par\u00e1 picadas. 1 lata de leite condensado. Modo de preparo Triture os biscoitos no liquidificador e coloque em uma tigela. Misture a manteiga com a farinha de biscoito ate ficar uma farofa \u00famida. Forre o fundo [&hellip;]","og_url":"https:\/\/www.oarcanjo.net\/site\/torta-de-ameixa-e-castanha-do-para\/","og_site_name":"O Arcanjo no ar","article_publisher":"https:\/\/www.facebook.com\/OArcanjoNoAr\/","article_published_time":"2009-12-07T02:55:49+00:00","article_modified_time":"2009-12-07T03:15:37+00:00","og_image":[{"url":"http:\/\/www.oarcanjo.net\/site\/wp-content\/uploads\/receitas-TortaAmeixaCastanha.jpg"}],"author":"editor","twitter_card":"summary_large_image","twitter_misc":{"Escrito por":"editor","Est. tempo de leitura":"1 minuto"},"schema":{"@context":"https:\/\/schema.org","@graph":[{"@type":"Article","@id":"https:\/\/www.oarcanjo.net\/site\/torta-de-ameixa-e-castanha-do-para\/#article","isPartOf":{"@id":"https:\/\/www.oarcanjo.net\/site\/torta-de-ameixa-e-castanha-do-para\/"},"author":{"name":"editor","@id":"https:\/\/www.oarcanjo.net\/site\/#\/schema\/person\/f7024d007863202483a31326673a0838"},"headline":"Torta de ameixa e Castanha-do-Par\u00e1","datePublished":"2009-12-07T02:55:49+00:00","dateModified":"2009-12-07T03:15:37+00:00","mainEntityOfPage":{"@id":"https:\/\/www.oarcanjo.net\/site\/torta-de-ameixa-e-castanha-do-para\/"},"wordCount":147,"commentCount":2,"publisher":{"@id":"https:\/\/www.oarcanjo.net\/site\/#organization"},"image":{"@id":"https:\/\/www.oarcanjo.net\/site\/torta-de-ameixa-e-castanha-do-para\/#primaryimage"},"thumbnailUrl":"http:\/\/www.oarcanjo.net\/site\/wp-content\/uploads\/receitas-TortaAmeixaCastanha.jpg","keywords":["Ameixa","Castanha-do-Par\u00e1","Doce","natal","Torta"],"articleSection":["Receitas"],"inLanguage":"pt-BR","potentialAction":[{"@type":"CommentAction","name":"Comment","target":["https:\/\/www.oarcanjo.net\/site\/torta-de-ameixa-e-castanha-do-para\/#respond"]}]},{"@type":"WebPage","@id":"https:\/\/www.oarcanjo.net\/site\/torta-de-ameixa-e-castanha-do-para\/","url":"https:\/\/www.oarcanjo.net\/site\/torta-de-ameixa-e-castanha-do-para\/","name":"Torta de ameixa e Castanha-do-Par\u00e1 - O Arcanjo no ar","isPartOf":{"@id":"https:\/\/www.oarcanjo.net\/site\/#website"},"primaryImageOfPage":{"@id":"https:\/\/www.oarcanjo.net\/site\/torta-de-ameixa-e-castanha-do-para\/#primaryimage"},"image":{"@id":"https:\/\/www.oarcanjo.net\/site\/torta-de-ameixa-e-castanha-do-para\/#primaryimage"},"thumbnailUrl":"http:\/\/www.oarcanjo.net\/site\/wp-content\/uploads\/receitas-TortaAmeixaCastanha.jpg","datePublished":"2009-12-07T02:55:49+00:00","dateModified":"2009-12-07T03:15:37+00:00","breadcrumb":{"@id":"https:\/\/www.oarcanjo.net\/site\/torta-de-ameixa-e-castanha-do-para\/#breadcrumb"},"inLanguage":"pt-BR","potentialAction":[{"@type":"ReadAction","target":["https:\/\/www.oarcanjo.net\/site\/torta-de-ameixa-e-castanha-do-para\/"]}]},{"@type":"ImageObject","inLanguage":"pt-BR","@id":"https:\/\/www.oarcanjo.net\/site\/torta-de-ameixa-e-castanha-do-para\/#primaryimage","url":"http:\/\/www.oarcanjo.net\/site\/wp-content\/uploads\/receitas-TortaAmeixaCastanha.jpg","contentUrl":"http:\/\/www.oarcanjo.net\/site\/wp-content\/uploads\/receitas-TortaAmeixaCastanha.jpg"},{"@type":"BreadcrumbList","@id":"https:\/\/www.oarcanjo.net\/site\/torta-de-ameixa-e-castanha-do-para\/#breadcrumb","itemListElement":[{"@type":"ListItem","position":1,"name":"In\u00edcio","item":"https:\/\/www.oarcanjo.net\/site\/"},{"@type":"ListItem","position":2,"name":"Torta de ameixa e Castanha-do-Par\u00e1"}]},{"@type":"WebSite","@id":"https:\/\/www.oarcanjo.net\/site\/#website","url":"https:\/\/www.oarcanjo.net\/site\/","name":"O Arcanjo no ar","description":"Site da Par\u00f3quia S\u00e3o Miguel Arcanjo (Arquidiocese de SP)","publisher":{"@id":"https:\/\/www.oarcanjo.net\/site\/#organization"},"potentialAction":[{"@type":"SearchAction","target":{"@type":"EntryPoint","urlTemplate":"https:\/\/www.oarcanjo.net\/site\/?s={search_term_string}"},"query-input":{"@type":"PropertyValueSpecification","valueRequired":true,"valueName":"search_term_string"}}],"inLanguage":"pt-BR"},{"@type":"Organization","@id":"https:\/\/www.oarcanjo.net\/site\/#organization","name":"Par\u00f3quia S\u00e3o Miguel Arcanjo","url":"https:\/\/www.oarcanjo.net\/site\/","logo":{"@type":"ImageObject","inLanguage":"pt-BR","@id":"https:\/\/www.oarcanjo.net\/site\/#\/schema\/logo\/image\/","url":"https:\/\/www.oarcanjo.net\/site\/wp-content\/uploads\/LogoOArcanjo.png","contentUrl":"https:\/\/www.oarcanjo.net\/site\/wp-content\/uploads\/LogoOArcanjo.png","width":319,"height":99,"caption":"Par\u00f3quia S\u00e3o Miguel Arcanjo"},"image":{"@id":"https:\/\/www.oarcanjo.net\/site\/#\/schema\/logo\/image\/"},"sameAs":["https:\/\/www.facebook.com\/OArcanjoNoAr\/"]},{"@type":"Person","@id":"https:\/\/www.oarcanjo.net\/site\/#\/schema\/person\/f7024d007863202483a31326673a0838","name":"editor","sameAs":["http:\/\/www.oarcanjo.net"]}]}},"publishpress_future_action":{"enabled":false,"date":"2026-05-08 23:47:19","action":"category","newStatus":"draft","terms":[],"taxonomy":"category"},"publishpress_future_workflow_manual_trigger":{"enabledWorkflows":[]},"_links":{"self":[{"href":"https:\/\/www.oarcanjo.net\/site\/wp-json\/wp\/v2\/posts\/6410"}],"collection":[{"href":"https:\/\/www.oarcanjo.net\/site\/wp-json\/wp\/v2\/posts"}],"about":[{"href":"https:\/\/www.oarcanjo.net\/site\/wp-json\/wp\/v2\/types\/post"}],"author":[{"embeddable":true,"href":"https:\/\/www.oarcanjo.net\/site\/wp-json\/wp\/v2\/users\/5"}],"replies":[{"embeddable":true,"href":"https:\/\/www.oarcanjo.net\/site\/wp-json\/wp\/v2\/comments?post=6410"}],"version-history":[{"count":0,"href":"https:\/\/www.oarcanjo.net\/site\/wp-json\/wp\/v2\/posts\/6410\/revisions"}],"wp:attachment":[{"href":"https:\/\/www.oarcanjo.net\/site\/wp-json\/wp\/v2\/media?parent=6410"}],"wp:term":[{"taxonomy":"category","embeddable":true,"href":"https:\/\/www.oarcanjo.net\/site\/wp-json\/wp\/v2\/categories?post=6410"},{"taxonomy":"post_tag","embeddable":true,"href":"https:\/\/www.oarcanjo.net\/site\/wp-json\/wp\/v2\/tags?post=6410"}],"curies":[{"name":"wp","href":"https:\/\/api.w.org\/{rel}","templated":true}]}}