
{"id":64117,"date":"2015-07-22T10:48:41","date_gmt":"2015-07-22T13:48:41","guid":{"rendered":"http:\/\/www.oarcanjo.net\/site\/?p=64117"},"modified":"2015-07-22T22:46:27","modified_gmt":"2015-07-23T01:46:27","slug":"papa-envia-mensagem-ao-pe-julio-e-moradores-de-rua-de-sao-paulo","status":"publish","type":"post","link":"https:\/\/www.oarcanjo.net\/site\/papa-envia-mensagem-ao-pe-julio-e-moradores-de-rua-de-sao-paulo\/","title":{"rendered":"Papa envia mensagem ao Pe. Julio e moradores de rua de S\u00e3o Paulo"},"content":{"rendered":"<p><iframe loading=\"lazy\" src=\"https:\/\/www.youtube.com\/embed\/5pyK-lELJiE?rel=0\" width=\"640\" height=\"360\" frameborder=\"0\" allowfullscreen=\"allowfullscreen\"><\/iframe><\/p>\n<p>O Papa Francisco recebeu na quarta-feira, 22, um crucifixo e ros\u00e1rios feitos por moradores de rua de S\u00e3o Paulo, usando materiais recicl\u00e1veis. Os presentes\u00a0foram entregues pelo Pe. Luiz Baronto, cura da Catedral da S\u00e9, em audi\u00eancia na Casa Santa Marta, no Vaticano. Em agradecimento, o Papa gravou uma mensagem em v\u00eddeo e\u00a0enviou\u00a0um solid\u00e9u\u00a0de presente. Segundo o Pe. Baronto, &#8220;com esse gesto \u00e9 como se ele tocasse cada um dos moradores de rua\u201d.<\/p>\n<p>O v\u00eddeo foi gravado num telefone\u00a0celular que n\u00e3o captou a voz de Francisco, mas a R\u00e1dio Vaticano fez uma dublagem da fala, transcrita abaixo:<\/p>\n<p><em>\u201cCaro Padre J\u00falio Lancellotti\u00a0e demais colaboradores do trabalho com o povo de rua.<\/em><\/p>\n<p><em>Quero lhes dizer que recebi com alegria os presentes que me enviaram. Continuem a amar Jesus e os pobres. \u00c9 o caminho do Evangelho. Tenho certeza de que rezam por mim e \u00e9 essa ora\u00e7\u00e3o que me d\u00e1 for\u00e7as. Agora vos deixo a minha b\u00ean\u00e7\u00e3o. Em nome do Pai, do Filho e do Esp\u00edrito Santo\u201d.<\/em><\/p>\n<p>Ou\u00e7a a entrevista do Pe. Julio \u00e0 R\u00e1dio 9 de Julho:<\/p>\n<p><iframe loading=\"lazy\" src=\"https:\/\/w.soundcloud.com\/player\/?url=https%3A\/\/api.soundcloud.com\/tracks\/215895895&amp;auto_play=false&amp;hide_related=true&amp;show_comments=true&amp;show_user=false&amp;show_reposts=false&amp;visual=false\" width=\"80%\" height=\"180\" frameborder=\"no\" scrolling=\"no\"><\/iframe><\/p>\n<div id=\"themify_builder_content-64117\" data-postid=\"64117\" class=\"themify_builder_content themify_builder_content-64117 themify_builder themify_builder_front\">\n\t<\/div>\n<!-- \/themify_builder_content -->","protected":false},"excerpt":{"rendered":"<p>O Papa Francisco recebeu na quarta-feira, 22, um crucifixo e ros\u00e1rios feitos por moradores de rua de S\u00e3o Paulo, usando materiais recicl\u00e1veis<\/p>\n","protected":false},"author":3,"featured_media":64121,"comment_status":"open","ping_status":"open","sticky":false,"template":"","format":"standard","meta":{"ngg_post_thumbnail":0,"footnotes":""},"categories":[3,8,280],"tags":[518,2433,91],"yoast_head":"<!-- This site is optimized with the Yoast SEO plugin v23.5 - https:\/\/yoast.com\/wordpress\/plugins\/seo\/ -->\n<title>Papa envia mensagem ao Pe. Julio e moradores de rua de S\u00e3o Paulo - O Arcanjo no ar<\/title>\n<meta name=\"robots\" content=\"index, follow, max-snippet:-1, max-image-preview:large, max-video-preview:-1\" \/>\n<link rel=\"canonical\" href=\"https:\/\/www.oarcanjo.net\/site\/papa-envia-mensagem-ao-pe-julio-e-moradores-de-rua-de-sao-paulo\/\" \/>\n<meta property=\"og:locale\" content=\"pt_BR\" \/>\n<meta property=\"og:type\" content=\"article\" \/>\n<meta property=\"og:title\" content=\"Papa envia mensagem ao Pe. Julio e moradores de rua de S\u00e3o Paulo - O Arcanjo no ar\" \/>\n<meta property=\"og:description\" content=\"O Papa Francisco recebeu na quarta-feira, 22, um crucifixo e ros\u00e1rios feitos por moradores de rua de S\u00e3o Paulo, usando materiais recicl\u00e1veis\" \/>\n<meta property=\"og:url\" content=\"https:\/\/www.oarcanjo.net\/site\/papa-envia-mensagem-ao-pe-julio-e-moradores-de-rua-de-sao-paulo\/\" \/>\n<meta property=\"og:site_name\" content=\"O Arcanjo no ar\" \/>\n<meta property=\"article:publisher\" content=\"https:\/\/www.facebook.com\/OArcanjoNoAr\/\" \/>\n<meta property=\"article:published_time\" content=\"2015-07-22T13:48:41+00:00\" \/>\n<meta property=\"article:modified_time\" content=\"2015-07-23T01:46:27+00:00\" \/>\n<meta property=\"og:image\" content=\"https:\/\/www.oarcanjo.net\/site\/wp-content\/uploads\/banner-mensagem-papa-jul-2015.jpg\" \/>\n\t<meta property=\"og:image:width\" content=\"700\" \/>\n\t<meta property=\"og:image:height\" content=\"320\" \/>\n\t<meta property=\"og:image:type\" content=\"image\/jpeg\" \/>\n<meta name=\"author\" content=\"miriam.meyer\" \/>\n<meta name=\"twitter:card\" content=\"summary_large_image\" \/>\n<meta name=\"twitter:label1\" content=\"Escrito por\" \/>\n\t<meta name=\"twitter:data1\" content=\"miriam.meyer\" \/>\n\t<meta name=\"twitter:label2\" content=\"Est. tempo de leitura\" \/>\n\t<meta name=\"twitter:data2\" content=\"1 minuto\" \/>\n<script type=\"application\/ld+json\" class=\"yoast-schema-graph\">{\"@context\":\"https:\/\/schema.org\",\"@graph\":[{\"@type\":\"Article\",\"@id\":\"https:\/\/www.oarcanjo.net\/site\/papa-envia-mensagem-ao-pe-julio-e-moradores-de-rua-de-sao-paulo\/#article\",\"isPartOf\":{\"@id\":\"https:\/\/www.oarcanjo.net\/site\/papa-envia-mensagem-ao-pe-julio-e-moradores-de-rua-de-sao-paulo\/\"},\"author\":{\"name\":\"miriam.meyer\",\"@id\":\"https:\/\/www.oarcanjo.net\/site\/#\/schema\/person\/ce0fba3450314a09c6442cfee983a3d8\"},\"headline\":\"Papa envia mensagem ao Pe. Julio e moradores de rua de S\u00e3o Paulo\",\"datePublished\":\"2015-07-22T13:48:41+00:00\",\"dateModified\":\"2015-07-23T01:46:27+00:00\",\"mainEntityOfPage\":{\"@id\":\"https:\/\/www.oarcanjo.net\/site\/papa-envia-mensagem-ao-pe-julio-e-moradores-de-rua-de-sao-paulo\/\"},\"wordCount\":206,\"commentCount\":1,\"publisher\":{\"@id\":\"https:\/\/www.oarcanjo.net\/site\/#organization\"},\"image\":{\"@id\":\"https:\/\/www.oarcanjo.net\/site\/papa-envia-mensagem-ao-pe-julio-e-moradores-de-rua-de-sao-paulo\/#primaryimage\"},\"thumbnailUrl\":\"https:\/\/www.oarcanjo.net\/site\/wp-content\/uploads\/banner-mensagem-papa-jul-2015.jpg\",\"keywords\":[\"moradores de rua\",\"Papa Francisco\",\"povo da rua\"],\"articleSection\":[\"Destaques\",\"Not\u00edcias\",\"V\u00eddeos\"],\"inLanguage\":\"pt-BR\",\"potentialAction\":[{\"@type\":\"CommentAction\",\"name\":\"Comment\",\"target\":[\"https:\/\/www.oarcanjo.net\/site\/papa-envia-mensagem-ao-pe-julio-e-moradores-de-rua-de-sao-paulo\/#respond\"]}]},{\"@type\":\"WebPage\",\"@id\":\"https:\/\/www.oarcanjo.net\/site\/papa-envia-mensagem-ao-pe-julio-e-moradores-de-rua-de-sao-paulo\/\",\"url\":\"https:\/\/www.oarcanjo.net\/site\/papa-envia-mensagem-ao-pe-julio-e-moradores-de-rua-de-sao-paulo\/\",\"name\":\"Papa envia mensagem ao Pe. Julio e moradores de rua de S\u00e3o Paulo - O Arcanjo no ar\",\"isPartOf\":{\"@id\":\"https:\/\/www.oarcanjo.net\/site\/#website\"},\"primaryImageOfPage\":{\"@id\":\"https:\/\/www.oarcanjo.net\/site\/papa-envia-mensagem-ao-pe-julio-e-moradores-de-rua-de-sao-paulo\/#primaryimage\"},\"image\":{\"@id\":\"https:\/\/www.oarcanjo.net\/site\/papa-envia-mensagem-ao-pe-julio-e-moradores-de-rua-de-sao-paulo\/#primaryimage\"},\"thumbnailUrl\":\"https:\/\/www.oarcanjo.net\/site\/wp-content\/uploads\/banner-mensagem-papa-jul-2015.jpg\",\"datePublished\":\"2015-07-22T13:48:41+00:00\",\"dateModified\":\"2015-07-23T01:46:27+00:00\",\"breadcrumb\":{\"@id\":\"https:\/\/www.oarcanjo.net\/site\/papa-envia-mensagem-ao-pe-julio-e-moradores-de-rua-de-sao-paulo\/#breadcrumb\"},\"inLanguage\":\"pt-BR\",\"potentialAction\":[{\"@type\":\"ReadAction\",\"target\":[\"https:\/\/www.oarcanjo.net\/site\/papa-envia-mensagem-ao-pe-julio-e-moradores-de-rua-de-sao-paulo\/\"]}]},{\"@type\":\"ImageObject\",\"inLanguage\":\"pt-BR\",\"@id\":\"https:\/\/www.oarcanjo.net\/site\/papa-envia-mensagem-ao-pe-julio-e-moradores-de-rua-de-sao-paulo\/#primaryimage\",\"url\":\"https:\/\/www.oarcanjo.net\/site\/wp-content\/uploads\/banner-mensagem-papa-jul-2015.jpg\",\"contentUrl\":\"https:\/\/www.oarcanjo.net\/site\/wp-content\/uploads\/banner-mensagem-papa-jul-2015.jpg\",\"width\":700,\"height\":320},{\"@type\":\"BreadcrumbList\",\"@id\":\"https:\/\/www.oarcanjo.net\/site\/papa-envia-mensagem-ao-pe-julio-e-moradores-de-rua-de-sao-paulo\/#breadcrumb\",\"itemListElement\":[{\"@type\":\"ListItem\",\"position\":1,\"name\":\"In\u00edcio\",\"item\":\"https:\/\/www.oarcanjo.net\/site\/\"},{\"@type\":\"ListItem\",\"position\":2,\"name\":\"Papa envia mensagem ao Pe. Julio e moradores de rua de S\u00e3o Paulo\"}]},{\"@type\":\"WebSite\",\"@id\":\"https:\/\/www.oarcanjo.net\/site\/#website\",\"url\":\"https:\/\/www.oarcanjo.net\/site\/\",\"name\":\"O Arcanjo no ar\",\"description\":\"Site da Par\u00f3quia S\u00e3o Miguel Arcanjo (Arquidiocese de SP)\",\"publisher\":{\"@id\":\"https:\/\/www.oarcanjo.net\/site\/#organization\"},\"potentialAction\":[{\"@type\":\"SearchAction\",\"target\":{\"@type\":\"EntryPoint\",\"urlTemplate\":\"https:\/\/www.oarcanjo.net\/site\/?s={search_term_string}\"},\"query-input\":{\"@type\":\"PropertyValueSpecification\",\"valueRequired\":true,\"valueName\":\"search_term_string\"}}],\"inLanguage\":\"pt-BR\"},{\"@type\":\"Organization\",\"@id\":\"https:\/\/www.oarcanjo.net\/site\/#organization\",\"name\":\"Par\u00f3quia S\u00e3o Miguel Arcanjo\",\"url\":\"https:\/\/www.oarcanjo.net\/site\/\",\"logo\":{\"@type\":\"ImageObject\",\"inLanguage\":\"pt-BR\",\"@id\":\"https:\/\/www.oarcanjo.net\/site\/#\/schema\/logo\/image\/\",\"url\":\"https:\/\/www.oarcanjo.net\/site\/wp-content\/uploads\/LogoOArcanjo.png\",\"contentUrl\":\"https:\/\/www.oarcanjo.net\/site\/wp-content\/uploads\/LogoOArcanjo.png\",\"width\":319,\"height\":99,\"caption\":\"Par\u00f3quia S\u00e3o Miguel Arcanjo\"},\"image\":{\"@id\":\"https:\/\/www.oarcanjo.net\/site\/#\/schema\/logo\/image\/\"},\"sameAs\":[\"https:\/\/www.facebook.com\/OArcanjoNoAr\/\"]},{\"@type\":\"Person\",\"@id\":\"https:\/\/www.oarcanjo.net\/site\/#\/schema\/person\/ce0fba3450314a09c6442cfee983a3d8\",\"name\":\"miriam.meyer\"}]}<\/script>\n<!-- \/ Yoast SEO plugin. -->","yoast_head_json":{"title":"Papa envia mensagem ao Pe. Julio e moradores de rua de S\u00e3o Paulo - O Arcanjo no ar","robots":{"index":"index","follow":"follow","max-snippet":"max-snippet:-1","max-image-preview":"max-image-preview:large","max-video-preview":"max-video-preview:-1"},"canonical":"https:\/\/www.oarcanjo.net\/site\/papa-envia-mensagem-ao-pe-julio-e-moradores-de-rua-de-sao-paulo\/","og_locale":"pt_BR","og_type":"article","og_title":"Papa envia mensagem ao Pe. Julio e moradores de rua de S\u00e3o Paulo - O Arcanjo no ar","og_description":"O Papa Francisco recebeu na quarta-feira, 22, um crucifixo e ros\u00e1rios feitos por moradores de rua de S\u00e3o Paulo, usando materiais recicl\u00e1veis","og_url":"https:\/\/www.oarcanjo.net\/site\/papa-envia-mensagem-ao-pe-julio-e-moradores-de-rua-de-sao-paulo\/","og_site_name":"O Arcanjo no ar","article_publisher":"https:\/\/www.facebook.com\/OArcanjoNoAr\/","article_published_time":"2015-07-22T13:48:41+00:00","article_modified_time":"2015-07-23T01:46:27+00:00","og_image":[{"width":700,"height":320,"url":"https:\/\/www.oarcanjo.net\/site\/wp-content\/uploads\/banner-mensagem-papa-jul-2015.jpg","type":"image\/jpeg"}],"author":"miriam.meyer","twitter_card":"summary_large_image","twitter_misc":{"Escrito por":"miriam.meyer","Est. tempo de leitura":"1 minuto"},"schema":{"@context":"https:\/\/schema.org","@graph":[{"@type":"Article","@id":"https:\/\/www.oarcanjo.net\/site\/papa-envia-mensagem-ao-pe-julio-e-moradores-de-rua-de-sao-paulo\/#article","isPartOf":{"@id":"https:\/\/www.oarcanjo.net\/site\/papa-envia-mensagem-ao-pe-julio-e-moradores-de-rua-de-sao-paulo\/"},"author":{"name":"miriam.meyer","@id":"https:\/\/www.oarcanjo.net\/site\/#\/schema\/person\/ce0fba3450314a09c6442cfee983a3d8"},"headline":"Papa envia mensagem ao Pe. Julio e moradores de rua de S\u00e3o Paulo","datePublished":"2015-07-22T13:48:41+00:00","dateModified":"2015-07-23T01:46:27+00:00","mainEntityOfPage":{"@id":"https:\/\/www.oarcanjo.net\/site\/papa-envia-mensagem-ao-pe-julio-e-moradores-de-rua-de-sao-paulo\/"},"wordCount":206,"commentCount":1,"publisher":{"@id":"https:\/\/www.oarcanjo.net\/site\/#organization"},"image":{"@id":"https:\/\/www.oarcanjo.net\/site\/papa-envia-mensagem-ao-pe-julio-e-moradores-de-rua-de-sao-paulo\/#primaryimage"},"thumbnailUrl":"https:\/\/www.oarcanjo.net\/site\/wp-content\/uploads\/banner-mensagem-papa-jul-2015.jpg","keywords":["moradores de rua","Papa Francisco","povo da rua"],"articleSection":["Destaques","Not\u00edcias","V\u00eddeos"],"inLanguage":"pt-BR","potentialAction":[{"@type":"CommentAction","name":"Comment","target":["https:\/\/www.oarcanjo.net\/site\/papa-envia-mensagem-ao-pe-julio-e-moradores-de-rua-de-sao-paulo\/#respond"]}]},{"@type":"WebPage","@id":"https:\/\/www.oarcanjo.net\/site\/papa-envia-mensagem-ao-pe-julio-e-moradores-de-rua-de-sao-paulo\/","url":"https:\/\/www.oarcanjo.net\/site\/papa-envia-mensagem-ao-pe-julio-e-moradores-de-rua-de-sao-paulo\/","name":"Papa envia mensagem ao Pe. Julio e moradores de rua de S\u00e3o Paulo - O Arcanjo no ar","isPartOf":{"@id":"https:\/\/www.oarcanjo.net\/site\/#website"},"primaryImageOfPage":{"@id":"https:\/\/www.oarcanjo.net\/site\/papa-envia-mensagem-ao-pe-julio-e-moradores-de-rua-de-sao-paulo\/#primaryimage"},"image":{"@id":"https:\/\/www.oarcanjo.net\/site\/papa-envia-mensagem-ao-pe-julio-e-moradores-de-rua-de-sao-paulo\/#primaryimage"},"thumbnailUrl":"https:\/\/www.oarcanjo.net\/site\/wp-content\/uploads\/banner-mensagem-papa-jul-2015.jpg","datePublished":"2015-07-22T13:48:41+00:00","dateModified":"2015-07-23T01:46:27+00:00","breadcrumb":{"@id":"https:\/\/www.oarcanjo.net\/site\/papa-envia-mensagem-ao-pe-julio-e-moradores-de-rua-de-sao-paulo\/#breadcrumb"},"inLanguage":"pt-BR","potentialAction":[{"@type":"ReadAction","target":["https:\/\/www.oarcanjo.net\/site\/papa-envia-mensagem-ao-pe-julio-e-moradores-de-rua-de-sao-paulo\/"]}]},{"@type":"ImageObject","inLanguage":"pt-BR","@id":"https:\/\/www.oarcanjo.net\/site\/papa-envia-mensagem-ao-pe-julio-e-moradores-de-rua-de-sao-paulo\/#primaryimage","url":"https:\/\/www.oarcanjo.net\/site\/wp-content\/uploads\/banner-mensagem-papa-jul-2015.jpg","contentUrl":"https:\/\/www.oarcanjo.net\/site\/wp-content\/uploads\/banner-mensagem-papa-jul-2015.jpg","width":700,"height":320},{"@type":"BreadcrumbList","@id":"https:\/\/www.oarcanjo.net\/site\/papa-envia-mensagem-ao-pe-julio-e-moradores-de-rua-de-sao-paulo\/#breadcrumb","itemListElement":[{"@type":"ListItem","position":1,"name":"In\u00edcio","item":"https:\/\/www.oarcanjo.net\/site\/"},{"@type":"ListItem","position":2,"name":"Papa envia mensagem ao Pe. Julio e moradores de rua de S\u00e3o Paulo"}]},{"@type":"WebSite","@id":"https:\/\/www.oarcanjo.net\/site\/#website","url":"https:\/\/www.oarcanjo.net\/site\/","name":"O Arcanjo no ar","description":"Site da Par\u00f3quia S\u00e3o Miguel Arcanjo (Arquidiocese de SP)","publisher":{"@id":"https:\/\/www.oarcanjo.net\/site\/#organization"},"potentialAction":[{"@type":"SearchAction","target":{"@type":"EntryPoint","urlTemplate":"https:\/\/www.oarcanjo.net\/site\/?s={search_term_string}"},"query-input":{"@type":"PropertyValueSpecification","valueRequired":true,"valueName":"search_term_string"}}],"inLanguage":"pt-BR"},{"@type":"Organization","@id":"https:\/\/www.oarcanjo.net\/site\/#organization","name":"Par\u00f3quia S\u00e3o Miguel Arcanjo","url":"https:\/\/www.oarcanjo.net\/site\/","logo":{"@type":"ImageObject","inLanguage":"pt-BR","@id":"https:\/\/www.oarcanjo.net\/site\/#\/schema\/logo\/image\/","url":"https:\/\/www.oarcanjo.net\/site\/wp-content\/uploads\/LogoOArcanjo.png","contentUrl":"https:\/\/www.oarcanjo.net\/site\/wp-content\/uploads\/LogoOArcanjo.png","width":319,"height":99,"caption":"Par\u00f3quia S\u00e3o Miguel Arcanjo"},"image":{"@id":"https:\/\/www.oarcanjo.net\/site\/#\/schema\/logo\/image\/"},"sameAs":["https:\/\/www.facebook.com\/OArcanjoNoAr\/"]},{"@type":"Person","@id":"https:\/\/www.oarcanjo.net\/site\/#\/schema\/person\/ce0fba3450314a09c6442cfee983a3d8","name":"miriam.meyer"}]}},"publishpress_future_action":{"enabled":false,"date":"2026-05-09 03:30:49","action":"category","newStatus":"draft","terms":[],"taxonomy":"category"},"publishpress_future_workflow_manual_trigger":{"enabledWorkflows":[]},"_links":{"self":[{"href":"https:\/\/www.oarcanjo.net\/site\/wp-json\/wp\/v2\/posts\/64117"}],"collection":[{"href":"https:\/\/www.oarcanjo.net\/site\/wp-json\/wp\/v2\/posts"}],"about":[{"href":"https:\/\/www.oarcanjo.net\/site\/wp-json\/wp\/v2\/types\/post"}],"author":[{"embeddable":true,"href":"https:\/\/www.oarcanjo.net\/site\/wp-json\/wp\/v2\/users\/3"}],"replies":[{"embeddable":true,"href":"https:\/\/www.oarcanjo.net\/site\/wp-json\/wp\/v2\/comments?post=64117"}],"version-history":[{"count":0,"href":"https:\/\/www.oarcanjo.net\/site\/wp-json\/wp\/v2\/posts\/64117\/revisions"}],"wp:featuredmedia":[{"embeddable":true,"href":"https:\/\/www.oarcanjo.net\/site\/wp-json\/wp\/v2\/media\/64121"}],"wp:attachment":[{"href":"https:\/\/www.oarcanjo.net\/site\/wp-json\/wp\/v2\/media?parent=64117"}],"wp:term":[{"taxonomy":"category","embeddable":true,"href":"https:\/\/www.oarcanjo.net\/site\/wp-json\/wp\/v2\/categories?post=64117"},{"taxonomy":"post_tag","embeddable":true,"href":"https:\/\/www.oarcanjo.net\/site\/wp-json\/wp\/v2\/tags?post=64117"}],"curies":[{"name":"wp","href":"https:\/\/api.w.org\/{rel}","templated":true}]}}