
{"id":6426,"date":"2009-12-08T00:17:11","date_gmt":"2009-12-08T02:17:11","guid":{"rendered":"http:\/\/www.oarcanjo.net\/site\/?p=6426"},"modified":"2010-12-04T09:57:43","modified_gmt":"2010-12-04T11:57:43","slug":"imaculada-conceicao-da-santissima-virgem","status":"publish","type":"post","link":"https:\/\/www.oarcanjo.net\/site\/imaculada-conceicao-da-santissima-virgem\/","title":{"rendered":"Imaculada Concei\u00e7\u00e3o da Sant\u00edssima virgem"},"content":{"rendered":"<p><img loading=\"lazy\" decoding=\"async\" class=\"aligncenter size-full wp-image-6428\" src=\"http:\/\/www.oarcanjo.net\/site\/wp-content\/uploads\/Imaculada-Concei\u00e7\u00e3o1.jpg\" alt=\"Imaculada Concei\u00e7\u00e3o\" width=\"103\" height=\"125\" \/><\/p>\n<p>8 de Dezembro<\/p>\n<p>Neste dia comemoramos solenemente o dogma da Imaculada Concei\u00e7\u00e3o de Nossa Senhora, a Rainha de todos os Santos.<\/p>\n<p>O dogma da Imaculada Concei\u00e7\u00e3o de Maria \u00e9 um dos dogmas mais queridos ao cora\u00e7\u00e3o do povo crist\u00e3o.<\/p>\n<p>A convic\u00e7\u00e3o da pureza completa da M\u00e3e de Deus, Maria, ou seja, esse dogma, foi definida em 1854, pelo papa Pio IX, atrav\u00e9s da bula &#8220;Ineffabilis Deus&#8221;, mas antes disso a devo\u00e7\u00e3o popular \u00e0 Imaculada Concei\u00e7\u00e3o de Maria j\u00e1 era extensa. A festa j\u00e1 existia no Oriente e na It\u00e1lia meridional, ent\u00e3o dominada pelos bizantinos, desde o s\u00e9culo VII.<\/p>\n<p>A festa n\u00e3o existia, oficialmente, no calend\u00e1rio da Igreja. Os estudos e discuss\u00f5es teol\u00f3gicas avan\u00e7aram atrav\u00e9s dos tempos sem um consenso positivo. Quem resolveu a quest\u00e3o foi um frade franciscano escoc\u00eas e grande doutor em teologia chamado bem-aventurado Jo\u00e3o Duns Scoto, que morreu em 1308. Na linha de pensamento de s\u00e3o Francisco de Assis, ele defendeu a Concei\u00e7\u00e3o Imaculada de Maria como in\u00edcio do projeto central de Deus: o nascimento do seu Filho feito homem para a reden\u00e7\u00e3o da humanidade.<\/p>\n<p style=\"text-align: center\"><strong><em>A Imaculada Concei\u00e7\u00e3o de Nossa Senhora, segundo a B\u00edblia e a Tradi\u00e7\u00e3o.<\/em><\/strong><\/p>\n<p>Reza o dogma cat\u00f3lico que a Bem-aventurada Virgem Maria, desde o primeiro instante de sua concei\u00e7\u00e3o, foi preservada da n\u00f3doa do pecado original, por privil\u00e9gio \u00fanico de Deus e aplica\u00e7\u00e3o dos merecimentos de seu divino Filho.<\/p>\n<p>\u00a0O dogma abrange dois pontos importantes:<\/p>\n<p>\u00a0a) O primeiro \u00e9 ter sido a Sant\u00edssima Virgem preservada da mancha original desde o princ\u00edpio de sua concei\u00e7\u00e3o. Deus abrogou para ela a lei de propaga\u00e7\u00e3o do pecado original na ra\u00e7a de Ad\u00e3o; ou por outra, Maria foi cumulada, ainda no come\u00e7o da vida, com os dons da gra\u00e7a santificante.<\/p>\n<p>\u00a0b) No segundo, v\u00ea-se que tal privil\u00e9gio n\u00e3o era devido por direito. Foi concedido na previs\u00e3o dos merecimentos de Jesus Cristo. O que valeu a Maria este favor peculiar foram os benef\u00edcios da Reden\u00e7\u00e3o, na previs\u00e3o dos m\u00e9ritos de Jesus Cristo, que j\u00e1 existiam nos eternos des\u00edgnios de Deus.<\/p>\n<p><a id=\"ICtransm\" title=\"ICtransm\" name=\"ICtransm\" href=\"http:\/\/www.oarcanjo.net\/site\/ApMariaIC.html#contents\"><\/a><strong>Como se d\u00e1 a transmiss\u00e3o do Pecado Original<\/strong><\/p>\n<p>\u00a0Primeiramente, \u00e9 necess\u00e1rio esclarecer em que consiste a transmiss\u00e3o do &#8220;<em>Pecado Original<\/em>&#8220;. A lei geral: &#8220;<em>Todos os homens pecaram num s\u00f3<\/em>&#8221; \u00e9 o grande argumento dos protestantes contra a &#8220;<em>Imaculada Concei\u00e7\u00e3o<\/em>&#8220;. Tal lei \u00e9 certa e, segundo vamos demonstrar, n\u00e3o encontra a m\u00ednima contradi\u00e7\u00e3o com o dogma cat\u00f3lico.<\/p>\n<p>\u00a0S. Francisco de Sales, no seu &#8220;<em>Tratado do amor de Deus<\/em>&#8220;, exprime essa verdade de um modo singelo e glorioso! &#8220;<em>A torrente da iniq\u00fcidade original veio lan\u00e7ar as suas ondas impuras sobre a concei\u00e7\u00e3o da Virgem Sagrada, com a mesma impetuosidade que sobre a dos demais filhos de Ad\u00e3o; mas chegando ali, as vagas do pecado n\u00e3o passaram al\u00e9m, mas se detiveram, como outrora o Jord\u00e3o no tempo de Josu\u00e9, aqui respeitando a arca da alian\u00e7a a torrente parou; l\u00e1 em aten\u00e7\u00e3o ao Tabern\u00e1culo da verdadeira alian\u00e7a, que \u00e9 a Virgem Maria, o pecado original se deteve.<\/em>&#8221;<\/p>\n<p>\u00a0Os protestantes deveriam compreender a diferen\u00e7a essencial que h\u00e1 entre &#8220;<em>pecar em Ad\u00e3o<\/em>&#8221; e &#8220;<em>pecar pessoalmente<\/em>&#8220;, como s\u00e3o coisas bem distintas pertencer a uma ra\u00e7a pecadora e ser pecador.<\/p>\n<p>\u00a0De que modo, afinal, contra\u00edmos n\u00f3s o pecado original?<\/p>\n<p>\u00a0Tal transmiss\u00e3o n\u00e3o se pode fazer pela &#8220;<em>cria\u00e7\u00e3o<\/em>&#8221; da alma; afirmar isso seria dizer que Deus \u00e9 o autor do pecado, o que \u00e9 imposs\u00edvel e repugna. N\u00e3o se transmite t\u00e3o pouco pelos pais, pois a alma dos filhos n\u00e3o se origina das almas dos pais, mas \u00e9 criada por Deus. A transmiss\u00e3o se efetua pela &#8220;<em>gera\u00e7\u00e3o<\/em>&#8220;.<\/p>\n<p>\u00a0A alma \u00e9 criada por Deus no estado de inoc\u00eancia perfeita, mas contrai a &#8220;m\u00e1cula&#8221;, unindo-se a um corpo formado de um g\u00e9rmen corrompido, do mesmo modo que ela sofreria, se fosse unida a um corpo ferido. \u00c9 a opini\u00e3o de Santo Tom\u00e1s.<\/p>\n<p>\u00a0Santo Agostinho diz a prop\u00f3sito: &#8220;<em>Apesar de nascerem de pais batizados, os filhos v\u00eam \u00e0 luz com o pecado original, como do trigo inutilizado germina uma espiga, em que o gr\u00e3o \u00e9 misturado com a palha<\/em>.&#8221;<\/p>\n<p>\u00a0Nesse mist\u00e9rio do nascimento de uma crian\u00e7a, pelo exposto, opera-se uma dupla concei\u00e7\u00e3o: a da alma e a do corpo. Foi nesse momento quase impercept\u00edvel que Deus preservou do pecado original a &#8220;<em>pessoa<\/em>&#8221; de Maria Sant\u00edssima. Criou sua alma, como criou as nossas. Os progenitores de Nossa Senhora formaram-lhe o corpo, como nossos pais formaram o nosso. At\u00e9 aqui tudo \u00e9 natural; o milagre da preserva\u00e7\u00e3o limita-se ao instante em que o Criador uniu a alma ao corpo.<\/p>\n<p>\u00a0Desta uni\u00e3o devia resultar a &#8220;<em>transmiss\u00e3o do pecado<\/em>&#8220;. Deus fez parar o curso desta transmiss\u00e3o, de modo que nela a uni\u00e3o se operou, como se tinha realizado na pessoa de Ad\u00e3o, quando Deus, depois de ter feito o corpo do primeiro homem, soprou nele o esp\u00edrito, constituindo-o na perfei\u00e7\u00e3o da inoc\u00eancia e justi\u00e7a original.<\/p>\n<p>\u00a0Maria \u00e9 uma segunda Eva&#8230; mas Eva antes de sua queda! Tal \u00e9 a sublime doutrina da Igreja de Cristo.<\/p>\n<p><strong>\u00a0<a id=\"ICexcec\" title=\"ICexcec\" name=\"ICexcec\" href=\"http:\/\/www.oarcanjo.net\/site\/ApMariaIC.html#contents\"><\/a>A Exce\u00e7\u00e3o \u00e0 Lei Geral<\/strong><\/p>\n<p>\u00a0Seria poss\u00edvel objetar-se que Deus n\u00e3o tem poder para derrogar as leis gerais por Ele mesmo estabelecidas?<\/p>\n<p>\u00a0Seria negar a onipot\u00eancia divina e fixar limites \u00c0quele que n\u00e3o os tem.<\/p>\n<p>\u00a0\u00c9 uma lei geral que &#8220;<em>todos pecaram num s\u00f3<\/em>&#8220;. Tal fato \u00e9 universal, e todas as criaturas a ele est\u00e3o subordinadas. Todavia, nada impede que, antes de efetuar-se a uni\u00e3o da alma com o corpo, Deus possa intervir e suspender &#8220;um dos seus efeitos&#8221;, o qual \u00e9, precisamente, a transmiss\u00e3o desse &#8220;<em>pecado original<\/em>&#8220;.<\/p>\n<p>\u00a0A Sagrada Escritura est\u00e1 repleta dessas derroga\u00e7\u00f5es de leis gerais. O movimento do sol e da lua est\u00e1 matematicamente fixado pela lei da natureza; entretanto, Josu\u00e9 n\u00e3o hesitou em faz\u00ea-lo parar: &#8220;<em>Sol detem-te em Gibeon, e tu, lua, no vale de Hadjalon. E o sol deteve-se e a lua parou<\/em>&#8221; (Jos. 10, 12-13).<\/p>\n<p>\u00a0\u00c9 uma lei que as \u00e1guas sigam a correnteza do seu curso. Entretanto, &#8220;<em>Mois\u00e9s estendeu a m\u00e3o&#8230;<\/em>&#8221; o mar deixou livre o seu leito, partiram-se as \u00e1guas, com um muro \u00e0 sua esquerda e \u00e0 sua direita (Exod. 14, 21 e 22).<\/p>\n<p>\u00a0\u00c9 uma lei que o um morto fique morto at\u00e9 \u00e0 ressurei\u00e7\u00e3o geral; entretanto, o pr\u00f3prio Cristo-Deus, diante do cad\u00e1ver de L\u00e1zaro, j\u00e1 em putrefa\u00e7\u00e3o, exclamou: &#8220;<em>L\u00e1zaro, sai!<\/em>&#8221; (Jo 11, 43 e 41). E imediatamente aquele que estava morto saiu vivo.<\/p>\n<p>\u00a0Que prova isso, demonstra que &#8220;<em>para Deus nada \u00e9 imposs\u00edvel<\/em>&#8221; (Lc 18, 27).<\/p>\n<p>\u00a0Ser\u00e1, ent\u00e3o, que os protestantes acham imposs\u00edvel que Deus preserve Maria Sant\u00edssima do Pecado Original?<\/p>\n<p>\u00a0Se a lei geral fosse superior ao poder de Deus, como ficaria o Homem-Deus? Ele, em sua natureza humana, foi preservado do pecado original, mesmo nascendo de uma mulher. Se fosse imposs\u00edvel a Deus manter Imaculada a sua M\u00e3e, tamb\u00e9m seria imposs\u00edvel manter &#8220;<em>imaculado<\/em>&#8221; o Seu Filho \u00fanico, que nasceu verdadeiro Homem e verdadeiro Deus.<\/p>\n<p>\u00a0<a id=\"ICProvasSE\" title=\"ICProvasSE\" name=\"ICProvasSE\" href=\"http:\/\/www.oarcanjo.net\/site\/ApMariaIC.html#contents\"><\/a><strong>Provas na Sagrada Escritura:<\/strong><\/p>\n<p>\u00a0Depois da queda do pecado original, Deus falou ao dem\u00f4nio, oculto sob a forma de serpente: &#8220;<em>Ei de por inimizade entre ti e a mulher, entre sua ra\u00e7a (semente) e a tua; ela te esmagar\u00e1 a cabe\u00e7a<\/em>&#8221; (Gen 3, 15). Basta um pouco de boa-vontade para compreender de que &#8220;<em>mulher<\/em>&#8221; o texto fala. A \u00fanica mulher &#8220;<em>cheia de gra\u00e7a<\/em>&#8220;, &#8220;<em>bendita entre todas<\/em>&#8220;, na qual a &#8220;<em>semente<\/em>&#8221; ou (ra\u00e7a) foi Nosso Senhor Jesus Cristo (e os crist\u00e3os), \u00e9 a Sant\u00edssima Virgem, a nova Eva, m\u00e3e do Novo Ad\u00e3o. Conforme esse texto, h\u00e1 uma luta entre dois antagonistas: de um lado, est\u00e1 uma mulher com o filho; do outro, o dem\u00f4nio. Quem h\u00e1 de ganhar a vit\u00f3ria s\u00e3o aqueles e n\u00e3o estes. Ora, se Nossa Senhora n\u00e3o fosse imaculada, essa inimizade n\u00e3o seria inteira e a vit\u00f3ria n\u00e3o seria total, pois Maria Sant\u00edssima teria sido, pelo menos em parte, sujeita ao poder do dem\u00f4nio atrav\u00e9s do Pecado Original. Em outras palavras, a inimizade entre a mulher (e sua posteridade) e a serpente, implica, necessariamente, que Nosso Senhor e Nossa Senhora n\u00e3o poderiam ter sido manchados pelo pecado original.<\/p>\n<p>\u00a0Na sauda\u00e7\u00e3o ang\u00e9lica, quando S. Gabriel diz: &#8220;<em>Ave, cheia de gra\u00e7a. O Senhor \u00e9 convosco<\/em>&#8220;. Ora, n\u00e3o se exprimiria desta maneira o anjo e nem haveria plenitude de gra\u00e7a, se Nossa Senhora tivesse o pecado original, visto o homem ter perdido a gra\u00e7a ap\u00f3s o pecado.<\/p>\n<p>\u00a0A maneira da sauda\u00e7\u00e3o ang\u00e9lica transparece a grandeza de Nossa Senhora, pois o Anjo a sa\u00fada com a &#8220;<em>Ave, Cheia de Gra\u00e7a<\/em>&#8220;. Ele troca o nome &#8220;<em>Maria<\/em>&#8221; pela qualidade &#8220;<em>Cheia de Gra\u00e7a<\/em>&#8220;, como Deus desejou cham\u00e1-la.<\/p>\n<p>\u00a0Ao mesmo tempo, a afirma\u00e7\u00e3o &#8220;<em>o Senhor \u00e9 convosco<\/em>&#8221; abrange uma verdade luminosa. Se Nosso Senhor \u00e9 (est\u00e1) com Nossa Senhora antes da encarna\u00e7\u00e3o (&#8220;<em>\u00e9 convosco<\/em>&#8220;). Sendo palavras anteriores \u00e0 encarna\u00e7\u00e3o do verbo no seio da Virgem Maria, for\u00e7oso \u00e9 reconhecer que onde est\u00e1 Deus n\u00e3o est\u00e1 o pecado. Ou seja, Nossa Senhora n\u00e3o tinha o &#8220;<em>pecado original<\/em>&#8220;.<\/p>\n<p>\u00a0Prossegue o arcanjo: N\u00e3o temas, Maria, pois &#8220;<em>achaste gra\u00e7a diante de Deus<\/em>&#8220;. Aqui termina a revela\u00e7\u00e3o da Imaculada Concei\u00e7\u00e3o para come\u00e7ar a da maternidade divina: &#8220;<em>Eis que conceber\u00e1s no teu ventre e dar\u00e1s \u00e0 luz um filho, e por-lhe-\u00e1s o nome de Jesus<\/em>&#8220;. (Lc 1, 28).<\/p>\n<p>\u00a0Pela simples leitura percebe-se a conex\u00e3o estreita entre duas verdades: &#8220;<em>Maria ser\u00e1 a m\u00e3e de Jesus, porque achou gra\u00e7a diante de Deus<\/em>&#8220;.<\/p>\n<p>\u00a0Mas, que gra\u00e7a Nossa Senhora achou diante de Deus para poder ser escolhida como a M\u00e3e Dele? Ora, a \u00fanica gra\u00e7a que n\u00e3o existia &#8211; ou que estava &#8220;<em>perdida<\/em>&#8221; &#8211; era a &#8220;<em>gra\u00e7a original<\/em>&#8220;. Falar, pois, que: &#8220;<em>Maria achou gra\u00e7a<\/em>&#8221; \u00e9 dizer que achou a &#8220;<em>gra\u00e7a original<\/em>&#8220;. Ora, a &#8220;<em>gra\u00e7a original<\/em>&#8221; \u00e9 a &#8220;<em>Imaculada Concei\u00e7\u00e3o<\/em>&#8220;!<\/p>\n<p>\u00a0Os evangelhos sin\u00f3ticos deixam claro que a palavra &#8220;<em>Cheia de Gra\u00e7a<\/em>&#8220;, em grego: &#8220;<em>Kecharitom\u00e9n\u00ea<\/em>&#8220;, partic\u00edpio passado de &#8220;<em>charit\u00f3\u00f4<\/em>&#8220;, de &#8220;<em>Ch\u00e1ris<\/em>&#8220;, \u00e9 empregado na Sagrada Escritura para designar a gra\u00e7a em seu sentido pleno, e n\u00e3o no sentido corrente. A tradu\u00e7\u00e3o literal seria: &#8220;<em>omnino Plena Caelesti gratia<\/em>&#8221; ou &#8220;<em>Ominino gratiosa reddita<\/em>&#8220;: &#8220;<em>Cheia de gra\u00e7a<\/em>&#8220;.<\/p>\n<p>\u00a0Ou seja, a tradu\u00e7\u00e3o do latim: &#8220;<em>gratia plena<\/em>&#8221; \u00e9 mais perfeita do que a palavra portuguesa: &#8220;<em>cheia de gra\u00e7a<\/em>&#8220;. Nossa Senhora n\u00e3o apenas &#8220;<em>encontrou gra\u00e7a<\/em>&#8220;, mas estava &#8220;<em>plena<\/em>&#8221; de Gra\u00e7a. Corroborando o que disse o Arcanjo logo em seguida: &#8220;<em>O Senhor \u00e9 contigo<\/em>&#8220;.<\/p>\n<p>\u00a0Falando \u00e0 Sant\u00edssima Virgem que Ela &#8220;<em>achara gra\u00e7a<\/em>&#8220;, o Arcanjo diz: Maria, sois imaculada, e, por isto, sereis a M\u00e3e de Jesus Cristo.<\/p>\n<p>\u00a0Tamb\u00e9m \u00e9 pela pr\u00f3pria raz\u00e3o que se pode concluir a Imaculada Concei\u00e7\u00e3o. \u00c9 claro que o argumento racional n\u00e3o \u00e9 definitivo, mas corroborou com muita conveni\u00eancia &#8211; e completa harmonia &#8211; para com ele. Se Maria Sant\u00edssima fosse manchada do pecado original, essa mancha redundaria em menor gl\u00f3ria para seu filho, que ficou nove meses no ventre de uma mulher que teria sido concebida na vergonha daquele pecado. Se qualquer m\u00e1cula houvesse na forma\u00e7\u00e3o de Maria Sant\u00edssima, teria havido igualmente na forma\u00e7\u00e3o de Jesus, pois o filho \u00e9 formado do sangue materno.<\/p>\n<p>\u00a0S. Paulo assim se expressa sobre o ventre de onde nasceu o menino-Deus: &#8220;<em>Cristo, por\u00e9m, apareceu como um pont\u00edfice dos bens futuros. Entrou no tabern\u00e1culo mais excelente e perfeito, n\u00e3o constru\u00eddo por m\u00e3os humanas, nem mesmo deste mundo<\/em>&#8221; (Hebr 9, 12).<\/p>\n<p>\u00a0Que tabern\u00e1culo \u00e9 esse, &#8220;<em>n\u00e3o constru\u00eddo por m\u00e3os humanas<\/em>&#8220;, por onde &#8220;<em>entrou<\/em>&#8221; Nosso Senhor Jesus Cristo? Fica claro o milagre operado em Nossa Senhora na previs\u00e3o dos m\u00e9ritos de seu divino Filho. Negar que Deus pudesse realizar tal milagre (Imaculada Concei\u00e7\u00e3o) seria duvidar de sua onipot\u00eancia. Negar que Ele desejaria fazer tal milagre seria menosprezar seu amor filial, pois, como afirma S. Paulo: Deus construiu o seu &#8220;<em>tabern\u00e1culo<\/em>&#8221; que n\u00e3o foi &#8220;<em>constru\u00eddo por m\u00e3os humanas<\/em>&#8220;.<\/p>\n<p>\u00a0Ora, este tabern\u00e1culo, feito imediatamente por Deus e para Deus, devia revestir-se de toda a beleza e pureza que o pr\u00f3prio Deus teria podido outorgar a uma criatura.<\/p>\n<p>\u00a0E esta pureza perfeita e ideal se denomina: a Imaculada Concei\u00e7\u00e3o.<\/p>\n<p>\u00a0<a id=\"ICTrad\" title=\"ICTrad\" name=\"ICTrad\" href=\"http:\/\/www.oarcanjo.net\/site\/ApMariaIC.html#contents\"><\/a><strong>Agora examinemos a Tradi\u00e7\u00e3o, desde os primeiros s\u00e9culos:<\/strong><\/p>\n<p>\u00a0S. Tiago Menor, o qual realizou o esquema da liturgia da Santa Missa, prescreve a seguinte leitura, ap\u00f3s ler uns passos do antigo e do novo testamento, e de umas ora\u00e7\u00f5es: &#8220;<em>Fazemos mem\u00f3ria de nossa Sant\u00edssima, Imaculada, e glorios\u00edssima Senhora Maria, M\u00e3e de Deus e sempre Virgem<\/em>&#8220;.<\/p>\n<p>\u00a0O santo Ap\u00f3stolo n\u00e3o se limita a isso, mas torna a sua f\u00e9 mais expressiva ainda. Ap\u00f3s a consagra\u00e7\u00e3o e umas preces, ele faz dizer ao Celebrante: &#8220;<em>Prestemos homenagem, principalmente, a Nossa Senhora, a Sant\u00edssima, Imaculada, aben\u00e7oada acima de todas as criaturas, a glorios\u00edssima M\u00e3e de Deus, sempre Virgem Maria. E os cantores respondem: \u00c9 verdadeiramente digno que n\u00f3s vos proclamemos bem-aventurada e em toda linha irrepreens\u00edvel, M\u00e3e de Nosso Deus, mais digna que os querubins, mais digna de gl\u00f3ria que os serafins; a v\u00f3s que destes \u00e0 luz o Verbo divino, sem perder a vossa integridade perfeita, n\u00f3s glorificamos como M\u00e3e de Deus<\/em>&#8221; (S. jacob in Liturgia sua).<\/p>\n<p>\u00a0O evangelista S. Marcos, na Liturgia que deixou \u00e0s igrejas do Egito, serve-se de express\u00f5es semelhantes: &#8220;<em>Lembremo-nos, sobretudo, da Sant\u00edssima, intemerata e bendita Senhora Nossa, a M\u00e3e de Deus e sempre Virgem Maria<\/em>&#8220;.<\/p>\n<p>\u00a0Na Liturgia dos et\u00edopes, de autor desconhecido, mas cuja composi\u00e7\u00e3o data do primeiro s\u00e9culo, encontramos diversas men\u00e7\u00f5es expl\u00edcitas da Imaculada Concei\u00e7\u00e3o. Umas das suas ora\u00e7\u00f5es come\u00e7a nestes termos: Alegrai-vos, Rainha, verdadeiramente Imaculada, alegrai-vos, gl\u00f3ria de nossos pais. Mais adiante, \u00e9 pela intercess\u00e3o da Imaculada Virgem Maria que o Sacerdote invoca a Deus em favor dos fi\u00e9is: &#8220;<em>Pelas preces e a intercess\u00e3o que faz em nosso favor Nossa Senhora, a Santa e Imaculada Virgem Maria.<\/em>&#8220;.<\/p>\n<p>\u00a0Terminamos o primeiro s\u00e9culo com as palavras de Santo Andr\u00e9, ap\u00f3stolo, expondo a doutrina crist\u00e3 ao proc\u00f4nsul Egeu, passagem que figura nas atas do mart\u00edrio do mesmo santo, e data do primeiro s\u00e9culo: &#8220;<em>Tendo sido o primeiro homem formado de uma terra imaculada, era necess\u00e1rio que o homem perfeito nascesse de uma Virgem igualmente imaculada, para que o Filho de Deus, que antes formara o homem, reparasse a vida eterna que os homens tinham perdido<\/em>&#8221; (Cartas dos Padres de Acaia).<\/p>\n<p>\u00a0A doutrina da Imaculada Concei\u00e7\u00e3o era, pois, conhecida no primeiro s\u00e9culo e por todos admitida. A esse respeito, nenhuma contradi\u00e7\u00e3o se levantou na primitiva Igreja.<\/p>\n<p>\u00a0No s\u00e9culo segundo, os escritos dos Santos Padres falam da Imaculada Concei\u00e7\u00e3o como um fato indiscut\u00edvel. Entre os escritores e oradores deste s\u00e9culo, contamos: S. Jusitino, apologista e m\u00e1rtir; Tertuliano e Santo Irineu.<\/p>\n<p>\u00a0No terceiro s\u00e9culo, existem tamb\u00e9m textos claros em defesa da Imaculada Concei\u00e7\u00e3o. mas em menor quantidade.<\/p>\n<p>\u00a0Santo Hip\u00f3lito, bispo de Porto e m\u00e1rtir, escreveu em 220: &#8220;<em>O Cristo foi concebido e tomou o seu crescimento de Maria, a M\u00e3e de Deus toda pura<\/em>&#8220;. Mais al\u00e9m ele diz: &#8220;<em>Como o Salvador do mundo tinha decretado salvar o g\u00eanero humano, nasceu da Imaculada Virgem Maria<\/em>&#8220;.<\/p>\n<p>\u00a0Or\u00edgenes, que viveu em 226 e pareceu resumir a doutrina e as tradi\u00e7\u00f5es de sua \u00e9poca, escreveu: &#8220;<em>Maria, a Virgem-M\u00e3e do Filho \u00fanico de Deus, \u00e9 proclamada a digna M\u00e3e deste digno Filho, a M\u00e3e Imaculada do Santo e Imaculado, sendo ela \u00fanica, como \u00fanico \u00e9 o seu pr\u00f3prio Filho<\/em>.&#8221;<\/p>\n<p>\u00a0Em um dos seus serm\u00f5es sobre S. Jos\u00e9, Or\u00edgenes faz o mensageiro celeste dizer ao santo: &#8220;<em>Este menino n\u00e3o precisa de Pai na terra, porque tem um pai incorrupt\u00edvel no c\u00e9u; n\u00e3o precisa de M\u00e3e no C\u00e9u, porque tem uma M\u00e3e Imaculada e casta na terra, a Virgem Bem-aventurada, Maria<\/em>&#8220;.<\/p>\n<p>\u00a0No s\u00e9culo quarto, aparecem in\u00fameros escritos sobre a Imaculada Concei\u00e7\u00e3o, cada vez mais expl\u00edcitos e em maior n\u00famero. Temos diante de n\u00f3s as figuras incompar\u00e1veis de Santo Atan\u00e1sio, de Santo Efrem, de S. Bas\u00edlio Magno, de Santo Epif\u00e2nio, e muitos outros, que constituem a pl\u00eaiade gloriosa dos grandes Ap\u00f3stolos do culto da Virgem Sant\u00edssima e, de modo particular, de sua Imaculada Concei\u00e7\u00e3o.<\/p>\n<p>\u00a0Um trecho de Lutero, para mostrar que nem ele se atreveu a contestar a Imaculada Concei\u00e7\u00e3o: &#8220;<em>Era justo e conveniente, diz ele, fosse a pessoa de Maria preservada do pecado original, visto o filho de Deus tomar dela a carne que devia vencer todo pecado<\/em>&#8220;. (Lut. in postil. maj.).<\/p>\n<p>\u00a0<a id=\"ICSoneto\" title=\"ICSoneto\" name=\"ICSoneto\" href=\"http:\/\/www.oarcanjo.net\/site\/ApMariaIC.html#contents\"><\/a><strong>Para terminar, transcreveremos um pequeno soneto.<\/strong><\/p>\n<p>\u00a0Em 1823, dois sacerdotes dominicanos, Pes. Bassiti e Pignataro, estavam exorcizando um menino possesso, de 12 anos de idade, analfabeto. Para humilhar o dem\u00f4nio, obrigaram-no, em nome de Deus, a demonstrar a veracidade da Imaculada Concei\u00e7\u00e3o de Maria. Para surpresa dos sacerdotes, pela boca do menino possesso, o dem\u00f4nio comp\u00f4s o seguinte soneto:<\/p>\n<p>\u00a0&#8220;Sou verdadeira m\u00e3e de um Deus que \u00e9 filho,<br \/>\n\u00a0E sou sua filha, ainda ao ser-lhe m\u00e3e;<br \/>\n\u00a0Ele de eterno existe e \u00e9 meu filho,<br \/>\n\u00a0E eu nasci no tempo e sou sua m\u00e3e.<\/p>\n<p>\u00a0Ele \u00e9 meu Criador e \u00e9 meu filho,<br \/>\n\u00a0E eu sou sua criatura e sua m\u00e3e;<br \/>\n\u00a0Foi divinal prod\u00edgio ser meu filho<br \/>\n\u00a0Um Deus eterno e ter a mim por m\u00e3e.<\/p>\n<p>\u00a0O ser da m\u00e3e \u00e9 quase o ser do filho,<br \/>\n\u00a0Visto que o filho deu o ser \u00e0 m\u00e3e<br \/>\n\u00a0E foi a m\u00e3e que deu o ser ao filho;<\/p>\n<p>\u00a0Se, pois, do filho teve o ser a m\u00e3e,<br \/>\n\u00a0Ou h\u00e1 de se dizer manchado o filho<br \/>\n\u00a0Ou se dir\u00e1 Imaculada a m\u00e3e.<\/p>\n<p>\u00a0Conta-se que o Papa Pio IX chorou, ao ler esse soneto que cont\u00e9m um profund\u00edssimo argumento de raz\u00e3o em favor da Imaculada.<\/p>\n<p>\u00a0Nossa Senhora foi a restauradora da ordem perdida por meio de Eva. Eva nos trouxe a morte, Maria nos d\u00e1 a vida. O que Eva perdeu por orgulho, Nossa Senhora ganhou por humildade.<\/p>\n<p>\u00a0O Dogma da Imaculada Concei\u00e7\u00e3o foi proclamado pelo Papa Pio IX, cercado de 53 cardeais, de 43 arcebispos, de 100 bispos e mais de 50.000 romeiros vindos de todas as partes do mundo, no dia 8 de dezembro de 1854.<\/p>\n<p>\u00a0Passados apenas 3 anos dessa solene proclama\u00e7\u00e3o, em 11 de agosto de 1858, Nossa Senhora dignou-se aparecer milagrosamente quinze dias seguidos, perto da pequena cidade de Lourdes, na Fran\u00e7a, a uma pobre menina, de 13 anos de idade, chamada Bernadete.<\/p>\n<p>\u00a0No dia 25 de mar\u00e7o, Bernadete suplicou que Nossa Senhora lhe revelasse seu nome. Ap\u00f3s tr\u00eas pedidos seguidos, Nossa Senhora lhe respondeu: &#8220;<strong><em>Eu sou a Imaculada Concei\u00e7\u00e3o<\/em><\/strong>&#8220;.<\/p>\n<div id=\"themify_builder_content-6426\" data-postid=\"6426\" class=\"themify_builder_content themify_builder_content-6426 themify_builder themify_builder_front\">\n\t<\/div>\n<!-- \/themify_builder_content -->","protected":false},"excerpt":{"rendered":"<p>8 de Dezembro Neste dia comemoramos solenemente o dogma da Imaculada Concei\u00e7\u00e3o de Nossa Senhora, a Rainha de todos os Santos. O dogma da Imaculada Concei\u00e7\u00e3o de Maria \u00e9 um dos dogmas mais queridos ao cora\u00e7\u00e3o do povo crist\u00e3o. A convic\u00e7\u00e3o da pureza completa da M\u00e3e de Deus, Maria, ou seja, esse dogma, foi definida [&hellip;]<\/p>\n","protected":false},"author":14,"featured_media":0,"comment_status":"open","ping_status":"open","sticky":false,"template":"","format":"standard","meta":{"ngg_post_thumbnail":0,"footnotes":""},"categories":[186],"tags":[1343],"yoast_head":"<!-- This site is optimized with the Yoast SEO plugin v23.5 - https:\/\/yoast.com\/wordpress\/plugins\/seo\/ -->\n<title>Imaculada Concei\u00e7\u00e3o da Sant\u00edssima virgem - O Arcanjo no ar<\/title>\n<meta name=\"robots\" content=\"index, follow, max-snippet:-1, max-image-preview:large, max-video-preview:-1\" \/>\n<link rel=\"canonical\" href=\"https:\/\/www.oarcanjo.net\/site\/imaculada-conceicao-da-santissima-virgem\/\" \/>\n<meta property=\"og:locale\" content=\"pt_BR\" \/>\n<meta property=\"og:type\" content=\"article\" \/>\n<meta property=\"og:title\" content=\"Imaculada Concei\u00e7\u00e3o da Sant\u00edssima virgem - O Arcanjo no ar\" \/>\n<meta property=\"og:description\" content=\"8 de Dezembro Neste dia comemoramos solenemente o dogma da Imaculada Concei\u00e7\u00e3o de Nossa Senhora, a Rainha de todos os Santos. O dogma da Imaculada Concei\u00e7\u00e3o de Maria \u00e9 um dos dogmas mais queridos ao cora\u00e7\u00e3o do povo crist\u00e3o. A convic\u00e7\u00e3o da pureza completa da M\u00e3e de Deus, Maria, ou seja, esse dogma, foi definida [&hellip;]\" \/>\n<meta property=\"og:url\" content=\"https:\/\/www.oarcanjo.net\/site\/imaculada-conceicao-da-santissima-virgem\/\" \/>\n<meta property=\"og:site_name\" content=\"O Arcanjo no ar\" \/>\n<meta property=\"article:publisher\" content=\"https:\/\/www.facebook.com\/OArcanjoNoAr\/\" \/>\n<meta property=\"article:published_time\" content=\"2009-12-08T02:17:11+00:00\" \/>\n<meta property=\"article:modified_time\" content=\"2010-12-04T11:57:43+00:00\" \/>\n<meta property=\"og:image\" content=\"https:\/\/www.oarcanjo.net\/site\/wp-content\/uploads\/logo-o-arcanjo-no-ar-facebook.png\" \/>\n\t<meta property=\"og:image:width\" content=\"300\" \/>\n\t<meta property=\"og:image:height\" content=\"300\" \/>\n\t<meta property=\"og:image:type\" content=\"image\/png\" \/>\n<meta name=\"author\" content=\"danilo\" \/>\n<meta name=\"twitter:card\" content=\"summary_large_image\" \/>\n<meta name=\"twitter:label1\" content=\"Escrito por\" \/>\n\t<meta name=\"twitter:data1\" content=\"danilo\" \/>\n\t<meta name=\"twitter:label2\" content=\"Est. tempo de leitura\" \/>\n\t<meta name=\"twitter:data2\" content=\"16 minutos\" \/>\n<script type=\"application\/ld+json\" class=\"yoast-schema-graph\">{\"@context\":\"https:\/\/schema.org\",\"@graph\":[{\"@type\":\"Article\",\"@id\":\"https:\/\/www.oarcanjo.net\/site\/imaculada-conceicao-da-santissima-virgem\/#article\",\"isPartOf\":{\"@id\":\"https:\/\/www.oarcanjo.net\/site\/imaculada-conceicao-da-santissima-virgem\/\"},\"author\":{\"name\":\"danilo\",\"@id\":\"https:\/\/www.oarcanjo.net\/site\/#\/schema\/person\/5eb9480bedd2f3c97e430ce128c29c6c\"},\"headline\":\"Imaculada Concei\u00e7\u00e3o da Sant\u00edssima virgem\",\"datePublished\":\"2009-12-08T02:17:11+00:00\",\"dateModified\":\"2010-12-04T11:57:43+00:00\",\"mainEntityOfPage\":{\"@id\":\"https:\/\/www.oarcanjo.net\/site\/imaculada-conceicao-da-santissima-virgem\/\"},\"wordCount\":3234,\"commentCount\":0,\"publisher\":{\"@id\":\"https:\/\/www.oarcanjo.net\/site\/#organization\"},\"keywords\":[\"Imaculada Concei\u00e7\u00e3o da Sant\u00edssima virgem\"],\"articleSection\":[\"Testemunhos\"],\"inLanguage\":\"pt-BR\",\"potentialAction\":[{\"@type\":\"CommentAction\",\"name\":\"Comment\",\"target\":[\"https:\/\/www.oarcanjo.net\/site\/imaculada-conceicao-da-santissima-virgem\/#respond\"]}]},{\"@type\":\"WebPage\",\"@id\":\"https:\/\/www.oarcanjo.net\/site\/imaculada-conceicao-da-santissima-virgem\/\",\"url\":\"https:\/\/www.oarcanjo.net\/site\/imaculada-conceicao-da-santissima-virgem\/\",\"name\":\"Imaculada Concei\u00e7\u00e3o da Sant\u00edssima virgem - O Arcanjo no ar\",\"isPartOf\":{\"@id\":\"https:\/\/www.oarcanjo.net\/site\/#website\"},\"datePublished\":\"2009-12-08T02:17:11+00:00\",\"dateModified\":\"2010-12-04T11:57:43+00:00\",\"breadcrumb\":{\"@id\":\"https:\/\/www.oarcanjo.net\/site\/imaculada-conceicao-da-santissima-virgem\/#breadcrumb\"},\"inLanguage\":\"pt-BR\",\"potentialAction\":[{\"@type\":\"ReadAction\",\"target\":[\"https:\/\/www.oarcanjo.net\/site\/imaculada-conceicao-da-santissima-virgem\/\"]}]},{\"@type\":\"BreadcrumbList\",\"@id\":\"https:\/\/www.oarcanjo.net\/site\/imaculada-conceicao-da-santissima-virgem\/#breadcrumb\",\"itemListElement\":[{\"@type\":\"ListItem\",\"position\":1,\"name\":\"In\u00edcio\",\"item\":\"https:\/\/www.oarcanjo.net\/site\/\"},{\"@type\":\"ListItem\",\"position\":2,\"name\":\"Imaculada Concei\u00e7\u00e3o da Sant\u00edssima virgem\"}]},{\"@type\":\"WebSite\",\"@id\":\"https:\/\/www.oarcanjo.net\/site\/#website\",\"url\":\"https:\/\/www.oarcanjo.net\/site\/\",\"name\":\"O Arcanjo no ar\",\"description\":\"Site da Par\u00f3quia S\u00e3o Miguel Arcanjo (Arquidiocese de SP)\",\"publisher\":{\"@id\":\"https:\/\/www.oarcanjo.net\/site\/#organization\"},\"potentialAction\":[{\"@type\":\"SearchAction\",\"target\":{\"@type\":\"EntryPoint\",\"urlTemplate\":\"https:\/\/www.oarcanjo.net\/site\/?s={search_term_string}\"},\"query-input\":{\"@type\":\"PropertyValueSpecification\",\"valueRequired\":true,\"valueName\":\"search_term_string\"}}],\"inLanguage\":\"pt-BR\"},{\"@type\":\"Organization\",\"@id\":\"https:\/\/www.oarcanjo.net\/site\/#organization\",\"name\":\"Par\u00f3quia S\u00e3o Miguel Arcanjo\",\"url\":\"https:\/\/www.oarcanjo.net\/site\/\",\"logo\":{\"@type\":\"ImageObject\",\"inLanguage\":\"pt-BR\",\"@id\":\"https:\/\/www.oarcanjo.net\/site\/#\/schema\/logo\/image\/\",\"url\":\"https:\/\/www.oarcanjo.net\/site\/wp-content\/uploads\/LogoOArcanjo.png\",\"contentUrl\":\"https:\/\/www.oarcanjo.net\/site\/wp-content\/uploads\/LogoOArcanjo.png\",\"width\":319,\"height\":99,\"caption\":\"Par\u00f3quia S\u00e3o Miguel Arcanjo\"},\"image\":{\"@id\":\"https:\/\/www.oarcanjo.net\/site\/#\/schema\/logo\/image\/\"},\"sameAs\":[\"https:\/\/www.facebook.com\/OArcanjoNoAr\/\"]},{\"@type\":\"Person\",\"@id\":\"https:\/\/www.oarcanjo.net\/site\/#\/schema\/person\/5eb9480bedd2f3c97e430ce128c29c6c\",\"name\":\"danilo\"}]}<\/script>\n<!-- \/ Yoast SEO plugin. -->","yoast_head_json":{"title":"Imaculada Concei\u00e7\u00e3o da Sant\u00edssima virgem - O Arcanjo no ar","robots":{"index":"index","follow":"follow","max-snippet":"max-snippet:-1","max-image-preview":"max-image-preview:large","max-video-preview":"max-video-preview:-1"},"canonical":"https:\/\/www.oarcanjo.net\/site\/imaculada-conceicao-da-santissima-virgem\/","og_locale":"pt_BR","og_type":"article","og_title":"Imaculada Concei\u00e7\u00e3o da Sant\u00edssima virgem - O Arcanjo no ar","og_description":"8 de Dezembro Neste dia comemoramos solenemente o dogma da Imaculada Concei\u00e7\u00e3o de Nossa Senhora, a Rainha de todos os Santos. O dogma da Imaculada Concei\u00e7\u00e3o de Maria \u00e9 um dos dogmas mais queridos ao cora\u00e7\u00e3o do povo crist\u00e3o. A convic\u00e7\u00e3o da pureza completa da M\u00e3e de Deus, Maria, ou seja, esse dogma, foi definida [&hellip;]","og_url":"https:\/\/www.oarcanjo.net\/site\/imaculada-conceicao-da-santissima-virgem\/","og_site_name":"O Arcanjo no ar","article_publisher":"https:\/\/www.facebook.com\/OArcanjoNoAr\/","article_published_time":"2009-12-08T02:17:11+00:00","article_modified_time":"2010-12-04T11:57:43+00:00","og_image":[{"width":300,"height":300,"url":"https:\/\/www.oarcanjo.net\/site\/wp-content\/uploads\/logo-o-arcanjo-no-ar-facebook.png","type":"image\/png"}],"author":"danilo","twitter_card":"summary_large_image","twitter_misc":{"Escrito por":"danilo","Est. tempo de leitura":"16 minutos"},"schema":{"@context":"https:\/\/schema.org","@graph":[{"@type":"Article","@id":"https:\/\/www.oarcanjo.net\/site\/imaculada-conceicao-da-santissima-virgem\/#article","isPartOf":{"@id":"https:\/\/www.oarcanjo.net\/site\/imaculada-conceicao-da-santissima-virgem\/"},"author":{"name":"danilo","@id":"https:\/\/www.oarcanjo.net\/site\/#\/schema\/person\/5eb9480bedd2f3c97e430ce128c29c6c"},"headline":"Imaculada Concei\u00e7\u00e3o da Sant\u00edssima virgem","datePublished":"2009-12-08T02:17:11+00:00","dateModified":"2010-12-04T11:57:43+00:00","mainEntityOfPage":{"@id":"https:\/\/www.oarcanjo.net\/site\/imaculada-conceicao-da-santissima-virgem\/"},"wordCount":3234,"commentCount":0,"publisher":{"@id":"https:\/\/www.oarcanjo.net\/site\/#organization"},"keywords":["Imaculada Concei\u00e7\u00e3o da Sant\u00edssima virgem"],"articleSection":["Testemunhos"],"inLanguage":"pt-BR","potentialAction":[{"@type":"CommentAction","name":"Comment","target":["https:\/\/www.oarcanjo.net\/site\/imaculada-conceicao-da-santissima-virgem\/#respond"]}]},{"@type":"WebPage","@id":"https:\/\/www.oarcanjo.net\/site\/imaculada-conceicao-da-santissima-virgem\/","url":"https:\/\/www.oarcanjo.net\/site\/imaculada-conceicao-da-santissima-virgem\/","name":"Imaculada Concei\u00e7\u00e3o da Sant\u00edssima virgem - O Arcanjo no ar","isPartOf":{"@id":"https:\/\/www.oarcanjo.net\/site\/#website"},"datePublished":"2009-12-08T02:17:11+00:00","dateModified":"2010-12-04T11:57:43+00:00","breadcrumb":{"@id":"https:\/\/www.oarcanjo.net\/site\/imaculada-conceicao-da-santissima-virgem\/#breadcrumb"},"inLanguage":"pt-BR","potentialAction":[{"@type":"ReadAction","target":["https:\/\/www.oarcanjo.net\/site\/imaculada-conceicao-da-santissima-virgem\/"]}]},{"@type":"BreadcrumbList","@id":"https:\/\/www.oarcanjo.net\/site\/imaculada-conceicao-da-santissima-virgem\/#breadcrumb","itemListElement":[{"@type":"ListItem","position":1,"name":"In\u00edcio","item":"https:\/\/www.oarcanjo.net\/site\/"},{"@type":"ListItem","position":2,"name":"Imaculada Concei\u00e7\u00e3o da Sant\u00edssima virgem"}]},{"@type":"WebSite","@id":"https:\/\/www.oarcanjo.net\/site\/#website","url":"https:\/\/www.oarcanjo.net\/site\/","name":"O Arcanjo no ar","description":"Site da Par\u00f3quia S\u00e3o Miguel Arcanjo (Arquidiocese de SP)","publisher":{"@id":"https:\/\/www.oarcanjo.net\/site\/#organization"},"potentialAction":[{"@type":"SearchAction","target":{"@type":"EntryPoint","urlTemplate":"https:\/\/www.oarcanjo.net\/site\/?s={search_term_string}"},"query-input":{"@type":"PropertyValueSpecification","valueRequired":true,"valueName":"search_term_string"}}],"inLanguage":"pt-BR"},{"@type":"Organization","@id":"https:\/\/www.oarcanjo.net\/site\/#organization","name":"Par\u00f3quia S\u00e3o Miguel Arcanjo","url":"https:\/\/www.oarcanjo.net\/site\/","logo":{"@type":"ImageObject","inLanguage":"pt-BR","@id":"https:\/\/www.oarcanjo.net\/site\/#\/schema\/logo\/image\/","url":"https:\/\/www.oarcanjo.net\/site\/wp-content\/uploads\/LogoOArcanjo.png","contentUrl":"https:\/\/www.oarcanjo.net\/site\/wp-content\/uploads\/LogoOArcanjo.png","width":319,"height":99,"caption":"Par\u00f3quia S\u00e3o Miguel Arcanjo"},"image":{"@id":"https:\/\/www.oarcanjo.net\/site\/#\/schema\/logo\/image\/"},"sameAs":["https:\/\/www.facebook.com\/OArcanjoNoAr\/"]},{"@type":"Person","@id":"https:\/\/www.oarcanjo.net\/site\/#\/schema\/person\/5eb9480bedd2f3c97e430ce128c29c6c","name":"danilo"}]}},"publishpress_future_action":{"enabled":false,"date":"2026-05-08 05:13:28","action":"category","newStatus":"draft","terms":[],"taxonomy":"category"},"publishpress_future_workflow_manual_trigger":{"enabledWorkflows":[]},"_links":{"self":[{"href":"https:\/\/www.oarcanjo.net\/site\/wp-json\/wp\/v2\/posts\/6426"}],"collection":[{"href":"https:\/\/www.oarcanjo.net\/site\/wp-json\/wp\/v2\/posts"}],"about":[{"href":"https:\/\/www.oarcanjo.net\/site\/wp-json\/wp\/v2\/types\/post"}],"author":[{"embeddable":true,"href":"https:\/\/www.oarcanjo.net\/site\/wp-json\/wp\/v2\/users\/14"}],"replies":[{"embeddable":true,"href":"https:\/\/www.oarcanjo.net\/site\/wp-json\/wp\/v2\/comments?post=6426"}],"version-history":[{"count":0,"href":"https:\/\/www.oarcanjo.net\/site\/wp-json\/wp\/v2\/posts\/6426\/revisions"}],"wp:attachment":[{"href":"https:\/\/www.oarcanjo.net\/site\/wp-json\/wp\/v2\/media?parent=6426"}],"wp:term":[{"taxonomy":"category","embeddable":true,"href":"https:\/\/www.oarcanjo.net\/site\/wp-json\/wp\/v2\/categories?post=6426"},{"taxonomy":"post_tag","embeddable":true,"href":"https:\/\/www.oarcanjo.net\/site\/wp-json\/wp\/v2\/tags?post=6426"}],"curies":[{"name":"wp","href":"https:\/\/api.w.org\/{rel}","templated":true}]}}