
{"id":6437,"date":"2014-12-09T00:54:07","date_gmt":"2014-12-09T02:54:07","guid":{"rendered":"http:\/\/www.oarcanjo.net\/site\/?p=6437"},"modified":"2014-11-11T08:19:31","modified_gmt":"2014-11-11T10:19:31","slug":"san-juan-diego","status":"publish","type":"post","link":"https:\/\/www.oarcanjo.net\/site\/san-juan-diego\/","title":{"rendered":"San Juan Diego"},"content":{"rendered":"<p><span style=\"font-size: x-small;color: #663300\">\u00a0<\/span><\/p>\n<p><span style=\"font-size: x-small;color: #663300\"><img loading=\"lazy\" decoding=\"async\" class=\"aligncenter size-full wp-image-6438\" src=\"http:\/\/www.oarcanjo.net\/site\/wp-content\/uploads\/san-juan-diego.jpg\" alt=\"san juan diego\" width=\"167\" height=\"155\" \/><\/span><\/p>\n<p>\u00a0<a id=\"thumbnail\" href=\"http:\/\/4.bp.blogspot.com\/_JnXd16RlK_c\/ST4HghXpFMI\/AAAAAAAAJEU\/qkgRDoVnY98\/s400\/juan-diego70.jpg\"><img loading=\"lazy\" decoding=\"async\" style=\"float: left;margin: 10px 10px 0px;border: 1px solid\" src=\"http:\/\/t3.gstatic.com\/images?q=tbn:syaHW21ngo3alM:http:\/\/4.bp.blogspot.com\/_JnXd16RlK_c\/ST4HghXpFMI\/AAAAAAAAJEU\/qkgRDoVnY98\/s400\/juan-diego70.jpg\" alt=\"Ver imagem em tamanho grande\" width=\"107\" height=\"121\" \/><\/a><\/p>\n<p>9 de Dezembro<\/p>\n<p style=\"text-align: center\"><strong>O Homem\u00a0pobre e humilde que teve o privil\u00e9gio da\u00a0apari\u00e7\u00e3o de &#8220;Nossa Senhora de Guadalupe&#8221;.<\/strong><\/p>\n<p><span style=\"font-size: x-small;color: #663300\">\u00a0<\/span>Os registros oficiais narram que Juan Diego, para n\u00f3s Jo\u00e3o Diego, nasceu em 1474 na calpulli, ou melhor, no bairro de Tlayacac ao norte da atual Cidade do M\u00e9xico.Era um \u00edndio nativo, que antes de ser batizado tinha o nome de Cuauhtlatoatzin, traduzido como &#8220;\u00e1guia que fala&#8221; ou &#8220;aquele que fala como \u00e1guia&#8221;.<\/p>\n<p>Era um \u00edndio pobre, pertencia \u00e0 mais baixa casta do Imp\u00e9rio Azteca, sem ser entretanto um escravo. Dedicava-se ao dif\u00edcil trabalho no campo e \u00e0 fabrica\u00e7\u00e3o de esteiras. Possu\u00eda um peda\u00e7o de terra, onde vivia feliz com a esposa numa pequena casa, mas n\u00e3o tinha filhos.<\/p>\n<p>Atra\u00eddo pela doutrina dos padres franciscanos que chegaram no M\u00e9xico em 1524, se converteu e foi batizado, junto como sua esposa. Receberam o nome crist\u00e3o de Jo\u00e3o Diego e Maria L\u00facia, respectivamente. Era um homem dedicado, religioso, que sempre se retirava para as ora\u00e7\u00f5es contemplativas e penit\u00eancias. Costumava caminhar de sua vila \u00e0 Cidade do M\u00e9xico, a catorze milhas de dist\u00e2ncia, para aprender a Palavra de Cristo. Andava descal\u00e7o, e vestia nas manh\u00e3s frias, uma roupa de tecido grosso de fibra de cactos como um manto, chamado tilma ou ayate, como todos de sua classe social.<\/p>\n<p>A esposa Maria L\u00facia ficou doente e faleceu em 1529. Ele ent\u00e3o foi morar com seu tio, diminuindo a distancia da igreja para nove milhas. Fazia esse percurso todo s\u00e1bado e domingo, saindo bem cedo, antes do amanhecer. Durante uma de suas idas \u00e0 igreja, no dia 09 de dezembro de 1531 por volta de tr\u00eas horas e meia entre a vila e a montanha, ocorreu a primeira apari\u00e7\u00e3o de Nossa Senhora de Guadalupe, num lugar hoje chamado &#8220;Capela do Cerrinho&#8221;, onde a Virgem Maria o chamou em sua l\u00edngua nativa, nahuatl, dizendo: &#8220;Jo\u00e3ozinho, Jo\u00e3o Dieguito&#8221;, &#8220;o mais humilde de meus filhos&#8221;, &#8220;meu filho ca\u00e7ula&#8221;, &#8220;meu queridinho&#8221;.<\/p>\n<p>A Virgem o encarregou de pedir ao Bispo, o franciscano Jo\u00e3o de Zum\u00e1rraga, para construir uma igreja no lugar da apari\u00e7\u00e3o. Como o Bispo n\u00e3o se convenceu, Ela sugeriu que Jo\u00e3o Diego insistisse. No dia seguinte, domingo, voltou a falar com o Bispo, que pediu provas concretas sobre a apari\u00e7\u00e3o.<\/p>\n<p>Na ter\u00e7a feira, 12 de dezembro, Jo\u00e3o Diego estava indo \u00e0 cidade, quando a Virgem apareceu e o consolou. Em seguida pediu que ele colhesse flores para Ela no alto da colina de Tepeyac. Apesar do frio inverno, ele encontrou lindas flores, que colheu, colocou no seu manto e levou para Nossa Senhora. Ela disse que as entregasse ao Bispo como prova da apari\u00e7\u00e3o. Diante do Bispo ele abriu sua t\u00fanica, as flores ca\u00edram e no tecido apareceu impressa a imagem de Nossa Senhora de Guadalupe. Tinha ent\u00e3o cinq\u00fcenta e sete anos.<\/p>\n<p>Ap\u00f3s o milagre de Guadalupe, foi morar numa sala ao lado da capela que acolheu a sagrada imagem, depois de ter passado seus neg\u00f3cios e propriedades ao seu tio. Dedicou o resto de sua vida propagando as apari\u00e7\u00f5es aos seus conterr\u00e2neos nativos, que se convertiam. Ele amou profundamente a Santa Eucaristia, e obteve uma especial permiss\u00e3o do Bispo para receber a comunh\u00e3o tr\u00eas vezes na semana, um acontecimento bastante raro naqueles dias.<\/p>\n<p>Jo\u00e3o Diego faleceu no dia 30 de maio de 1548, aos setenta e quatro anos, de morte natural.<\/p>\n<p>O Papa Jo\u00e3o Paulo II durante sua canoniza\u00e7\u00e3o em 2002, designou a festa lit\u00fargica para 09 de dezembro, dia da primeira apari\u00e7\u00e3o, e louvou Santo Jo\u00e3o Diego pela sua simples f\u00e9 nutrida pelo catecismo, como um modelo de humildade para todos n\u00f3s.<\/p>\n<div id=\"themify_builder_content-6437\" data-postid=\"6437\" class=\"themify_builder_content themify_builder_content-6437 themify_builder themify_builder_front\">\n\t<\/div>\n<!-- \/themify_builder_content -->","protected":false},"excerpt":{"rendered":"<p>\u00a0 \u00a0 9 de Dezembro O Homem\u00a0pobre e humilde que teve o privil\u00e9gio da\u00a0apari\u00e7\u00e3o de &#8220;Nossa Senhora de Guadalupe&#8221;. \u00a0Os registros oficiais narram que Juan Diego, para n\u00f3s Jo\u00e3o Diego, nasceu em 1474 na calpulli, ou melhor, no bairro de Tlayacac ao norte da atual Cidade do M\u00e9xico.Era um \u00edndio nativo, que antes de ser [&hellip;]<\/p>\n","protected":false},"author":14,"featured_media":0,"comment_status":"open","ping_status":"open","sticky":false,"template":"","format":"standard","meta":{"ngg_post_thumbnail":0,"footnotes":""},"categories":[186],"tags":[942,1344],"yoast_head":"<!-- This site is optimized with the Yoast SEO plugin v23.5 - https:\/\/yoast.com\/wordpress\/plugins\/seo\/ -->\n<title>San Juan Diego - O Arcanjo no ar<\/title>\n<meta name=\"robots\" content=\"index, follow, max-snippet:-1, max-image-preview:large, max-video-preview:-1\" \/>\n<link rel=\"canonical\" href=\"https:\/\/www.oarcanjo.net\/site\/san-juan-diego\/\" \/>\n<meta property=\"og:locale\" content=\"pt_BR\" \/>\n<meta property=\"og:type\" content=\"article\" \/>\n<meta property=\"og:title\" content=\"San Juan Diego - O Arcanjo no ar\" \/>\n<meta property=\"og:description\" content=\"\u00a0 \u00a0 9 de Dezembro O Homem\u00a0pobre e humilde que teve o privil\u00e9gio da\u00a0apari\u00e7\u00e3o de &#8220;Nossa Senhora de Guadalupe&#8221;. \u00a0Os registros oficiais narram que Juan Diego, para n\u00f3s Jo\u00e3o Diego, nasceu em 1474 na calpulli, ou melhor, no bairro de Tlayacac ao norte da atual Cidade do M\u00e9xico.Era um \u00edndio nativo, que antes de ser [&hellip;]\" \/>\n<meta property=\"og:url\" content=\"https:\/\/www.oarcanjo.net\/site\/san-juan-diego\/\" \/>\n<meta property=\"og:site_name\" content=\"O Arcanjo no ar\" \/>\n<meta property=\"article:publisher\" content=\"https:\/\/www.facebook.com\/OArcanjoNoAr\/\" \/>\n<meta property=\"article:published_time\" content=\"2014-12-09T02:54:07+00:00\" \/>\n<meta property=\"article:modified_time\" content=\"2014-11-11T10:19:31+00:00\" \/>\n<meta property=\"og:image\" content=\"http:\/\/www.oarcanjo.net\/site\/wp-content\/uploads\/san-juan-diego.jpg\" \/>\n<meta name=\"author\" content=\"danilo\" \/>\n<meta name=\"twitter:card\" content=\"summary_large_image\" \/>\n<meta name=\"twitter:label1\" content=\"Escrito por\" \/>\n\t<meta name=\"twitter:data1\" content=\"danilo\" \/>\n\t<meta name=\"twitter:label2\" content=\"Est. tempo de leitura\" \/>\n\t<meta name=\"twitter:data2\" content=\"3 minutos\" \/>\n<script type=\"application\/ld+json\" class=\"yoast-schema-graph\">{\"@context\":\"https:\/\/schema.org\",\"@graph\":[{\"@type\":\"Article\",\"@id\":\"https:\/\/www.oarcanjo.net\/site\/san-juan-diego\/#article\",\"isPartOf\":{\"@id\":\"https:\/\/www.oarcanjo.net\/site\/san-juan-diego\/\"},\"author\":{\"name\":\"danilo\",\"@id\":\"https:\/\/www.oarcanjo.net\/site\/#\/schema\/person\/5eb9480bedd2f3c97e430ce128c29c6c\"},\"headline\":\"San Juan Diego\",\"datePublished\":\"2014-12-09T02:54:07+00:00\",\"dateModified\":\"2014-11-11T10:19:31+00:00\",\"mainEntityOfPage\":{\"@id\":\"https:\/\/www.oarcanjo.net\/site\/san-juan-diego\/\"},\"wordCount\":641,\"commentCount\":0,\"publisher\":{\"@id\":\"https:\/\/www.oarcanjo.net\/site\/#organization\"},\"image\":{\"@id\":\"https:\/\/www.oarcanjo.net\/site\/san-juan-diego\/#primaryimage\"},\"thumbnailUrl\":\"http:\/\/www.oarcanjo.net\/site\/wp-content\/uploads\/san-juan-diego.jpg\",\"keywords\":[\"Nossa Senhora de Guadalupe\",\"San Juan Diego\"],\"articleSection\":[\"Testemunhos\"],\"inLanguage\":\"pt-BR\",\"potentialAction\":[{\"@type\":\"CommentAction\",\"name\":\"Comment\",\"target\":[\"https:\/\/www.oarcanjo.net\/site\/san-juan-diego\/#respond\"]}]},{\"@type\":\"WebPage\",\"@id\":\"https:\/\/www.oarcanjo.net\/site\/san-juan-diego\/\",\"url\":\"https:\/\/www.oarcanjo.net\/site\/san-juan-diego\/\",\"name\":\"San Juan Diego - O Arcanjo no ar\",\"isPartOf\":{\"@id\":\"https:\/\/www.oarcanjo.net\/site\/#website\"},\"primaryImageOfPage\":{\"@id\":\"https:\/\/www.oarcanjo.net\/site\/san-juan-diego\/#primaryimage\"},\"image\":{\"@id\":\"https:\/\/www.oarcanjo.net\/site\/san-juan-diego\/#primaryimage\"},\"thumbnailUrl\":\"http:\/\/www.oarcanjo.net\/site\/wp-content\/uploads\/san-juan-diego.jpg\",\"datePublished\":\"2014-12-09T02:54:07+00:00\",\"dateModified\":\"2014-11-11T10:19:31+00:00\",\"breadcrumb\":{\"@id\":\"https:\/\/www.oarcanjo.net\/site\/san-juan-diego\/#breadcrumb\"},\"inLanguage\":\"pt-BR\",\"potentialAction\":[{\"@type\":\"ReadAction\",\"target\":[\"https:\/\/www.oarcanjo.net\/site\/san-juan-diego\/\"]}]},{\"@type\":\"ImageObject\",\"inLanguage\":\"pt-BR\",\"@id\":\"https:\/\/www.oarcanjo.net\/site\/san-juan-diego\/#primaryimage\",\"url\":\"https:\/\/www.oarcanjo.net\/site\/wp-content\/uploads\/san-juan-diego.jpg\",\"contentUrl\":\"https:\/\/www.oarcanjo.net\/site\/wp-content\/uploads\/san-juan-diego.jpg\",\"width\":\"87\",\"height\":\"121\"},{\"@type\":\"BreadcrumbList\",\"@id\":\"https:\/\/www.oarcanjo.net\/site\/san-juan-diego\/#breadcrumb\",\"itemListElement\":[{\"@type\":\"ListItem\",\"position\":1,\"name\":\"In\u00edcio\",\"item\":\"https:\/\/www.oarcanjo.net\/site\/\"},{\"@type\":\"ListItem\",\"position\":2,\"name\":\"San Juan Diego\"}]},{\"@type\":\"WebSite\",\"@id\":\"https:\/\/www.oarcanjo.net\/site\/#website\",\"url\":\"https:\/\/www.oarcanjo.net\/site\/\",\"name\":\"O Arcanjo no ar\",\"description\":\"Site da Par\u00f3quia S\u00e3o Miguel Arcanjo (Arquidiocese de SP)\",\"publisher\":{\"@id\":\"https:\/\/www.oarcanjo.net\/site\/#organization\"},\"potentialAction\":[{\"@type\":\"SearchAction\",\"target\":{\"@type\":\"EntryPoint\",\"urlTemplate\":\"https:\/\/www.oarcanjo.net\/site\/?s={search_term_string}\"},\"query-input\":{\"@type\":\"PropertyValueSpecification\",\"valueRequired\":true,\"valueName\":\"search_term_string\"}}],\"inLanguage\":\"pt-BR\"},{\"@type\":\"Organization\",\"@id\":\"https:\/\/www.oarcanjo.net\/site\/#organization\",\"name\":\"Par\u00f3quia S\u00e3o Miguel Arcanjo\",\"url\":\"https:\/\/www.oarcanjo.net\/site\/\",\"logo\":{\"@type\":\"ImageObject\",\"inLanguage\":\"pt-BR\",\"@id\":\"https:\/\/www.oarcanjo.net\/site\/#\/schema\/logo\/image\/\",\"url\":\"https:\/\/www.oarcanjo.net\/site\/wp-content\/uploads\/LogoOArcanjo.png\",\"contentUrl\":\"https:\/\/www.oarcanjo.net\/site\/wp-content\/uploads\/LogoOArcanjo.png\",\"width\":319,\"height\":99,\"caption\":\"Par\u00f3quia S\u00e3o Miguel Arcanjo\"},\"image\":{\"@id\":\"https:\/\/www.oarcanjo.net\/site\/#\/schema\/logo\/image\/\"},\"sameAs\":[\"https:\/\/www.facebook.com\/OArcanjoNoAr\/\"]},{\"@type\":\"Person\",\"@id\":\"https:\/\/www.oarcanjo.net\/site\/#\/schema\/person\/5eb9480bedd2f3c97e430ce128c29c6c\",\"name\":\"danilo\"}]}<\/script>\n<!-- \/ Yoast SEO plugin. -->","yoast_head_json":{"title":"San Juan Diego - O Arcanjo no ar","robots":{"index":"index","follow":"follow","max-snippet":"max-snippet:-1","max-image-preview":"max-image-preview:large","max-video-preview":"max-video-preview:-1"},"canonical":"https:\/\/www.oarcanjo.net\/site\/san-juan-diego\/","og_locale":"pt_BR","og_type":"article","og_title":"San Juan Diego - O Arcanjo no ar","og_description":"\u00a0 \u00a0 9 de Dezembro O Homem\u00a0pobre e humilde que teve o privil\u00e9gio da\u00a0apari\u00e7\u00e3o de &#8220;Nossa Senhora de Guadalupe&#8221;. \u00a0Os registros oficiais narram que Juan Diego, para n\u00f3s Jo\u00e3o Diego, nasceu em 1474 na calpulli, ou melhor, no bairro de Tlayacac ao norte da atual Cidade do M\u00e9xico.Era um \u00edndio nativo, que antes de ser [&hellip;]","og_url":"https:\/\/www.oarcanjo.net\/site\/san-juan-diego\/","og_site_name":"O Arcanjo no ar","article_publisher":"https:\/\/www.facebook.com\/OArcanjoNoAr\/","article_published_time":"2014-12-09T02:54:07+00:00","article_modified_time":"2014-11-11T10:19:31+00:00","og_image":[{"url":"http:\/\/www.oarcanjo.net\/site\/wp-content\/uploads\/san-juan-diego.jpg"}],"author":"danilo","twitter_card":"summary_large_image","twitter_misc":{"Escrito por":"danilo","Est. tempo de leitura":"3 minutos"},"schema":{"@context":"https:\/\/schema.org","@graph":[{"@type":"Article","@id":"https:\/\/www.oarcanjo.net\/site\/san-juan-diego\/#article","isPartOf":{"@id":"https:\/\/www.oarcanjo.net\/site\/san-juan-diego\/"},"author":{"name":"danilo","@id":"https:\/\/www.oarcanjo.net\/site\/#\/schema\/person\/5eb9480bedd2f3c97e430ce128c29c6c"},"headline":"San Juan Diego","datePublished":"2014-12-09T02:54:07+00:00","dateModified":"2014-11-11T10:19:31+00:00","mainEntityOfPage":{"@id":"https:\/\/www.oarcanjo.net\/site\/san-juan-diego\/"},"wordCount":641,"commentCount":0,"publisher":{"@id":"https:\/\/www.oarcanjo.net\/site\/#organization"},"image":{"@id":"https:\/\/www.oarcanjo.net\/site\/san-juan-diego\/#primaryimage"},"thumbnailUrl":"http:\/\/www.oarcanjo.net\/site\/wp-content\/uploads\/san-juan-diego.jpg","keywords":["Nossa Senhora de Guadalupe","San Juan Diego"],"articleSection":["Testemunhos"],"inLanguage":"pt-BR","potentialAction":[{"@type":"CommentAction","name":"Comment","target":["https:\/\/www.oarcanjo.net\/site\/san-juan-diego\/#respond"]}]},{"@type":"WebPage","@id":"https:\/\/www.oarcanjo.net\/site\/san-juan-diego\/","url":"https:\/\/www.oarcanjo.net\/site\/san-juan-diego\/","name":"San Juan Diego - O Arcanjo no ar","isPartOf":{"@id":"https:\/\/www.oarcanjo.net\/site\/#website"},"primaryImageOfPage":{"@id":"https:\/\/www.oarcanjo.net\/site\/san-juan-diego\/#primaryimage"},"image":{"@id":"https:\/\/www.oarcanjo.net\/site\/san-juan-diego\/#primaryimage"},"thumbnailUrl":"http:\/\/www.oarcanjo.net\/site\/wp-content\/uploads\/san-juan-diego.jpg","datePublished":"2014-12-09T02:54:07+00:00","dateModified":"2014-11-11T10:19:31+00:00","breadcrumb":{"@id":"https:\/\/www.oarcanjo.net\/site\/san-juan-diego\/#breadcrumb"},"inLanguage":"pt-BR","potentialAction":[{"@type":"ReadAction","target":["https:\/\/www.oarcanjo.net\/site\/san-juan-diego\/"]}]},{"@type":"ImageObject","inLanguage":"pt-BR","@id":"https:\/\/www.oarcanjo.net\/site\/san-juan-diego\/#primaryimage","url":"https:\/\/www.oarcanjo.net\/site\/wp-content\/uploads\/san-juan-diego.jpg","contentUrl":"https:\/\/www.oarcanjo.net\/site\/wp-content\/uploads\/san-juan-diego.jpg","width":"87","height":"121"},{"@type":"BreadcrumbList","@id":"https:\/\/www.oarcanjo.net\/site\/san-juan-diego\/#breadcrumb","itemListElement":[{"@type":"ListItem","position":1,"name":"In\u00edcio","item":"https:\/\/www.oarcanjo.net\/site\/"},{"@type":"ListItem","position":2,"name":"San Juan Diego"}]},{"@type":"WebSite","@id":"https:\/\/www.oarcanjo.net\/site\/#website","url":"https:\/\/www.oarcanjo.net\/site\/","name":"O Arcanjo no ar","description":"Site da Par\u00f3quia S\u00e3o Miguel Arcanjo (Arquidiocese de SP)","publisher":{"@id":"https:\/\/www.oarcanjo.net\/site\/#organization"},"potentialAction":[{"@type":"SearchAction","target":{"@type":"EntryPoint","urlTemplate":"https:\/\/www.oarcanjo.net\/site\/?s={search_term_string}"},"query-input":{"@type":"PropertyValueSpecification","valueRequired":true,"valueName":"search_term_string"}}],"inLanguage":"pt-BR"},{"@type":"Organization","@id":"https:\/\/www.oarcanjo.net\/site\/#organization","name":"Par\u00f3quia S\u00e3o Miguel Arcanjo","url":"https:\/\/www.oarcanjo.net\/site\/","logo":{"@type":"ImageObject","inLanguage":"pt-BR","@id":"https:\/\/www.oarcanjo.net\/site\/#\/schema\/logo\/image\/","url":"https:\/\/www.oarcanjo.net\/site\/wp-content\/uploads\/LogoOArcanjo.png","contentUrl":"https:\/\/www.oarcanjo.net\/site\/wp-content\/uploads\/LogoOArcanjo.png","width":319,"height":99,"caption":"Par\u00f3quia S\u00e3o Miguel Arcanjo"},"image":{"@id":"https:\/\/www.oarcanjo.net\/site\/#\/schema\/logo\/image\/"},"sameAs":["https:\/\/www.facebook.com\/OArcanjoNoAr\/"]},{"@type":"Person","@id":"https:\/\/www.oarcanjo.net\/site\/#\/schema\/person\/5eb9480bedd2f3c97e430ce128c29c6c","name":"danilo"}]}},"publishpress_future_action":{"enabled":false,"date":"2026-05-08 17:45:15","action":"category","newStatus":"draft","terms":[],"taxonomy":"category"},"publishpress_future_workflow_manual_trigger":{"enabledWorkflows":[]},"_links":{"self":[{"href":"https:\/\/www.oarcanjo.net\/site\/wp-json\/wp\/v2\/posts\/6437"}],"collection":[{"href":"https:\/\/www.oarcanjo.net\/site\/wp-json\/wp\/v2\/posts"}],"about":[{"href":"https:\/\/www.oarcanjo.net\/site\/wp-json\/wp\/v2\/types\/post"}],"author":[{"embeddable":true,"href":"https:\/\/www.oarcanjo.net\/site\/wp-json\/wp\/v2\/users\/14"}],"replies":[{"embeddable":true,"href":"https:\/\/www.oarcanjo.net\/site\/wp-json\/wp\/v2\/comments?post=6437"}],"version-history":[{"count":0,"href":"https:\/\/www.oarcanjo.net\/site\/wp-json\/wp\/v2\/posts\/6437\/revisions"}],"wp:attachment":[{"href":"https:\/\/www.oarcanjo.net\/site\/wp-json\/wp\/v2\/media?parent=6437"}],"wp:term":[{"taxonomy":"category","embeddable":true,"href":"https:\/\/www.oarcanjo.net\/site\/wp-json\/wp\/v2\/categories?post=6437"},{"taxonomy":"post_tag","embeddable":true,"href":"https:\/\/www.oarcanjo.net\/site\/wp-json\/wp\/v2\/tags?post=6437"}],"curies":[{"name":"wp","href":"https:\/\/api.w.org\/{rel}","templated":true}]}}