
{"id":64421,"date":"2015-08-03T21:21:00","date_gmt":"2015-08-04T00:21:00","guid":{"rendered":"http:\/\/www.oarcanjo.net\/site\/?p=64421"},"modified":"2015-08-03T21:21:00","modified_gmt":"2015-08-04T00:21:00","slug":"os-migrantes-e-a-favela-de-calais","status":"publish","type":"post","link":"https:\/\/www.oarcanjo.net\/site\/os-migrantes-e-a-favela-de-calais\/","title":{"rendered":"Os migrantes e a favela de Calais"},"content":{"rendered":"<p style=\"text-align: justify;\"><em>Pe. Alfredo J. Gon\u00e7alves, cs<\/em><\/p>\n<p style=\"text-align: justify;\">Em torno de 5 mil imigrantes e refugiados encontram-se acampados numa esp\u00e9cie de \u201cfavela\u201d junto \u00e0 cidade portu\u00e1ria de Calais, no extremo norte da Fran\u00e7a. Sua esperan\u00e7a \u00e9 cruzar o Eurot\u00fanel que liga esse pa\u00eds \u00e0 Inglaterra, sob o canal da Mancha.<\/p>\n<p style=\"text-align: justify;\">A duras penas, ap\u00f3s a <em>via crucis<\/em> de deixar o pr\u00f3prio pa\u00eds escapando da pobreza ou viol\u00eancia, cruzar o Mediterr\u00e2neo e atravessar todo o territ\u00f3rio de It\u00e1lia e Fran\u00e7a, tentam agora infiltrar-se no tr\u00e1fico do Eurot\u00fanel.<\/p>\n<p style=\"text-align: justify;\">As autoridades francesas e brit\u00e2nicas, junto com a pol\u00edcia de ambos os lados, os recha\u00e7am de todos os modos. Erguem muros e cercas de arame farpado ao redor da entrada e sa\u00edda do t\u00fanel. Mas os migrantes seguem pressionando: abrem buracos nos obst\u00e1culos para atingir o outro lado do canal.<\/p>\n<p style=\"text-align: justify;\">Nas vizinhan\u00e7as do canal, s\u00e3o frequentes os conflitos entre policiais e migrantes. Estes, a bem dizer, j\u00e1 criaram uma \u201cnova\u201d e prec\u00e1ria \u00a0cidade nos arredores de Calais.<\/p>\n<p style=\"text-align: justify;\">Essa press\u00e3o crece e sobe do norte da \u00c1frica e do Oriente M\u00e9dio em dire\u00e7\u00e3o ao velho continente europeu. Ali, bate-se com redobrada for\u00e7a contra a intoler\u00e2ncia da Uni\u00e3o Europeia diante da imigra\u00e7\u00e3o. E \u00e9 justamente David Cameron, Prmeiro Ministro do Reino Unido quem vem mostrando particular intrasig\u00eancia.<\/p>\n<p style=\"text-align: justify;\">Uma e outra vez, s\u00f3s ou em grupos, os migrantes tentam romper a barreira. Descobertos, voltam atr\u00e1s e come\u00e7am a preparar uma nova investida. Est\u00e1 em jogo a sobreviv\u00eancia, os direitos e a dignidade humana e, num voo mais ousado, um futuro diferente do que lhes reserva a terra de origem.<\/p>\n<p style=\"text-align: justify;\">Mas est\u00e1 em jogo n\u00e3o apenas o amanh\u00e3 dos migrantes, mas tamb\u00e9m o futuro dos pr\u00f3prios pa\u00edses que lhes negam a entrada. Constituem sociedades envelhecidas, avizinhando-se ao outono, que necessitam de for\u00e7a jovem para trabalhar e contribuir com o desenvolvimento. Uma nova p\u00e1gina da hist\u00f3ria est\u00e1 sendo escrita.<\/p>\n<p style=\"text-align: justify;\">\n<p style=\"text-align: justify;\">\n<div id=\"themify_builder_content-64421\" data-postid=\"64421\" class=\"themify_builder_content themify_builder_content-64421 themify_builder themify_builder_front\">\n\t<\/div>\n<!-- \/themify_builder_content -->","protected":false},"excerpt":{"rendered":"<p>Pe. Alfredo J. Gon\u00e7alves, cs Em torno de 5 mil imigrantes e refugiados encontram-se acampados numa esp\u00e9cie de \u201cfavela\u201d junto \u00e0 cidade portu\u00e1ria de Calais, no extremo norte da Fran\u00e7a. Sua esperan\u00e7a \u00e9 cruzar o Eurot\u00fanel que liga esse pa\u00eds \u00e0 Inglaterra, sob o canal da Mancha. A duras penas, ap\u00f3s a via crucis de [&hellip;]<\/p>\n","protected":false},"author":15,"featured_media":0,"comment_status":"open","ping_status":"open","sticky":false,"template":"","format":"standard","meta":{"ngg_post_thumbnail":0,"footnotes":""},"categories":[9],"tags":[],"yoast_head":"<!-- This site is optimized with the Yoast SEO plugin v23.5 - https:\/\/yoast.com\/wordpress\/plugins\/seo\/ -->\n<title>Os migrantes e a favela de Calais - O Arcanjo no ar<\/title>\n<meta name=\"robots\" content=\"index, follow, max-snippet:-1, max-image-preview:large, max-video-preview:-1\" \/>\n<link rel=\"canonical\" href=\"https:\/\/www.oarcanjo.net\/site\/os-migrantes-e-a-favela-de-calais\/\" \/>\n<meta property=\"og:locale\" content=\"pt_BR\" \/>\n<meta property=\"og:type\" content=\"article\" \/>\n<meta property=\"og:title\" content=\"Os migrantes e a favela de Calais - O Arcanjo no ar\" \/>\n<meta property=\"og:description\" content=\"Pe. Alfredo J. Gon\u00e7alves, cs Em torno de 5 mil imigrantes e refugiados encontram-se acampados numa esp\u00e9cie de \u201cfavela\u201d junto \u00e0 cidade portu\u00e1ria de Calais, no extremo norte da Fran\u00e7a. Sua esperan\u00e7a \u00e9 cruzar o Eurot\u00fanel que liga esse pa\u00eds \u00e0 Inglaterra, sob o canal da Mancha. A duras penas, ap\u00f3s a via crucis de [&hellip;]\" \/>\n<meta property=\"og:url\" content=\"https:\/\/www.oarcanjo.net\/site\/os-migrantes-e-a-favela-de-calais\/\" \/>\n<meta property=\"og:site_name\" content=\"O Arcanjo no ar\" \/>\n<meta property=\"article:publisher\" content=\"https:\/\/www.facebook.com\/OArcanjoNoAr\/\" \/>\n<meta property=\"article:published_time\" content=\"2015-08-04T00:21:00+00:00\" \/>\n<meta property=\"og:image\" content=\"https:\/\/www.oarcanjo.net\/site\/wp-content\/uploads\/logo-o-arcanjo-no-ar-facebook.png\" \/>\n\t<meta property=\"og:image:width\" content=\"300\" \/>\n\t<meta property=\"og:image:height\" content=\"300\" \/>\n\t<meta property=\"og:image:type\" content=\"image\/png\" \/>\n<meta name=\"author\" content=\"Alexandre Nunes\" \/>\n<meta name=\"twitter:card\" content=\"summary_large_image\" \/>\n<meta name=\"twitter:label1\" content=\"Escrito por\" \/>\n\t<meta name=\"twitter:data1\" content=\"Alexandre Nunes\" \/>\n\t<meta name=\"twitter:label2\" content=\"Est. tempo de leitura\" \/>\n\t<meta name=\"twitter:data2\" content=\"2 minutos\" \/>\n<script type=\"application\/ld+json\" class=\"yoast-schema-graph\">{\"@context\":\"https:\/\/schema.org\",\"@graph\":[{\"@type\":\"Article\",\"@id\":\"https:\/\/www.oarcanjo.net\/site\/os-migrantes-e-a-favela-de-calais\/#article\",\"isPartOf\":{\"@id\":\"https:\/\/www.oarcanjo.net\/site\/os-migrantes-e-a-favela-de-calais\/\"},\"author\":{\"name\":\"Alexandre Nunes\",\"@id\":\"https:\/\/www.oarcanjo.net\/site\/#\/schema\/person\/0a2ae077c1a09b69d29928e3b9f1c0d1\"},\"headline\":\"Os migrantes e a favela de Calais\",\"datePublished\":\"2015-08-04T00:21:00+00:00\",\"dateModified\":\"2015-08-04T00:21:00+00:00\",\"mainEntityOfPage\":{\"@id\":\"https:\/\/www.oarcanjo.net\/site\/os-migrantes-e-a-favela-de-calais\/\"},\"wordCount\":354,\"commentCount\":0,\"publisher\":{\"@id\":\"https:\/\/www.oarcanjo.net\/site\/#organization\"},\"articleSection\":[\"Reflex\u00f5es\"],\"inLanguage\":\"pt-BR\",\"potentialAction\":[{\"@type\":\"CommentAction\",\"name\":\"Comment\",\"target\":[\"https:\/\/www.oarcanjo.net\/site\/os-migrantes-e-a-favela-de-calais\/#respond\"]}]},{\"@type\":\"WebPage\",\"@id\":\"https:\/\/www.oarcanjo.net\/site\/os-migrantes-e-a-favela-de-calais\/\",\"url\":\"https:\/\/www.oarcanjo.net\/site\/os-migrantes-e-a-favela-de-calais\/\",\"name\":\"Os migrantes e a favela de Calais - O Arcanjo no ar\",\"isPartOf\":{\"@id\":\"https:\/\/www.oarcanjo.net\/site\/#website\"},\"datePublished\":\"2015-08-04T00:21:00+00:00\",\"dateModified\":\"2015-08-04T00:21:00+00:00\",\"breadcrumb\":{\"@id\":\"https:\/\/www.oarcanjo.net\/site\/os-migrantes-e-a-favela-de-calais\/#breadcrumb\"},\"inLanguage\":\"pt-BR\",\"potentialAction\":[{\"@type\":\"ReadAction\",\"target\":[\"https:\/\/www.oarcanjo.net\/site\/os-migrantes-e-a-favela-de-calais\/\"]}]},{\"@type\":\"BreadcrumbList\",\"@id\":\"https:\/\/www.oarcanjo.net\/site\/os-migrantes-e-a-favela-de-calais\/#breadcrumb\",\"itemListElement\":[{\"@type\":\"ListItem\",\"position\":1,\"name\":\"In\u00edcio\",\"item\":\"https:\/\/www.oarcanjo.net\/site\/\"},{\"@type\":\"ListItem\",\"position\":2,\"name\":\"Os migrantes e a favela de Calais\"}]},{\"@type\":\"WebSite\",\"@id\":\"https:\/\/www.oarcanjo.net\/site\/#website\",\"url\":\"https:\/\/www.oarcanjo.net\/site\/\",\"name\":\"O Arcanjo no ar\",\"description\":\"Site da Par\u00f3quia S\u00e3o Miguel Arcanjo (Arquidiocese de SP)\",\"publisher\":{\"@id\":\"https:\/\/www.oarcanjo.net\/site\/#organization\"},\"potentialAction\":[{\"@type\":\"SearchAction\",\"target\":{\"@type\":\"EntryPoint\",\"urlTemplate\":\"https:\/\/www.oarcanjo.net\/site\/?s={search_term_string}\"},\"query-input\":{\"@type\":\"PropertyValueSpecification\",\"valueRequired\":true,\"valueName\":\"search_term_string\"}}],\"inLanguage\":\"pt-BR\"},{\"@type\":\"Organization\",\"@id\":\"https:\/\/www.oarcanjo.net\/site\/#organization\",\"name\":\"Par\u00f3quia S\u00e3o Miguel Arcanjo\",\"url\":\"https:\/\/www.oarcanjo.net\/site\/\",\"logo\":{\"@type\":\"ImageObject\",\"inLanguage\":\"pt-BR\",\"@id\":\"https:\/\/www.oarcanjo.net\/site\/#\/schema\/logo\/image\/\",\"url\":\"https:\/\/www.oarcanjo.net\/site\/wp-content\/uploads\/LogoOArcanjo.png\",\"contentUrl\":\"https:\/\/www.oarcanjo.net\/site\/wp-content\/uploads\/LogoOArcanjo.png\",\"width\":319,\"height\":99,\"caption\":\"Par\u00f3quia S\u00e3o Miguel Arcanjo\"},\"image\":{\"@id\":\"https:\/\/www.oarcanjo.net\/site\/#\/schema\/logo\/image\/\"},\"sameAs\":[\"https:\/\/www.facebook.com\/OArcanjoNoAr\/\"]},{\"@type\":\"Person\",\"@id\":\"https:\/\/www.oarcanjo.net\/site\/#\/schema\/person\/0a2ae077c1a09b69d29928e3b9f1c0d1\",\"name\":\"Alexandre Nunes\",\"sameAs\":[\"http:\/\/alexandrenu.com\"]}]}<\/script>\n<!-- \/ Yoast SEO plugin. -->","yoast_head_json":{"title":"Os migrantes e a favela de Calais - O Arcanjo no ar","robots":{"index":"index","follow":"follow","max-snippet":"max-snippet:-1","max-image-preview":"max-image-preview:large","max-video-preview":"max-video-preview:-1"},"canonical":"https:\/\/www.oarcanjo.net\/site\/os-migrantes-e-a-favela-de-calais\/","og_locale":"pt_BR","og_type":"article","og_title":"Os migrantes e a favela de Calais - O Arcanjo no ar","og_description":"Pe. Alfredo J. Gon\u00e7alves, cs Em torno de 5 mil imigrantes e refugiados encontram-se acampados numa esp\u00e9cie de \u201cfavela\u201d junto \u00e0 cidade portu\u00e1ria de Calais, no extremo norte da Fran\u00e7a. Sua esperan\u00e7a \u00e9 cruzar o Eurot\u00fanel que liga esse pa\u00eds \u00e0 Inglaterra, sob o canal da Mancha. A duras penas, ap\u00f3s a via crucis de [&hellip;]","og_url":"https:\/\/www.oarcanjo.net\/site\/os-migrantes-e-a-favela-de-calais\/","og_site_name":"O Arcanjo no ar","article_publisher":"https:\/\/www.facebook.com\/OArcanjoNoAr\/","article_published_time":"2015-08-04T00:21:00+00:00","og_image":[{"width":300,"height":300,"url":"https:\/\/www.oarcanjo.net\/site\/wp-content\/uploads\/logo-o-arcanjo-no-ar-facebook.png","type":"image\/png"}],"author":"Alexandre Nunes","twitter_card":"summary_large_image","twitter_misc":{"Escrito por":"Alexandre Nunes","Est. tempo de leitura":"2 minutos"},"schema":{"@context":"https:\/\/schema.org","@graph":[{"@type":"Article","@id":"https:\/\/www.oarcanjo.net\/site\/os-migrantes-e-a-favela-de-calais\/#article","isPartOf":{"@id":"https:\/\/www.oarcanjo.net\/site\/os-migrantes-e-a-favela-de-calais\/"},"author":{"name":"Alexandre Nunes","@id":"https:\/\/www.oarcanjo.net\/site\/#\/schema\/person\/0a2ae077c1a09b69d29928e3b9f1c0d1"},"headline":"Os migrantes e a favela de Calais","datePublished":"2015-08-04T00:21:00+00:00","dateModified":"2015-08-04T00:21:00+00:00","mainEntityOfPage":{"@id":"https:\/\/www.oarcanjo.net\/site\/os-migrantes-e-a-favela-de-calais\/"},"wordCount":354,"commentCount":0,"publisher":{"@id":"https:\/\/www.oarcanjo.net\/site\/#organization"},"articleSection":["Reflex\u00f5es"],"inLanguage":"pt-BR","potentialAction":[{"@type":"CommentAction","name":"Comment","target":["https:\/\/www.oarcanjo.net\/site\/os-migrantes-e-a-favela-de-calais\/#respond"]}]},{"@type":"WebPage","@id":"https:\/\/www.oarcanjo.net\/site\/os-migrantes-e-a-favela-de-calais\/","url":"https:\/\/www.oarcanjo.net\/site\/os-migrantes-e-a-favela-de-calais\/","name":"Os migrantes e a favela de Calais - O Arcanjo no ar","isPartOf":{"@id":"https:\/\/www.oarcanjo.net\/site\/#website"},"datePublished":"2015-08-04T00:21:00+00:00","dateModified":"2015-08-04T00:21:00+00:00","breadcrumb":{"@id":"https:\/\/www.oarcanjo.net\/site\/os-migrantes-e-a-favela-de-calais\/#breadcrumb"},"inLanguage":"pt-BR","potentialAction":[{"@type":"ReadAction","target":["https:\/\/www.oarcanjo.net\/site\/os-migrantes-e-a-favela-de-calais\/"]}]},{"@type":"BreadcrumbList","@id":"https:\/\/www.oarcanjo.net\/site\/os-migrantes-e-a-favela-de-calais\/#breadcrumb","itemListElement":[{"@type":"ListItem","position":1,"name":"In\u00edcio","item":"https:\/\/www.oarcanjo.net\/site\/"},{"@type":"ListItem","position":2,"name":"Os migrantes e a favela de Calais"}]},{"@type":"WebSite","@id":"https:\/\/www.oarcanjo.net\/site\/#website","url":"https:\/\/www.oarcanjo.net\/site\/","name":"O Arcanjo no ar","description":"Site da Par\u00f3quia S\u00e3o Miguel Arcanjo (Arquidiocese de SP)","publisher":{"@id":"https:\/\/www.oarcanjo.net\/site\/#organization"},"potentialAction":[{"@type":"SearchAction","target":{"@type":"EntryPoint","urlTemplate":"https:\/\/www.oarcanjo.net\/site\/?s={search_term_string}"},"query-input":{"@type":"PropertyValueSpecification","valueRequired":true,"valueName":"search_term_string"}}],"inLanguage":"pt-BR"},{"@type":"Organization","@id":"https:\/\/www.oarcanjo.net\/site\/#organization","name":"Par\u00f3quia S\u00e3o Miguel Arcanjo","url":"https:\/\/www.oarcanjo.net\/site\/","logo":{"@type":"ImageObject","inLanguage":"pt-BR","@id":"https:\/\/www.oarcanjo.net\/site\/#\/schema\/logo\/image\/","url":"https:\/\/www.oarcanjo.net\/site\/wp-content\/uploads\/LogoOArcanjo.png","contentUrl":"https:\/\/www.oarcanjo.net\/site\/wp-content\/uploads\/LogoOArcanjo.png","width":319,"height":99,"caption":"Par\u00f3quia S\u00e3o Miguel Arcanjo"},"image":{"@id":"https:\/\/www.oarcanjo.net\/site\/#\/schema\/logo\/image\/"},"sameAs":["https:\/\/www.facebook.com\/OArcanjoNoAr\/"]},{"@type":"Person","@id":"https:\/\/www.oarcanjo.net\/site\/#\/schema\/person\/0a2ae077c1a09b69d29928e3b9f1c0d1","name":"Alexandre Nunes","sameAs":["http:\/\/alexandrenu.com"]}]}},"publishpress_future_action":{"enabled":false,"date":"2026-05-08 21:26:34","action":"category","newStatus":"draft","terms":[],"taxonomy":"category"},"publishpress_future_workflow_manual_trigger":{"enabledWorkflows":[]},"_links":{"self":[{"href":"https:\/\/www.oarcanjo.net\/site\/wp-json\/wp\/v2\/posts\/64421"}],"collection":[{"href":"https:\/\/www.oarcanjo.net\/site\/wp-json\/wp\/v2\/posts"}],"about":[{"href":"https:\/\/www.oarcanjo.net\/site\/wp-json\/wp\/v2\/types\/post"}],"author":[{"embeddable":true,"href":"https:\/\/www.oarcanjo.net\/site\/wp-json\/wp\/v2\/users\/15"}],"replies":[{"embeddable":true,"href":"https:\/\/www.oarcanjo.net\/site\/wp-json\/wp\/v2\/comments?post=64421"}],"version-history":[{"count":0,"href":"https:\/\/www.oarcanjo.net\/site\/wp-json\/wp\/v2\/posts\/64421\/revisions"}],"wp:attachment":[{"href":"https:\/\/www.oarcanjo.net\/site\/wp-json\/wp\/v2\/media?parent=64421"}],"wp:term":[{"taxonomy":"category","embeddable":true,"href":"https:\/\/www.oarcanjo.net\/site\/wp-json\/wp\/v2\/categories?post=64421"},{"taxonomy":"post_tag","embeddable":true,"href":"https:\/\/www.oarcanjo.net\/site\/wp-json\/wp\/v2\/tags?post=64421"}],"curies":[{"name":"wp","href":"https:\/\/api.w.org\/{rel}","templated":true}]}}