
{"id":6445,"date":"2014-12-09T00:10:28","date_gmt":"2014-12-09T02:10:28","guid":{"rendered":"http:\/\/www.oarcanjo.net\/site\/?p=6445"},"modified":"2014-11-11T08:19:25","modified_gmt":"2014-11-11T10:19:25","slug":"sao-pedro-fourier","status":"publish","type":"post","link":"https:\/\/www.oarcanjo.net\/site\/sao-pedro-fourier\/","title":{"rendered":"S\u00e3o Pedro Fourier"},"content":{"rendered":"<p><span><img loading=\"lazy\" decoding=\"async\" src=\"http:\/\/t1.gstatic.com\/images?q=tbn:1pn5oi_-dm53qM:http:\/\/www.paginaoriente.com\/santos\/crpf.jpg&amp;t=1\" alt=\"\" width=\"156\" height=\"236\" \/>\u00a0<\/span><\/p>\n<p><span>\u00a0<\/span><span style=\"font-size: medium\"><span>9 de Dezembro<\/span><\/span><\/p>\n<p><span style=\"font-size: medium\"><span>FUNDADOR DAS RELIGIOSAS DE NOSSA SENHORA<\/span><\/span><\/p>\n<p><span style=\"font-size: medium\"><span>&#8211; C\u00d4NEGAS REGULARES DE SANTO AGOSTINHO <\/span><\/span><\/p>\n<p><span style=\"font-size: medium\"><span><span style=\"font-size: medium\"><span><span style=\"font-size: medium\"><span>\u00a0<\/span><\/span><\/span><\/span><\/span><\/span><\/p>\n<p>S\u00e3o Pedro Fourier nasceu em 1565, em Mirecourt, pequena aldeia de Lorena, de pais pobres, por\u00e9m virtuosos.\u00a0 De boa \u00edndole, era Pedro uma crian\u00e7a piedosa e pouco afeita aos prazeres juvenis. Nos estudos que fez em Pont-a-Mousson, teve ocasi\u00e3o de revelar os belos talentos e n\u00e3o tardou que, entre todos os condisc\u00edpulos, se distinguisse pelo saber e preparo intelectual extraordin\u00e1rio. Como professor e\u00a0 educador, revelava qualidades superiores, tanto que de prefer\u00eancia se\u00a0 lhe confiavam as\u00a0 crian\u00e7as, \u00e0s quais sabia incutir amor ao trabalho, temor de Deus e\u00a0 respeito \u00e0 inoc\u00eancia e pureza d\u2019alma.\u00a0 Na idade de vinte anos, entrou para a Ordem dos C\u00f4negos de Santo Agostinho, onde mais se dedicou \u00e0 vida religiosa;\u00a0 fez o curso de filosofia, para um ano depois ser ordenado sacerdote.<\/p>\n<p>\u00a0\u00a0\u00a0\u00a0\u00a0\u00a0\u00a0\u00a0\u00a0\u00a0\u00a0\u00a0\u00a0\u00a0\u00a0\u00a0\u00a0\u00a0\u00a0\u00a0\u00a0\u00a0\u00a0\u00a0\u00a0\u00a0\u00a0\u00a0\u00a0\u00a0\u00a0\u00a0\u00a0\u00a0\u00a0\u00a0\u00a0\u00a0\u00a0\u00a0\u00a0\u00a0 O zelo, a virtude do jovem levita, desgostou bastante os companheiros da Ordem, os quais, para se verem livres do inc\u00f4modo monitor,\u00a0 trataram de afast\u00e1-lo. Foram-lhe oferecidas tr\u00eas par\u00f3quias, entre as quais escolhesse a que mais lhe agradasse.\u00a0 Tendo ouvido a opini\u00e3o de um parente, Padre Jo\u00e3o Fourier, da Companhia de Jesus, escolheu n\u00e3o a mais rendosa e menos trabalhosa, mas a que mais esfor\u00e7o lhe exigia e menos rendimento oferecia.\u00a0 De fato, a freguesia de sua escolha tinha t\u00e3o m\u00e1 fama, que era chamada Genebra em miniatura (Genebra era a sede do calvinismo e cidade corrompida).<\/p>\n<p>\u00a0\u00a0\u00a0\u00a0\u00a0\u00a0\u00a0\u00a0\u00a0\u00a0\u00a0\u00a0\u00a0\u00a0\u00a0\u00a0\u00a0\u00a0\u00a0\u00a0\u00a0\u00a0\u00a0\u00a0\u00a0\u00a0\u00a0\u00a0\u00a0\u00a0\u00a0\u00a0\u00a0\u00a0\u00a0\u00a0\u00a0\u00a0\u00a0\u00a0\u00a0 Tr\u00eas anos trabalhou Fourier naquela Par\u00f3quia. Pela dedica\u00e7\u00e3o, palavra e ora\u00e7\u00e3o, fez com que se verificasse uma remodela\u00e7\u00e3o tal entre os fi\u00e9is, que mereceu os maiores elogios dos bispos. N\u00e3o satisfeito com o trabalho que a par\u00f3quia lhe dava,\u00a0 Fourier\u00a0 estendia\u00a0 sua atividade a outras localidades, onde igualmente conseguiu a convers\u00e3o de muitos, a reforma dos costumes e a extin\u00e7\u00e3o da heresia calvinista. O ducado de Salm, onde imperava o calvinismo, Fourier em menos de seis meses o reconquistou \u00e0 f\u00e9 cat\u00f3lica.\u00a0 Mais \u00e1rduo foi o trabalho da reforma nos conventos. Mas, com a gra\u00e7a de Deus e a persist\u00eancia dos conselhos, neles conseguiu o restabelecimento da disciplina mon\u00e1stica.\u00a0<\/p>\n<p>\u00a0\u00a0\u00a0\u00a0\u00a0\u00a0\u00a0\u00a0\u00a0\u00a0\u00a0\u00a0\u00a0\u00a0\u00a0\u00a0\u00a0\u00a0\u00a0\u00a0\u00a0\u00a0\u00a0\u00a0\u00a0\u00a0\u00a0\u00a0\u00a0\u00a0\u00a0\u00a0\u00a0\u00a0\u00a0\u00a0\u00a0\u00a0\u00a0\u00a0\u00a0 Grande merecimento teve Fourier com a funda\u00e7\u00e3o de uma Congrega\u00e7\u00e3o religiosa, feminina, dedicada a Nossa Senhora. As religiosas desta Congrega\u00e7\u00e3o destinavam-se, al\u00e9m da vida religiosa,\u00a0 ao ensinamento da mocidade feminina. Fourier teve a\u00a0 satisfa\u00e7\u00e3o de obter para esta obra a aprova\u00e7\u00e3o apost\u00f3lica e v\u00ea-la difundir-se com grande rapidez.\u00a0<\/p>\n<p>\u00a0\u00a0\u00a0\u00a0\u00a0\u00a0\u00a0\u00a0\u00a0\u00a0\u00a0\u00a0\u00a0\u00a0\u00a0\u00a0\u00a0\u00a0\u00a0\u00a0\u00a0\u00a0\u00a0\u00a0\u00a0\u00a0\u00a0\u00a0\u00a0\u00a0\u00a0\u00a0\u00a0\u00a0\u00a0\u00a0\u00a0\u00a0\u00a0\u00a0\u00a0 Ao trabalho da Congrega\u00e7\u00e3o, associou-se a\u00a0 responsabilidade de superior dos C\u00f4negos Regulares. Tamb\u00e9m desse cargo, Fourier se\u00a0 desempenhou com toda a dignidade e m\u00e1xima compet\u00eancia.\u00a0<\/p>\n<p>\u00a0\u00a0\u00a0\u00a0\u00a0\u00a0\u00a0\u00a0\u00a0\u00a0\u00a0\u00a0\u00a0\u00a0\u00a0\u00a0\u00a0\u00a0\u00a0\u00a0\u00a0\u00a0\u00a0\u00a0\u00a0\u00a0\u00a0\u00a0\u00a0\u00a0\u00a0\u00a0\u00a0\u00a0\u00a0\u00a0\u00a0\u00a0\u00a0\u00a0\u00a0 Graves perturba\u00e7\u00f5es obrigaram-no a sair de Lorena e\u00a0 domiciliar-se em Gray, na Borgonha, onde se dedicou inteiramente ao servi\u00e7o da inf\u00e2ncia.\u00a0<\/p>\n<p>\u00a0\u00a0\u00a0\u00a0\u00a0\u00a0\u00a0\u00a0\u00a0\u00a0\u00a0\u00a0\u00a0\u00a0\u00a0\u00a0\u00a0\u00a0\u00a0\u00a0\u00a0\u00a0\u00a0\u00a0\u00a0\u00a0\u00a0\u00a0\u00a0\u00a0\u00a0\u00a0\u00a0\u00a0\u00a0\u00a0\u00a0\u00a0\u00a0\u00a0\u00a0 Mestre abalizado em todas as\u00a0 virtudes, mais se distinguia no amor de Deus e\u00a0 do pr\u00f3ximo. \u00c0 ora\u00e7\u00e3o pertencia todo o\u00a0 tempo que lhe sobrava dos trabalhos do estado, A maior parte da noite passava-a em exerc\u00edcios de piedade. Trabalho nenhum come\u00e7ava, sem invocar o aux\u00edlio divino.\u00a0 Em tudo o que fazia,\u00a0 visava a gl\u00f3ria de Deus e o cumprimento da vontade divina. A todos que lhe pediam conselho, recomendava que fizessem sempre o que mais agradasse a Deu,\u00a0 e que fosse evitada a mais leve sombra do pecado.<\/p>\n<p>\u00a0\u00a0\u00a0\u00a0\u00a0\u00a0\u00a0\u00a0\u00a0\u00a0\u00a0\u00a0\u00a0\u00a0\u00a0\u00a0\u00a0\u00a0\u00a0\u00a0\u00a0\u00a0\u00a0\u00a0\u00a0\u00a0\u00a0\u00a0\u00a0\u00a0\u00a0\u00a0\u00a0\u00a0\u00a0\u00a0\u00a0\u00a0\u00a0\u00a0\u00a0 Sendo eleito superior geral da Ordem, reservou para si o servi\u00e7o de enfermeiro.\u00a0 Tratar dos doentes era-lhe uma del\u00edcia, e era de ver com quanto carinho, com quanta dedica\u00e7\u00e3o, n\u00e3o se entregava a\u00a0 esse of\u00edcio, por todos considerado o mais penoso.\u00a0 Maior ainda\u00a0 era o zelo que tinha pela salva\u00e7\u00e3o das almas.\u00a0 Para reconduzir algu\u00e9m ao caminho da f\u00e9 e da virtude, para fortalecer outros na pr\u00e1tica do bem, Fourier n\u00e3o media sacrif\u00edcios. \u00c0 convers\u00e3o dos hereges, \u00e0 penit\u00eancia dos pecadores,\u00a0 \u00e0 perseveran\u00e7a dos justos, dedicava muita ora\u00e7\u00e3o,\u00a0 muita mortifica\u00e7\u00e3o, e aplicava muitas vezes o santo sacrif\u00edcio da Missa.<\/p>\n<p>\u00a0\u00a0\u00a0\u00a0\u00a0\u00a0\u00a0\u00a0\u00a0\u00a0\u00a0\u00a0\u00a0\u00a0\u00a0\u00a0\u00a0\u00a0\u00a0\u00a0\u00a0\u00a0\u00a0\u00a0\u00a0\u00a0\u00a0\u00a0\u00a0\u00a0\u00a0\u00a0\u00a0\u00a0\u00a0\u00a0\u00a0\u00a0\u00a0\u00a0\u00a0 Imaculada conservou Fourier a\u00a0 inoc\u00eancia batismal, fugindo de tudo que a pudesse macular. Sendo inevit\u00e1vel tratar com pessoas de outro sexo, sempre se havia com\u00a0 a maior prud\u00eancia. Era inimigo declarado de toda palavra menos honesta e de modinhas livres. Como vig\u00e1rio, envidou todos os esfor\u00e7os para extirpar na par\u00f3quia o que pudesse\u00a0 ofender a boa moral.<\/p>\n<p>\u00a0\u00a0\u00a0\u00a0\u00a0\u00a0\u00a0\u00a0\u00a0\u00a0\u00a0\u00a0\u00a0\u00a0\u00a0\u00a0\u00a0\u00a0\u00a0\u00a0\u00a0\u00a0\u00a0\u00a0\u00a0\u00a0\u00a0\u00a0\u00a0\u00a0\u00a0\u00a0\u00a0\u00a0\u00a0\u00a0\u00a0\u00a0\u00a0\u00a0\u00a0 A Vida de Fourier era a pr\u00e1tica de penit\u00eancia ininterrupta.\u00a0 Freq\u00fcentes vezes entremeava dias de\u00a0 completo jejum. Tinha por indument\u00e1ria, um h\u00e1bito de fazenda \u00e1spera e grossa. O leito era uma t\u00e1bua e, livros, substitu\u00edam o travesseiro. N\u00e3o satisfeito com essas mortifica\u00e7\u00f5es, sujeitava o corpo a rudes penit\u00eancias, at\u00e9 correr sangue.\u00a0<\/p>\n<p>\u00a0\u00a0\u00a0\u00a0\u00a0\u00a0\u00a0\u00a0\u00a0\u00a0\u00a0\u00a0\u00a0\u00a0\u00a0\u00a0\u00a0\u00a0\u00a0\u00a0\u00a0\u00a0\u00a0\u00a0\u00a0\u00a0\u00a0\u00a0\u00a0\u00a0\u00a0\u00a0\u00a0\u00a0\u00a0\u00a0\u00a0\u00a0\u00a0\u00a0\u00a0 Como pren\u00fancio da morte, Deus mandou-lhe uma febre violenta.\u00a0 Sentindo a \u00faltima hora aproximar-se, recebeu os Santos Sacramentos com uma devo\u00e7\u00e3o que a todos edificou.\u00a0 Ora beijava ternamente o crucifixo, ora com os olhos, procurava a imagem de Maria Sant\u00edssima, enquanto os l\u00e1bios formulavam a piedosa prece: \u201cMaria, mostrai que sois minha m\u00e3e. Como M\u00e3e minha, sempre vos invoquei, n\u00e3o rejeiteis agora o vosso filho adotivo.\u201d.\u00a0\u00a0<\/p>\n<p>\u00a0\u00a0\u00a0\u00a0\u00a0\u00a0\u00a0\u00a0\u00a0\u00a0\u00a0\u00a0\u00a0\u00a0\u00a0\u00a0\u00a0\u00a0\u00a0\u00a0\u00a0\u00a0\u00a0\u00a0\u00a0\u00a0\u00a0\u00a0\u00a0\u00a0\u00a0\u00a0\u00a0\u00a0\u00a0\u00a0\u00a0\u00a0\u00a0\u00a0\u00a0 A \u00faltima satisfa\u00e7\u00e3o que teve, foi poder celebrar ainda a\u00a0 festa da Imaculada Concei\u00e7\u00e3o. No dia seguinte, aos 09 de dezembro de 1640, sua alma deixou esta terra, para entrar no reino do Pai celeste. \u00c0s 11 horas da noite, o\u00a0 santo servo de Deus,\u00a0 fez o sinal da cruz por tr\u00eas vezes e, os seus olhos, fecharam-se para sempre.\u00a0 Fourier foi canonizado em 1897 pelo Papa Le\u00e3o XIII.<\/p>\n<p><a href=\";\"><\/a><\/p>\n<p><span>\u00a0<\/span><\/p>\n<p><strong><span style=\"text-decoration: underline\">Breve hist\u00f3rico da Congrega\u00e7\u00e3o<\/span><\/strong>\u00a0\u00a0\u00a0\u00a0\u00a0\u00a0\u00a0\u00a0\u00a0\u00a0\u00a0\u00a0\u00a0\u00a0\u00a0\u00a0<\/p>\n<p>\u00a0\u00a0\u00a0\u00a0\u00a0\u00a0\u00a0\u00a0\u00a0\u00a0\u00a0\u00a0\u00a0\u00a0\u00a0\u00a0\u00a0\u00a0\u00a0\u00a0\u00a0\u00a0\u00a0\u00a0\u00a0\u00a0\u00a0\u00a0\u00a0\u00a0\u00a0\u00a0\u00a0\u00a0\u00a0\u00a0\u00a0\u00a0\u00a0\u00a0\u00a0\u00a0\u00a0\u00a0\u00a0\u00a0\u00a0\u00a0\u00a0\u00a0\u00a0 A Ordem fundada em 1597 por <strong>S\u00e3o Pedro Fourier<\/strong>, em companhia do vener\u00e1vel Aleixo le Clerc, inspirada na regra de Santo Agostinho, as quais se dedicam \u00e0 pr\u00e1tica do ensino. Esta congrega\u00e7\u00e3o teve grande impulso e espalhou-se rapidamente na Alemanha e na Franca. . Fourier teve a\u00a0 satisfa\u00e7\u00e3o de obter para esta obra a aprova\u00e7\u00e3o apost\u00f3lica e v\u00ea-la difundir-se com grande rapidez.\u00a0<\/p>\n<p>\u00a0\u00a0\u00a0\u00a0\u00a0\u00a0\u00a0\u00a0\u00a0\u00a0\u00a0\u00a0\u00a0\u00a0\u00a0\u00a0\u00a0\u00a0\u00a0\u00a0\u00a0\u00a0\u00a0\u00a0\u00a0\u00a0\u00a0\u00a0\u00a0\u00a0\u00a0\u00a0\u00a0\u00a0\u00a0\u00a0\u00a0\u00a0\u00a0\u00a0\u00a0\u00a0\u00a0\u00a0\u00a0\u00a0\u00a0\u00a0\u00a0\u00a0\u00a0 Ao trabalho da Congrega\u00e7\u00e3o, associou-se a\u00a0 responsabilidade de superior dos C\u00f4negos Regulares. Tamb\u00e9m desse cargo, Fourier se\u00a0 desempenhou com toda a dignidade e m\u00e1xima compet\u00eancia.\u00a0No Brasil, temos o Col\u00e9gio \u201cDes Oiseaux\u201d , em S\u00e3o Paulo, dirigido pelas irm\u00e3s da Congrega\u00e7\u00e3o.<\/p>\n<div id=\"themify_builder_content-6445\" data-postid=\"6445\" class=\"themify_builder_content themify_builder_content-6445 themify_builder themify_builder_front\">\n\t<\/div>\n<!-- \/themify_builder_content -->","protected":false},"excerpt":{"rendered":"<p>\u00a0 \u00a09 de Dezembro FUNDADOR DAS RELIGIOSAS DE NOSSA SENHORA &#8211; C\u00d4NEGAS REGULARES DE SANTO AGOSTINHO \u00a0 S\u00e3o Pedro Fourier nasceu em 1565, em Mirecourt, pequena aldeia de Lorena, de pais pobres, por\u00e9m virtuosos.\u00a0 De boa \u00edndole, era Pedro uma crian\u00e7a piedosa e pouco afeita aos prazeres juvenis. Nos estudos que fez em Pont-a-Mousson, teve [&hellip;]<\/p>\n","protected":false},"author":14,"featured_media":0,"comment_status":"open","ping_status":"open","sticky":false,"template":"","format":"standard","meta":{"ngg_post_thumbnail":0,"footnotes":""},"categories":[186],"tags":[],"yoast_head":"<!-- This site is optimized with the Yoast SEO plugin v23.5 - https:\/\/yoast.com\/wordpress\/plugins\/seo\/ -->\n<title>S\u00e3o Pedro Fourier - O Arcanjo no ar<\/title>\n<meta name=\"robots\" content=\"index, follow, max-snippet:-1, max-image-preview:large, max-video-preview:-1\" \/>\n<link rel=\"canonical\" href=\"https:\/\/www.oarcanjo.net\/site\/sao-pedro-fourier\/\" \/>\n<meta property=\"og:locale\" content=\"pt_BR\" \/>\n<meta property=\"og:type\" content=\"article\" \/>\n<meta property=\"og:title\" content=\"S\u00e3o Pedro Fourier - O Arcanjo no ar\" \/>\n<meta property=\"og:description\" content=\"\u00a0 \u00a09 de Dezembro FUNDADOR DAS RELIGIOSAS DE NOSSA SENHORA &#8211; C\u00d4NEGAS REGULARES DE SANTO AGOSTINHO \u00a0 S\u00e3o Pedro Fourier nasceu em 1565, em Mirecourt, pequena aldeia de Lorena, de pais pobres, por\u00e9m virtuosos.\u00a0 De boa \u00edndole, era Pedro uma crian\u00e7a piedosa e pouco afeita aos prazeres juvenis. Nos estudos que fez em Pont-a-Mousson, teve [&hellip;]\" \/>\n<meta property=\"og:url\" content=\"https:\/\/www.oarcanjo.net\/site\/sao-pedro-fourier\/\" \/>\n<meta property=\"og:site_name\" content=\"O Arcanjo no ar\" \/>\n<meta property=\"article:publisher\" content=\"https:\/\/www.facebook.com\/OArcanjoNoAr\/\" \/>\n<meta property=\"article:published_time\" content=\"2014-12-09T02:10:28+00:00\" \/>\n<meta property=\"article:modified_time\" content=\"2014-11-11T10:19:25+00:00\" \/>\n<meta property=\"og:image\" content=\"http:\/\/t1.gstatic.com\/images?q=tbn:1pn5oi_-dm53qM:http:\/\/www.paginaoriente.com\/santos\/crpf.jpg&amp;t=1\" \/>\n<meta name=\"author\" content=\"danilo\" \/>\n<meta name=\"twitter:card\" content=\"summary_large_image\" \/>\n<meta name=\"twitter:label1\" content=\"Escrito por\" \/>\n\t<meta name=\"twitter:data1\" content=\"danilo\" \/>\n\t<meta name=\"twitter:label2\" content=\"Est. tempo de leitura\" \/>\n\t<meta name=\"twitter:data2\" content=\"5 minutos\" \/>\n<script type=\"application\/ld+json\" class=\"yoast-schema-graph\">{\"@context\":\"https:\/\/schema.org\",\"@graph\":[{\"@type\":\"Article\",\"@id\":\"https:\/\/www.oarcanjo.net\/site\/sao-pedro-fourier\/#article\",\"isPartOf\":{\"@id\":\"https:\/\/www.oarcanjo.net\/site\/sao-pedro-fourier\/\"},\"author\":{\"name\":\"danilo\",\"@id\":\"https:\/\/www.oarcanjo.net\/site\/#\/schema\/person\/5eb9480bedd2f3c97e430ce128c29c6c\"},\"headline\":\"S\u00e3o Pedro Fourier\",\"datePublished\":\"2014-12-09T02:10:28+00:00\",\"dateModified\":\"2014-11-11T10:19:25+00:00\",\"mainEntityOfPage\":{\"@id\":\"https:\/\/www.oarcanjo.net\/site\/sao-pedro-fourier\/\"},\"wordCount\":1086,\"commentCount\":0,\"publisher\":{\"@id\":\"https:\/\/www.oarcanjo.net\/site\/#organization\"},\"image\":{\"@id\":\"https:\/\/www.oarcanjo.net\/site\/sao-pedro-fourier\/#primaryimage\"},\"thumbnailUrl\":\"http:\/\/t1.gstatic.com\/images?q=tbn:1pn5oi_-dm53qM:http:\/\/www.paginaoriente.com\/santos\/crpf.jpg&amp;t=1\",\"articleSection\":[\"Testemunhos\"],\"inLanguage\":\"pt-BR\",\"potentialAction\":[{\"@type\":\"CommentAction\",\"name\":\"Comment\",\"target\":[\"https:\/\/www.oarcanjo.net\/site\/sao-pedro-fourier\/#respond\"]}]},{\"@type\":\"WebPage\",\"@id\":\"https:\/\/www.oarcanjo.net\/site\/sao-pedro-fourier\/\",\"url\":\"https:\/\/www.oarcanjo.net\/site\/sao-pedro-fourier\/\",\"name\":\"S\u00e3o Pedro Fourier - O Arcanjo no ar\",\"isPartOf\":{\"@id\":\"https:\/\/www.oarcanjo.net\/site\/#website\"},\"primaryImageOfPage\":{\"@id\":\"https:\/\/www.oarcanjo.net\/site\/sao-pedro-fourier\/#primaryimage\"},\"image\":{\"@id\":\"https:\/\/www.oarcanjo.net\/site\/sao-pedro-fourier\/#primaryimage\"},\"thumbnailUrl\":\"http:\/\/t1.gstatic.com\/images?q=tbn:1pn5oi_-dm53qM:http:\/\/www.paginaoriente.com\/santos\/crpf.jpg&amp;t=1\",\"datePublished\":\"2014-12-09T02:10:28+00:00\",\"dateModified\":\"2014-11-11T10:19:25+00:00\",\"breadcrumb\":{\"@id\":\"https:\/\/www.oarcanjo.net\/site\/sao-pedro-fourier\/#breadcrumb\"},\"inLanguage\":\"pt-BR\",\"potentialAction\":[{\"@type\":\"ReadAction\",\"target\":[\"https:\/\/www.oarcanjo.net\/site\/sao-pedro-fourier\/\"]}]},{\"@type\":\"ImageObject\",\"inLanguage\":\"pt-BR\",\"@id\":\"https:\/\/www.oarcanjo.net\/site\/sao-pedro-fourier\/#primaryimage\",\"url\":\"http:\/\/t1.gstatic.com\/images?q=tbn:1pn5oi_-dm53qM:http:\/\/www.paginaoriente.com\/santos\/crpf.jpg&amp;t=1\",\"contentUrl\":\"http:\/\/t1.gstatic.com\/images?q=tbn:1pn5oi_-dm53qM:http:\/\/www.paginaoriente.com\/santos\/crpf.jpg&amp;t=1\"},{\"@type\":\"BreadcrumbList\",\"@id\":\"https:\/\/www.oarcanjo.net\/site\/sao-pedro-fourier\/#breadcrumb\",\"itemListElement\":[{\"@type\":\"ListItem\",\"position\":1,\"name\":\"In\u00edcio\",\"item\":\"https:\/\/www.oarcanjo.net\/site\/\"},{\"@type\":\"ListItem\",\"position\":2,\"name\":\"S\u00e3o Pedro Fourier\"}]},{\"@type\":\"WebSite\",\"@id\":\"https:\/\/www.oarcanjo.net\/site\/#website\",\"url\":\"https:\/\/www.oarcanjo.net\/site\/\",\"name\":\"O Arcanjo no ar\",\"description\":\"Site da Par\u00f3quia S\u00e3o Miguel Arcanjo (Arquidiocese de SP)\",\"publisher\":{\"@id\":\"https:\/\/www.oarcanjo.net\/site\/#organization\"},\"potentialAction\":[{\"@type\":\"SearchAction\",\"target\":{\"@type\":\"EntryPoint\",\"urlTemplate\":\"https:\/\/www.oarcanjo.net\/site\/?s={search_term_string}\"},\"query-input\":{\"@type\":\"PropertyValueSpecification\",\"valueRequired\":true,\"valueName\":\"search_term_string\"}}],\"inLanguage\":\"pt-BR\"},{\"@type\":\"Organization\",\"@id\":\"https:\/\/www.oarcanjo.net\/site\/#organization\",\"name\":\"Par\u00f3quia S\u00e3o Miguel Arcanjo\",\"url\":\"https:\/\/www.oarcanjo.net\/site\/\",\"logo\":{\"@type\":\"ImageObject\",\"inLanguage\":\"pt-BR\",\"@id\":\"https:\/\/www.oarcanjo.net\/site\/#\/schema\/logo\/image\/\",\"url\":\"https:\/\/www.oarcanjo.net\/site\/wp-content\/uploads\/LogoOArcanjo.png\",\"contentUrl\":\"https:\/\/www.oarcanjo.net\/site\/wp-content\/uploads\/LogoOArcanjo.png\",\"width\":319,\"height\":99,\"caption\":\"Par\u00f3quia S\u00e3o Miguel Arcanjo\"},\"image\":{\"@id\":\"https:\/\/www.oarcanjo.net\/site\/#\/schema\/logo\/image\/\"},\"sameAs\":[\"https:\/\/www.facebook.com\/OArcanjoNoAr\/\"]},{\"@type\":\"Person\",\"@id\":\"https:\/\/www.oarcanjo.net\/site\/#\/schema\/person\/5eb9480bedd2f3c97e430ce128c29c6c\",\"name\":\"danilo\"}]}<\/script>\n<!-- \/ Yoast SEO plugin. -->","yoast_head_json":{"title":"S\u00e3o Pedro Fourier - O Arcanjo no ar","robots":{"index":"index","follow":"follow","max-snippet":"max-snippet:-1","max-image-preview":"max-image-preview:large","max-video-preview":"max-video-preview:-1"},"canonical":"https:\/\/www.oarcanjo.net\/site\/sao-pedro-fourier\/","og_locale":"pt_BR","og_type":"article","og_title":"S\u00e3o Pedro Fourier - O Arcanjo no ar","og_description":"\u00a0 \u00a09 de Dezembro FUNDADOR DAS RELIGIOSAS DE NOSSA SENHORA &#8211; C\u00d4NEGAS REGULARES DE SANTO AGOSTINHO \u00a0 S\u00e3o Pedro Fourier nasceu em 1565, em Mirecourt, pequena aldeia de Lorena, de pais pobres, por\u00e9m virtuosos.\u00a0 De boa \u00edndole, era Pedro uma crian\u00e7a piedosa e pouco afeita aos prazeres juvenis. Nos estudos que fez em Pont-a-Mousson, teve [&hellip;]","og_url":"https:\/\/www.oarcanjo.net\/site\/sao-pedro-fourier\/","og_site_name":"O Arcanjo no ar","article_publisher":"https:\/\/www.facebook.com\/OArcanjoNoAr\/","article_published_time":"2014-12-09T02:10:28+00:00","article_modified_time":"2014-11-11T10:19:25+00:00","og_image":[{"url":"http:\/\/t1.gstatic.com\/images?q=tbn:1pn5oi_-dm53qM:http:\/\/www.paginaoriente.com\/santos\/crpf.jpg&amp;t=1"}],"author":"danilo","twitter_card":"summary_large_image","twitter_misc":{"Escrito por":"danilo","Est. tempo de leitura":"5 minutos"},"schema":{"@context":"https:\/\/schema.org","@graph":[{"@type":"Article","@id":"https:\/\/www.oarcanjo.net\/site\/sao-pedro-fourier\/#article","isPartOf":{"@id":"https:\/\/www.oarcanjo.net\/site\/sao-pedro-fourier\/"},"author":{"name":"danilo","@id":"https:\/\/www.oarcanjo.net\/site\/#\/schema\/person\/5eb9480bedd2f3c97e430ce128c29c6c"},"headline":"S\u00e3o Pedro Fourier","datePublished":"2014-12-09T02:10:28+00:00","dateModified":"2014-11-11T10:19:25+00:00","mainEntityOfPage":{"@id":"https:\/\/www.oarcanjo.net\/site\/sao-pedro-fourier\/"},"wordCount":1086,"commentCount":0,"publisher":{"@id":"https:\/\/www.oarcanjo.net\/site\/#organization"},"image":{"@id":"https:\/\/www.oarcanjo.net\/site\/sao-pedro-fourier\/#primaryimage"},"thumbnailUrl":"http:\/\/t1.gstatic.com\/images?q=tbn:1pn5oi_-dm53qM:http:\/\/www.paginaoriente.com\/santos\/crpf.jpg&amp;t=1","articleSection":["Testemunhos"],"inLanguage":"pt-BR","potentialAction":[{"@type":"CommentAction","name":"Comment","target":["https:\/\/www.oarcanjo.net\/site\/sao-pedro-fourier\/#respond"]}]},{"@type":"WebPage","@id":"https:\/\/www.oarcanjo.net\/site\/sao-pedro-fourier\/","url":"https:\/\/www.oarcanjo.net\/site\/sao-pedro-fourier\/","name":"S\u00e3o Pedro Fourier - O Arcanjo no ar","isPartOf":{"@id":"https:\/\/www.oarcanjo.net\/site\/#website"},"primaryImageOfPage":{"@id":"https:\/\/www.oarcanjo.net\/site\/sao-pedro-fourier\/#primaryimage"},"image":{"@id":"https:\/\/www.oarcanjo.net\/site\/sao-pedro-fourier\/#primaryimage"},"thumbnailUrl":"http:\/\/t1.gstatic.com\/images?q=tbn:1pn5oi_-dm53qM:http:\/\/www.paginaoriente.com\/santos\/crpf.jpg&amp;t=1","datePublished":"2014-12-09T02:10:28+00:00","dateModified":"2014-11-11T10:19:25+00:00","breadcrumb":{"@id":"https:\/\/www.oarcanjo.net\/site\/sao-pedro-fourier\/#breadcrumb"},"inLanguage":"pt-BR","potentialAction":[{"@type":"ReadAction","target":["https:\/\/www.oarcanjo.net\/site\/sao-pedro-fourier\/"]}]},{"@type":"ImageObject","inLanguage":"pt-BR","@id":"https:\/\/www.oarcanjo.net\/site\/sao-pedro-fourier\/#primaryimage","url":"http:\/\/t1.gstatic.com\/images?q=tbn:1pn5oi_-dm53qM:http:\/\/www.paginaoriente.com\/santos\/crpf.jpg&amp;t=1","contentUrl":"http:\/\/t1.gstatic.com\/images?q=tbn:1pn5oi_-dm53qM:http:\/\/www.paginaoriente.com\/santos\/crpf.jpg&amp;t=1"},{"@type":"BreadcrumbList","@id":"https:\/\/www.oarcanjo.net\/site\/sao-pedro-fourier\/#breadcrumb","itemListElement":[{"@type":"ListItem","position":1,"name":"In\u00edcio","item":"https:\/\/www.oarcanjo.net\/site\/"},{"@type":"ListItem","position":2,"name":"S\u00e3o Pedro Fourier"}]},{"@type":"WebSite","@id":"https:\/\/www.oarcanjo.net\/site\/#website","url":"https:\/\/www.oarcanjo.net\/site\/","name":"O Arcanjo no ar","description":"Site da Par\u00f3quia S\u00e3o Miguel Arcanjo (Arquidiocese de SP)","publisher":{"@id":"https:\/\/www.oarcanjo.net\/site\/#organization"},"potentialAction":[{"@type":"SearchAction","target":{"@type":"EntryPoint","urlTemplate":"https:\/\/www.oarcanjo.net\/site\/?s={search_term_string}"},"query-input":{"@type":"PropertyValueSpecification","valueRequired":true,"valueName":"search_term_string"}}],"inLanguage":"pt-BR"},{"@type":"Organization","@id":"https:\/\/www.oarcanjo.net\/site\/#organization","name":"Par\u00f3quia S\u00e3o Miguel Arcanjo","url":"https:\/\/www.oarcanjo.net\/site\/","logo":{"@type":"ImageObject","inLanguage":"pt-BR","@id":"https:\/\/www.oarcanjo.net\/site\/#\/schema\/logo\/image\/","url":"https:\/\/www.oarcanjo.net\/site\/wp-content\/uploads\/LogoOArcanjo.png","contentUrl":"https:\/\/www.oarcanjo.net\/site\/wp-content\/uploads\/LogoOArcanjo.png","width":319,"height":99,"caption":"Par\u00f3quia S\u00e3o Miguel Arcanjo"},"image":{"@id":"https:\/\/www.oarcanjo.net\/site\/#\/schema\/logo\/image\/"},"sameAs":["https:\/\/www.facebook.com\/OArcanjoNoAr\/"]},{"@type":"Person","@id":"https:\/\/www.oarcanjo.net\/site\/#\/schema\/person\/5eb9480bedd2f3c97e430ce128c29c6c","name":"danilo"}]}},"publishpress_future_action":{"enabled":false,"date":"2026-05-08 15:11:56","action":"category","newStatus":"draft","terms":[],"taxonomy":"category"},"publishpress_future_workflow_manual_trigger":{"enabledWorkflows":[]},"_links":{"self":[{"href":"https:\/\/www.oarcanjo.net\/site\/wp-json\/wp\/v2\/posts\/6445"}],"collection":[{"href":"https:\/\/www.oarcanjo.net\/site\/wp-json\/wp\/v2\/posts"}],"about":[{"href":"https:\/\/www.oarcanjo.net\/site\/wp-json\/wp\/v2\/types\/post"}],"author":[{"embeddable":true,"href":"https:\/\/www.oarcanjo.net\/site\/wp-json\/wp\/v2\/users\/14"}],"replies":[{"embeddable":true,"href":"https:\/\/www.oarcanjo.net\/site\/wp-json\/wp\/v2\/comments?post=6445"}],"version-history":[{"count":0,"href":"https:\/\/www.oarcanjo.net\/site\/wp-json\/wp\/v2\/posts\/6445\/revisions"}],"wp:attachment":[{"href":"https:\/\/www.oarcanjo.net\/site\/wp-json\/wp\/v2\/media?parent=6445"}],"wp:term":[{"taxonomy":"category","embeddable":true,"href":"https:\/\/www.oarcanjo.net\/site\/wp-json\/wp\/v2\/categories?post=6445"},{"taxonomy":"post_tag","embeddable":true,"href":"https:\/\/www.oarcanjo.net\/site\/wp-json\/wp\/v2\/tags?post=6445"}],"curies":[{"name":"wp","href":"https:\/\/api.w.org\/{rel}","templated":true}]}}