
{"id":64469,"date":"2015-08-11T11:27:58","date_gmt":"2015-08-11T14:27:58","guid":{"rendered":"http:\/\/www.oarcanjo.net\/site\/?p=64469"},"modified":"2015-08-11T11:38:26","modified_gmt":"2015-08-11T14:38:26","slug":"populacao-lgbt-em-situacao-de-rua-e-alvo-de-discriminacao-tambem-entre-sem-teto","status":"publish","type":"post","link":"https:\/\/www.oarcanjo.net\/site\/populacao-lgbt-em-situacao-de-rua-e-alvo-de-discriminacao-tambem-entre-sem-teto\/","title":{"rendered":"Popula\u00e7\u00e3o LGBT em situa\u00e7\u00e3o de rua \u00e9 alvo de discrimina\u00e7\u00e3o tamb\u00e9m entre sem-teto"},"content":{"rendered":"<div id=\"div_data\">\n<div id=\"div_data_content\">\n<div id=\"div_data_texto\">\n<div class=\"texto_autor\"><em>Marcela Belchior<\/em><\/div>\n<div class=\"texto_cidade\"><em>Adital<\/em><\/div>\n<div class=\"texto_texto\">\n<p>A popula\u00e7\u00e3o LGBT (L\u00e9sbicas, Gays, Bissexuais e Transg\u00eaneros) que vive em situa\u00e7\u00e3o de rua no Brasil sofre ainda mais viol\u00eancia e discrimina\u00e7\u00e3o do que os demais sem moradia no pa\u00eds. Al\u00e9m da exclus\u00e3o por parte da fam\u00edlia, amigos, mercado de trabalho e Poder P\u00fablico, imersos numa circunst\u00e2ncia existencial que os leva \u00e0 car\u00eancia material absoluta e ao total abandono em pra\u00e7as e cal\u00e7adas, esse p\u00fablico \u00e9 rebaixado por uma hierarquia das ruas, que os delega uma condi\u00e7\u00e3o de subordina\u00e7\u00e3o a outros tamb\u00e9m sem-teto.<\/p>\n<p>Para falar sobre o assunto, a Adital entrevistou J\u00falio Lancellotti, sacerdote cat\u00f3lico brasileiro, monsenhor e p\u00e1roco da Igreja S\u00e3o Miguel Arcanjo, na Cidade de S\u00e3o Paulo, e coordenador da Pastoral da Popula\u00e7\u00e3o da Rua em S\u00e3o Paulo. O padre, que \u00e9 tamb\u00e9m pedagogo e te\u00f3logo, doutorHonoris Causa pela Pontif\u00edcia Universidade Cat\u00f3lica de S\u00e3o Paulo (PUC-SP), dedica grande parte de sua atua\u00e7\u00e3o ao trabalho social, especialmente junto a crian\u00e7as e adolescentes infratores, detentos em liberdade assistida, pacientes soropositivos, popula\u00e7\u00f5es de baixa renda e em situa\u00e7\u00e3o de rua.<\/p>\n<p>&#8220;Eles s\u00e3o (&#8230;) rejeitados pelo pr\u00f3prio segmento da popula\u00e7\u00e3o de rua, que tem uma rela\u00e7\u00e3o de amor e \u00f3dio. S\u00e3o eles que lavam a roupa dos outros, eles s\u00e3o rejeitados, mas t\u00eam os companheiros\u201d, conta o sacerdote. &#8220;T\u00eam tamb\u00e9m prote\u00e7\u00e3o. Pois os que s\u00e3o mais discriminadores s\u00e3o os que marcam depois encontro com eles. \u00c9 uma rela\u00e7\u00e3o de tens\u00e3o\u201d, pondera.<\/p>\n<p>Lancellotti critica os abrigos destinados \u00e0 popula\u00e7\u00e3o LBGT que vive nas ruas, argumentando que o m\u00e9todo fortalece a segrega\u00e7\u00e3o; denuncia uma pol\u00edtica higienista por parte da Prefeitura de S\u00e3o Paulo e aponta a omiss\u00e3o da m\u00eddia na cobertura dessa quest\u00e3o social, sempre idealizando e se eximindo de conhecer a fundo a realidade. Repreende o que seria uma cultura &#8220;cachorroc\u00eantrica\u201d da sociedade paulistana, na qual se valoriza mais os cachorros do que o ser humano, que vive no abandono das esquinas da capital.<\/p>\n<table>\n<tbody>\n<tr>\n<td><img loading=\"lazy\" decoding=\"async\" class=\"alignnone size-full wp-image-64476\" src=\"http:\/\/www.oarcanjo.net\/site\/wp-content\/uploads\/2015_08_pejulio_reproducao.jpg\" alt=\"Pe. Julio Lancellotti\" width=\"600\" height=\"338\" srcset=\"https:\/\/www.oarcanjo.net\/site\/wp-content\/uploads\/2015_08_pejulio_reproducao.jpg 600w, https:\/\/www.oarcanjo.net\/site\/wp-content\/uploads\/2015_08_pejulio_reproducao-300x169.jpg 300w\" sizes=\"(max-width: 600px) 100vw, 600px\" \/><\/td>\n<\/tr>\n<tr>\n<td><sub>Padre J\u00falio Lancellotti \u00e9 p\u00e1roco da Igreja S\u00e3o Migel Arcanjo, em S\u00e3o Paulo, e atua, principalmente, junto \u00e0 popula\u00e7\u00e3o em situa\u00e7\u00e3o de rua. Foto: Reprodu\u00e7\u00e3o.<\/sub><\/td>\n<\/tr>\n<\/tbody>\n<\/table>\n<p><strong>ADITAL &#8211; Como avalia a situa\u00e7\u00e3o da popula\u00e7\u00e3o LGBT que vive nas ruas do Brasil?<\/strong><\/p>\n<p><strong>J\u00falio Lancellotti &#8211;<\/strong> A situa\u00e7\u00e3o da popula\u00e7\u00e3o de rua LGBT \u00e9 a mesma que toda a popula\u00e7\u00e3o LGBT vive no Brasil, agravada pela exposi\u00e7\u00e3o na rua, sofrendo viol\u00eancia e discrimina\u00e7\u00e3o potencializada. Sem nenhuma prote\u00e7\u00e3o, sofrem ainda mais da repress\u00e3o das pol\u00edcias. Nem sempre encontram prote\u00e7\u00e3o, apoio e autonomia. Posso falar a partir da popula\u00e7\u00e3o LGBT que vive na cidade de S\u00e3o Paulo, que eu conhe\u00e7o mais. H\u00e1 peculiaridades em v\u00e1rias cidades do Brasil. Essa popula\u00e7\u00e3o \u00e9 facilmente identific\u00e1vel. A discrimina\u00e7\u00e3o e o preconceito crescem pelas circunst\u00e2ncias de vida deles, e acabam sendo extremamente feridos, sofridos e discriminados.<\/p>\n<p><strong>ADITAL &#8211; Quais os desafios enfrentados por essas pessoas? Houve avan\u00e7os nos direitos humanos dos sem-teto LGBT?<\/strong><\/p>\n<p><strong>JL \u2013<\/strong> Enfrentam desafios comuns \u00e0 popula\u00e7\u00e3o de rua, mais o preconceito e discrimina\u00e7\u00e3o, ass\u00e9dio e at\u00e9 a necessidade de prostitu\u00edrem-se, doen\u00e7as, abandono e imensa car\u00eancia afetiva, e busca de prote\u00e7\u00e3o. Existem quest\u00f5es espec\u00edficas, de sobreviv\u00eancia. Quest\u00f5es espec\u00edficas da \u00e1rea de sa\u00fade, dos atendimentos. H\u00e1 algumas tentativas, como em S\u00e3o Paulo, onde se fez um centro de acolhida espec\u00edfico para eles. A grande pergunta \u00e9: n\u00e3o deveriam estar integrados em todos os espa\u00e7os, aprenderem a lidar, aceitar e conviver, sem que sejam massacradas? Tem que ter um espa\u00e7o onde tenha um banheiro que eles possam usar ou em todo lugar tem que ter um banheiro para eles?<\/p>\n<p><strong>ADITAL &#8211; Como os governos t\u00eam lidado com as pessoas em situa\u00e7\u00e3o de rua e, em especial, com os LGBT?<\/strong><\/p>\n<p><strong>JL \u2013<\/strong> Existem leis, propostas, mas, em geral, impositivas e verticais. H\u00e1 muita press\u00e3o e programas sucateados e improvisados. Nos momentos de crise como agora, s\u00e3o os primeiros afetados. O grupo LGBT recebe respostas parciais e n\u00e3o atingem todos. Como esse espa\u00e7o espec\u00edfico, mas que tem v\u00e1rias outras quest\u00f5es. Por que eles ficam no centro de acolhida? Como eles podem ter acesso \u00e0 quest\u00e3o da moradia e serem respeitados?<\/p>\n<p><strong>ADITAL &#8211; Como \u00e9 a conviv\u00eancia do povo em situa\u00e7\u00e3o de rua com os LGBT, que tamb\u00e9m vivem na rua?<\/strong><\/p>\n<p><strong>JL \u2013<\/strong> A popula\u00e7\u00e3o de rua reproduz os mesmos preconceitos, mas convive, \u00e0s vezes, de maneira conflitiva e contradit\u00f3ria. Rejeita e estabelece rela\u00e7\u00f5es afetivas. Pelo que eu percebo, \u00e9 uma rela\u00e7\u00e3o contradit\u00f3ria e cheia de contrastes. Eles s\u00e3o tamb\u00e9m, muitas vezes, rejeitados pelo pr\u00f3prio segmento da popula\u00e7\u00e3o de rua, que tem uma rela\u00e7\u00e3o de amor e \u00f3dio. S\u00e3o eles que lavam a roupa dos outros, s\u00e3o rejeitados, mas t\u00eam os companheiros. T\u00eam tamb\u00e9m prote\u00e7\u00e3o. Pois os que s\u00e3o mais discriminadores s\u00e3o os que marcam, depois, encontro com eles. \u00c9 uma rela\u00e7\u00e3o de tens\u00e3o.<\/p>\n<table>\n<tbody>\n<tr>\n<td><img loading=\"lazy\" decoding=\"async\" class=\"alignnone size-full wp-image-64475\" src=\"http:\/\/www.oarcanjo.net\/site\/wp-content\/uploads\/2015_08_homem_deitado_reproducao.jpg\" alt=\"Popula\u00e7\u00e3o em situa\u00e7\u00e3o de rua\" width=\"600\" height=\"310\" srcset=\"https:\/\/www.oarcanjo.net\/site\/wp-content\/uploads\/2015_08_homem_deitado_reproducao.jpg 600w, https:\/\/www.oarcanjo.net\/site\/wp-content\/uploads\/2015_08_homem_deitado_reproducao-300x155.jpg 300w\" sizes=\"(max-width: 600px) 100vw, 600px\" \/><\/td>\n<\/tr>\n<tr>\n<td><sub>Viol\u00eancia e discrimina\u00e7\u00e3o contra a popula\u00e7\u00e3o em situa\u00e7\u00e3o de rua se potencializa quando se trata do segmento LGBT. Foto: Reprodu\u00e7\u00e3o.<\/sub><\/td>\n<\/tr>\n<\/tbody>\n<\/table>\n<p><strong>ADITAL &#8211; \u00c9 poss\u00edvel identificar pontos em comum nas hist\u00f3rias do LGBT em situa\u00e7\u00e3o de rua? Como foram parar nessa condi\u00e7\u00e3o?<\/strong><\/p>\n<p><strong>JL \u2013<\/strong> A popula\u00e7\u00e3o de rua reproduz os mesmos preconceitos, rejeita e estabelece rela\u00e7\u00f5es afetivas. Tem o conflito com a fam\u00edlia, com a comunidade local. E uma coisa que me chama muito a aten\u00e7\u00e3o: os conflitos religiosos. De igrejas que n\u00e3o aceitam algumas denomina\u00e7\u00f5es, que os acaba expulsando do conv\u00edvio religioso. Esses grupos, em geral, s\u00e3o fam\u00edlias tamb\u00e9m, que, por causa da situa\u00e7\u00e3o religiosa, s\u00e3o intolerantes e n\u00e3o aceitam, de forma alguma, a conviv\u00eancia. Querem que as pessoas mudem. Esses que est\u00e3o na rua s\u00e3o os que assumem sua condi\u00e7\u00e3o, vivem sua condi\u00e7\u00e3o e acabam ficando na rua, porque n\u00e3o t\u00eam nenhum espa\u00e7o social de acolhimento.<\/p>\n<p>Eu me lembro muito bem de um jovem que estava me dizendo do conflito que ele tinha com o pai, no grupo da igreja, e eu perguntei para ele: &#8220;quem \u00e9 que te aceita, d\u00e1 carinho e gosta de voc\u00ea?\u201d. E ele disse: &#8220;Minha av\u00f3\u201d. &#8220;Como tua av\u00f3 te trata?\u201d. &#8220;Me d\u00e1 carinho, me agrada, me d\u00e1 comida, quer que eu v\u00e1 para a casa dela, tomar banho. Tem compaix\u00e3o pelo meu sofrimento, \u00e9 muito afetuosa comigo\u201d. Eu disse: &#8220;Deus te ama como a sua av\u00f3\u201d. Ent\u00e3o, ele ficou muito surpreendido. &#8220;Deus me ama? Por que ele me fez mulher num corpo de homem?\u201d. Ent\u00e3o, s\u00e3o conflitos muito fortes. \u00c9 uma quest\u00e3o existencial, dentro do simbolismo das quest\u00f5es sociais. Isso se agrava e agudiza, jogando essas pessoas nas ruas.<\/p>\n<p><strong>ADITAL &#8211; Qual sua avalia\u00e7\u00e3o sobre a rela\u00e7\u00e3o da m\u00eddia com o povo em situa\u00e7\u00e3o de rua? Qual a imagem disseminada?<\/strong><\/p>\n<p><strong>JL \u2013<\/strong> A rela\u00e7\u00e3o com a m\u00eddia \u00e9 conflitiva, espetacular e de n\u00e3o entendimento do mundo da rua e suas consequ\u00eancias. Na maior parte das vezes, \u00e9 um interesse factual, um interesse epis\u00f3dico. N\u00e3o tem nenhum interesse existencial, nenhum processo de vida dessas pessoas. \u00c9 como tudo: uma pessoa foi queimada, ent\u00e3o, isto \u00e9 not\u00edcia; se ela achou uma carteira, isto \u00e9 not\u00edcia. \u00c9 sempre nesse mundo do consumo. Consumo das pessoas e das not\u00edcias. Todas as discuss\u00f5es s\u00e3o imediatistas, pragm\u00e1ticas e de consumo.<\/p>\n<p><strong>ADITAL &#8211; Como a sociedade se relaciona com o povo em situa\u00e7\u00e3o de rua?<\/strong><\/p>\n<p><strong>JL \u2013<\/strong> Que sociedade? Eles n\u00e3o fazem parte desta t\u00e3o falada sociedade. H\u00e1 uma dissocia\u00e7\u00e3o do real, do que \u00e9 simbolizado, na medida em que se quer vender a imagem de uma pessoa inofensiva, um &#8220;coitadinho\u201d. E essas pessoas carregam tamb\u00e9m contradi\u00e7\u00f5es, desejos, buscas, revotas. Eles s\u00e3o quase pasteurizadas. Eles s\u00e3o marcados pela m\u00eddia, pelo consumismo. As rela\u00e7\u00f5es reais s\u00e3o muito conflitivas. \u00c0s vezes, a m\u00eddia passa uma vis\u00e3o idealizada.<\/p>\n<p><strong>ADITAL &#8211; O senhor j\u00e1 comentou que estamos vivendo uma sociedade &#8220;cachorroc\u00eantrica\u201d. O que seria isto?<\/strong><\/p>\n<p><strong>JL \u2013<\/strong> \u00c9 a cultura do cachorro, do petshop. S\u00e3o Paulo tem 4 mil padarias e 4 mil pets. Fome de p\u00e3o e car\u00eancia de c\u00e3o. O que \u00e9 interessante nisto: o povo da rua tem uma rela\u00e7\u00e3o muito forte com os cachorros. E os cachorros s\u00e3o mais bem cuidados do que eles. Tem gente que d\u00e1 comida para a popula\u00e7\u00e3o de rua e tem gente que leva comida para os cachorros. E tem gente que visita a popula\u00e7\u00e3o de rua por causa dos cachorros. Coloca-se o cachorro como centro, porque ele retribui o afeto, o cuidado, e a popula\u00e7\u00e3o de rua \u00e9 mais contradit\u00f3ria, nem sempre retribui, como o cachorro.<\/p>\n<table width=\"401\">\n<tbody>\n<tr>\n<td><img loading=\"lazy\" decoding=\"async\" class=\"alignnone size-full wp-image-64474\" src=\"http:\/\/www.oarcanjo.net\/site\/wp-content\/uploads\/2015_08_homem-com-cachorro_reproducao.jpg\" alt=\"Rela\u00e7\u00f5es com as pessoas e os cachorros que vivem nas ruas.\" width=\"395\" height=\"300\" srcset=\"https:\/\/www.oarcanjo.net\/site\/wp-content\/uploads\/2015_08_homem-com-cachorro_reproducao.jpg 395w, https:\/\/www.oarcanjo.net\/site\/wp-content\/uploads\/2015_08_homem-com-cachorro_reproducao-300x228.jpg 300w\" sizes=\"(max-width: 395px) 100vw, 395px\" \/><\/td>\n<\/tr>\n<tr>\n<td><sub>Lancellotti discorre sobre as rela\u00e7\u00f5es com as pessoas e os cachorros que vivem nas ruas. Foto: Reprodu\u00e7\u00e3o.<\/sub><\/td>\n<\/tr>\n<\/tbody>\n<\/table>\n<p><strong>ADITAL &#8211; O que significa uma gest\u00e3o caracterizada por a\u00e7\u00f5es higienistas?<\/strong><\/p>\n<p><strong>JL \u2013<\/strong> \u00c9 aquela a\u00e7\u00e3o que quer eliminar a pobreza eliminando os pobres. Tratando-os como lixo e res\u00edduos. Essas a\u00e7\u00f5es higienistas s\u00e3o muito presentes aqui em S\u00e3o Paulo. Na pra\u00e7a 14 Bis houve uma a\u00e7\u00e3o truculenta do &#8220;rapa\u201d [fiscais]. As pessoas estavam celebrando uma missa e come\u00e7aram a retirar as coisas das pessoas. Pedi: &#8220;Parem de fazer isso! Sejam voc\u00eas evang\u00e9licos, cat\u00f3licos, esp\u00edritas, mul\u00e7umanos, judeus, budistas, ateus, agn\u00f3sticos&#8230; Sejam humanos, parem de tirar as coisas dos irm\u00e3os de rua! Isso \u00e9 uma quest\u00e3o de humanidade!\u201d. Estava frio, garoando. Eles n\u00e3o puderam carregar seus objetos. O que a pol\u00edcia diz? &#8220;Sumam. Armem sua barraquinha diante da assist\u00eancia social\u201d. N\u00e3o importa para onde v\u00e3o. A Pol\u00edcia Militar tamb\u00e9m est\u00e1 dizendo que vai plantar drogas e forjar flagrantes. A a\u00e7\u00e3o da Prefeitura \u00e9 extremamente higienista.<\/p>\n<p><strong>ADITAL &#8211; Em declara\u00e7\u00f5es, o senhor comentou que o Censo da Popula\u00e7\u00e3o de Rua de S\u00e3o Paulo &#8220;\u00e9 uma fantasia\u201d. Por qu\u00ea?<\/strong><\/p>\n<p><strong>JL \u2013<\/strong> Porque n\u00e3o conseguiu realizar o que anuncia: contar toda a popula\u00e7\u00e3o de rua da cidade. N\u00e3o levou em conta os que est\u00e3o em entidades n\u00e3o conveniadas, como a Miss\u00e3o Bel\u00e9m, e usou o mesmo conceito de popula\u00e7\u00e3o de rua do Censo de 2000, por quest\u00e3o t\u00e9cnica, e n\u00e3o atualizou o conceito frente \u00e0 realidade, que mudou. O Censo n\u00e3o levou em conta quem est\u00e1 em barraco, s\u00f3 quem est\u00e1 em barraca, considerando o primeiro faveliza\u00e7\u00e3o. H\u00e1 lugares que, sabemos, n\u00e3o s\u00e3o caracterizados como favelas. A\u00ed, a Assist\u00eancia Social diz que isso \u00e9 problema da Habita\u00e7\u00e3o. E tamb\u00e9m n\u00e3o contaram os que est\u00e3o em entidades religiosas, ou em hospitais e cl\u00ednicas.<\/p>\n<p><strong>ADITAL &#8211; Como avalia os abrigos destinados aos LGBT, a exemplo do Centro de Acolhida Zaki Narchi, em S\u00e3o Paulo?<\/strong><\/p>\n<p><strong>JL \u2013<\/strong> Foi uma tentativa de mascarar a realidade em cima de uma resposta gasta e inadequada de &#8220;albergue\u201d, porque n\u00e3o tem autonomia para uma moradia com dignidade. \u00c9 aquilo que te disse: \u00e9 mais f\u00e1cil fazer um lugar espec\u00edfico do que fazer com que essas pessoas possam conviver. Eles n\u00e3o t\u00eam uma escola espec\u00edfica, um hospital espec\u00edfico. Pode ser uma resposta moment\u00e2nea. Um exemplo bom disso s\u00e3o as Olimp\u00edadas, que \u00e9 um evento extremamente competitivo. Por isso \u00e9 que h\u00e1 as Olimp\u00edadas dos deficientes. Eles s\u00e3o t\u00e3o atletas quando os outros, mas t\u00eam de fazer Olimp\u00edadas diferentes dos outros.<\/p>\n<table>\n<tbody>\n<tr>\n<td><img loading=\"lazy\" decoding=\"async\" class=\"alignnone size-full wp-image-64473\" src=\"http:\/\/www.oarcanjo.net\/site\/wp-content\/uploads\/2015_08_populacao_lgbt_marlenebergamo.jpg\" alt=\"Popula\u00e7\u00e3o LGBT\" width=\"600\" height=\"310\" srcset=\"https:\/\/www.oarcanjo.net\/site\/wp-content\/uploads\/2015_08_populacao_lgbt_marlenebergamo.jpg 600w, https:\/\/www.oarcanjo.net\/site\/wp-content\/uploads\/2015_08_populacao_lgbt_marlenebergamo-300x155.jpg 300w\" sizes=\"(max-width: 600px) 100vw, 600px\" \/><\/td>\n<\/tr>\n<tr>\n<td><sub>Popula\u00e7\u00e3o LGBT abrigada no Centro de Acolhida Zaki Narchi. Foto: Marlene Bergamo.<\/sub><\/td>\n<\/tr>\n<\/tbody>\n<\/table>\n<p><strong>ADITAL &#8211; O que representou o lava-p\u00e9s da atriz Viviany Beleboni, que sofreu amea\u00e7as por ter participado da 19\u00aa Parada do Orgulho LGBT, pregada numa cruz, na capital paulista?<\/strong><\/p>\n<p><strong>JL \u2013<\/strong> Miseric\u00f3rdia e pedido de perd\u00e3o, acolhimento sem julgamento, viv\u00eancia radical do seguimento de Jesus. A pergunta \u00e9? Jesus a acolheria ou n\u00e3o? Lavaria seus p\u00e9s ou a rejeitaria? Fizeram um barulho enorme em cima de uma coisa&#8230; Vemos crucifica\u00e7\u00e3o dos camponeses, meninos de rua, pessoas negras, ind\u00edgenas&#8230; A intoler\u00e2ncia \u00e9 porque \u00e9 uma transexual. Ela se identificou com a dor de Cristo e outros se identificaram com a dor dela.<\/p>\n<p>Jesus morreu por n\u00f3s, todos pecadores. Jesus n\u00e3o morreu por uma categoria vip ou de exclusividade. Seu amor \u00e9 para todo mundo, para os transexuais tamb\u00e9m. Lavar os p\u00e9s foi um gesto que Jesus fez com aqueles que eram seus disc\u00edpulos, que o abandonaram, o tra\u00edram ou o negaram. Os primeiros que devem ser respeitados s\u00e3o aqueles que s\u00e3o discriminados e tratados de maneira cruel. A minha pergunta \u00e9 sempre esta: Jesus lavaria os p\u00e9s dela? A trataria com miseric\u00f3rdia e compaix\u00e3o? A\u00ed as pessoas me perguntam: mas ela trataria com respeito a religi\u00e3o? Esta \u00e9 uma pergunta que Jesus nunca fez.<\/p>\n<table>\n<tbody>\n<tr>\n<td><img loading=\"lazy\" decoding=\"async\" class=\"alignnone size-full wp-image-64472\" src=\"http:\/\/www.oarcanjo.net\/site\/wp-content\/uploads\/2015_08_protesto_daviribeiro.jpg\" alt=\"Protesto\" width=\"600\" height=\"401\" srcset=\"https:\/\/www.oarcanjo.net\/site\/wp-content\/uploads\/2015_08_protesto_daviribeiro.jpg 600w, https:\/\/www.oarcanjo.net\/site\/wp-content\/uploads\/2015_08_protesto_daviribeiro-300x201.jpg 300w\" sizes=\"(max-width: 600px) 100vw, 600px\" \/><\/td>\n<\/tr>\n<tr>\n<td><sub>Em 2014, um grupo de pessoas em situa\u00e7\u00e3o de rua protestou por direitos diante da Secretaria de Direitos Humanos da Prefeitura de S\u00e3o Paulo. Foto: Davi Ribeiro.<\/sub><\/td>\n<\/tr>\n<\/tbody>\n<\/table>\n<p><strong>ADITAL &#8211; Que contribui\u00e7\u00f5es o Papa Francisco tem trazido para a luta do povo em situa\u00e7\u00e3o de rua?<\/strong><\/p>\n<p><strong>JL \u2013<\/strong> Na medida em que age, d\u00e1 exemplo ao Vaticano, acolhendo os moradores de rua, na vis\u00e3o geral do sistema, que descarta, e na sua transforma\u00e7\u00e3o. Na defesa dos pobres e esquecidos. Eu acredito que a mensagem do Papa Francisco contribui muito para os movimentos sociais na Bol\u00edvia, a partir dos tr\u00eas T: teto, trabalho e terra. Isto est\u00e1 extremamente ligado \u00e0 popula\u00e7\u00e3o que vive nas ruas, que precisa de trabalho, teto e terra. Eu colocaria ainda um quarto T: ternura. O Papa Francisco tem dito muito isto: n\u00e3o tenham medo da ternura.<\/p>\n<p><strong>ADITAL &#8211; Ao longo dos 30 anos de sacerd\u00f3cio, o senhor j\u00e1 foi perseguido, amea\u00e7ado, processado, viveu momentos de tens\u00e3o com a pol\u00edcia. Como avalia sua trajet\u00f3ria?<\/strong><\/p>\n<p><strong>JL \u2013<\/strong> Dura, cheia de momentos desafiadores e consoladores. Feliz por ser amigo dos mais pobres e aviltados, de ser amado por aqueles que ningu\u00e9m ama. \u00c9 uma luta pela vida, uma luta de resist\u00eancia, um combate diante de situa\u00e7\u00f5es que querem destruir os fracos, os pequenos. Hoje em dia, a intoler\u00e2ncia, o preconceito e a raiva \u00e9 cada vez maior. Existe muita solidariedade, mas existe muito \u00f3dio tamb\u00e9m.<\/p>\n<p><strong>ADITAL &#8211; Deseja acrescentar algo mais?<\/strong><\/p>\n<p><strong>JL \u2013<\/strong> Que na velhice fa\u00e7o mem\u00f3ria de tudo o que vivi, com marcas e cicatrizes, muitas imagens de ternura, muitas saudades dos que amei, com for\u00e7a para resistir e insistir, e n\u00e3o aceitar que os pequenos sejam pisados.<\/p>\n<p><em>(Colaborou Cristina Fontenele)<\/em><\/p>\n<p>&nbsp;<\/p>\n<\/div>\n<div id=\"div_separador5\"><strong><em>Marcela Belchior<\/em><\/strong><\/div>\n<div><em>\u00c9 jornalista da Adital. Mestre em Comunica\u00e7\u00e3o e Semi\u00f3tica pela Pontif\u00edcia Universidade Cat\u00f3lica de S\u00e3o Paulo (PUC-SP), estuda as rela\u00e7\u00f5es culturais na Am\u00e9rica Latina.<\/em><\/p>\n<div><em>E-mail:\u00a0<span id=\"OBJ_PREFIX_DWT60_com_zimbra_email\"><a href=\"mailto:marcela@adital.com.br\">marcela@adital.com.br<\/a><\/span><\/em><\/div>\n<\/div>\n<div id=\"div_separador5\"><\/div>\n<\/div>\n<div id=\"div_data_maislidas_in\"><\/div>\n<\/div>\n<\/div>\n<p>&nbsp;<\/p>\n<div id=\"themify_builder_content-64469\" data-postid=\"64469\" class=\"themify_builder_content themify_builder_content-64469 themify_builder themify_builder_front\">\n\t<\/div>\n<!-- \/themify_builder_content -->","protected":false},"excerpt":{"rendered":"<p>Para falar sobre a discrimina\u00e7\u00e3o da popula\u00e7\u00e3o LGBT que vive em situa\u00e7\u00e3o de rua, a Adital entrevistou pe. J\u00falio Lancellotti<\/p>\n","protected":false},"author":3,"featured_media":0,"comment_status":"open","ping_status":"open","sticky":false,"template":"","format":"standard","meta":{"ngg_post_thumbnail":0,"footnotes":""},"categories":[8],"tags":[1668,1969,246],"yoast_head":"<!-- This site is optimized with the Yoast SEO plugin v23.5 - https:\/\/yoast.com\/wordpress\/plugins\/seo\/ -->\n<title>Popula\u00e7\u00e3o LGBT em situa\u00e7\u00e3o de rua \u00e9 alvo de discrimina\u00e7\u00e3o tamb\u00e9m entre sem-teto - O Arcanjo no ar<\/title>\n<meta name=\"robots\" content=\"index, follow, max-snippet:-1, max-image-preview:large, max-video-preview:-1\" \/>\n<link rel=\"canonical\" href=\"https:\/\/www.oarcanjo.net\/site\/populacao-lgbt-em-situacao-de-rua-e-alvo-de-discriminacao-tambem-entre-sem-teto\/\" \/>\n<meta property=\"og:locale\" content=\"pt_BR\" \/>\n<meta property=\"og:type\" content=\"article\" \/>\n<meta property=\"og:title\" content=\"Popula\u00e7\u00e3o LGBT em situa\u00e7\u00e3o de rua \u00e9 alvo de discrimina\u00e7\u00e3o tamb\u00e9m entre sem-teto - O Arcanjo no ar\" \/>\n<meta property=\"og:description\" content=\"Para falar sobre a discrimina\u00e7\u00e3o da popula\u00e7\u00e3o LGBT que vive em situa\u00e7\u00e3o de rua, a Adital entrevistou pe. J\u00falio Lancellotti\" \/>\n<meta property=\"og:url\" content=\"https:\/\/www.oarcanjo.net\/site\/populacao-lgbt-em-situacao-de-rua-e-alvo-de-discriminacao-tambem-entre-sem-teto\/\" \/>\n<meta property=\"og:site_name\" content=\"O Arcanjo no ar\" \/>\n<meta property=\"article:publisher\" content=\"https:\/\/www.facebook.com\/OArcanjoNoAr\/\" \/>\n<meta property=\"article:published_time\" content=\"2015-08-11T14:27:58+00:00\" \/>\n<meta property=\"article:modified_time\" content=\"2015-08-11T14:38:26+00:00\" \/>\n<meta property=\"og:image\" content=\"http:\/\/www.oarcanjo.net\/site\/wp-content\/uploads\/2015_08_pejulio_reproducao.jpg\" \/>\n<meta name=\"author\" content=\"miriam.meyer\" \/>\n<meta name=\"twitter:card\" content=\"summary_large_image\" \/>\n<meta name=\"twitter:label1\" content=\"Escrito por\" \/>\n\t<meta name=\"twitter:data1\" content=\"miriam.meyer\" \/>\n\t<meta name=\"twitter:label2\" content=\"Est. tempo de leitura\" \/>\n\t<meta name=\"twitter:data2\" content=\"13 minutos\" \/>\n<script type=\"application\/ld+json\" class=\"yoast-schema-graph\">{\"@context\":\"https:\/\/schema.org\",\"@graph\":[{\"@type\":\"Article\",\"@id\":\"https:\/\/www.oarcanjo.net\/site\/populacao-lgbt-em-situacao-de-rua-e-alvo-de-discriminacao-tambem-entre-sem-teto\/#article\",\"isPartOf\":{\"@id\":\"https:\/\/www.oarcanjo.net\/site\/populacao-lgbt-em-situacao-de-rua-e-alvo-de-discriminacao-tambem-entre-sem-teto\/\"},\"author\":{\"name\":\"miriam.meyer\",\"@id\":\"https:\/\/www.oarcanjo.net\/site\/#\/schema\/person\/ce0fba3450314a09c6442cfee983a3d8\"},\"headline\":\"Popula\u00e7\u00e3o LGBT em situa\u00e7\u00e3o de rua \u00e9 alvo de discrimina\u00e7\u00e3o tamb\u00e9m entre sem-teto\",\"datePublished\":\"2015-08-11T14:27:58+00:00\",\"dateModified\":\"2015-08-11T14:38:26+00:00\",\"mainEntityOfPage\":{\"@id\":\"https:\/\/www.oarcanjo.net\/site\/populacao-lgbt-em-situacao-de-rua-e-alvo-de-discriminacao-tambem-entre-sem-teto\/\"},\"wordCount\":2596,\"commentCount\":0,\"publisher\":{\"@id\":\"https:\/\/www.oarcanjo.net\/site\/#organization\"},\"image\":{\"@id\":\"https:\/\/www.oarcanjo.net\/site\/populacao-lgbt-em-situacao-de-rua-e-alvo-de-discriminacao-tambem-entre-sem-teto\/#primaryimage\"},\"thumbnailUrl\":\"http:\/\/www.oarcanjo.net\/site\/wp-content\/uploads\/2015_08_pejulio_reproducao.jpg\",\"keywords\":[\"discrimina\u00e7\u00e3o\",\"LGBT\",\"povo de rua\"],\"articleSection\":[\"Not\u00edcias\"],\"inLanguage\":\"pt-BR\",\"potentialAction\":[{\"@type\":\"CommentAction\",\"name\":\"Comment\",\"target\":[\"https:\/\/www.oarcanjo.net\/site\/populacao-lgbt-em-situacao-de-rua-e-alvo-de-discriminacao-tambem-entre-sem-teto\/#respond\"]}]},{\"@type\":\"WebPage\",\"@id\":\"https:\/\/www.oarcanjo.net\/site\/populacao-lgbt-em-situacao-de-rua-e-alvo-de-discriminacao-tambem-entre-sem-teto\/\",\"url\":\"https:\/\/www.oarcanjo.net\/site\/populacao-lgbt-em-situacao-de-rua-e-alvo-de-discriminacao-tambem-entre-sem-teto\/\",\"name\":\"Popula\u00e7\u00e3o LGBT em situa\u00e7\u00e3o de rua \u00e9 alvo de discrimina\u00e7\u00e3o tamb\u00e9m entre sem-teto - O Arcanjo no ar\",\"isPartOf\":{\"@id\":\"https:\/\/www.oarcanjo.net\/site\/#website\"},\"primaryImageOfPage\":{\"@id\":\"https:\/\/www.oarcanjo.net\/site\/populacao-lgbt-em-situacao-de-rua-e-alvo-de-discriminacao-tambem-entre-sem-teto\/#primaryimage\"},\"image\":{\"@id\":\"https:\/\/www.oarcanjo.net\/site\/populacao-lgbt-em-situacao-de-rua-e-alvo-de-discriminacao-tambem-entre-sem-teto\/#primaryimage\"},\"thumbnailUrl\":\"http:\/\/www.oarcanjo.net\/site\/wp-content\/uploads\/2015_08_pejulio_reproducao.jpg\",\"datePublished\":\"2015-08-11T14:27:58+00:00\",\"dateModified\":\"2015-08-11T14:38:26+00:00\",\"breadcrumb\":{\"@id\":\"https:\/\/www.oarcanjo.net\/site\/populacao-lgbt-em-situacao-de-rua-e-alvo-de-discriminacao-tambem-entre-sem-teto\/#breadcrumb\"},\"inLanguage\":\"pt-BR\",\"potentialAction\":[{\"@type\":\"ReadAction\",\"target\":[\"https:\/\/www.oarcanjo.net\/site\/populacao-lgbt-em-situacao-de-rua-e-alvo-de-discriminacao-tambem-entre-sem-teto\/\"]}]},{\"@type\":\"ImageObject\",\"inLanguage\":\"pt-BR\",\"@id\":\"https:\/\/www.oarcanjo.net\/site\/populacao-lgbt-em-situacao-de-rua-e-alvo-de-discriminacao-tambem-entre-sem-teto\/#primaryimage\",\"url\":\"https:\/\/www.oarcanjo.net\/site\/wp-content\/uploads\/2015_08_pejulio_reproducao.jpg\",\"contentUrl\":\"https:\/\/www.oarcanjo.net\/site\/wp-content\/uploads\/2015_08_pejulio_reproducao.jpg\",\"width\":600,\"height\":338,\"caption\":\"Pe. Julio Lancellotti\"},{\"@type\":\"BreadcrumbList\",\"@id\":\"https:\/\/www.oarcanjo.net\/site\/populacao-lgbt-em-situacao-de-rua-e-alvo-de-discriminacao-tambem-entre-sem-teto\/#breadcrumb\",\"itemListElement\":[{\"@type\":\"ListItem\",\"position\":1,\"name\":\"In\u00edcio\",\"item\":\"https:\/\/www.oarcanjo.net\/site\/\"},{\"@type\":\"ListItem\",\"position\":2,\"name\":\"Popula\u00e7\u00e3o LGBT em situa\u00e7\u00e3o de rua \u00e9 alvo de discrimina\u00e7\u00e3o tamb\u00e9m entre sem-teto\"}]},{\"@type\":\"WebSite\",\"@id\":\"https:\/\/www.oarcanjo.net\/site\/#website\",\"url\":\"https:\/\/www.oarcanjo.net\/site\/\",\"name\":\"O Arcanjo no ar\",\"description\":\"Site da Par\u00f3quia S\u00e3o Miguel Arcanjo (Arquidiocese de SP)\",\"publisher\":{\"@id\":\"https:\/\/www.oarcanjo.net\/site\/#organization\"},\"potentialAction\":[{\"@type\":\"SearchAction\",\"target\":{\"@type\":\"EntryPoint\",\"urlTemplate\":\"https:\/\/www.oarcanjo.net\/site\/?s={search_term_string}\"},\"query-input\":{\"@type\":\"PropertyValueSpecification\",\"valueRequired\":true,\"valueName\":\"search_term_string\"}}],\"inLanguage\":\"pt-BR\"},{\"@type\":\"Organization\",\"@id\":\"https:\/\/www.oarcanjo.net\/site\/#organization\",\"name\":\"Par\u00f3quia S\u00e3o Miguel Arcanjo\",\"url\":\"https:\/\/www.oarcanjo.net\/site\/\",\"logo\":{\"@type\":\"ImageObject\",\"inLanguage\":\"pt-BR\",\"@id\":\"https:\/\/www.oarcanjo.net\/site\/#\/schema\/logo\/image\/\",\"url\":\"https:\/\/www.oarcanjo.net\/site\/wp-content\/uploads\/LogoOArcanjo.png\",\"contentUrl\":\"https:\/\/www.oarcanjo.net\/site\/wp-content\/uploads\/LogoOArcanjo.png\",\"width\":319,\"height\":99,\"caption\":\"Par\u00f3quia S\u00e3o Miguel Arcanjo\"},\"image\":{\"@id\":\"https:\/\/www.oarcanjo.net\/site\/#\/schema\/logo\/image\/\"},\"sameAs\":[\"https:\/\/www.facebook.com\/OArcanjoNoAr\/\"]},{\"@type\":\"Person\",\"@id\":\"https:\/\/www.oarcanjo.net\/site\/#\/schema\/person\/ce0fba3450314a09c6442cfee983a3d8\",\"name\":\"miriam.meyer\"}]}<\/script>\n<!-- \/ Yoast SEO plugin. -->","yoast_head_json":{"title":"Popula\u00e7\u00e3o LGBT em situa\u00e7\u00e3o de rua \u00e9 alvo de discrimina\u00e7\u00e3o tamb\u00e9m entre sem-teto - O Arcanjo no ar","robots":{"index":"index","follow":"follow","max-snippet":"max-snippet:-1","max-image-preview":"max-image-preview:large","max-video-preview":"max-video-preview:-1"},"canonical":"https:\/\/www.oarcanjo.net\/site\/populacao-lgbt-em-situacao-de-rua-e-alvo-de-discriminacao-tambem-entre-sem-teto\/","og_locale":"pt_BR","og_type":"article","og_title":"Popula\u00e7\u00e3o LGBT em situa\u00e7\u00e3o de rua \u00e9 alvo de discrimina\u00e7\u00e3o tamb\u00e9m entre sem-teto - O Arcanjo no ar","og_description":"Para falar sobre a discrimina\u00e7\u00e3o da popula\u00e7\u00e3o LGBT que vive em situa\u00e7\u00e3o de rua, a Adital entrevistou pe. J\u00falio Lancellotti","og_url":"https:\/\/www.oarcanjo.net\/site\/populacao-lgbt-em-situacao-de-rua-e-alvo-de-discriminacao-tambem-entre-sem-teto\/","og_site_name":"O Arcanjo no ar","article_publisher":"https:\/\/www.facebook.com\/OArcanjoNoAr\/","article_published_time":"2015-08-11T14:27:58+00:00","article_modified_time":"2015-08-11T14:38:26+00:00","og_image":[{"url":"http:\/\/www.oarcanjo.net\/site\/wp-content\/uploads\/2015_08_pejulio_reproducao.jpg"}],"author":"miriam.meyer","twitter_card":"summary_large_image","twitter_misc":{"Escrito por":"miriam.meyer","Est. tempo de leitura":"13 minutos"},"schema":{"@context":"https:\/\/schema.org","@graph":[{"@type":"Article","@id":"https:\/\/www.oarcanjo.net\/site\/populacao-lgbt-em-situacao-de-rua-e-alvo-de-discriminacao-tambem-entre-sem-teto\/#article","isPartOf":{"@id":"https:\/\/www.oarcanjo.net\/site\/populacao-lgbt-em-situacao-de-rua-e-alvo-de-discriminacao-tambem-entre-sem-teto\/"},"author":{"name":"miriam.meyer","@id":"https:\/\/www.oarcanjo.net\/site\/#\/schema\/person\/ce0fba3450314a09c6442cfee983a3d8"},"headline":"Popula\u00e7\u00e3o LGBT em situa\u00e7\u00e3o de rua \u00e9 alvo de discrimina\u00e7\u00e3o tamb\u00e9m entre sem-teto","datePublished":"2015-08-11T14:27:58+00:00","dateModified":"2015-08-11T14:38:26+00:00","mainEntityOfPage":{"@id":"https:\/\/www.oarcanjo.net\/site\/populacao-lgbt-em-situacao-de-rua-e-alvo-de-discriminacao-tambem-entre-sem-teto\/"},"wordCount":2596,"commentCount":0,"publisher":{"@id":"https:\/\/www.oarcanjo.net\/site\/#organization"},"image":{"@id":"https:\/\/www.oarcanjo.net\/site\/populacao-lgbt-em-situacao-de-rua-e-alvo-de-discriminacao-tambem-entre-sem-teto\/#primaryimage"},"thumbnailUrl":"http:\/\/www.oarcanjo.net\/site\/wp-content\/uploads\/2015_08_pejulio_reproducao.jpg","keywords":["discrimina\u00e7\u00e3o","LGBT","povo de rua"],"articleSection":["Not\u00edcias"],"inLanguage":"pt-BR","potentialAction":[{"@type":"CommentAction","name":"Comment","target":["https:\/\/www.oarcanjo.net\/site\/populacao-lgbt-em-situacao-de-rua-e-alvo-de-discriminacao-tambem-entre-sem-teto\/#respond"]}]},{"@type":"WebPage","@id":"https:\/\/www.oarcanjo.net\/site\/populacao-lgbt-em-situacao-de-rua-e-alvo-de-discriminacao-tambem-entre-sem-teto\/","url":"https:\/\/www.oarcanjo.net\/site\/populacao-lgbt-em-situacao-de-rua-e-alvo-de-discriminacao-tambem-entre-sem-teto\/","name":"Popula\u00e7\u00e3o LGBT em situa\u00e7\u00e3o de rua \u00e9 alvo de discrimina\u00e7\u00e3o tamb\u00e9m entre sem-teto - O Arcanjo no ar","isPartOf":{"@id":"https:\/\/www.oarcanjo.net\/site\/#website"},"primaryImageOfPage":{"@id":"https:\/\/www.oarcanjo.net\/site\/populacao-lgbt-em-situacao-de-rua-e-alvo-de-discriminacao-tambem-entre-sem-teto\/#primaryimage"},"image":{"@id":"https:\/\/www.oarcanjo.net\/site\/populacao-lgbt-em-situacao-de-rua-e-alvo-de-discriminacao-tambem-entre-sem-teto\/#primaryimage"},"thumbnailUrl":"http:\/\/www.oarcanjo.net\/site\/wp-content\/uploads\/2015_08_pejulio_reproducao.jpg","datePublished":"2015-08-11T14:27:58+00:00","dateModified":"2015-08-11T14:38:26+00:00","breadcrumb":{"@id":"https:\/\/www.oarcanjo.net\/site\/populacao-lgbt-em-situacao-de-rua-e-alvo-de-discriminacao-tambem-entre-sem-teto\/#breadcrumb"},"inLanguage":"pt-BR","potentialAction":[{"@type":"ReadAction","target":["https:\/\/www.oarcanjo.net\/site\/populacao-lgbt-em-situacao-de-rua-e-alvo-de-discriminacao-tambem-entre-sem-teto\/"]}]},{"@type":"ImageObject","inLanguage":"pt-BR","@id":"https:\/\/www.oarcanjo.net\/site\/populacao-lgbt-em-situacao-de-rua-e-alvo-de-discriminacao-tambem-entre-sem-teto\/#primaryimage","url":"https:\/\/www.oarcanjo.net\/site\/wp-content\/uploads\/2015_08_pejulio_reproducao.jpg","contentUrl":"https:\/\/www.oarcanjo.net\/site\/wp-content\/uploads\/2015_08_pejulio_reproducao.jpg","width":600,"height":338,"caption":"Pe. Julio Lancellotti"},{"@type":"BreadcrumbList","@id":"https:\/\/www.oarcanjo.net\/site\/populacao-lgbt-em-situacao-de-rua-e-alvo-de-discriminacao-tambem-entre-sem-teto\/#breadcrumb","itemListElement":[{"@type":"ListItem","position":1,"name":"In\u00edcio","item":"https:\/\/www.oarcanjo.net\/site\/"},{"@type":"ListItem","position":2,"name":"Popula\u00e7\u00e3o LGBT em situa\u00e7\u00e3o de rua \u00e9 alvo de discrimina\u00e7\u00e3o tamb\u00e9m entre sem-teto"}]},{"@type":"WebSite","@id":"https:\/\/www.oarcanjo.net\/site\/#website","url":"https:\/\/www.oarcanjo.net\/site\/","name":"O Arcanjo no ar","description":"Site da Par\u00f3quia S\u00e3o Miguel Arcanjo (Arquidiocese de SP)","publisher":{"@id":"https:\/\/www.oarcanjo.net\/site\/#organization"},"potentialAction":[{"@type":"SearchAction","target":{"@type":"EntryPoint","urlTemplate":"https:\/\/www.oarcanjo.net\/site\/?s={search_term_string}"},"query-input":{"@type":"PropertyValueSpecification","valueRequired":true,"valueName":"search_term_string"}}],"inLanguage":"pt-BR"},{"@type":"Organization","@id":"https:\/\/www.oarcanjo.net\/site\/#organization","name":"Par\u00f3quia S\u00e3o Miguel Arcanjo","url":"https:\/\/www.oarcanjo.net\/site\/","logo":{"@type":"ImageObject","inLanguage":"pt-BR","@id":"https:\/\/www.oarcanjo.net\/site\/#\/schema\/logo\/image\/","url":"https:\/\/www.oarcanjo.net\/site\/wp-content\/uploads\/LogoOArcanjo.png","contentUrl":"https:\/\/www.oarcanjo.net\/site\/wp-content\/uploads\/LogoOArcanjo.png","width":319,"height":99,"caption":"Par\u00f3quia S\u00e3o Miguel Arcanjo"},"image":{"@id":"https:\/\/www.oarcanjo.net\/site\/#\/schema\/logo\/image\/"},"sameAs":["https:\/\/www.facebook.com\/OArcanjoNoAr\/"]},{"@type":"Person","@id":"https:\/\/www.oarcanjo.net\/site\/#\/schema\/person\/ce0fba3450314a09c6442cfee983a3d8","name":"miriam.meyer"}]}},"publishpress_future_action":{"enabled":false,"date":"2026-05-06 17:41:52","action":"category","newStatus":"draft","terms":[],"taxonomy":"category"},"publishpress_future_workflow_manual_trigger":{"enabledWorkflows":[]},"_links":{"self":[{"href":"https:\/\/www.oarcanjo.net\/site\/wp-json\/wp\/v2\/posts\/64469"}],"collection":[{"href":"https:\/\/www.oarcanjo.net\/site\/wp-json\/wp\/v2\/posts"}],"about":[{"href":"https:\/\/www.oarcanjo.net\/site\/wp-json\/wp\/v2\/types\/post"}],"author":[{"embeddable":true,"href":"https:\/\/www.oarcanjo.net\/site\/wp-json\/wp\/v2\/users\/3"}],"replies":[{"embeddable":true,"href":"https:\/\/www.oarcanjo.net\/site\/wp-json\/wp\/v2\/comments?post=64469"}],"version-history":[{"count":0,"href":"https:\/\/www.oarcanjo.net\/site\/wp-json\/wp\/v2\/posts\/64469\/revisions"}],"wp:attachment":[{"href":"https:\/\/www.oarcanjo.net\/site\/wp-json\/wp\/v2\/media?parent=64469"}],"wp:term":[{"taxonomy":"category","embeddable":true,"href":"https:\/\/www.oarcanjo.net\/site\/wp-json\/wp\/v2\/categories?post=64469"},{"taxonomy":"post_tag","embeddable":true,"href":"https:\/\/www.oarcanjo.net\/site\/wp-json\/wp\/v2\/tags?post=64469"}],"curies":[{"name":"wp","href":"https:\/\/api.w.org\/{rel}","templated":true}]}}