
{"id":64488,"date":"2015-08-15T23:09:48","date_gmt":"2015-08-16T02:09:48","guid":{"rendered":"http:\/\/www.oarcanjo.net\/site\/?p=64488"},"modified":"2015-08-15T23:10:47","modified_gmt":"2015-08-16T02:10:47","slug":"dia-dos-pais-na-capela-sao-judas-tadeu","status":"publish","type":"post","link":"https:\/\/www.oarcanjo.net\/site\/dia-dos-pais-na-capela-sao-judas-tadeu\/","title":{"rendered":"Dia dos pais na Capela S\u00e3o Judas Tadeu"},"content":{"rendered":"<p style=\"text-align: justify;\">A Comunidade S\u00e3o Miguel Arcanjo homenageou os pais em todas as celebra\u00e7\u00f5es. Carinho aos pais presentes, lembran\u00e7a boa dos que foram para a casa do Pai. A\u00a0 jovem Bruna fez a leitura de um bonito texto a todos os pais. O Pe Julio destacou o carinho desse momento especial. Filhos, pais, alegrias. O\u00a0Pe Julio tamb\u00e9m acentuou a defer\u00eancia do Papa Francisco em dar\u00a0um seu\u00a0solid\u00e9u para a Comunidade do Povo da Rua, bem como mostrou a \u00faltima edi\u00e7\u00e3o do Jornal O S\u00e3o Paulo e nela a indica\u00e7\u00e3o dos ganhadores da Medalha S\u00e3o Paulo Ap\u00f3stolo, da Arquidiocese de S\u00e3o Paulo e dentre os contemplados, o mesmo Pe Julio pela Defesa e Promo\u00e7\u00e3o da Vida.<\/p>\n<p style=\"text-align: justify;\">Vejam as fotos: ngg_shortcode_0_placeholder<\/p>\n<div id=\"themify_builder_content-64488\" data-postid=\"64488\" class=\"themify_builder_content themify_builder_content-64488 themify_builder themify_builder_front\">\n\t<\/div>\n<!-- \/themify_builder_content -->","protected":false},"excerpt":{"rendered":"<p>A Comunidade S\u00e3o Miguel Arcanjo homenageou os pais em todas as celebra\u00e7\u00f5es. Carinho aos pais presentes, lembran\u00e7a boa dos que foram para a casa do Pai. A\u00a0 jovem Bruna fez a leitura de um bonito texto a todos os pais. O Pe Julio destacou o carinho desse momento especial. Filhos, pais, alegrias. O\u00a0Pe Julio tamb\u00e9m [&hellip;]<\/p>\n","protected":false},"author":10,"featured_media":0,"comment_status":"open","ping_status":"open","sticky":false,"template":"","format":"standard","meta":{"ngg_post_thumbnail":0,"footnotes":""},"categories":[7],"tags":[],"yoast_head":"<!-- This site is optimized with the Yoast SEO plugin v23.5 - https:\/\/yoast.com\/wordpress\/plugins\/seo\/ -->\n<title>Dia dos pais na Capela S\u00e3o Judas Tadeu - O Arcanjo no ar<\/title>\n<meta name=\"robots\" content=\"index, follow, max-snippet:-1, max-image-preview:large, max-video-preview:-1\" \/>\n<link rel=\"canonical\" href=\"https:\/\/www.oarcanjo.net\/site\/dia-dos-pais-na-capela-sao-judas-tadeu\/\" \/>\n<meta property=\"og:locale\" content=\"pt_BR\" \/>\n<meta property=\"og:type\" content=\"article\" \/>\n<meta property=\"og:title\" content=\"Dia dos pais na Capela S\u00e3o Judas Tadeu - O Arcanjo no ar\" \/>\n<meta property=\"og:description\" content=\"A Comunidade S\u00e3o Miguel Arcanjo homenageou os pais em todas as celebra\u00e7\u00f5es. Carinho aos pais presentes, lembran\u00e7a boa dos que foram para a casa do Pai. A\u00a0 jovem Bruna fez a leitura de um bonito texto a todos os pais. O Pe Julio destacou o carinho desse momento especial. Filhos, pais, alegrias. O\u00a0Pe Julio tamb\u00e9m [&hellip;]\" \/>\n<meta property=\"og:url\" content=\"https:\/\/www.oarcanjo.net\/site\/dia-dos-pais-na-capela-sao-judas-tadeu\/\" \/>\n<meta property=\"og:site_name\" content=\"O Arcanjo no ar\" \/>\n<meta property=\"article:publisher\" content=\"https:\/\/www.facebook.com\/OArcanjoNoAr\/\" \/>\n<meta property=\"article:published_time\" content=\"2015-08-16T02:09:48+00:00\" \/>\n<meta property=\"article:modified_time\" content=\"2015-08-16T02:10:47+00:00\" \/>\n<meta property=\"og:image\" content=\"https:\/\/www.oarcanjo.net\/site\/wp-content\/uploads\/logo-o-arcanjo-no-ar-facebook.png\" \/>\n\t<meta property=\"og:image:width\" content=\"300\" \/>\n\t<meta property=\"og:image:height\" content=\"300\" \/>\n\t<meta property=\"og:image:type\" content=\"image\/png\" \/>\n<meta name=\"author\" content=\"carlos\" \/>\n<meta name=\"twitter:card\" content=\"summary_large_image\" \/>\n<meta name=\"twitter:label1\" content=\"Escrito por\" \/>\n\t<meta name=\"twitter:data1\" content=\"carlos\" \/>\n\t<meta name=\"twitter:label2\" content=\"Est. tempo de leitura\" \/>\n\t<meta name=\"twitter:data2\" content=\"1 minuto\" \/>\n<script type=\"application\/ld+json\" class=\"yoast-schema-graph\">{\"@context\":\"https:\/\/schema.org\",\"@graph\":[{\"@type\":\"Article\",\"@id\":\"https:\/\/www.oarcanjo.net\/site\/dia-dos-pais-na-capela-sao-judas-tadeu\/#article\",\"isPartOf\":{\"@id\":\"https:\/\/www.oarcanjo.net\/site\/dia-dos-pais-na-capela-sao-judas-tadeu\/\"},\"author\":{\"name\":\"carlos\",\"@id\":\"https:\/\/www.oarcanjo.net\/site\/#\/schema\/person\/f7870e710d8c8c30673de3a0ac2e451d\"},\"headline\":\"Dia dos pais na Capela S\u00e3o Judas Tadeu\",\"datePublished\":\"2015-08-16T02:09:48+00:00\",\"dateModified\":\"2015-08-16T02:10:47+00:00\",\"mainEntityOfPage\":{\"@id\":\"https:\/\/www.oarcanjo.net\/site\/dia-dos-pais-na-capela-sao-judas-tadeu\/\"},\"wordCount\":142,\"commentCount\":0,\"publisher\":{\"@id\":\"https:\/\/www.oarcanjo.net\/site\/#organization\"},\"articleSection\":[\"Rosto da comunidade\"],\"inLanguage\":\"pt-BR\",\"potentialAction\":[{\"@type\":\"CommentAction\",\"name\":\"Comment\",\"target\":[\"https:\/\/www.oarcanjo.net\/site\/dia-dos-pais-na-capela-sao-judas-tadeu\/#respond\"]}]},{\"@type\":\"WebPage\",\"@id\":\"https:\/\/www.oarcanjo.net\/site\/dia-dos-pais-na-capela-sao-judas-tadeu\/\",\"url\":\"https:\/\/www.oarcanjo.net\/site\/dia-dos-pais-na-capela-sao-judas-tadeu\/\",\"name\":\"Dia dos pais na Capela S\u00e3o Judas Tadeu - O Arcanjo no ar\",\"isPartOf\":{\"@id\":\"https:\/\/www.oarcanjo.net\/site\/#website\"},\"datePublished\":\"2015-08-16T02:09:48+00:00\",\"dateModified\":\"2015-08-16T02:10:47+00:00\",\"breadcrumb\":{\"@id\":\"https:\/\/www.oarcanjo.net\/site\/dia-dos-pais-na-capela-sao-judas-tadeu\/#breadcrumb\"},\"inLanguage\":\"pt-BR\",\"potentialAction\":[{\"@type\":\"ReadAction\",\"target\":[\"https:\/\/www.oarcanjo.net\/site\/dia-dos-pais-na-capela-sao-judas-tadeu\/\"]}]},{\"@type\":\"BreadcrumbList\",\"@id\":\"https:\/\/www.oarcanjo.net\/site\/dia-dos-pais-na-capela-sao-judas-tadeu\/#breadcrumb\",\"itemListElement\":[{\"@type\":\"ListItem\",\"position\":1,\"name\":\"In\u00edcio\",\"item\":\"https:\/\/www.oarcanjo.net\/site\/\"},{\"@type\":\"ListItem\",\"position\":2,\"name\":\"Dia dos pais na Capela S\u00e3o Judas Tadeu\"}]},{\"@type\":\"WebSite\",\"@id\":\"https:\/\/www.oarcanjo.net\/site\/#website\",\"url\":\"https:\/\/www.oarcanjo.net\/site\/\",\"name\":\"O Arcanjo no ar\",\"description\":\"Site da Par\u00f3quia S\u00e3o Miguel Arcanjo (Arquidiocese de SP)\",\"publisher\":{\"@id\":\"https:\/\/www.oarcanjo.net\/site\/#organization\"},\"potentialAction\":[{\"@type\":\"SearchAction\",\"target\":{\"@type\":\"EntryPoint\",\"urlTemplate\":\"https:\/\/www.oarcanjo.net\/site\/?s={search_term_string}\"},\"query-input\":{\"@type\":\"PropertyValueSpecification\",\"valueRequired\":true,\"valueName\":\"search_term_string\"}}],\"inLanguage\":\"pt-BR\"},{\"@type\":\"Organization\",\"@id\":\"https:\/\/www.oarcanjo.net\/site\/#organization\",\"name\":\"Par\u00f3quia S\u00e3o Miguel Arcanjo\",\"url\":\"https:\/\/www.oarcanjo.net\/site\/\",\"logo\":{\"@type\":\"ImageObject\",\"inLanguage\":\"pt-BR\",\"@id\":\"https:\/\/www.oarcanjo.net\/site\/#\/schema\/logo\/image\/\",\"url\":\"https:\/\/www.oarcanjo.net\/site\/wp-content\/uploads\/LogoOArcanjo.png\",\"contentUrl\":\"https:\/\/www.oarcanjo.net\/site\/wp-content\/uploads\/LogoOArcanjo.png\",\"width\":319,\"height\":99,\"caption\":\"Par\u00f3quia S\u00e3o Miguel Arcanjo\"},\"image\":{\"@id\":\"https:\/\/www.oarcanjo.net\/site\/#\/schema\/logo\/image\/\"},\"sameAs\":[\"https:\/\/www.facebook.com\/OArcanjoNoAr\/\"]},{\"@type\":\"Person\",\"@id\":\"https:\/\/www.oarcanjo.net\/site\/#\/schema\/person\/f7870e710d8c8c30673de3a0ac2e451d\",\"name\":\"carlos\"}]}<\/script>\n<!-- \/ Yoast SEO plugin. -->","yoast_head_json":{"title":"Dia dos pais na Capela S\u00e3o Judas Tadeu - O Arcanjo no ar","robots":{"index":"index","follow":"follow","max-snippet":"max-snippet:-1","max-image-preview":"max-image-preview:large","max-video-preview":"max-video-preview:-1"},"canonical":"https:\/\/www.oarcanjo.net\/site\/dia-dos-pais-na-capela-sao-judas-tadeu\/","og_locale":"pt_BR","og_type":"article","og_title":"Dia dos pais na Capela S\u00e3o Judas Tadeu - O Arcanjo no ar","og_description":"A Comunidade S\u00e3o Miguel Arcanjo homenageou os pais em todas as celebra\u00e7\u00f5es. Carinho aos pais presentes, lembran\u00e7a boa dos que foram para a casa do Pai. A\u00a0 jovem Bruna fez a leitura de um bonito texto a todos os pais. O Pe Julio destacou o carinho desse momento especial. Filhos, pais, alegrias. O\u00a0Pe Julio tamb\u00e9m [&hellip;]","og_url":"https:\/\/www.oarcanjo.net\/site\/dia-dos-pais-na-capela-sao-judas-tadeu\/","og_site_name":"O Arcanjo no ar","article_publisher":"https:\/\/www.facebook.com\/OArcanjoNoAr\/","article_published_time":"2015-08-16T02:09:48+00:00","article_modified_time":"2015-08-16T02:10:47+00:00","og_image":[{"width":300,"height":300,"url":"https:\/\/www.oarcanjo.net\/site\/wp-content\/uploads\/logo-o-arcanjo-no-ar-facebook.png","type":"image\/png"}],"author":"carlos","twitter_card":"summary_large_image","twitter_misc":{"Escrito por":"carlos","Est. tempo de leitura":"1 minuto"},"schema":{"@context":"https:\/\/schema.org","@graph":[{"@type":"Article","@id":"https:\/\/www.oarcanjo.net\/site\/dia-dos-pais-na-capela-sao-judas-tadeu\/#article","isPartOf":{"@id":"https:\/\/www.oarcanjo.net\/site\/dia-dos-pais-na-capela-sao-judas-tadeu\/"},"author":{"name":"carlos","@id":"https:\/\/www.oarcanjo.net\/site\/#\/schema\/person\/f7870e710d8c8c30673de3a0ac2e451d"},"headline":"Dia dos pais na Capela S\u00e3o Judas Tadeu","datePublished":"2015-08-16T02:09:48+00:00","dateModified":"2015-08-16T02:10:47+00:00","mainEntityOfPage":{"@id":"https:\/\/www.oarcanjo.net\/site\/dia-dos-pais-na-capela-sao-judas-tadeu\/"},"wordCount":142,"commentCount":0,"publisher":{"@id":"https:\/\/www.oarcanjo.net\/site\/#organization"},"articleSection":["Rosto da comunidade"],"inLanguage":"pt-BR","potentialAction":[{"@type":"CommentAction","name":"Comment","target":["https:\/\/www.oarcanjo.net\/site\/dia-dos-pais-na-capela-sao-judas-tadeu\/#respond"]}]},{"@type":"WebPage","@id":"https:\/\/www.oarcanjo.net\/site\/dia-dos-pais-na-capela-sao-judas-tadeu\/","url":"https:\/\/www.oarcanjo.net\/site\/dia-dos-pais-na-capela-sao-judas-tadeu\/","name":"Dia dos pais na Capela S\u00e3o Judas Tadeu - O Arcanjo no ar","isPartOf":{"@id":"https:\/\/www.oarcanjo.net\/site\/#website"},"datePublished":"2015-08-16T02:09:48+00:00","dateModified":"2015-08-16T02:10:47+00:00","breadcrumb":{"@id":"https:\/\/www.oarcanjo.net\/site\/dia-dos-pais-na-capela-sao-judas-tadeu\/#breadcrumb"},"inLanguage":"pt-BR","potentialAction":[{"@type":"ReadAction","target":["https:\/\/www.oarcanjo.net\/site\/dia-dos-pais-na-capela-sao-judas-tadeu\/"]}]},{"@type":"BreadcrumbList","@id":"https:\/\/www.oarcanjo.net\/site\/dia-dos-pais-na-capela-sao-judas-tadeu\/#breadcrumb","itemListElement":[{"@type":"ListItem","position":1,"name":"In\u00edcio","item":"https:\/\/www.oarcanjo.net\/site\/"},{"@type":"ListItem","position":2,"name":"Dia dos pais na Capela S\u00e3o Judas Tadeu"}]},{"@type":"WebSite","@id":"https:\/\/www.oarcanjo.net\/site\/#website","url":"https:\/\/www.oarcanjo.net\/site\/","name":"O Arcanjo no ar","description":"Site da Par\u00f3quia S\u00e3o Miguel Arcanjo (Arquidiocese de SP)","publisher":{"@id":"https:\/\/www.oarcanjo.net\/site\/#organization"},"potentialAction":[{"@type":"SearchAction","target":{"@type":"EntryPoint","urlTemplate":"https:\/\/www.oarcanjo.net\/site\/?s={search_term_string}"},"query-input":{"@type":"PropertyValueSpecification","valueRequired":true,"valueName":"search_term_string"}}],"inLanguage":"pt-BR"},{"@type":"Organization","@id":"https:\/\/www.oarcanjo.net\/site\/#organization","name":"Par\u00f3quia S\u00e3o Miguel Arcanjo","url":"https:\/\/www.oarcanjo.net\/site\/","logo":{"@type":"ImageObject","inLanguage":"pt-BR","@id":"https:\/\/www.oarcanjo.net\/site\/#\/schema\/logo\/image\/","url":"https:\/\/www.oarcanjo.net\/site\/wp-content\/uploads\/LogoOArcanjo.png","contentUrl":"https:\/\/www.oarcanjo.net\/site\/wp-content\/uploads\/LogoOArcanjo.png","width":319,"height":99,"caption":"Par\u00f3quia S\u00e3o Miguel Arcanjo"},"image":{"@id":"https:\/\/www.oarcanjo.net\/site\/#\/schema\/logo\/image\/"},"sameAs":["https:\/\/www.facebook.com\/OArcanjoNoAr\/"]},{"@type":"Person","@id":"https:\/\/www.oarcanjo.net\/site\/#\/schema\/person\/f7870e710d8c8c30673de3a0ac2e451d","name":"carlos"}]}},"publishpress_future_action":{"enabled":false,"date":"2026-05-10 06:36:44","action":"category","newStatus":"draft","terms":[],"taxonomy":"category"},"publishpress_future_workflow_manual_trigger":{"enabledWorkflows":[]},"_links":{"self":[{"href":"https:\/\/www.oarcanjo.net\/site\/wp-json\/wp\/v2\/posts\/64488"}],"collection":[{"href":"https:\/\/www.oarcanjo.net\/site\/wp-json\/wp\/v2\/posts"}],"about":[{"href":"https:\/\/www.oarcanjo.net\/site\/wp-json\/wp\/v2\/types\/post"}],"author":[{"embeddable":true,"href":"https:\/\/www.oarcanjo.net\/site\/wp-json\/wp\/v2\/users\/10"}],"replies":[{"embeddable":true,"href":"https:\/\/www.oarcanjo.net\/site\/wp-json\/wp\/v2\/comments?post=64488"}],"version-history":[{"count":0,"href":"https:\/\/www.oarcanjo.net\/site\/wp-json\/wp\/v2\/posts\/64488\/revisions"}],"wp:attachment":[{"href":"https:\/\/www.oarcanjo.net\/site\/wp-json\/wp\/v2\/media?parent=64488"}],"wp:term":[{"taxonomy":"category","embeddable":true,"href":"https:\/\/www.oarcanjo.net\/site\/wp-json\/wp\/v2\/categories?post=64488"},{"taxonomy":"post_tag","embeddable":true,"href":"https:\/\/www.oarcanjo.net\/site\/wp-json\/wp\/v2\/tags?post=64488"}],"curies":[{"name":"wp","href":"https:\/\/api.w.org\/{rel}","templated":true}]}}