
{"id":6449,"date":"2014-12-10T00:01:53","date_gmt":"2014-12-10T02:01:53","guid":{"rendered":"http:\/\/www.oarcanjo.net\/site\/?p=6449"},"modified":"2014-11-11T11:15:23","modified_gmt":"2014-11-11T13:15:23","slug":"santa-joana-francisca-de-chantal","status":"publish","type":"post","link":"https:\/\/www.oarcanjo.net\/site\/santa-joana-francisca-de-chantal\/","title":{"rendered":"Santa Joana Francisca de Chantal"},"content":{"rendered":"<p><img loading=\"lazy\" decoding=\"async\" class=\"aligncenter size-thumbnail wp-image-6450\" src=\"http:\/\/www.oarcanjo.net\/site\/wp-content\/uploads\/santa-joana-francisca-de-chantal-150x150.jpg\" alt=\"santa joana francisca de chantal\" width=\"150\" height=\"150\" \/><\/p>\n<p>10\u00a0de Dezembro<\/p>\n<p>Neste dia queremos lembrar a vida da santa\u00a0 Joana Francisca de Chantal, modelo de jovem, m\u00e3e, irm\u00e3 e, por fim, de religiosa. Nasceu em Dijon, centro da Fran\u00e7a, em 1572 e foi pelas prova\u00e7\u00f5es modelada at\u00e9 a santidade.<\/p>\n<p>A m\u00e3e t\u00e3o amada faleceu quando Joana era crian\u00e7a; o pai, homem de car\u00e1ter exemplar, era presidente da c\u00e2mara dos vereadores e por causa de maquina\u00e7\u00f5es pol\u00edticas chegou a sofrer pobreza e muitas humilha\u00e7\u00f5es. Joana, que recebeu da fam\u00edlia a riqueza da f\u00e9, deu com 5 anos um exemplo marcante quanto a presen\u00e7a de Jesus no Sant\u00edssimo Sacramente, pois falou a um calvinista que questionava o pai: <em>&#8220;O Senhor Jesus Cristo est\u00e1 presente no Sant\u00edssimo Sacramento, porque Ele mesmo o disse. Se pretendeis n\u00e3o aceitar o que Ele falou, fazeis dele um mentiroso&#8221;.<\/em><\/p>\n<p>Santa Joana Francisca com 20 anos casou-se com um Bar\u00e3o (Bar\u00e3o de Chantal), tiveram quatro filhos, e juntos come\u00e7aram a educar os filhos, principalmente com o exemplo. Joana era sempre humilde, caridosa para com o esposo, filhos e empregados; amava e muito amada.<\/p>\n<p>Tristemente perdeu seu esposo que foi v\u00edtima de um tiro durante uma ca\u00e7a e somente com a gra\u00e7a de Deus conseguiu perdoar os causadores, e corajosamente educar os filhos. Como santa vi\u00fava, Joana conheceu o Bispo Francisco de Sales que a assumiu em dire\u00e7\u00e3o espiritual e encontrou na santa a pessoa ideal para a funda\u00e7\u00e3o de uma Ordem religiosa. Isto no ano de 1604. A partir disso, come\u00e7ou e se desenvolveu uma das mais belas amizades que se t\u00eam conhecido entre os santos da Igreja.<\/p>\n<p>Santa Joana Francisca de Chantal, j\u00e1 com os filhos educados, encontrou resist\u00eancia dos seus familiares, por\u00e9m, diante do chamado de Cristo, tornou-se fundadora das <em>Irm\u00e3s da Visita\u00e7\u00e3o de Nossa Senhora.<\/em> Seguindo o exemplo de Maria, a santa de hoje com suas irm\u00e3s fizeram um grande bem \u00e0 sociedade e \u00e0 toda Igreja. A longa vida religiosa da Senhora de Chantal foi cheia de trabalhos, sofrimentos e consola\u00e7\u00f5es. Faleceu em Moulins, no ano de 1641. Nessa \u00e9poca, j\u00e1 existiam na Fran\u00e7a noventa casas da sua Ordem.<\/p>\n<p>A <strong>Ordem da Visita\u00e7\u00e3o<\/strong> ou <strong>Ordem da Visita\u00e7\u00e3o de Santa Maria<\/strong> \u00e9 uma ordem religiosa feminina cat\u00f3lica fundada por S\u00e3o Francisco de Sales\u00a0e Santa <a href=\"http:\/\/www.oarcanjo.net\/wiki\/Ficheiro:Franz_von_Sales.jpg\"><\/a>Joana de Chantal em 1610.Atualmente a ordem, a n\u00edvel mundial, tem cerca de 3000 irm\u00e3s em 168 mosteiros.A ordem est\u00e1 em Portugal desde 1784, mantendo tr\u00eas mos\u00adteiros, em Braga e Vila das Aves e Leiria.<\/p>\n<div><a href=\"http:\/\/www.oarcanjo.net\/wiki\/Ficheiro:Franz_von_Sales.jpg\"><img loading=\"lazy\" decoding=\"async\" src=\"http:\/\/upload.wikimedia.org\/wikipedia\/commons\/0\/0b\/Franz_von_Sales.jpg\" alt=\"Franz von Sales.jpg\" width=\"88\" height=\"101\" \/><\/a><\/div>\n<p>S\u00e3o Francisco de Sales nunca abandonou a filha espiritual; sobreviveu-lhe ela dezenove anos e repousa a seu lado na capela da Visita\u00e7\u00e3o, em Annecy (local da funda\u00e7\u00e3o da primeira casa da Ordem das Irm\u00e3s da Visita\u00e7\u00e3o de Nossa Senhora).<\/p>\n<div id=\"themify_builder_content-6449\" data-postid=\"6449\" class=\"themify_builder_content themify_builder_content-6449 themify_builder themify_builder_front\">\n\t<\/div>\n<!-- \/themify_builder_content -->","protected":false},"excerpt":{"rendered":"<p>10\u00a0de Dezembro Neste dia queremos lembrar a vida da santa\u00a0 Joana Francisca de Chantal, modelo de jovem, m\u00e3e, irm\u00e3 e, por fim, de religiosa. Nasceu em Dijon, centro da Fran\u00e7a, em 1572 e foi pelas prova\u00e7\u00f5es modelada at\u00e9 a santidade. A m\u00e3e t\u00e3o amada faleceu quando Joana era crian\u00e7a; o pai, homem de car\u00e1ter exemplar, [&hellip;]<\/p>\n","protected":false},"author":14,"featured_media":0,"comment_status":"open","ping_status":"open","sticky":false,"template":"","format":"standard","meta":{"ngg_post_thumbnail":0,"footnotes":""},"categories":[186],"tags":[],"yoast_head":"<!-- This site is optimized with the Yoast SEO plugin v23.5 - https:\/\/yoast.com\/wordpress\/plugins\/seo\/ -->\n<title>Santa Joana Francisca de Chantal - O Arcanjo no ar<\/title>\n<meta name=\"robots\" content=\"index, follow, max-snippet:-1, max-image-preview:large, max-video-preview:-1\" \/>\n<link rel=\"canonical\" href=\"https:\/\/www.oarcanjo.net\/site\/santa-joana-francisca-de-chantal\/\" \/>\n<meta property=\"og:locale\" content=\"pt_BR\" \/>\n<meta property=\"og:type\" content=\"article\" \/>\n<meta property=\"og:title\" content=\"Santa Joana Francisca de Chantal - O Arcanjo no ar\" \/>\n<meta property=\"og:description\" content=\"10\u00a0de Dezembro Neste dia queremos lembrar a vida da santa\u00a0 Joana Francisca de Chantal, modelo de jovem, m\u00e3e, irm\u00e3 e, por fim, de religiosa. Nasceu em Dijon, centro da Fran\u00e7a, em 1572 e foi pelas prova\u00e7\u00f5es modelada at\u00e9 a santidade. A m\u00e3e t\u00e3o amada faleceu quando Joana era crian\u00e7a; o pai, homem de car\u00e1ter exemplar, [&hellip;]\" \/>\n<meta property=\"og:url\" content=\"https:\/\/www.oarcanjo.net\/site\/santa-joana-francisca-de-chantal\/\" \/>\n<meta property=\"og:site_name\" content=\"O Arcanjo no ar\" \/>\n<meta property=\"article:publisher\" content=\"https:\/\/www.facebook.com\/OArcanjoNoAr\/\" \/>\n<meta property=\"article:published_time\" content=\"2014-12-10T02:01:53+00:00\" \/>\n<meta property=\"article:modified_time\" content=\"2014-11-11T13:15:23+00:00\" \/>\n<meta property=\"og:image\" content=\"http:\/\/www.oarcanjo.net\/site\/wp-content\/uploads\/santa-joana-francisca-de-chantal-150x150.jpg\" \/>\n<meta name=\"author\" content=\"danilo\" \/>\n<meta name=\"twitter:card\" content=\"summary_large_image\" \/>\n<meta name=\"twitter:label1\" content=\"Escrito por\" \/>\n\t<meta name=\"twitter:data1\" content=\"danilo\" \/>\n\t<meta name=\"twitter:label2\" content=\"Est. tempo de leitura\" \/>\n\t<meta name=\"twitter:data2\" content=\"2 minutos\" \/>\n<script type=\"application\/ld+json\" class=\"yoast-schema-graph\">{\"@context\":\"https:\/\/schema.org\",\"@graph\":[{\"@type\":\"Article\",\"@id\":\"https:\/\/www.oarcanjo.net\/site\/santa-joana-francisca-de-chantal\/#article\",\"isPartOf\":{\"@id\":\"https:\/\/www.oarcanjo.net\/site\/santa-joana-francisca-de-chantal\/\"},\"author\":{\"name\":\"danilo\",\"@id\":\"https:\/\/www.oarcanjo.net\/site\/#\/schema\/person\/5eb9480bedd2f3c97e430ce128c29c6c\"},\"headline\":\"Santa Joana Francisca de Chantal\",\"datePublished\":\"2014-12-10T02:01:53+00:00\",\"dateModified\":\"2014-11-11T13:15:23+00:00\",\"mainEntityOfPage\":{\"@id\":\"https:\/\/www.oarcanjo.net\/site\/santa-joana-francisca-de-chantal\/\"},\"wordCount\":487,\"commentCount\":1,\"publisher\":{\"@id\":\"https:\/\/www.oarcanjo.net\/site\/#organization\"},\"image\":{\"@id\":\"https:\/\/www.oarcanjo.net\/site\/santa-joana-francisca-de-chantal\/#primaryimage\"},\"thumbnailUrl\":\"http:\/\/www.oarcanjo.net\/site\/wp-content\/uploads\/santa-joana-francisca-de-chantal-150x150.jpg\",\"articleSection\":[\"Testemunhos\"],\"inLanguage\":\"pt-BR\",\"potentialAction\":[{\"@type\":\"CommentAction\",\"name\":\"Comment\",\"target\":[\"https:\/\/www.oarcanjo.net\/site\/santa-joana-francisca-de-chantal\/#respond\"]}]},{\"@type\":\"WebPage\",\"@id\":\"https:\/\/www.oarcanjo.net\/site\/santa-joana-francisca-de-chantal\/\",\"url\":\"https:\/\/www.oarcanjo.net\/site\/santa-joana-francisca-de-chantal\/\",\"name\":\"Santa Joana Francisca de Chantal - O Arcanjo no ar\",\"isPartOf\":{\"@id\":\"https:\/\/www.oarcanjo.net\/site\/#website\"},\"primaryImageOfPage\":{\"@id\":\"https:\/\/www.oarcanjo.net\/site\/santa-joana-francisca-de-chantal\/#primaryimage\"},\"image\":{\"@id\":\"https:\/\/www.oarcanjo.net\/site\/santa-joana-francisca-de-chantal\/#primaryimage\"},\"thumbnailUrl\":\"http:\/\/www.oarcanjo.net\/site\/wp-content\/uploads\/santa-joana-francisca-de-chantal-150x150.jpg\",\"datePublished\":\"2014-12-10T02:01:53+00:00\",\"dateModified\":\"2014-11-11T13:15:23+00:00\",\"breadcrumb\":{\"@id\":\"https:\/\/www.oarcanjo.net\/site\/santa-joana-francisca-de-chantal\/#breadcrumb\"},\"inLanguage\":\"pt-BR\",\"potentialAction\":[{\"@type\":\"ReadAction\",\"target\":[\"https:\/\/www.oarcanjo.net\/site\/santa-joana-francisca-de-chantal\/\"]}]},{\"@type\":\"ImageObject\",\"inLanguage\":\"pt-BR\",\"@id\":\"https:\/\/www.oarcanjo.net\/site\/santa-joana-francisca-de-chantal\/#primaryimage\",\"url\":\"https:\/\/www.oarcanjo.net\/site\/wp-content\/uploads\/santa-joana-francisca-de-chantal.jpg\",\"contentUrl\":\"https:\/\/www.oarcanjo.net\/site\/wp-content\/uploads\/santa-joana-francisca-de-chantal.jpg\",\"width\":\"270\",\"height\":\"400\"},{\"@type\":\"BreadcrumbList\",\"@id\":\"https:\/\/www.oarcanjo.net\/site\/santa-joana-francisca-de-chantal\/#breadcrumb\",\"itemListElement\":[{\"@type\":\"ListItem\",\"position\":1,\"name\":\"In\u00edcio\",\"item\":\"https:\/\/www.oarcanjo.net\/site\/\"},{\"@type\":\"ListItem\",\"position\":2,\"name\":\"Santa Joana Francisca de Chantal\"}]},{\"@type\":\"WebSite\",\"@id\":\"https:\/\/www.oarcanjo.net\/site\/#website\",\"url\":\"https:\/\/www.oarcanjo.net\/site\/\",\"name\":\"O Arcanjo no ar\",\"description\":\"Site da Par\u00f3quia S\u00e3o Miguel Arcanjo (Arquidiocese de SP)\",\"publisher\":{\"@id\":\"https:\/\/www.oarcanjo.net\/site\/#organization\"},\"potentialAction\":[{\"@type\":\"SearchAction\",\"target\":{\"@type\":\"EntryPoint\",\"urlTemplate\":\"https:\/\/www.oarcanjo.net\/site\/?s={search_term_string}\"},\"query-input\":{\"@type\":\"PropertyValueSpecification\",\"valueRequired\":true,\"valueName\":\"search_term_string\"}}],\"inLanguage\":\"pt-BR\"},{\"@type\":\"Organization\",\"@id\":\"https:\/\/www.oarcanjo.net\/site\/#organization\",\"name\":\"Par\u00f3quia S\u00e3o Miguel Arcanjo\",\"url\":\"https:\/\/www.oarcanjo.net\/site\/\",\"logo\":{\"@type\":\"ImageObject\",\"inLanguage\":\"pt-BR\",\"@id\":\"https:\/\/www.oarcanjo.net\/site\/#\/schema\/logo\/image\/\",\"url\":\"https:\/\/www.oarcanjo.net\/site\/wp-content\/uploads\/LogoOArcanjo.png\",\"contentUrl\":\"https:\/\/www.oarcanjo.net\/site\/wp-content\/uploads\/LogoOArcanjo.png\",\"width\":319,\"height\":99,\"caption\":\"Par\u00f3quia S\u00e3o Miguel Arcanjo\"},\"image\":{\"@id\":\"https:\/\/www.oarcanjo.net\/site\/#\/schema\/logo\/image\/\"},\"sameAs\":[\"https:\/\/www.facebook.com\/OArcanjoNoAr\/\"]},{\"@type\":\"Person\",\"@id\":\"https:\/\/www.oarcanjo.net\/site\/#\/schema\/person\/5eb9480bedd2f3c97e430ce128c29c6c\",\"name\":\"danilo\"}]}<\/script>\n<!-- \/ Yoast SEO plugin. -->","yoast_head_json":{"title":"Santa Joana Francisca de Chantal - O Arcanjo no ar","robots":{"index":"index","follow":"follow","max-snippet":"max-snippet:-1","max-image-preview":"max-image-preview:large","max-video-preview":"max-video-preview:-1"},"canonical":"https:\/\/www.oarcanjo.net\/site\/santa-joana-francisca-de-chantal\/","og_locale":"pt_BR","og_type":"article","og_title":"Santa Joana Francisca de Chantal - O Arcanjo no ar","og_description":"10\u00a0de Dezembro Neste dia queremos lembrar a vida da santa\u00a0 Joana Francisca de Chantal, modelo de jovem, m\u00e3e, irm\u00e3 e, por fim, de religiosa. Nasceu em Dijon, centro da Fran\u00e7a, em 1572 e foi pelas prova\u00e7\u00f5es modelada at\u00e9 a santidade. A m\u00e3e t\u00e3o amada faleceu quando Joana era crian\u00e7a; o pai, homem de car\u00e1ter exemplar, [&hellip;]","og_url":"https:\/\/www.oarcanjo.net\/site\/santa-joana-francisca-de-chantal\/","og_site_name":"O Arcanjo no ar","article_publisher":"https:\/\/www.facebook.com\/OArcanjoNoAr\/","article_published_time":"2014-12-10T02:01:53+00:00","article_modified_time":"2014-11-11T13:15:23+00:00","og_image":[{"url":"http:\/\/www.oarcanjo.net\/site\/wp-content\/uploads\/santa-joana-francisca-de-chantal-150x150.jpg"}],"author":"danilo","twitter_card":"summary_large_image","twitter_misc":{"Escrito por":"danilo","Est. tempo de leitura":"2 minutos"},"schema":{"@context":"https:\/\/schema.org","@graph":[{"@type":"Article","@id":"https:\/\/www.oarcanjo.net\/site\/santa-joana-francisca-de-chantal\/#article","isPartOf":{"@id":"https:\/\/www.oarcanjo.net\/site\/santa-joana-francisca-de-chantal\/"},"author":{"name":"danilo","@id":"https:\/\/www.oarcanjo.net\/site\/#\/schema\/person\/5eb9480bedd2f3c97e430ce128c29c6c"},"headline":"Santa Joana Francisca de Chantal","datePublished":"2014-12-10T02:01:53+00:00","dateModified":"2014-11-11T13:15:23+00:00","mainEntityOfPage":{"@id":"https:\/\/www.oarcanjo.net\/site\/santa-joana-francisca-de-chantal\/"},"wordCount":487,"commentCount":1,"publisher":{"@id":"https:\/\/www.oarcanjo.net\/site\/#organization"},"image":{"@id":"https:\/\/www.oarcanjo.net\/site\/santa-joana-francisca-de-chantal\/#primaryimage"},"thumbnailUrl":"http:\/\/www.oarcanjo.net\/site\/wp-content\/uploads\/santa-joana-francisca-de-chantal-150x150.jpg","articleSection":["Testemunhos"],"inLanguage":"pt-BR","potentialAction":[{"@type":"CommentAction","name":"Comment","target":["https:\/\/www.oarcanjo.net\/site\/santa-joana-francisca-de-chantal\/#respond"]}]},{"@type":"WebPage","@id":"https:\/\/www.oarcanjo.net\/site\/santa-joana-francisca-de-chantal\/","url":"https:\/\/www.oarcanjo.net\/site\/santa-joana-francisca-de-chantal\/","name":"Santa Joana Francisca de Chantal - O Arcanjo no ar","isPartOf":{"@id":"https:\/\/www.oarcanjo.net\/site\/#website"},"primaryImageOfPage":{"@id":"https:\/\/www.oarcanjo.net\/site\/santa-joana-francisca-de-chantal\/#primaryimage"},"image":{"@id":"https:\/\/www.oarcanjo.net\/site\/santa-joana-francisca-de-chantal\/#primaryimage"},"thumbnailUrl":"http:\/\/www.oarcanjo.net\/site\/wp-content\/uploads\/santa-joana-francisca-de-chantal-150x150.jpg","datePublished":"2014-12-10T02:01:53+00:00","dateModified":"2014-11-11T13:15:23+00:00","breadcrumb":{"@id":"https:\/\/www.oarcanjo.net\/site\/santa-joana-francisca-de-chantal\/#breadcrumb"},"inLanguage":"pt-BR","potentialAction":[{"@type":"ReadAction","target":["https:\/\/www.oarcanjo.net\/site\/santa-joana-francisca-de-chantal\/"]}]},{"@type":"ImageObject","inLanguage":"pt-BR","@id":"https:\/\/www.oarcanjo.net\/site\/santa-joana-francisca-de-chantal\/#primaryimage","url":"https:\/\/www.oarcanjo.net\/site\/wp-content\/uploads\/santa-joana-francisca-de-chantal.jpg","contentUrl":"https:\/\/www.oarcanjo.net\/site\/wp-content\/uploads\/santa-joana-francisca-de-chantal.jpg","width":"270","height":"400"},{"@type":"BreadcrumbList","@id":"https:\/\/www.oarcanjo.net\/site\/santa-joana-francisca-de-chantal\/#breadcrumb","itemListElement":[{"@type":"ListItem","position":1,"name":"In\u00edcio","item":"https:\/\/www.oarcanjo.net\/site\/"},{"@type":"ListItem","position":2,"name":"Santa Joana Francisca de Chantal"}]},{"@type":"WebSite","@id":"https:\/\/www.oarcanjo.net\/site\/#website","url":"https:\/\/www.oarcanjo.net\/site\/","name":"O Arcanjo no ar","description":"Site da Par\u00f3quia S\u00e3o Miguel Arcanjo (Arquidiocese de SP)","publisher":{"@id":"https:\/\/www.oarcanjo.net\/site\/#organization"},"potentialAction":[{"@type":"SearchAction","target":{"@type":"EntryPoint","urlTemplate":"https:\/\/www.oarcanjo.net\/site\/?s={search_term_string}"},"query-input":{"@type":"PropertyValueSpecification","valueRequired":true,"valueName":"search_term_string"}}],"inLanguage":"pt-BR"},{"@type":"Organization","@id":"https:\/\/www.oarcanjo.net\/site\/#organization","name":"Par\u00f3quia S\u00e3o Miguel Arcanjo","url":"https:\/\/www.oarcanjo.net\/site\/","logo":{"@type":"ImageObject","inLanguage":"pt-BR","@id":"https:\/\/www.oarcanjo.net\/site\/#\/schema\/logo\/image\/","url":"https:\/\/www.oarcanjo.net\/site\/wp-content\/uploads\/LogoOArcanjo.png","contentUrl":"https:\/\/www.oarcanjo.net\/site\/wp-content\/uploads\/LogoOArcanjo.png","width":319,"height":99,"caption":"Par\u00f3quia S\u00e3o Miguel Arcanjo"},"image":{"@id":"https:\/\/www.oarcanjo.net\/site\/#\/schema\/logo\/image\/"},"sameAs":["https:\/\/www.facebook.com\/OArcanjoNoAr\/"]},{"@type":"Person","@id":"https:\/\/www.oarcanjo.net\/site\/#\/schema\/person\/5eb9480bedd2f3c97e430ce128c29c6c","name":"danilo"}]}},"publishpress_future_action":{"enabled":false,"date":"2026-05-08 19:20:01","action":"category","newStatus":"draft","terms":[],"taxonomy":"category"},"publishpress_future_workflow_manual_trigger":{"enabledWorkflows":[]},"_links":{"self":[{"href":"https:\/\/www.oarcanjo.net\/site\/wp-json\/wp\/v2\/posts\/6449"}],"collection":[{"href":"https:\/\/www.oarcanjo.net\/site\/wp-json\/wp\/v2\/posts"}],"about":[{"href":"https:\/\/www.oarcanjo.net\/site\/wp-json\/wp\/v2\/types\/post"}],"author":[{"embeddable":true,"href":"https:\/\/www.oarcanjo.net\/site\/wp-json\/wp\/v2\/users\/14"}],"replies":[{"embeddable":true,"href":"https:\/\/www.oarcanjo.net\/site\/wp-json\/wp\/v2\/comments?post=6449"}],"version-history":[{"count":0,"href":"https:\/\/www.oarcanjo.net\/site\/wp-json\/wp\/v2\/posts\/6449\/revisions"}],"wp:attachment":[{"href":"https:\/\/www.oarcanjo.net\/site\/wp-json\/wp\/v2\/media?parent=6449"}],"wp:term":[{"taxonomy":"category","embeddable":true,"href":"https:\/\/www.oarcanjo.net\/site\/wp-json\/wp\/v2\/categories?post=6449"},{"taxonomy":"post_tag","embeddable":true,"href":"https:\/\/www.oarcanjo.net\/site\/wp-json\/wp\/v2\/tags?post=6449"}],"curies":[{"name":"wp","href":"https:\/\/api.w.org\/{rel}","templated":true}]}}