
{"id":645,"date":"2008-11-13T15:30:01","date_gmt":"2008-11-13T18:30:01","guid":{"rendered":"http:\/\/www.oarcanjo.net\/site\/?p=645"},"modified":"2008-11-15T11:06:54","modified_gmt":"2008-11-15T14:06:54","slug":"igreja-e-estado-assinam-acordo-no-vaticano-nota-da-cnbb","status":"publish","type":"post","link":"https:\/\/www.oarcanjo.net\/site\/igreja-e-estado-assinam-acordo-no-vaticano-nota-da-cnbb\/","title":{"rendered":"Igreja e Estado assinam acordo no Vaticano &#8211; nota da CNBB"},"content":{"rendered":"<p>Nota da CNBB sobre o Acordo entre a Santa S\u00e9 e o Estado Brasileiro<\/p>\n<p>O Acordo firmado nesta quinta-feira, 13 de novembro, em Roma, entre a Santa S\u00e9 e a Rep\u00fablica Federativa do Brasil, responde a uma exig\u00eancia de natureza jur\u00eddica da Igreja e recolhe, num \u00fanico texto, o Estatuto Jur\u00eddico da Igreja Cat\u00f3lica no Brasil.<\/p>\n<p>Sempre presente na hist\u00f3ria do povo brasileiro, a Igreja Cat\u00f3lica \u00e9 reconhecida em sua personalidade jur\u00eddica pela doutrina e jurisprud\u00eancia brasileiras desde a Proclama\u00e7\u00e3o da Rep\u00fablica. O Acordo, solicitado h\u00e1 alguns anos pela CNBB, vem, portanto, consolidar e formalizar esta situa\u00e7\u00e3o j\u00e1 existente, dirimindo d\u00favidas de interpreta\u00e7\u00e3o que ocorrem com certa freq\u00fc\u00eancia em casos como os de personalidade jur\u00eddica de dioceses, par\u00f3quias e outras institui\u00e7\u00f5es eclesi\u00e1sticas. <\/p>\n<p>A identidade espec\u00edfica da Igreja consiste no an\u00fancio do evangelho. No cumprimento desta sua miss\u00e3o, a Igreja quer atingir a pessoa humana em sua integridade, consciente de que ela vive numa sociedade que \u00e9 regida por normas e leis.  Para sua atua\u00e7\u00e3o na sociedade, a Igreja necessita de um arcabou\u00e7o jur\u00eddico.  \u00c9 este o objetivo do Acordo. <\/p>\n<p>Este Acordo n\u00e3o concede privil\u00e9gios \u00e0 Igreja Cat\u00f3lica nem faz nenhuma discrimina\u00e7\u00e3o com rela\u00e7\u00e3o \u00e0s outras confiss\u00f5es religiosas. Cada um de seus artigos respeita o ordenamento jur\u00eddico estabelecido pela Constitui\u00e7\u00e3o Federal e demais leis brasileiras, bem como a paridade de tratamento a outras entidades de id\u00eantica natureza, quer sejam de car\u00e1ter religioso, filantr\u00f3pico, de assist\u00eancia social, de ensino e outras, excluindo-se, portanto, qualquer possibilidade de discrimina\u00e7\u00e3o entre elas. <\/p>\n<p>Consciente desta necessidade, a Confer\u00eancia Nacional dos Bispos do Brasil &#8211; CNBB acolhe com satisfa\u00e7\u00e3o este ato de respeito m\u00fatuo entre a Igreja Cat\u00f3lica e o Estado Brasileiro. Por intercess\u00e3o de Nossa Senhora Aparecida, imploramos ao Esp\u00edrito de Deus que ilumine as mentes e os cora\u00e7\u00f5es de todos na busca de uma sociedade justa e fraterna.<\/p>\n<p>Bras\u00edlia-DF, 13 de novembro de 2008 <\/p>\n<p>Dom Geraldo Lyrio Rocha<br \/>\nArcebispo de Mariana<br \/>\nPresidente da CNBB<\/p>\n<p>Dom Luiz Soares Vieira<br \/>\nArcebispo de Manaus<br \/>\nVice-presidente da CNBB<\/p>\n<p>Dom Dimas Lara Barbosa<br \/>\nBispo Auxiliar do Rio de Janeiro<br \/>\nSecret\u00e1rio Geral da CNBB<\/p>\n<p><a href=\"\/site\/index.php\/reflexao\/igreja-estado-um-bom-acordo\/\"><em>Leia tamb\u00e9m o artigo de D. Dem\u00e9trio<\/a> e a <a href=\"http:\/\/www.paulinas.org.br\/publique\/cgi\/public\/cgilua.exe\/web\/templates\/htm\/fc2008\/view_PUB-ENT.htm?infoid=40256&#038;user=reader&#038;editionsectionid=1\" target=\"_blank\">entrevista de D. Odilo Scherer na revista Fam\u00edlia Crist\u00e3<\/a><\/em><\/p>\n<div id=\"themify_builder_content-645\" data-postid=\"645\" class=\"themify_builder_content themify_builder_content-645 themify_builder themify_builder_front\">\n\t<\/div>\n<!-- \/themify_builder_content -->","protected":false},"excerpt":{"rendered":"<p>Nota da CNBB sobre o Acordo entre a Santa S\u00e9 e o Estado Brasileiro O Acordo firmado nesta quinta-feira, 13 de novembro, em Roma, entre a Santa S\u00e9 e a Rep\u00fablica Federativa do Brasil, responde a uma exig\u00eancia de natureza jur\u00eddica da Igreja e recolhe, num \u00fanico texto, o Estatuto Jur\u00eddico da Igreja Cat\u00f3lica no [&hellip;]<\/p>\n","protected":false},"author":5,"featured_media":0,"comment_status":"open","ping_status":"open","sticky":false,"template":"","format":"standard","meta":{"ngg_post_thumbnail":0,"footnotes":""},"categories":[8],"tags":[102,101,34],"yoast_head":"<!-- This site is optimized with the Yoast SEO plugin v23.5 - https:\/\/yoast.com\/wordpress\/plugins\/seo\/ -->\n<title>Igreja e Estado assinam acordo no Vaticano - nota da CNBB - O Arcanjo no ar<\/title>\n<meta name=\"robots\" content=\"index, follow, max-snippet:-1, max-image-preview:large, max-video-preview:-1\" \/>\n<link rel=\"canonical\" href=\"https:\/\/www.oarcanjo.net\/site\/igreja-e-estado-assinam-acordo-no-vaticano-nota-da-cnbb\/\" \/>\n<meta property=\"og:locale\" content=\"pt_BR\" \/>\n<meta property=\"og:type\" content=\"article\" \/>\n<meta property=\"og:title\" content=\"Igreja e Estado assinam acordo no Vaticano - nota da CNBB - O Arcanjo no ar\" \/>\n<meta property=\"og:description\" content=\"Nota da CNBB sobre o Acordo entre a Santa S\u00e9 e o Estado Brasileiro O Acordo firmado nesta quinta-feira, 13 de novembro, em Roma, entre a Santa S\u00e9 e a Rep\u00fablica Federativa do Brasil, responde a uma exig\u00eancia de natureza jur\u00eddica da Igreja e recolhe, num \u00fanico texto, o Estatuto Jur\u00eddico da Igreja Cat\u00f3lica no [&hellip;]\" \/>\n<meta property=\"og:url\" content=\"https:\/\/www.oarcanjo.net\/site\/igreja-e-estado-assinam-acordo-no-vaticano-nota-da-cnbb\/\" \/>\n<meta property=\"og:site_name\" content=\"O Arcanjo no ar\" \/>\n<meta property=\"article:publisher\" content=\"https:\/\/www.facebook.com\/OArcanjoNoAr\/\" \/>\n<meta property=\"article:published_time\" content=\"2008-11-13T18:30:01+00:00\" \/>\n<meta property=\"article:modified_time\" content=\"2008-11-15T14:06:54+00:00\" \/>\n<meta property=\"og:image\" content=\"https:\/\/www.oarcanjo.net\/site\/wp-content\/uploads\/logo-o-arcanjo-no-ar-facebook.png\" \/>\n\t<meta property=\"og:image:width\" content=\"300\" \/>\n\t<meta property=\"og:image:height\" content=\"300\" \/>\n\t<meta property=\"og:image:type\" content=\"image\/png\" \/>\n<meta name=\"author\" content=\"editor\" \/>\n<meta name=\"twitter:card\" content=\"summary_large_image\" \/>\n<meta name=\"twitter:label1\" content=\"Escrito por\" \/>\n\t<meta name=\"twitter:data1\" content=\"editor\" \/>\n\t<meta name=\"twitter:label2\" content=\"Est. tempo de leitura\" \/>\n\t<meta name=\"twitter:data2\" content=\"2 minutos\" \/>\n<script type=\"application\/ld+json\" class=\"yoast-schema-graph\">{\"@context\":\"https:\/\/schema.org\",\"@graph\":[{\"@type\":\"Article\",\"@id\":\"https:\/\/www.oarcanjo.net\/site\/igreja-e-estado-assinam-acordo-no-vaticano-nota-da-cnbb\/#article\",\"isPartOf\":{\"@id\":\"https:\/\/www.oarcanjo.net\/site\/igreja-e-estado-assinam-acordo-no-vaticano-nota-da-cnbb\/\"},\"author\":{\"name\":\"editor\",\"@id\":\"https:\/\/www.oarcanjo.net\/site\/#\/schema\/person\/f7024d007863202483a31326673a0838\"},\"headline\":\"Igreja e Estado assinam acordo no Vaticano &#8211; nota da CNBB\",\"datePublished\":\"2008-11-13T18:30:01+00:00\",\"dateModified\":\"2008-11-15T14:06:54+00:00\",\"mainEntityOfPage\":{\"@id\":\"https:\/\/www.oarcanjo.net\/site\/igreja-e-estado-assinam-acordo-no-vaticano-nota-da-cnbb\/\"},\"wordCount\":415,\"commentCount\":0,\"publisher\":{\"@id\":\"https:\/\/www.oarcanjo.net\/site\/#organization\"},\"keywords\":[\"Estado\",\"Igreja cat\u00f3lica\",\"vaticano\"],\"articleSection\":[\"Not\u00edcias\"],\"inLanguage\":\"pt-BR\",\"potentialAction\":[{\"@type\":\"CommentAction\",\"name\":\"Comment\",\"target\":[\"https:\/\/www.oarcanjo.net\/site\/igreja-e-estado-assinam-acordo-no-vaticano-nota-da-cnbb\/#respond\"]}]},{\"@type\":\"WebPage\",\"@id\":\"https:\/\/www.oarcanjo.net\/site\/igreja-e-estado-assinam-acordo-no-vaticano-nota-da-cnbb\/\",\"url\":\"https:\/\/www.oarcanjo.net\/site\/igreja-e-estado-assinam-acordo-no-vaticano-nota-da-cnbb\/\",\"name\":\"Igreja e Estado assinam acordo no Vaticano - nota da CNBB - O Arcanjo no ar\",\"isPartOf\":{\"@id\":\"https:\/\/www.oarcanjo.net\/site\/#website\"},\"datePublished\":\"2008-11-13T18:30:01+00:00\",\"dateModified\":\"2008-11-15T14:06:54+00:00\",\"breadcrumb\":{\"@id\":\"https:\/\/www.oarcanjo.net\/site\/igreja-e-estado-assinam-acordo-no-vaticano-nota-da-cnbb\/#breadcrumb\"},\"inLanguage\":\"pt-BR\",\"potentialAction\":[{\"@type\":\"ReadAction\",\"target\":[\"https:\/\/www.oarcanjo.net\/site\/igreja-e-estado-assinam-acordo-no-vaticano-nota-da-cnbb\/\"]}]},{\"@type\":\"BreadcrumbList\",\"@id\":\"https:\/\/www.oarcanjo.net\/site\/igreja-e-estado-assinam-acordo-no-vaticano-nota-da-cnbb\/#breadcrumb\",\"itemListElement\":[{\"@type\":\"ListItem\",\"position\":1,\"name\":\"In\u00edcio\",\"item\":\"https:\/\/www.oarcanjo.net\/site\/\"},{\"@type\":\"ListItem\",\"position\":2,\"name\":\"Igreja e Estado assinam acordo no Vaticano &#8211; nota da CNBB\"}]},{\"@type\":\"WebSite\",\"@id\":\"https:\/\/www.oarcanjo.net\/site\/#website\",\"url\":\"https:\/\/www.oarcanjo.net\/site\/\",\"name\":\"O Arcanjo no ar\",\"description\":\"Site da Par\u00f3quia S\u00e3o Miguel Arcanjo (Arquidiocese de SP)\",\"publisher\":{\"@id\":\"https:\/\/www.oarcanjo.net\/site\/#organization\"},\"potentialAction\":[{\"@type\":\"SearchAction\",\"target\":{\"@type\":\"EntryPoint\",\"urlTemplate\":\"https:\/\/www.oarcanjo.net\/site\/?s={search_term_string}\"},\"query-input\":{\"@type\":\"PropertyValueSpecification\",\"valueRequired\":true,\"valueName\":\"search_term_string\"}}],\"inLanguage\":\"pt-BR\"},{\"@type\":\"Organization\",\"@id\":\"https:\/\/www.oarcanjo.net\/site\/#organization\",\"name\":\"Par\u00f3quia S\u00e3o Miguel Arcanjo\",\"url\":\"https:\/\/www.oarcanjo.net\/site\/\",\"logo\":{\"@type\":\"ImageObject\",\"inLanguage\":\"pt-BR\",\"@id\":\"https:\/\/www.oarcanjo.net\/site\/#\/schema\/logo\/image\/\",\"url\":\"https:\/\/www.oarcanjo.net\/site\/wp-content\/uploads\/LogoOArcanjo.png\",\"contentUrl\":\"https:\/\/www.oarcanjo.net\/site\/wp-content\/uploads\/LogoOArcanjo.png\",\"width\":319,\"height\":99,\"caption\":\"Par\u00f3quia S\u00e3o Miguel Arcanjo\"},\"image\":{\"@id\":\"https:\/\/www.oarcanjo.net\/site\/#\/schema\/logo\/image\/\"},\"sameAs\":[\"https:\/\/www.facebook.com\/OArcanjoNoAr\/\"]},{\"@type\":\"Person\",\"@id\":\"https:\/\/www.oarcanjo.net\/site\/#\/schema\/person\/f7024d007863202483a31326673a0838\",\"name\":\"editor\",\"sameAs\":[\"http:\/\/www.oarcanjo.net\"]}]}<\/script>\n<!-- \/ Yoast SEO plugin. -->","yoast_head_json":{"title":"Igreja e Estado assinam acordo no Vaticano - nota da CNBB - O Arcanjo no ar","robots":{"index":"index","follow":"follow","max-snippet":"max-snippet:-1","max-image-preview":"max-image-preview:large","max-video-preview":"max-video-preview:-1"},"canonical":"https:\/\/www.oarcanjo.net\/site\/igreja-e-estado-assinam-acordo-no-vaticano-nota-da-cnbb\/","og_locale":"pt_BR","og_type":"article","og_title":"Igreja e Estado assinam acordo no Vaticano - nota da CNBB - O Arcanjo no ar","og_description":"Nota da CNBB sobre o Acordo entre a Santa S\u00e9 e o Estado Brasileiro O Acordo firmado nesta quinta-feira, 13 de novembro, em Roma, entre a Santa S\u00e9 e a Rep\u00fablica Federativa do Brasil, responde a uma exig\u00eancia de natureza jur\u00eddica da Igreja e recolhe, num \u00fanico texto, o Estatuto Jur\u00eddico da Igreja Cat\u00f3lica no [&hellip;]","og_url":"https:\/\/www.oarcanjo.net\/site\/igreja-e-estado-assinam-acordo-no-vaticano-nota-da-cnbb\/","og_site_name":"O Arcanjo no ar","article_publisher":"https:\/\/www.facebook.com\/OArcanjoNoAr\/","article_published_time":"2008-11-13T18:30:01+00:00","article_modified_time":"2008-11-15T14:06:54+00:00","og_image":[{"width":300,"height":300,"url":"https:\/\/www.oarcanjo.net\/site\/wp-content\/uploads\/logo-o-arcanjo-no-ar-facebook.png","type":"image\/png"}],"author":"editor","twitter_card":"summary_large_image","twitter_misc":{"Escrito por":"editor","Est. tempo de leitura":"2 minutos"},"schema":{"@context":"https:\/\/schema.org","@graph":[{"@type":"Article","@id":"https:\/\/www.oarcanjo.net\/site\/igreja-e-estado-assinam-acordo-no-vaticano-nota-da-cnbb\/#article","isPartOf":{"@id":"https:\/\/www.oarcanjo.net\/site\/igreja-e-estado-assinam-acordo-no-vaticano-nota-da-cnbb\/"},"author":{"name":"editor","@id":"https:\/\/www.oarcanjo.net\/site\/#\/schema\/person\/f7024d007863202483a31326673a0838"},"headline":"Igreja e Estado assinam acordo no Vaticano &#8211; nota da CNBB","datePublished":"2008-11-13T18:30:01+00:00","dateModified":"2008-11-15T14:06:54+00:00","mainEntityOfPage":{"@id":"https:\/\/www.oarcanjo.net\/site\/igreja-e-estado-assinam-acordo-no-vaticano-nota-da-cnbb\/"},"wordCount":415,"commentCount":0,"publisher":{"@id":"https:\/\/www.oarcanjo.net\/site\/#organization"},"keywords":["Estado","Igreja cat\u00f3lica","vaticano"],"articleSection":["Not\u00edcias"],"inLanguage":"pt-BR","potentialAction":[{"@type":"CommentAction","name":"Comment","target":["https:\/\/www.oarcanjo.net\/site\/igreja-e-estado-assinam-acordo-no-vaticano-nota-da-cnbb\/#respond"]}]},{"@type":"WebPage","@id":"https:\/\/www.oarcanjo.net\/site\/igreja-e-estado-assinam-acordo-no-vaticano-nota-da-cnbb\/","url":"https:\/\/www.oarcanjo.net\/site\/igreja-e-estado-assinam-acordo-no-vaticano-nota-da-cnbb\/","name":"Igreja e Estado assinam acordo no Vaticano - nota da CNBB - O Arcanjo no ar","isPartOf":{"@id":"https:\/\/www.oarcanjo.net\/site\/#website"},"datePublished":"2008-11-13T18:30:01+00:00","dateModified":"2008-11-15T14:06:54+00:00","breadcrumb":{"@id":"https:\/\/www.oarcanjo.net\/site\/igreja-e-estado-assinam-acordo-no-vaticano-nota-da-cnbb\/#breadcrumb"},"inLanguage":"pt-BR","potentialAction":[{"@type":"ReadAction","target":["https:\/\/www.oarcanjo.net\/site\/igreja-e-estado-assinam-acordo-no-vaticano-nota-da-cnbb\/"]}]},{"@type":"BreadcrumbList","@id":"https:\/\/www.oarcanjo.net\/site\/igreja-e-estado-assinam-acordo-no-vaticano-nota-da-cnbb\/#breadcrumb","itemListElement":[{"@type":"ListItem","position":1,"name":"In\u00edcio","item":"https:\/\/www.oarcanjo.net\/site\/"},{"@type":"ListItem","position":2,"name":"Igreja e Estado assinam acordo no Vaticano &#8211; nota da CNBB"}]},{"@type":"WebSite","@id":"https:\/\/www.oarcanjo.net\/site\/#website","url":"https:\/\/www.oarcanjo.net\/site\/","name":"O Arcanjo no ar","description":"Site da Par\u00f3quia S\u00e3o Miguel Arcanjo (Arquidiocese de SP)","publisher":{"@id":"https:\/\/www.oarcanjo.net\/site\/#organization"},"potentialAction":[{"@type":"SearchAction","target":{"@type":"EntryPoint","urlTemplate":"https:\/\/www.oarcanjo.net\/site\/?s={search_term_string}"},"query-input":{"@type":"PropertyValueSpecification","valueRequired":true,"valueName":"search_term_string"}}],"inLanguage":"pt-BR"},{"@type":"Organization","@id":"https:\/\/www.oarcanjo.net\/site\/#organization","name":"Par\u00f3quia S\u00e3o Miguel Arcanjo","url":"https:\/\/www.oarcanjo.net\/site\/","logo":{"@type":"ImageObject","inLanguage":"pt-BR","@id":"https:\/\/www.oarcanjo.net\/site\/#\/schema\/logo\/image\/","url":"https:\/\/www.oarcanjo.net\/site\/wp-content\/uploads\/LogoOArcanjo.png","contentUrl":"https:\/\/www.oarcanjo.net\/site\/wp-content\/uploads\/LogoOArcanjo.png","width":319,"height":99,"caption":"Par\u00f3quia S\u00e3o Miguel Arcanjo"},"image":{"@id":"https:\/\/www.oarcanjo.net\/site\/#\/schema\/logo\/image\/"},"sameAs":["https:\/\/www.facebook.com\/OArcanjoNoAr\/"]},{"@type":"Person","@id":"https:\/\/www.oarcanjo.net\/site\/#\/schema\/person\/f7024d007863202483a31326673a0838","name":"editor","sameAs":["http:\/\/www.oarcanjo.net"]}]}},"publishpress_future_action":{"enabled":false,"date":"2026-05-08 18:10:27","action":"category","newStatus":"draft","terms":[],"taxonomy":"category"},"publishpress_future_workflow_manual_trigger":{"enabledWorkflows":[]},"_links":{"self":[{"href":"https:\/\/www.oarcanjo.net\/site\/wp-json\/wp\/v2\/posts\/645"}],"collection":[{"href":"https:\/\/www.oarcanjo.net\/site\/wp-json\/wp\/v2\/posts"}],"about":[{"href":"https:\/\/www.oarcanjo.net\/site\/wp-json\/wp\/v2\/types\/post"}],"author":[{"embeddable":true,"href":"https:\/\/www.oarcanjo.net\/site\/wp-json\/wp\/v2\/users\/5"}],"replies":[{"embeddable":true,"href":"https:\/\/www.oarcanjo.net\/site\/wp-json\/wp\/v2\/comments?post=645"}],"version-history":[{"count":0,"href":"https:\/\/www.oarcanjo.net\/site\/wp-json\/wp\/v2\/posts\/645\/revisions"}],"wp:attachment":[{"href":"https:\/\/www.oarcanjo.net\/site\/wp-json\/wp\/v2\/media?parent=645"}],"wp:term":[{"taxonomy":"category","embeddable":true,"href":"https:\/\/www.oarcanjo.net\/site\/wp-json\/wp\/v2\/categories?post=645"},{"taxonomy":"post_tag","embeddable":true,"href":"https:\/\/www.oarcanjo.net\/site\/wp-json\/wp\/v2\/tags?post=645"}],"curies":[{"name":"wp","href":"https:\/\/api.w.org\/{rel}","templated":true}]}}