
{"id":6461,"date":"2009-12-10T01:00:44","date_gmt":"2009-12-10T03:00:44","guid":{"rendered":"http:\/\/www.oarcanjo.net\/site\/?p=6461"},"modified":"2009-12-07T17:39:50","modified_gmt":"2009-12-07T19:39:50","slug":"nossa-senhora-de-loreto","status":"publish","type":"post","link":"https:\/\/www.oarcanjo.net\/site\/nossa-senhora-de-loreto\/","title":{"rendered":"Nossa Senhora de Loreto"},"content":{"rendered":"<p>\u00a0<\/p>\n<p><a href=\"http:\/\/4.bp.blogspot.com\/_-DO8ynliStA\/Rz7qKibFfuI\/AAAAAAAAADs\/H1qLalEzFZo\/s1600-h\/nsloreto.jpg\"><img decoding=\"async\" src=\"http:\/\/4.bp.blogspot.com\/_-DO8ynliStA\/Rz7qKibFfuI\/AAAAAAAAADs\/H1qLalEzFZo\/s400\/nsloreto.jpg\" border=\"0\" alt=\"\" \/><\/a><\/p>\n<p>10 de Dezembro<\/p>\n<p>Segundo piedosa tradi\u00e7\u00e3o, a Santa Casa onde se deu a Encarna\u00e7\u00e3o do Verbo e viveu a Sagrada Fam\u00edlia deslocou-se pelos ares no s\u00e9culo XIII, da Terra Santa at\u00e9 a It\u00e1lia, para n\u00e3o cair nas m\u00e3os dos maometanos. Milagres confirmam a autenticidade dessa preciosa rel\u00edquia<\/p>\n<p>Por Valdis Grinsteins<strong><br \/>\n<\/strong><br \/>\n<span>A hist\u00f3ria do famoso Santu\u00e1rio de Loreto come\u00e7a com uma inesperada viagem a\u00e9rea, no ano de 1291. As Cruzadas haviam terminado e os cat\u00f3licos acabavam de perder o \u00faltimo baluarte que possu\u00edam na Terra Santa.<br \/>\n<\/span><br \/>\n<span>Os fi\u00e9is da verdadeira religi\u00e3o de Nosso Senhor Jesus Cristo, conhecedores das profana\u00e7\u00f5es cometidas pela barb\u00e1rie dos mu\u00e7ulmanos, tremiam ao pensar que a Santa Casa de Nazar\u00e9, onde a Sagrada Fam\u00edlia viveram tantos anos, cairia em m\u00e3os indignas. Como proteg\u00ea-la?<br \/>\n<\/span><br \/>\n<span>Nosso Senhor, que na Sua paix\u00e3o permitiu que O crucificassem, entretanto n\u00e3o permitira que Nossa Senhora fosse sequer tocada. Em Sua infinita sabedoria, consentiu que algo semelhante a sua crucifix\u00e3o acontecesse naquele triste findar do s\u00e9culo XIII: que o Santo Sepulcro fosse conquistado, impedindo contudo que a Santa Casa fosse atingida.<br \/>\n<\/span><br \/>\n<span>E para espanto dos habitantes da Palestina, a Casa elevou-se pelos ares, sendo transportada por invis\u00edveis m\u00e3os de Anjos, rumo ao mar Mediterr\u00e2neo.<br \/>\n<\/span><br \/>\n<span>Se foi grande a surpresa dos que observaram a partida, muito maior foi o pasmo dos que presenciaram a chegada.<br \/>\n<\/span><br \/>\n<span>Na cidadezinha de Tersatz, situada na Dalm\u00e1cia (costa croata do Mar Adri\u00e1tico), jamais se vira coisa semelhante. Al\u00e9m disso, a apari\u00e7\u00e3o foi corroborada pelo primeiro milagre: o vig\u00e1rio do local, que estava doente havia tr\u00eas anos, de cama, corria agora por todas partes, comunicando que Nossa Senhora lhe aparecera, o curara e lhe havia dito ser aquela a Casa onde se dera a Encarna\u00e7\u00e3o do Verbo!<br \/>\n<\/span><br \/>\n<span>O Governador da regi\u00e3o, desejando esclarecer o assunto, determinou que fossem enviados quatro emiss\u00e1rios \u00e0 Terra Santa. A finalidade de tal expedi\u00e7\u00e3o era verificar se realmente a Casa de Nazar\u00e9 havia desaparecido de seu local origin\u00e1rio, se as medidas da casa concordavam com as dos alicerces que restavam na Terra Santa, etc. Os ditos emiss\u00e1rios voltaram confirmando todos os dados: a Casa que <em>aterrissara<\/em> na Dalm\u00e1cia era a mesma na qual vivera a Sagrada Fam\u00edlia em Nazar\u00e9!<br \/>\n<\/span><br \/>\n<span>Mas n\u00e3o era este o local escolhido pela Provid\u00eancia para fixar definitivamente a Santa Casa. Transcorridos tr\u00eas anos, ocorreu novo milagre: a Casa de Nazar\u00e9 voltou a se elevar nos ares e tomou a dire\u00e7\u00e3o da It\u00e1lia, sobre as \u00e1guas do mar Adri\u00e1tico.<br \/>\n<\/span><br \/>\n<span>Assim, em 10 de dezembro de 1294 apareceu ela em territ\u00f3rio italiano, junto a um bosque de loureiros (de onde vem o nome Loreto), pr\u00f3ximo \u00e0 cidade de Recanati, regi\u00e3o de Ancona, na costa do Mar Adri\u00e1tico.<br \/>\n<\/span><br \/>\n<span><strong>Uma Casa que se mant\u00e9m de p\u00e9&#8230; sem fundamentos!<br \/>\n<\/strong><\/span><br \/>\n<span>&#8220;<em>Eu n\u00e3o acredito nestas historias<\/em>!&#8221; poderia exclamar algum c\u00e9tico. Para ele o milagre n\u00e3o pode existir, pois s\u00f3 aceita argumentos estritamente &#8220;<em>cient\u00edficos<\/em>&#8220;. Em aten\u00e7\u00e3o \u00e0 obje\u00e7\u00e3o desse eventual c\u00e9tico, ocorre-nos apresentar alguns argumentos, que mostram ser a Casa de Loreto a mesma Santa Casa de Nazar\u00e9, onde viveu a Sagrada Fam\u00edlia. N\u00e3o se trata, pois, de convencer os que t\u00eam f\u00e9. Pois para quem acredita que Deus se fez Homem e nasceu de uma Virgem, como pode considerar irrealiz\u00e1vel para a Divina Provid\u00eancia conduzir pelos ares uma casa?<br \/>\n<\/span><br \/>\n<span>1) A Santa Casa de Loreto est\u00e1 colocada diretamente sobre o ch\u00e3o, sem nenhuma funda\u00e7\u00e3o que lhe d\u00ea solidez; e isto, de tal modo, que se pode passar uma barra de ferro por baixo dela, de um lado para o outro.<br \/>\n<\/span><br \/>\n<span>2) A pedra de que \u00e9 feita n\u00e3o se encontra no local. N\u00e3o foi utilizada para a constru\u00e7\u00e3o de nenhuma casa da regi\u00e3o. Pelo contrario, na regi\u00e3o de Nazar\u00e9 esse tipo de pedra \u00e9 utilizada comumente nas constru\u00e7\u00f5es. Tal argumento \u00e9 tanto mais convincente se levarmos em considera\u00e7\u00e3o as dificuldades de transporte de materiais de constru\u00e7\u00e3o na \u00e9poca medieval.<br \/>\n<\/span><br \/>\n<span>3) O &#8220;<em>cimento<\/em>&#8221; que d\u00e1 coes\u00e3o \u00e0s pedras \u00e9 feito de sulfato de c\u00e1lcio e p\u00f3 de carv\u00e3o de madeira, desconhecido na It\u00e1lia. Igualmente a viga da porta \u00e9 feito de cedro, n\u00e3o conhecido naquela zona da It\u00e1lia.<br \/>\n<\/span><br \/>\n<span>4) Mais impressionante ainda, as dimens\u00f5es da Santa Casa de Loreto correspondem exatamente \u00e0s das funda\u00e7\u00f5es que ficaram abandonadas em Nazar\u00e9&#8230;<br \/>\n<\/span><br \/>\n<span>Como explicar tantas concord\u00e2ncias? Seria mera coincid\u00eancia?<br \/>\n<\/span><br \/>\n<span><strong>&#8220;O Anjo do Senhor aqui anunciou a Maria&#8221;<br \/>\n<\/strong><\/span><br \/>\n<span>Para quem tem F\u00e9 n\u00e3o \u00e9 dif\u00edcil entender tantos milagres envolvendo uma casa na qual se deu o epis\u00f3dio central da hist\u00f3ria da humanidade: a Encarna\u00e7\u00e3o do Filho de Deus.<br \/>\n<\/span><br \/>\n<span>A Santa Igreja, para lembrar aos fi\u00e9is essa verdade, determinou que na Santa Casa a ora\u00e7\u00e3o do <em>Angelus<\/em> fosse rezada de uma forma toda especial. Em vez de se dizer &#8220;<em>O Anjo do Senhor anunciou a Maria; e Ela concebeu do Esp\u00edrito Santo&#8230;<\/em>&#8220;, naquele Santu\u00e1rio reza-se assim: &#8220;<em>O Anjo do Senhor<\/em> aqui <em>anunciou a Maria; e Ela<\/em> aqui <em>concebeu do Esp\u00edrito Santo&#8230;<\/em>&#8221;<br \/>\n<\/span><br \/>\n<span>Essa insigne rel\u00edquia inspirou igualmente o piedoso desejo de invocar Nossa Senhora por seus numerosos t\u00edtulos; de onde nasceu a Ladainha de Nossa Senhora, conhecida como <em>Ladainha Lauretana<\/em> &#8212; ou de Loreto &#8211;, que muitos rezam sem fazer a rela\u00e7\u00e3o entre o nome e o local.<br \/>\n<\/span><br \/>\n<span>Muitas pessoas estranham as dimens\u00f5es pequenas da Santa Casa. Esquecem que Nosso Senhor quis viver na pobreza, para nos ensinar o desapego dos bens deste mundo. Sua casa \u00e9 de diminutas propor\u00e7\u00f5es, mas tamb\u00e9m imaculadamente limpa e ordenada, pois pobreza \u00e9 diferente de desleixo. Sua arquitetura tamb\u00e9m \u00e9 simples e harm\u00f4nica, pois pobreza n\u00e3o significa fei\u00fara e mau gosto.<br \/>\n<\/span><br \/>\n<span>Ao redor da casa foi erigida uma espl\u00eandida bas\u00edlica, na qual se encontram numerosas placas de metal com dizeres mais o menos como estes: &#8220;<em>Homenagem da For\u00e7a A\u00e9rea tal \u00e0 sua Padroeira<\/em>&#8220;, &#8220;<em>A For\u00e7a A\u00e9rea de tal lugar em reconhecimento a sua Padroeira ao cumprir 50 anos de exist\u00eancia<\/em>&#8220;, etc.<br \/>\n<\/span><br \/>\n<span>O Papa Bento XV, mediante um Breve de 24 de mar\u00e7o de 1920, proclamou Nossa Senhora de Loreto Padroeira dos aviadores. Por isso sua imagem encontra-se presente em numerosos aeroportos de todo o mundo, inclusive no Brasil.<br \/>\n<\/span><\/p>\n<p>Igreja Nossa\u00a0Senhora Loreto\u00a0<\/p>\n<p><img loading=\"lazy\" decoding=\"async\" style=\"width: 362px;height: 274px\" src=\"http:\/\/farm4.static.flickr.com\/3537\/3488926101_5d3ae85a96.jpg\" alt=\"\" width=\"414\" height=\"300\" \/><\/p>\n<p>\u00a0<\/p>\n<p>\u00a0\u00a0<\/p>\n<p><img decoding=\"async\" style=\"float: right;margin: 0px 0px 10px 10px;width: 275px;cursor: hand\" src=\"http:\/\/www.sacred-destinations.com\/italy\/images\/loreto\/loreto-holy-house-blessedmother-400.jpg\" border=\"0\" alt=\"\" height=\"205\" \/>Esta \u00e9 a casa , onde diz , morou Maria ,Jesus e Jos\u00e9.<\/p>\n<p>Estas paredes internas de tijolo de 1,00metro aproximadamente de altura, \u00e9 da casa da Sagrada Fam\u00edlia<\/p>\n<p>\u00a0<\/p>\n<p>\u00a0\u00a0<\/p>\n<p>\u00a0<img loading=\"lazy\" decoding=\"async\" class=\"aligncenter size-medium wp-image-6492\" src=\"http:\/\/www.oarcanjo.net\/site\/wp-content\/uploads\/novo-002-300x225.jpg\" alt=\"novo 002\" width=\"335\" height=\"239\" \/><\/p>\n<p>Casa De Nossa Senhora vista de &#8220;fora&#8221; (Dentro da Bas\u00edlica)<\/p>\n<p><img loading=\"lazy\" decoding=\"async\" class=\"aligncenter size-medium wp-image-6491\" src=\"http:\/\/www.oarcanjo.net\/site\/wp-content\/uploads\/novo-001-300x225.jpg\" alt=\"novo 001\" width=\"336\" height=\"225\" \/><\/p>\n<div id=\"themify_builder_content-6461\" data-postid=\"6461\" class=\"themify_builder_content themify_builder_content-6461 themify_builder themify_builder_front\">\n\t<\/div>\n<!-- \/themify_builder_content -->","protected":false},"excerpt":{"rendered":"<p>\u00a0 10 de Dezembro Segundo piedosa tradi\u00e7\u00e3o, a Santa Casa onde se deu a Encarna\u00e7\u00e3o do Verbo e viveu a Sagrada Fam\u00edlia deslocou-se pelos ares no s\u00e9culo XIII, da Terra Santa at\u00e9 a It\u00e1lia, para n\u00e3o cair nas m\u00e3os dos maometanos. Milagres confirmam a autenticidade dessa preciosa rel\u00edquia Por Valdis Grinsteins A hist\u00f3ria do famoso [&hellip;]<\/p>\n","protected":false},"author":14,"featured_media":0,"comment_status":"open","ping_status":"open","sticky":false,"template":"","format":"standard","meta":{"ngg_post_thumbnail":0,"footnotes":""},"categories":[186],"tags":[],"yoast_head":"<!-- This site is optimized with the Yoast SEO plugin v23.5 - https:\/\/yoast.com\/wordpress\/plugins\/seo\/ -->\n<title>Nossa Senhora de Loreto - O Arcanjo no ar<\/title>\n<meta name=\"robots\" content=\"index, follow, max-snippet:-1, max-image-preview:large, max-video-preview:-1\" \/>\n<link rel=\"canonical\" href=\"https:\/\/www.oarcanjo.net\/site\/nossa-senhora-de-loreto\/\" \/>\n<meta property=\"og:locale\" content=\"pt_BR\" \/>\n<meta property=\"og:type\" content=\"article\" \/>\n<meta property=\"og:title\" content=\"Nossa Senhora de Loreto - O Arcanjo no ar\" \/>\n<meta property=\"og:description\" content=\"\u00a0 10 de Dezembro Segundo piedosa tradi\u00e7\u00e3o, a Santa Casa onde se deu a Encarna\u00e7\u00e3o do Verbo e viveu a Sagrada Fam\u00edlia deslocou-se pelos ares no s\u00e9culo XIII, da Terra Santa at\u00e9 a It\u00e1lia, para n\u00e3o cair nas m\u00e3os dos maometanos. Milagres confirmam a autenticidade dessa preciosa rel\u00edquia Por Valdis Grinsteins A hist\u00f3ria do famoso [&hellip;]\" \/>\n<meta property=\"og:url\" content=\"https:\/\/www.oarcanjo.net\/site\/nossa-senhora-de-loreto\/\" \/>\n<meta property=\"og:site_name\" content=\"O Arcanjo no ar\" \/>\n<meta property=\"article:publisher\" content=\"https:\/\/www.facebook.com\/OArcanjoNoAr\/\" \/>\n<meta property=\"article:published_time\" content=\"2009-12-10T03:00:44+00:00\" \/>\n<meta property=\"article:modified_time\" content=\"2009-12-07T19:39:50+00:00\" \/>\n<meta property=\"og:image\" content=\"http:\/\/4.bp.blogspot.com\/_-DO8ynliStA\/Rz7qKibFfuI\/AAAAAAAAADs\/H1qLalEzFZo\/s400\/nsloreto.jpg\" \/>\n<meta name=\"author\" content=\"danilo\" \/>\n<meta name=\"twitter:card\" content=\"summary_large_image\" \/>\n<meta name=\"twitter:label1\" content=\"Escrito por\" \/>\n\t<meta name=\"twitter:data1\" content=\"danilo\" \/>\n\t<meta name=\"twitter:label2\" content=\"Est. tempo de leitura\" \/>\n\t<meta name=\"twitter:data2\" content=\"6 minutos\" \/>\n<script type=\"application\/ld+json\" class=\"yoast-schema-graph\">{\"@context\":\"https:\/\/schema.org\",\"@graph\":[{\"@type\":\"Article\",\"@id\":\"https:\/\/www.oarcanjo.net\/site\/nossa-senhora-de-loreto\/#article\",\"isPartOf\":{\"@id\":\"https:\/\/www.oarcanjo.net\/site\/nossa-senhora-de-loreto\/\"},\"author\":{\"name\":\"danilo\",\"@id\":\"https:\/\/www.oarcanjo.net\/site\/#\/schema\/person\/5eb9480bedd2f3c97e430ce128c29c6c\"},\"headline\":\"Nossa Senhora de Loreto\",\"datePublished\":\"2009-12-10T03:00:44+00:00\",\"dateModified\":\"2009-12-07T19:39:50+00:00\",\"mainEntityOfPage\":{\"@id\":\"https:\/\/www.oarcanjo.net\/site\/nossa-senhora-de-loreto\/\"},\"wordCount\":1132,\"commentCount\":1,\"publisher\":{\"@id\":\"https:\/\/www.oarcanjo.net\/site\/#organization\"},\"image\":{\"@id\":\"https:\/\/www.oarcanjo.net\/site\/nossa-senhora-de-loreto\/#primaryimage\"},\"thumbnailUrl\":\"http:\/\/4.bp.blogspot.com\/_-DO8ynliStA\/Rz7qKibFfuI\/AAAAAAAAADs\/H1qLalEzFZo\/s400\/nsloreto.jpg\",\"articleSection\":[\"Testemunhos\"],\"inLanguage\":\"pt-BR\",\"potentialAction\":[{\"@type\":\"CommentAction\",\"name\":\"Comment\",\"target\":[\"https:\/\/www.oarcanjo.net\/site\/nossa-senhora-de-loreto\/#respond\"]}]},{\"@type\":\"WebPage\",\"@id\":\"https:\/\/www.oarcanjo.net\/site\/nossa-senhora-de-loreto\/\",\"url\":\"https:\/\/www.oarcanjo.net\/site\/nossa-senhora-de-loreto\/\",\"name\":\"Nossa Senhora de Loreto - O Arcanjo no ar\",\"isPartOf\":{\"@id\":\"https:\/\/www.oarcanjo.net\/site\/#website\"},\"primaryImageOfPage\":{\"@id\":\"https:\/\/www.oarcanjo.net\/site\/nossa-senhora-de-loreto\/#primaryimage\"},\"image\":{\"@id\":\"https:\/\/www.oarcanjo.net\/site\/nossa-senhora-de-loreto\/#primaryimage\"},\"thumbnailUrl\":\"http:\/\/4.bp.blogspot.com\/_-DO8ynliStA\/Rz7qKibFfuI\/AAAAAAAAADs\/H1qLalEzFZo\/s400\/nsloreto.jpg\",\"datePublished\":\"2009-12-10T03:00:44+00:00\",\"dateModified\":\"2009-12-07T19:39:50+00:00\",\"breadcrumb\":{\"@id\":\"https:\/\/www.oarcanjo.net\/site\/nossa-senhora-de-loreto\/#breadcrumb\"},\"inLanguage\":\"pt-BR\",\"potentialAction\":[{\"@type\":\"ReadAction\",\"target\":[\"https:\/\/www.oarcanjo.net\/site\/nossa-senhora-de-loreto\/\"]}]},{\"@type\":\"ImageObject\",\"inLanguage\":\"pt-BR\",\"@id\":\"https:\/\/www.oarcanjo.net\/site\/nossa-senhora-de-loreto\/#primaryimage\",\"url\":\"http:\/\/4.bp.blogspot.com\/_-DO8ynliStA\/Rz7qKibFfuI\/AAAAAAAAADs\/H1qLalEzFZo\/s400\/nsloreto.jpg\",\"contentUrl\":\"http:\/\/4.bp.blogspot.com\/_-DO8ynliStA\/Rz7qKibFfuI\/AAAAAAAAADs\/H1qLalEzFZo\/s400\/nsloreto.jpg\"},{\"@type\":\"BreadcrumbList\",\"@id\":\"https:\/\/www.oarcanjo.net\/site\/nossa-senhora-de-loreto\/#breadcrumb\",\"itemListElement\":[{\"@type\":\"ListItem\",\"position\":1,\"name\":\"In\u00edcio\",\"item\":\"https:\/\/www.oarcanjo.net\/site\/\"},{\"@type\":\"ListItem\",\"position\":2,\"name\":\"Nossa Senhora de Loreto\"}]},{\"@type\":\"WebSite\",\"@id\":\"https:\/\/www.oarcanjo.net\/site\/#website\",\"url\":\"https:\/\/www.oarcanjo.net\/site\/\",\"name\":\"O Arcanjo no ar\",\"description\":\"Site da Par\u00f3quia S\u00e3o Miguel Arcanjo (Arquidiocese de SP)\",\"publisher\":{\"@id\":\"https:\/\/www.oarcanjo.net\/site\/#organization\"},\"potentialAction\":[{\"@type\":\"SearchAction\",\"target\":{\"@type\":\"EntryPoint\",\"urlTemplate\":\"https:\/\/www.oarcanjo.net\/site\/?s={search_term_string}\"},\"query-input\":{\"@type\":\"PropertyValueSpecification\",\"valueRequired\":true,\"valueName\":\"search_term_string\"}}],\"inLanguage\":\"pt-BR\"},{\"@type\":\"Organization\",\"@id\":\"https:\/\/www.oarcanjo.net\/site\/#organization\",\"name\":\"Par\u00f3quia S\u00e3o Miguel Arcanjo\",\"url\":\"https:\/\/www.oarcanjo.net\/site\/\",\"logo\":{\"@type\":\"ImageObject\",\"inLanguage\":\"pt-BR\",\"@id\":\"https:\/\/www.oarcanjo.net\/site\/#\/schema\/logo\/image\/\",\"url\":\"https:\/\/www.oarcanjo.net\/site\/wp-content\/uploads\/LogoOArcanjo.png\",\"contentUrl\":\"https:\/\/www.oarcanjo.net\/site\/wp-content\/uploads\/LogoOArcanjo.png\",\"width\":319,\"height\":99,\"caption\":\"Par\u00f3quia S\u00e3o Miguel Arcanjo\"},\"image\":{\"@id\":\"https:\/\/www.oarcanjo.net\/site\/#\/schema\/logo\/image\/\"},\"sameAs\":[\"https:\/\/www.facebook.com\/OArcanjoNoAr\/\"]},{\"@type\":\"Person\",\"@id\":\"https:\/\/www.oarcanjo.net\/site\/#\/schema\/person\/5eb9480bedd2f3c97e430ce128c29c6c\",\"name\":\"danilo\"}]}<\/script>\n<!-- \/ Yoast SEO plugin. -->","yoast_head_json":{"title":"Nossa Senhora de Loreto - O Arcanjo no ar","robots":{"index":"index","follow":"follow","max-snippet":"max-snippet:-1","max-image-preview":"max-image-preview:large","max-video-preview":"max-video-preview:-1"},"canonical":"https:\/\/www.oarcanjo.net\/site\/nossa-senhora-de-loreto\/","og_locale":"pt_BR","og_type":"article","og_title":"Nossa Senhora de Loreto - O Arcanjo no ar","og_description":"\u00a0 10 de Dezembro Segundo piedosa tradi\u00e7\u00e3o, a Santa Casa onde se deu a Encarna\u00e7\u00e3o do Verbo e viveu a Sagrada Fam\u00edlia deslocou-se pelos ares no s\u00e9culo XIII, da Terra Santa at\u00e9 a It\u00e1lia, para n\u00e3o cair nas m\u00e3os dos maometanos. Milagres confirmam a autenticidade dessa preciosa rel\u00edquia Por Valdis Grinsteins A hist\u00f3ria do famoso [&hellip;]","og_url":"https:\/\/www.oarcanjo.net\/site\/nossa-senhora-de-loreto\/","og_site_name":"O Arcanjo no ar","article_publisher":"https:\/\/www.facebook.com\/OArcanjoNoAr\/","article_published_time":"2009-12-10T03:00:44+00:00","article_modified_time":"2009-12-07T19:39:50+00:00","og_image":[{"url":"http:\/\/4.bp.blogspot.com\/_-DO8ynliStA\/Rz7qKibFfuI\/AAAAAAAAADs\/H1qLalEzFZo\/s400\/nsloreto.jpg"}],"author":"danilo","twitter_card":"summary_large_image","twitter_misc":{"Escrito por":"danilo","Est. tempo de leitura":"6 minutos"},"schema":{"@context":"https:\/\/schema.org","@graph":[{"@type":"Article","@id":"https:\/\/www.oarcanjo.net\/site\/nossa-senhora-de-loreto\/#article","isPartOf":{"@id":"https:\/\/www.oarcanjo.net\/site\/nossa-senhora-de-loreto\/"},"author":{"name":"danilo","@id":"https:\/\/www.oarcanjo.net\/site\/#\/schema\/person\/5eb9480bedd2f3c97e430ce128c29c6c"},"headline":"Nossa Senhora de Loreto","datePublished":"2009-12-10T03:00:44+00:00","dateModified":"2009-12-07T19:39:50+00:00","mainEntityOfPage":{"@id":"https:\/\/www.oarcanjo.net\/site\/nossa-senhora-de-loreto\/"},"wordCount":1132,"commentCount":1,"publisher":{"@id":"https:\/\/www.oarcanjo.net\/site\/#organization"},"image":{"@id":"https:\/\/www.oarcanjo.net\/site\/nossa-senhora-de-loreto\/#primaryimage"},"thumbnailUrl":"http:\/\/4.bp.blogspot.com\/_-DO8ynliStA\/Rz7qKibFfuI\/AAAAAAAAADs\/H1qLalEzFZo\/s400\/nsloreto.jpg","articleSection":["Testemunhos"],"inLanguage":"pt-BR","potentialAction":[{"@type":"CommentAction","name":"Comment","target":["https:\/\/www.oarcanjo.net\/site\/nossa-senhora-de-loreto\/#respond"]}]},{"@type":"WebPage","@id":"https:\/\/www.oarcanjo.net\/site\/nossa-senhora-de-loreto\/","url":"https:\/\/www.oarcanjo.net\/site\/nossa-senhora-de-loreto\/","name":"Nossa Senhora de Loreto - O Arcanjo no ar","isPartOf":{"@id":"https:\/\/www.oarcanjo.net\/site\/#website"},"primaryImageOfPage":{"@id":"https:\/\/www.oarcanjo.net\/site\/nossa-senhora-de-loreto\/#primaryimage"},"image":{"@id":"https:\/\/www.oarcanjo.net\/site\/nossa-senhora-de-loreto\/#primaryimage"},"thumbnailUrl":"http:\/\/4.bp.blogspot.com\/_-DO8ynliStA\/Rz7qKibFfuI\/AAAAAAAAADs\/H1qLalEzFZo\/s400\/nsloreto.jpg","datePublished":"2009-12-10T03:00:44+00:00","dateModified":"2009-12-07T19:39:50+00:00","breadcrumb":{"@id":"https:\/\/www.oarcanjo.net\/site\/nossa-senhora-de-loreto\/#breadcrumb"},"inLanguage":"pt-BR","potentialAction":[{"@type":"ReadAction","target":["https:\/\/www.oarcanjo.net\/site\/nossa-senhora-de-loreto\/"]}]},{"@type":"ImageObject","inLanguage":"pt-BR","@id":"https:\/\/www.oarcanjo.net\/site\/nossa-senhora-de-loreto\/#primaryimage","url":"http:\/\/4.bp.blogspot.com\/_-DO8ynliStA\/Rz7qKibFfuI\/AAAAAAAAADs\/H1qLalEzFZo\/s400\/nsloreto.jpg","contentUrl":"http:\/\/4.bp.blogspot.com\/_-DO8ynliStA\/Rz7qKibFfuI\/AAAAAAAAADs\/H1qLalEzFZo\/s400\/nsloreto.jpg"},{"@type":"BreadcrumbList","@id":"https:\/\/www.oarcanjo.net\/site\/nossa-senhora-de-loreto\/#breadcrumb","itemListElement":[{"@type":"ListItem","position":1,"name":"In\u00edcio","item":"https:\/\/www.oarcanjo.net\/site\/"},{"@type":"ListItem","position":2,"name":"Nossa Senhora de Loreto"}]},{"@type":"WebSite","@id":"https:\/\/www.oarcanjo.net\/site\/#website","url":"https:\/\/www.oarcanjo.net\/site\/","name":"O Arcanjo no ar","description":"Site da Par\u00f3quia S\u00e3o Miguel Arcanjo (Arquidiocese de SP)","publisher":{"@id":"https:\/\/www.oarcanjo.net\/site\/#organization"},"potentialAction":[{"@type":"SearchAction","target":{"@type":"EntryPoint","urlTemplate":"https:\/\/www.oarcanjo.net\/site\/?s={search_term_string}"},"query-input":{"@type":"PropertyValueSpecification","valueRequired":true,"valueName":"search_term_string"}}],"inLanguage":"pt-BR"},{"@type":"Organization","@id":"https:\/\/www.oarcanjo.net\/site\/#organization","name":"Par\u00f3quia S\u00e3o Miguel Arcanjo","url":"https:\/\/www.oarcanjo.net\/site\/","logo":{"@type":"ImageObject","inLanguage":"pt-BR","@id":"https:\/\/www.oarcanjo.net\/site\/#\/schema\/logo\/image\/","url":"https:\/\/www.oarcanjo.net\/site\/wp-content\/uploads\/LogoOArcanjo.png","contentUrl":"https:\/\/www.oarcanjo.net\/site\/wp-content\/uploads\/LogoOArcanjo.png","width":319,"height":99,"caption":"Par\u00f3quia S\u00e3o Miguel Arcanjo"},"image":{"@id":"https:\/\/www.oarcanjo.net\/site\/#\/schema\/logo\/image\/"},"sameAs":["https:\/\/www.facebook.com\/OArcanjoNoAr\/"]},{"@type":"Person","@id":"https:\/\/www.oarcanjo.net\/site\/#\/schema\/person\/5eb9480bedd2f3c97e430ce128c29c6c","name":"danilo"}]}},"publishpress_future_action":{"enabled":false,"date":"2026-05-08 06:34:16","action":"category","newStatus":"draft","terms":[],"taxonomy":"category"},"publishpress_future_workflow_manual_trigger":{"enabledWorkflows":[]},"_links":{"self":[{"href":"https:\/\/www.oarcanjo.net\/site\/wp-json\/wp\/v2\/posts\/6461"}],"collection":[{"href":"https:\/\/www.oarcanjo.net\/site\/wp-json\/wp\/v2\/posts"}],"about":[{"href":"https:\/\/www.oarcanjo.net\/site\/wp-json\/wp\/v2\/types\/post"}],"author":[{"embeddable":true,"href":"https:\/\/www.oarcanjo.net\/site\/wp-json\/wp\/v2\/users\/14"}],"replies":[{"embeddable":true,"href":"https:\/\/www.oarcanjo.net\/site\/wp-json\/wp\/v2\/comments?post=6461"}],"version-history":[{"count":0,"href":"https:\/\/www.oarcanjo.net\/site\/wp-json\/wp\/v2\/posts\/6461\/revisions"}],"wp:attachment":[{"href":"https:\/\/www.oarcanjo.net\/site\/wp-json\/wp\/v2\/media?parent=6461"}],"wp:term":[{"taxonomy":"category","embeddable":true,"href":"https:\/\/www.oarcanjo.net\/site\/wp-json\/wp\/v2\/categories?post=6461"},{"taxonomy":"post_tag","embeddable":true,"href":"https:\/\/www.oarcanjo.net\/site\/wp-json\/wp\/v2\/tags?post=6461"}],"curies":[{"name":"wp","href":"https:\/\/api.w.org\/{rel}","templated":true}]}}