
{"id":64624,"date":"2015-08-25T16:58:26","date_gmt":"2015-08-25T19:58:26","guid":{"rendered":"http:\/\/www.oarcanjo.net\/site\/?p=64624"},"modified":"2015-09-29T14:29:49","modified_gmt":"2015-09-29T17:29:49","slug":"pe-julio-sera-homenageado-com-a-medalha-sao-paulo-apostolo","status":"publish","type":"post","link":"https:\/\/www.oarcanjo.net\/site\/pe-julio-sera-homenageado-com-a-medalha-sao-paulo-apostolo\/","title":{"rendered":"Pe. Julio ser\u00e1 homenageado com a medalha S\u00e3o Paulo Ap\u00f3stolo"},"content":{"rendered":"<p>O Pe. Julio Lancellotti ser\u00e1 homenageado com a Medalha S\u00e3o Paulo Ap\u00f3stolo, criada pela Arquidiocese de S\u00e3o Paulo para valorizar, estimular e dinamizar a vida eclesial e pastoral. A entrega ser\u00e1 na ter\u00e7a-feira, 25\/08, a partir das 19h no audit\u00f3rio do Mosteiro de S\u00e3o Bento. Mais informa\u00e7\u00f5es nos avisos paroquiais da semana.<\/p>\n<p><iframe loading=\"lazy\" src=\"https:\/\/www.youtube.com\/embed\/05CIa88T_c4?rel=0\" width=\"640\" height=\"360\" frameborder=\"0\" allowfullscreen=\"allowfullscreen\"><\/iframe><\/p>\n<p>Grava\u00e7\u00e3o realizada no final da missa das 10h de domingo, 23\/08\/2015, na capela da Universidade S\u00e3o Judas Tadeu.<\/p>\n<div id=\"themify_builder_content-64624\" data-postid=\"64624\" class=\"themify_builder_content themify_builder_content-64624 themify_builder themify_builder_front\">\n\t<\/div>\n<!-- \/themify_builder_content -->","protected":false},"excerpt":{"rendered":"<p>A medalha foi criada pela Arquidiocese de S\u00e3o Paulo para valorizar, estimular e dinamizar a vida eclesial e pastoral e ser\u00e1 entregue na ter\u00e7a-feira, 25\/08, no audit\u00f3rio do Mosteiro de S\u00e3o Bento<\/p>\n","protected":false},"author":5,"featured_media":65001,"comment_status":"open","ping_status":"open","sticky":false,"template":"","format":"standard","meta":{"ngg_post_thumbnail":0,"footnotes":""},"categories":[476,8],"tags":[],"yoast_head":"<!-- This site is optimized with the Yoast SEO plugin v23.5 - https:\/\/yoast.com\/wordpress\/plugins\/seo\/ -->\n<title>Pe. Julio ser\u00e1 homenageado com a medalha S\u00e3o Paulo Ap\u00f3stolo - O Arcanjo no ar<\/title>\n<meta name=\"robots\" content=\"index, follow, max-snippet:-1, max-image-preview:large, max-video-preview:-1\" \/>\n<link rel=\"canonical\" href=\"https:\/\/www.oarcanjo.net\/site\/pe-julio-sera-homenageado-com-a-medalha-sao-paulo-apostolo\/\" \/>\n<meta property=\"og:locale\" content=\"pt_BR\" \/>\n<meta property=\"og:type\" content=\"article\" \/>\n<meta property=\"og:title\" content=\"Pe. Julio ser\u00e1 homenageado com a medalha S\u00e3o Paulo Ap\u00f3stolo - O Arcanjo no ar\" \/>\n<meta property=\"og:description\" content=\"A medalha foi criada pela Arquidiocese de S\u00e3o Paulo para valorizar, estimular e dinamizar a vida eclesial e pastoral e ser\u00e1 entregue na ter\u00e7a-feira, 25\/08, no audit\u00f3rio do Mosteiro de S\u00e3o Bento\" \/>\n<meta property=\"og:url\" content=\"https:\/\/www.oarcanjo.net\/site\/pe-julio-sera-homenageado-com-a-medalha-sao-paulo-apostolo\/\" \/>\n<meta property=\"og:site_name\" content=\"O Arcanjo no ar\" \/>\n<meta property=\"article:publisher\" content=\"https:\/\/www.facebook.com\/OArcanjoNoAr\/\" \/>\n<meta property=\"article:published_time\" content=\"2015-08-25T19:58:26+00:00\" \/>\n<meta property=\"article:modified_time\" content=\"2015-09-29T17:29:49+00:00\" \/>\n<meta property=\"og:image\" content=\"https:\/\/www.oarcanjo.net\/site\/wp-content\/uploads\/banner-pe-julio-medalha-ago-2015.jpg\" \/>\n\t<meta property=\"og:image:width\" content=\"700\" \/>\n\t<meta property=\"og:image:height\" content=\"320\" \/>\n\t<meta property=\"og:image:type\" content=\"image\/jpeg\" \/>\n<meta name=\"author\" content=\"editor\" \/>\n<meta name=\"twitter:card\" content=\"summary_large_image\" \/>\n<meta name=\"twitter:label1\" content=\"Escrito por\" \/>\n\t<meta name=\"twitter:data1\" content=\"editor\" \/>\n<script type=\"application\/ld+json\" class=\"yoast-schema-graph\">{\"@context\":\"https:\/\/schema.org\",\"@graph\":[{\"@type\":\"Article\",\"@id\":\"https:\/\/www.oarcanjo.net\/site\/pe-julio-sera-homenageado-com-a-medalha-sao-paulo-apostolo\/#article\",\"isPartOf\":{\"@id\":\"https:\/\/www.oarcanjo.net\/site\/pe-julio-sera-homenageado-com-a-medalha-sao-paulo-apostolo\/\"},\"author\":{\"name\":\"editor\",\"@id\":\"https:\/\/www.oarcanjo.net\/site\/#\/schema\/person\/f7024d007863202483a31326673a0838\"},\"headline\":\"Pe. Julio ser\u00e1 homenageado com a medalha S\u00e3o Paulo Ap\u00f3stolo\",\"datePublished\":\"2015-08-25T19:58:26+00:00\",\"dateModified\":\"2015-09-29T17:29:49+00:00\",\"mainEntityOfPage\":{\"@id\":\"https:\/\/www.oarcanjo.net\/site\/pe-julio-sera-homenageado-com-a-medalha-sao-paulo-apostolo\/\"},\"wordCount\":89,\"commentCount\":0,\"publisher\":{\"@id\":\"https:\/\/www.oarcanjo.net\/site\/#organization\"},\"image\":{\"@id\":\"https:\/\/www.oarcanjo.net\/site\/pe-julio-sera-homenageado-com-a-medalha-sao-paulo-apostolo\/#primaryimage\"},\"thumbnailUrl\":\"https:\/\/www.oarcanjo.net\/site\/wp-content\/uploads\/banner-pe-julio-medalha-ago-2015.jpg\",\"articleSection\":[\"Avisos\",\"Not\u00edcias\"],\"inLanguage\":\"pt-BR\",\"potentialAction\":[{\"@type\":\"CommentAction\",\"name\":\"Comment\",\"target\":[\"https:\/\/www.oarcanjo.net\/site\/pe-julio-sera-homenageado-com-a-medalha-sao-paulo-apostolo\/#respond\"]}]},{\"@type\":\"WebPage\",\"@id\":\"https:\/\/www.oarcanjo.net\/site\/pe-julio-sera-homenageado-com-a-medalha-sao-paulo-apostolo\/\",\"url\":\"https:\/\/www.oarcanjo.net\/site\/pe-julio-sera-homenageado-com-a-medalha-sao-paulo-apostolo\/\",\"name\":\"Pe. Julio ser\u00e1 homenageado com a medalha S\u00e3o Paulo Ap\u00f3stolo - O Arcanjo no ar\",\"isPartOf\":{\"@id\":\"https:\/\/www.oarcanjo.net\/site\/#website\"},\"primaryImageOfPage\":{\"@id\":\"https:\/\/www.oarcanjo.net\/site\/pe-julio-sera-homenageado-com-a-medalha-sao-paulo-apostolo\/#primaryimage\"},\"image\":{\"@id\":\"https:\/\/www.oarcanjo.net\/site\/pe-julio-sera-homenageado-com-a-medalha-sao-paulo-apostolo\/#primaryimage\"},\"thumbnailUrl\":\"https:\/\/www.oarcanjo.net\/site\/wp-content\/uploads\/banner-pe-julio-medalha-ago-2015.jpg\",\"datePublished\":\"2015-08-25T19:58:26+00:00\",\"dateModified\":\"2015-09-29T17:29:49+00:00\",\"breadcrumb\":{\"@id\":\"https:\/\/www.oarcanjo.net\/site\/pe-julio-sera-homenageado-com-a-medalha-sao-paulo-apostolo\/#breadcrumb\"},\"inLanguage\":\"pt-BR\",\"potentialAction\":[{\"@type\":\"ReadAction\",\"target\":[\"https:\/\/www.oarcanjo.net\/site\/pe-julio-sera-homenageado-com-a-medalha-sao-paulo-apostolo\/\"]}]},{\"@type\":\"ImageObject\",\"inLanguage\":\"pt-BR\",\"@id\":\"https:\/\/www.oarcanjo.net\/site\/pe-julio-sera-homenageado-com-a-medalha-sao-paulo-apostolo\/#primaryimage\",\"url\":\"https:\/\/www.oarcanjo.net\/site\/wp-content\/uploads\/banner-pe-julio-medalha-ago-2015.jpg\",\"contentUrl\":\"https:\/\/www.oarcanjo.net\/site\/wp-content\/uploads\/banner-pe-julio-medalha-ago-2015.jpg\",\"width\":700,\"height\":320},{\"@type\":\"BreadcrumbList\",\"@id\":\"https:\/\/www.oarcanjo.net\/site\/pe-julio-sera-homenageado-com-a-medalha-sao-paulo-apostolo\/#breadcrumb\",\"itemListElement\":[{\"@type\":\"ListItem\",\"position\":1,\"name\":\"In\u00edcio\",\"item\":\"https:\/\/www.oarcanjo.net\/site\/\"},{\"@type\":\"ListItem\",\"position\":2,\"name\":\"Pe. Julio ser\u00e1 homenageado com a medalha S\u00e3o Paulo Ap\u00f3stolo\"}]},{\"@type\":\"WebSite\",\"@id\":\"https:\/\/www.oarcanjo.net\/site\/#website\",\"url\":\"https:\/\/www.oarcanjo.net\/site\/\",\"name\":\"O Arcanjo no ar\",\"description\":\"Site da Par\u00f3quia S\u00e3o Miguel Arcanjo (Arquidiocese de SP)\",\"publisher\":{\"@id\":\"https:\/\/www.oarcanjo.net\/site\/#organization\"},\"potentialAction\":[{\"@type\":\"SearchAction\",\"target\":{\"@type\":\"EntryPoint\",\"urlTemplate\":\"https:\/\/www.oarcanjo.net\/site\/?s={search_term_string}\"},\"query-input\":{\"@type\":\"PropertyValueSpecification\",\"valueRequired\":true,\"valueName\":\"search_term_string\"}}],\"inLanguage\":\"pt-BR\"},{\"@type\":\"Organization\",\"@id\":\"https:\/\/www.oarcanjo.net\/site\/#organization\",\"name\":\"Par\u00f3quia S\u00e3o Miguel Arcanjo\",\"url\":\"https:\/\/www.oarcanjo.net\/site\/\",\"logo\":{\"@type\":\"ImageObject\",\"inLanguage\":\"pt-BR\",\"@id\":\"https:\/\/www.oarcanjo.net\/site\/#\/schema\/logo\/image\/\",\"url\":\"https:\/\/www.oarcanjo.net\/site\/wp-content\/uploads\/LogoOArcanjo.png\",\"contentUrl\":\"https:\/\/www.oarcanjo.net\/site\/wp-content\/uploads\/LogoOArcanjo.png\",\"width\":319,\"height\":99,\"caption\":\"Par\u00f3quia S\u00e3o Miguel Arcanjo\"},\"image\":{\"@id\":\"https:\/\/www.oarcanjo.net\/site\/#\/schema\/logo\/image\/\"},\"sameAs\":[\"https:\/\/www.facebook.com\/OArcanjoNoAr\/\"]},{\"@type\":\"Person\",\"@id\":\"https:\/\/www.oarcanjo.net\/site\/#\/schema\/person\/f7024d007863202483a31326673a0838\",\"name\":\"editor\",\"sameAs\":[\"http:\/\/www.oarcanjo.net\"]}]}<\/script>\n<!-- \/ Yoast SEO plugin. -->","yoast_head_json":{"title":"Pe. Julio ser\u00e1 homenageado com a medalha S\u00e3o Paulo Ap\u00f3stolo - O Arcanjo no ar","robots":{"index":"index","follow":"follow","max-snippet":"max-snippet:-1","max-image-preview":"max-image-preview:large","max-video-preview":"max-video-preview:-1"},"canonical":"https:\/\/www.oarcanjo.net\/site\/pe-julio-sera-homenageado-com-a-medalha-sao-paulo-apostolo\/","og_locale":"pt_BR","og_type":"article","og_title":"Pe. Julio ser\u00e1 homenageado com a medalha S\u00e3o Paulo Ap\u00f3stolo - O Arcanjo no ar","og_description":"A medalha foi criada pela Arquidiocese de S\u00e3o Paulo para valorizar, estimular e dinamizar a vida eclesial e pastoral e ser\u00e1 entregue na ter\u00e7a-feira, 25\/08, no audit\u00f3rio do Mosteiro de S\u00e3o Bento","og_url":"https:\/\/www.oarcanjo.net\/site\/pe-julio-sera-homenageado-com-a-medalha-sao-paulo-apostolo\/","og_site_name":"O Arcanjo no ar","article_publisher":"https:\/\/www.facebook.com\/OArcanjoNoAr\/","article_published_time":"2015-08-25T19:58:26+00:00","article_modified_time":"2015-09-29T17:29:49+00:00","og_image":[{"width":700,"height":320,"url":"https:\/\/www.oarcanjo.net\/site\/wp-content\/uploads\/banner-pe-julio-medalha-ago-2015.jpg","type":"image\/jpeg"}],"author":"editor","twitter_card":"summary_large_image","twitter_misc":{"Escrito por":"editor"},"schema":{"@context":"https:\/\/schema.org","@graph":[{"@type":"Article","@id":"https:\/\/www.oarcanjo.net\/site\/pe-julio-sera-homenageado-com-a-medalha-sao-paulo-apostolo\/#article","isPartOf":{"@id":"https:\/\/www.oarcanjo.net\/site\/pe-julio-sera-homenageado-com-a-medalha-sao-paulo-apostolo\/"},"author":{"name":"editor","@id":"https:\/\/www.oarcanjo.net\/site\/#\/schema\/person\/f7024d007863202483a31326673a0838"},"headline":"Pe. Julio ser\u00e1 homenageado com a medalha S\u00e3o Paulo Ap\u00f3stolo","datePublished":"2015-08-25T19:58:26+00:00","dateModified":"2015-09-29T17:29:49+00:00","mainEntityOfPage":{"@id":"https:\/\/www.oarcanjo.net\/site\/pe-julio-sera-homenageado-com-a-medalha-sao-paulo-apostolo\/"},"wordCount":89,"commentCount":0,"publisher":{"@id":"https:\/\/www.oarcanjo.net\/site\/#organization"},"image":{"@id":"https:\/\/www.oarcanjo.net\/site\/pe-julio-sera-homenageado-com-a-medalha-sao-paulo-apostolo\/#primaryimage"},"thumbnailUrl":"https:\/\/www.oarcanjo.net\/site\/wp-content\/uploads\/banner-pe-julio-medalha-ago-2015.jpg","articleSection":["Avisos","Not\u00edcias"],"inLanguage":"pt-BR","potentialAction":[{"@type":"CommentAction","name":"Comment","target":["https:\/\/www.oarcanjo.net\/site\/pe-julio-sera-homenageado-com-a-medalha-sao-paulo-apostolo\/#respond"]}]},{"@type":"WebPage","@id":"https:\/\/www.oarcanjo.net\/site\/pe-julio-sera-homenageado-com-a-medalha-sao-paulo-apostolo\/","url":"https:\/\/www.oarcanjo.net\/site\/pe-julio-sera-homenageado-com-a-medalha-sao-paulo-apostolo\/","name":"Pe. Julio ser\u00e1 homenageado com a medalha S\u00e3o Paulo Ap\u00f3stolo - O Arcanjo no ar","isPartOf":{"@id":"https:\/\/www.oarcanjo.net\/site\/#website"},"primaryImageOfPage":{"@id":"https:\/\/www.oarcanjo.net\/site\/pe-julio-sera-homenageado-com-a-medalha-sao-paulo-apostolo\/#primaryimage"},"image":{"@id":"https:\/\/www.oarcanjo.net\/site\/pe-julio-sera-homenageado-com-a-medalha-sao-paulo-apostolo\/#primaryimage"},"thumbnailUrl":"https:\/\/www.oarcanjo.net\/site\/wp-content\/uploads\/banner-pe-julio-medalha-ago-2015.jpg","datePublished":"2015-08-25T19:58:26+00:00","dateModified":"2015-09-29T17:29:49+00:00","breadcrumb":{"@id":"https:\/\/www.oarcanjo.net\/site\/pe-julio-sera-homenageado-com-a-medalha-sao-paulo-apostolo\/#breadcrumb"},"inLanguage":"pt-BR","potentialAction":[{"@type":"ReadAction","target":["https:\/\/www.oarcanjo.net\/site\/pe-julio-sera-homenageado-com-a-medalha-sao-paulo-apostolo\/"]}]},{"@type":"ImageObject","inLanguage":"pt-BR","@id":"https:\/\/www.oarcanjo.net\/site\/pe-julio-sera-homenageado-com-a-medalha-sao-paulo-apostolo\/#primaryimage","url":"https:\/\/www.oarcanjo.net\/site\/wp-content\/uploads\/banner-pe-julio-medalha-ago-2015.jpg","contentUrl":"https:\/\/www.oarcanjo.net\/site\/wp-content\/uploads\/banner-pe-julio-medalha-ago-2015.jpg","width":700,"height":320},{"@type":"BreadcrumbList","@id":"https:\/\/www.oarcanjo.net\/site\/pe-julio-sera-homenageado-com-a-medalha-sao-paulo-apostolo\/#breadcrumb","itemListElement":[{"@type":"ListItem","position":1,"name":"In\u00edcio","item":"https:\/\/www.oarcanjo.net\/site\/"},{"@type":"ListItem","position":2,"name":"Pe. Julio ser\u00e1 homenageado com a medalha S\u00e3o Paulo Ap\u00f3stolo"}]},{"@type":"WebSite","@id":"https:\/\/www.oarcanjo.net\/site\/#website","url":"https:\/\/www.oarcanjo.net\/site\/","name":"O Arcanjo no ar","description":"Site da Par\u00f3quia S\u00e3o Miguel Arcanjo (Arquidiocese de SP)","publisher":{"@id":"https:\/\/www.oarcanjo.net\/site\/#organization"},"potentialAction":[{"@type":"SearchAction","target":{"@type":"EntryPoint","urlTemplate":"https:\/\/www.oarcanjo.net\/site\/?s={search_term_string}"},"query-input":{"@type":"PropertyValueSpecification","valueRequired":true,"valueName":"search_term_string"}}],"inLanguage":"pt-BR"},{"@type":"Organization","@id":"https:\/\/www.oarcanjo.net\/site\/#organization","name":"Par\u00f3quia S\u00e3o Miguel Arcanjo","url":"https:\/\/www.oarcanjo.net\/site\/","logo":{"@type":"ImageObject","inLanguage":"pt-BR","@id":"https:\/\/www.oarcanjo.net\/site\/#\/schema\/logo\/image\/","url":"https:\/\/www.oarcanjo.net\/site\/wp-content\/uploads\/LogoOArcanjo.png","contentUrl":"https:\/\/www.oarcanjo.net\/site\/wp-content\/uploads\/LogoOArcanjo.png","width":319,"height":99,"caption":"Par\u00f3quia S\u00e3o Miguel Arcanjo"},"image":{"@id":"https:\/\/www.oarcanjo.net\/site\/#\/schema\/logo\/image\/"},"sameAs":["https:\/\/www.facebook.com\/OArcanjoNoAr\/"]},{"@type":"Person","@id":"https:\/\/www.oarcanjo.net\/site\/#\/schema\/person\/f7024d007863202483a31326673a0838","name":"editor","sameAs":["http:\/\/www.oarcanjo.net"]}]}},"publishpress_future_action":{"enabled":false,"date":"2026-05-06 17:28:53","action":"category","newStatus":"draft","terms":[],"taxonomy":"category"},"publishpress_future_workflow_manual_trigger":{"enabledWorkflows":[]},"_links":{"self":[{"href":"https:\/\/www.oarcanjo.net\/site\/wp-json\/wp\/v2\/posts\/64624"}],"collection":[{"href":"https:\/\/www.oarcanjo.net\/site\/wp-json\/wp\/v2\/posts"}],"about":[{"href":"https:\/\/www.oarcanjo.net\/site\/wp-json\/wp\/v2\/types\/post"}],"author":[{"embeddable":true,"href":"https:\/\/www.oarcanjo.net\/site\/wp-json\/wp\/v2\/users\/5"}],"replies":[{"embeddable":true,"href":"https:\/\/www.oarcanjo.net\/site\/wp-json\/wp\/v2\/comments?post=64624"}],"version-history":[{"count":0,"href":"https:\/\/www.oarcanjo.net\/site\/wp-json\/wp\/v2\/posts\/64624\/revisions"}],"wp:featuredmedia":[{"embeddable":true,"href":"https:\/\/www.oarcanjo.net\/site\/wp-json\/wp\/v2\/media\/65001"}],"wp:attachment":[{"href":"https:\/\/www.oarcanjo.net\/site\/wp-json\/wp\/v2\/media?parent=64624"}],"wp:term":[{"taxonomy":"category","embeddable":true,"href":"https:\/\/www.oarcanjo.net\/site\/wp-json\/wp\/v2\/categories?post=64624"},{"taxonomy":"post_tag","embeddable":true,"href":"https:\/\/www.oarcanjo.net\/site\/wp-json\/wp\/v2\/tags?post=64624"}],"curies":[{"name":"wp","href":"https:\/\/api.w.org\/{rel}","templated":true}]}}