
{"id":647,"date":"2008-11-13T18:01:25","date_gmt":"2008-11-13T21:01:25","guid":{"rendered":"http:\/\/www.oarcanjo.net\/site\/?p=647"},"modified":"2008-11-13T18:01:25","modified_gmt":"2008-11-13T21:01:25","slug":"igreja-estado-um-bom-acordo","status":"publish","type":"post","link":"https:\/\/www.oarcanjo.net\/site\/igreja-estado-um-bom-acordo\/","title":{"rendered":"Igreja-Estado: Um bom acordo"},"content":{"rendered":"<p>Dom Dem\u00e9trio Valentini *<\/p>\n<p>Por ocasi\u00e3o da visita do Presidente Lula ao Vaticano, neste dia 13 de novembro de 2008, foi assinado um ACORDO entre o Brasil e Santa S\u00e9, referente ao estatuto jur\u00eddico da Igreja Cat\u00f3lica no Brasil, assinalando alguns pontos espec\u00edficos que implicam o relacionamento concreto entre Igreja e Estado em nosso pa\u00eds.<br \/>\n\u00c9 um fato relevante, que ter\u00e1 amplas repercuss\u00f5es. Para aquilatar sua import\u00e2ncia hist\u00f3rica, bastaria lembrar que desde a proclama\u00e7\u00e3o da Republica vinha sendo aguardado um documento que servisse de refer\u00eancia b\u00e1sica para identificar e explicitar as rela\u00e7\u00f5es entre o Estado Brasileiro e a Igreja Cat\u00f3lica.<\/p>\n<p>Com o &#8220;acordo&#8221; que acaba de ser firmado, foi dado um grande passo para embasar com clareza a personalidade jur\u00eddica da Igreja Cat\u00f3lica no Brasil, e explicitar alguns pontos que mais necessitavam de detalhamentos pr\u00e1ticos para o bom relacionamento entre ambas as partes, no pleno respeito da autonomia tanto do Estado Brasileiro como da Igreja Cat\u00f3lica.<\/p>\n<p>O &#8220;acordo&#8221; procurou se restringir ao m\u00ednimo, e ao mesmo tempo ao suficiente, na sua abrang\u00eancia. Esclare\u00e7a-se que ele n\u00e3o tem as fei\u00e7\u00f5es de uma &#8220;concordata&#8221; tradicional, como a grande maioria dos pa\u00edses j\u00e1 tem com a Santa S\u00e9. Uma &#8220;concordata&#8221; estabelece em detalhes todos os pontos do relacionamento entre Igreja e Estado em determinado pa\u00eds. N\u00e3o foi esta a op\u00e7\u00e3o assumida no Acordo de agora. A inten\u00e7\u00e3o de ambas as partes foi limitar o acordo ao m\u00ednimo necess\u00e1rio para um tranq\u00fcilo e seguro relacionamento jur\u00eddico envolvendo as duas partes.<\/p>\n<p>Outra observa\u00e7\u00e3o importante se refere ao fato de que todos os pontos do acordo est\u00e3o em conformidade com o que prescreve a Constitui\u00e7\u00e3o Brasileira, e fazem parte da praxe jur\u00eddica j\u00e1 existente. O Acordo vem aglutinar estes pontos em documento \u00fanico, consolidando-os com sua for\u00e7a jur\u00eddica que lhe \u00e9 conferida pela solenidade do ato celebrado publicamente entre o Brasil e a Santa S\u00e9.<\/p>\n<p>Acrescente-se que este &#8220;acordo&#8221;, na maneira como foi e est\u00e1 sendo conduzido, obedece aos tr\u00e2mites da Constitui\u00e7\u00e3o Brasileira, que confere ao Presidente da Rep\u00fablica a responsabilidade de celebrar acordos internacionais, e determina que estes acordos sejam ratificados pelo Parlamento Brasileiro. Portanto, a efetiva\u00e7\u00e3o do Acordo demanda esta provid\u00eancia pol\u00edtica muito importante, de ser aprovado pelo Parlamento para que surta definitivamente os seus efeitos.<\/p>\n<p>Neste sentido, conv\u00e9m divulgar seu conte\u00fado, para que todos possam se dar conta da sua conformidade com a Constitui\u00e7\u00e3o Brasileira, e da sua conveni\u00eancia pol\u00edtica. Pois mesmo se referindo especificamente \u00e0s rela\u00e7\u00f5es entre a Igreja Cat\u00f3lica e o Estado Brasileiro, esse Acordo \u00e9 de interesse p\u00fablico para todos. Em primeiro lugar para o pr\u00f3prio Estado Brasileiro,  que assim finalmente tem um par\u00e2metro claro para definir suas rela\u00e7\u00f5es com qualquer Igreja. Seja para a sociedade que pode ter mais clareza da consist\u00eancia jur\u00eddica da Igreja Cat\u00f3lica. Como, evidentemente, para a pr\u00f3pria Igreja Cat\u00f3lica, que finalmente passa a ter melhor clareza sobre o reconhecimento p\u00fablico de sua personalidade jur\u00eddica expressa em documento adequado e solene.<\/p>\n<p>Ali\u00e1s, o ponto central do Acordo que acaba de ser assinado est\u00e1, exatamente, na defini\u00e7\u00e3o clara da personalidade jur\u00eddica da Igreja Cat\u00f3lica no Brasil, que esteve presente desde o in\u00edcio da forma\u00e7\u00e3o da nacionalidade brasileira, e continua presente com tanta capilaridade no territ\u00f3rio brasileiro como nenhuma outra institui\u00e7\u00e3o existente no pa\u00eds. Comparando, \u00e9 como se um indiv\u00edduo finalmente conseguisse o CIC ou RG que atesta sua exist\u00eancia jur\u00eddica.  Tardou, mas este documento \u00e9 agora resgatado, n\u00e3o de maneira fragmentada  e esparsa em praxes jur\u00eddicas recolhidas episodicamente, mas condensado em documento \u00fanico, que permanecer\u00e1 como refer\u00eancia clara para todo o ordenamento jur\u00eddico implicado em seu conte\u00fado.<\/p>\n<p>A assinatura deste acordo \u00e9 um fato relevante, a ser saudado por todos como express\u00e3o da maturidade pol\u00edtica da Rep\u00fablica Federativa do Brasil e da responsabilidade p\u00fablica da Igreja Cat\u00f3lica em nosso pa\u00eds.<\/p>\n<p>(www.diocesedejales.org.br)<\/p>\n<p>* Bispo de Jales, S\u00e3o Paulo<\/p>\n<div id=\"themify_builder_content-647\" data-postid=\"647\" class=\"themify_builder_content themify_builder_content-647 themify_builder themify_builder_front\">\n\t<\/div>\n<!-- \/themify_builder_content -->","protected":false},"excerpt":{"rendered":"<p>Dom Dem\u00e9trio Valentini * Por ocasi\u00e3o da visita do Presidente Lula ao Vaticano, neste dia 13 de novembro de 2008, foi assinado um ACORDO entre o Brasil e Santa S\u00e9, referente ao estatuto jur\u00eddico da Igreja Cat\u00f3lica no Brasil, assinalando alguns pontos espec\u00edficos que implicam o relacionamento concreto entre Igreja e Estado em nosso pa\u00eds. [&hellip;]<\/p>\n","protected":false},"author":5,"featured_media":0,"comment_status":"open","ping_status":"open","sticky":false,"template":"","format":"standard","meta":{"ngg_post_thumbnail":0,"footnotes":""},"categories":[9],"tags":[102,101,34],"yoast_head":"<!-- This site is optimized with the Yoast SEO plugin v23.5 - https:\/\/yoast.com\/wordpress\/plugins\/seo\/ -->\n<title>Igreja-Estado: Um bom acordo - O Arcanjo no ar<\/title>\n<meta name=\"robots\" content=\"index, follow, max-snippet:-1, max-image-preview:large, max-video-preview:-1\" \/>\n<link rel=\"canonical\" href=\"https:\/\/www.oarcanjo.net\/site\/igreja-estado-um-bom-acordo\/\" \/>\n<meta property=\"og:locale\" content=\"pt_BR\" \/>\n<meta property=\"og:type\" content=\"article\" \/>\n<meta property=\"og:title\" content=\"Igreja-Estado: Um bom acordo - O Arcanjo no ar\" \/>\n<meta property=\"og:description\" content=\"Dom Dem\u00e9trio Valentini * Por ocasi\u00e3o da visita do Presidente Lula ao Vaticano, neste dia 13 de novembro de 2008, foi assinado um ACORDO entre o Brasil e Santa S\u00e9, referente ao estatuto jur\u00eddico da Igreja Cat\u00f3lica no Brasil, assinalando alguns pontos espec\u00edficos que implicam o relacionamento concreto entre Igreja e Estado em nosso pa\u00eds. [&hellip;]\" \/>\n<meta property=\"og:url\" content=\"https:\/\/www.oarcanjo.net\/site\/igreja-estado-um-bom-acordo\/\" \/>\n<meta property=\"og:site_name\" content=\"O Arcanjo no ar\" \/>\n<meta property=\"article:publisher\" content=\"https:\/\/www.facebook.com\/OArcanjoNoAr\/\" \/>\n<meta property=\"article:published_time\" content=\"2008-11-13T21:01:25+00:00\" \/>\n<meta property=\"og:image\" content=\"https:\/\/www.oarcanjo.net\/site\/wp-content\/uploads\/logo-o-arcanjo-no-ar-facebook.png\" \/>\n\t<meta property=\"og:image:width\" content=\"300\" \/>\n\t<meta property=\"og:image:height\" content=\"300\" \/>\n\t<meta property=\"og:image:type\" content=\"image\/png\" \/>\n<meta name=\"author\" content=\"editor\" \/>\n<meta name=\"twitter:card\" content=\"summary_large_image\" \/>\n<meta name=\"twitter:label1\" content=\"Escrito por\" \/>\n\t<meta name=\"twitter:data1\" content=\"editor\" \/>\n\t<meta name=\"twitter:label2\" content=\"Est. tempo de leitura\" \/>\n\t<meta name=\"twitter:data2\" content=\"4 minutos\" \/>\n<script type=\"application\/ld+json\" class=\"yoast-schema-graph\">{\"@context\":\"https:\/\/schema.org\",\"@graph\":[{\"@type\":\"Article\",\"@id\":\"https:\/\/www.oarcanjo.net\/site\/igreja-estado-um-bom-acordo\/#article\",\"isPartOf\":{\"@id\":\"https:\/\/www.oarcanjo.net\/site\/igreja-estado-um-bom-acordo\/\"},\"author\":{\"name\":\"editor\",\"@id\":\"https:\/\/www.oarcanjo.net\/site\/#\/schema\/person\/f7024d007863202483a31326673a0838\"},\"headline\":\"Igreja-Estado: Um bom acordo\",\"datePublished\":\"2008-11-13T21:01:25+00:00\",\"dateModified\":\"2008-11-13T21:01:25+00:00\",\"mainEntityOfPage\":{\"@id\":\"https:\/\/www.oarcanjo.net\/site\/igreja-estado-um-bom-acordo\/\"},\"wordCount\":713,\"commentCount\":0,\"publisher\":{\"@id\":\"https:\/\/www.oarcanjo.net\/site\/#organization\"},\"keywords\":[\"Estado\",\"Igreja cat\u00f3lica\",\"vaticano\"],\"articleSection\":[\"Reflex\u00f5es\"],\"inLanguage\":\"pt-BR\",\"potentialAction\":[{\"@type\":\"CommentAction\",\"name\":\"Comment\",\"target\":[\"https:\/\/www.oarcanjo.net\/site\/igreja-estado-um-bom-acordo\/#respond\"]}]},{\"@type\":\"WebPage\",\"@id\":\"https:\/\/www.oarcanjo.net\/site\/igreja-estado-um-bom-acordo\/\",\"url\":\"https:\/\/www.oarcanjo.net\/site\/igreja-estado-um-bom-acordo\/\",\"name\":\"Igreja-Estado: Um bom acordo - O Arcanjo no ar\",\"isPartOf\":{\"@id\":\"https:\/\/www.oarcanjo.net\/site\/#website\"},\"datePublished\":\"2008-11-13T21:01:25+00:00\",\"dateModified\":\"2008-11-13T21:01:25+00:00\",\"breadcrumb\":{\"@id\":\"https:\/\/www.oarcanjo.net\/site\/igreja-estado-um-bom-acordo\/#breadcrumb\"},\"inLanguage\":\"pt-BR\",\"potentialAction\":[{\"@type\":\"ReadAction\",\"target\":[\"https:\/\/www.oarcanjo.net\/site\/igreja-estado-um-bom-acordo\/\"]}]},{\"@type\":\"BreadcrumbList\",\"@id\":\"https:\/\/www.oarcanjo.net\/site\/igreja-estado-um-bom-acordo\/#breadcrumb\",\"itemListElement\":[{\"@type\":\"ListItem\",\"position\":1,\"name\":\"In\u00edcio\",\"item\":\"https:\/\/www.oarcanjo.net\/site\/\"},{\"@type\":\"ListItem\",\"position\":2,\"name\":\"Igreja-Estado: Um bom acordo\"}]},{\"@type\":\"WebSite\",\"@id\":\"https:\/\/www.oarcanjo.net\/site\/#website\",\"url\":\"https:\/\/www.oarcanjo.net\/site\/\",\"name\":\"O Arcanjo no ar\",\"description\":\"Site da Par\u00f3quia S\u00e3o Miguel Arcanjo (Arquidiocese de SP)\",\"publisher\":{\"@id\":\"https:\/\/www.oarcanjo.net\/site\/#organization\"},\"potentialAction\":[{\"@type\":\"SearchAction\",\"target\":{\"@type\":\"EntryPoint\",\"urlTemplate\":\"https:\/\/www.oarcanjo.net\/site\/?s={search_term_string}\"},\"query-input\":{\"@type\":\"PropertyValueSpecification\",\"valueRequired\":true,\"valueName\":\"search_term_string\"}}],\"inLanguage\":\"pt-BR\"},{\"@type\":\"Organization\",\"@id\":\"https:\/\/www.oarcanjo.net\/site\/#organization\",\"name\":\"Par\u00f3quia S\u00e3o Miguel Arcanjo\",\"url\":\"https:\/\/www.oarcanjo.net\/site\/\",\"logo\":{\"@type\":\"ImageObject\",\"inLanguage\":\"pt-BR\",\"@id\":\"https:\/\/www.oarcanjo.net\/site\/#\/schema\/logo\/image\/\",\"url\":\"https:\/\/www.oarcanjo.net\/site\/wp-content\/uploads\/LogoOArcanjo.png\",\"contentUrl\":\"https:\/\/www.oarcanjo.net\/site\/wp-content\/uploads\/LogoOArcanjo.png\",\"width\":319,\"height\":99,\"caption\":\"Par\u00f3quia S\u00e3o Miguel Arcanjo\"},\"image\":{\"@id\":\"https:\/\/www.oarcanjo.net\/site\/#\/schema\/logo\/image\/\"},\"sameAs\":[\"https:\/\/www.facebook.com\/OArcanjoNoAr\/\"]},{\"@type\":\"Person\",\"@id\":\"https:\/\/www.oarcanjo.net\/site\/#\/schema\/person\/f7024d007863202483a31326673a0838\",\"name\":\"editor\",\"sameAs\":[\"http:\/\/www.oarcanjo.net\"]}]}<\/script>\n<!-- \/ Yoast SEO plugin. -->","yoast_head_json":{"title":"Igreja-Estado: Um bom acordo - O Arcanjo no ar","robots":{"index":"index","follow":"follow","max-snippet":"max-snippet:-1","max-image-preview":"max-image-preview:large","max-video-preview":"max-video-preview:-1"},"canonical":"https:\/\/www.oarcanjo.net\/site\/igreja-estado-um-bom-acordo\/","og_locale":"pt_BR","og_type":"article","og_title":"Igreja-Estado: Um bom acordo - O Arcanjo no ar","og_description":"Dom Dem\u00e9trio Valentini * Por ocasi\u00e3o da visita do Presidente Lula ao Vaticano, neste dia 13 de novembro de 2008, foi assinado um ACORDO entre o Brasil e Santa S\u00e9, referente ao estatuto jur\u00eddico da Igreja Cat\u00f3lica no Brasil, assinalando alguns pontos espec\u00edficos que implicam o relacionamento concreto entre Igreja e Estado em nosso pa\u00eds. [&hellip;]","og_url":"https:\/\/www.oarcanjo.net\/site\/igreja-estado-um-bom-acordo\/","og_site_name":"O Arcanjo no ar","article_publisher":"https:\/\/www.facebook.com\/OArcanjoNoAr\/","article_published_time":"2008-11-13T21:01:25+00:00","og_image":[{"width":300,"height":300,"url":"https:\/\/www.oarcanjo.net\/site\/wp-content\/uploads\/logo-o-arcanjo-no-ar-facebook.png","type":"image\/png"}],"author":"editor","twitter_card":"summary_large_image","twitter_misc":{"Escrito por":"editor","Est. tempo de leitura":"4 minutos"},"schema":{"@context":"https:\/\/schema.org","@graph":[{"@type":"Article","@id":"https:\/\/www.oarcanjo.net\/site\/igreja-estado-um-bom-acordo\/#article","isPartOf":{"@id":"https:\/\/www.oarcanjo.net\/site\/igreja-estado-um-bom-acordo\/"},"author":{"name":"editor","@id":"https:\/\/www.oarcanjo.net\/site\/#\/schema\/person\/f7024d007863202483a31326673a0838"},"headline":"Igreja-Estado: Um bom acordo","datePublished":"2008-11-13T21:01:25+00:00","dateModified":"2008-11-13T21:01:25+00:00","mainEntityOfPage":{"@id":"https:\/\/www.oarcanjo.net\/site\/igreja-estado-um-bom-acordo\/"},"wordCount":713,"commentCount":0,"publisher":{"@id":"https:\/\/www.oarcanjo.net\/site\/#organization"},"keywords":["Estado","Igreja cat\u00f3lica","vaticano"],"articleSection":["Reflex\u00f5es"],"inLanguage":"pt-BR","potentialAction":[{"@type":"CommentAction","name":"Comment","target":["https:\/\/www.oarcanjo.net\/site\/igreja-estado-um-bom-acordo\/#respond"]}]},{"@type":"WebPage","@id":"https:\/\/www.oarcanjo.net\/site\/igreja-estado-um-bom-acordo\/","url":"https:\/\/www.oarcanjo.net\/site\/igreja-estado-um-bom-acordo\/","name":"Igreja-Estado: Um bom acordo - O Arcanjo no ar","isPartOf":{"@id":"https:\/\/www.oarcanjo.net\/site\/#website"},"datePublished":"2008-11-13T21:01:25+00:00","dateModified":"2008-11-13T21:01:25+00:00","breadcrumb":{"@id":"https:\/\/www.oarcanjo.net\/site\/igreja-estado-um-bom-acordo\/#breadcrumb"},"inLanguage":"pt-BR","potentialAction":[{"@type":"ReadAction","target":["https:\/\/www.oarcanjo.net\/site\/igreja-estado-um-bom-acordo\/"]}]},{"@type":"BreadcrumbList","@id":"https:\/\/www.oarcanjo.net\/site\/igreja-estado-um-bom-acordo\/#breadcrumb","itemListElement":[{"@type":"ListItem","position":1,"name":"In\u00edcio","item":"https:\/\/www.oarcanjo.net\/site\/"},{"@type":"ListItem","position":2,"name":"Igreja-Estado: Um bom acordo"}]},{"@type":"WebSite","@id":"https:\/\/www.oarcanjo.net\/site\/#website","url":"https:\/\/www.oarcanjo.net\/site\/","name":"O Arcanjo no ar","description":"Site da Par\u00f3quia S\u00e3o Miguel Arcanjo (Arquidiocese de SP)","publisher":{"@id":"https:\/\/www.oarcanjo.net\/site\/#organization"},"potentialAction":[{"@type":"SearchAction","target":{"@type":"EntryPoint","urlTemplate":"https:\/\/www.oarcanjo.net\/site\/?s={search_term_string}"},"query-input":{"@type":"PropertyValueSpecification","valueRequired":true,"valueName":"search_term_string"}}],"inLanguage":"pt-BR"},{"@type":"Organization","@id":"https:\/\/www.oarcanjo.net\/site\/#organization","name":"Par\u00f3quia S\u00e3o Miguel Arcanjo","url":"https:\/\/www.oarcanjo.net\/site\/","logo":{"@type":"ImageObject","inLanguage":"pt-BR","@id":"https:\/\/www.oarcanjo.net\/site\/#\/schema\/logo\/image\/","url":"https:\/\/www.oarcanjo.net\/site\/wp-content\/uploads\/LogoOArcanjo.png","contentUrl":"https:\/\/www.oarcanjo.net\/site\/wp-content\/uploads\/LogoOArcanjo.png","width":319,"height":99,"caption":"Par\u00f3quia S\u00e3o Miguel Arcanjo"},"image":{"@id":"https:\/\/www.oarcanjo.net\/site\/#\/schema\/logo\/image\/"},"sameAs":["https:\/\/www.facebook.com\/OArcanjoNoAr\/"]},{"@type":"Person","@id":"https:\/\/www.oarcanjo.net\/site\/#\/schema\/person\/f7024d007863202483a31326673a0838","name":"editor","sameAs":["http:\/\/www.oarcanjo.net"]}]}},"publishpress_future_action":{"enabled":false,"date":"2026-05-08 19:33:05","action":"category","newStatus":"draft","terms":[],"taxonomy":"category"},"publishpress_future_workflow_manual_trigger":{"enabledWorkflows":[]},"_links":{"self":[{"href":"https:\/\/www.oarcanjo.net\/site\/wp-json\/wp\/v2\/posts\/647"}],"collection":[{"href":"https:\/\/www.oarcanjo.net\/site\/wp-json\/wp\/v2\/posts"}],"about":[{"href":"https:\/\/www.oarcanjo.net\/site\/wp-json\/wp\/v2\/types\/post"}],"author":[{"embeddable":true,"href":"https:\/\/www.oarcanjo.net\/site\/wp-json\/wp\/v2\/users\/5"}],"replies":[{"embeddable":true,"href":"https:\/\/www.oarcanjo.net\/site\/wp-json\/wp\/v2\/comments?post=647"}],"version-history":[{"count":0,"href":"https:\/\/www.oarcanjo.net\/site\/wp-json\/wp\/v2\/posts\/647\/revisions"}],"wp:attachment":[{"href":"https:\/\/www.oarcanjo.net\/site\/wp-json\/wp\/v2\/media?parent=647"}],"wp:term":[{"taxonomy":"category","embeddable":true,"href":"https:\/\/www.oarcanjo.net\/site\/wp-json\/wp\/v2\/categories?post=647"},{"taxonomy":"post_tag","embeddable":true,"href":"https:\/\/www.oarcanjo.net\/site\/wp-json\/wp\/v2\/tags?post=647"}],"curies":[{"name":"wp","href":"https:\/\/api.w.org\/{rel}","templated":true}]}}