
{"id":6483,"date":"2014-12-10T00:01:26","date_gmt":"2014-12-10T02:01:26","guid":{"rendered":"http:\/\/www.oarcanjo.net\/site\/?p=6483"},"modified":"2014-11-11T08:19:39","modified_gmt":"2014-11-11T10:19:39","slug":"sao-melquiades","status":"publish","type":"post","link":"https:\/\/www.oarcanjo.net\/site\/sao-melquiades\/","title":{"rendered":"S\u00e3o Melqu\u00edades"},"content":{"rendered":"<p><img loading=\"lazy\" decoding=\"async\" class=\"aligncenter size-full wp-image-6484\" src=\"http:\/\/www.oarcanjo.net\/site\/wp-content\/uploads\/sao-melquiades.jpg\" alt=\"sao melquiades\" width=\"111\" height=\"111\" \/><\/p>\n<p>10 de Dezembro<\/p>\n<p>Hoje nos deixamos atingir pela santidade de vida de um Papa que buscou no Pastor Eterno e Universal toda a gra\u00e7a que necessitava para ser fiel num tempo de transi\u00e7\u00e3o da Igreja. S\u00e3o Melqu\u00edades, de origem africana, fez parte do Clero Romano, at\u00e9 que em 310 faleceu o Papa Eus\u00e9bio e foi eleito sucessor de S\u00e3o Pedro.<\/p>\n<p>No per\u00edodo de seu governo, Melqu\u00edades sofreu com a persegui\u00e7\u00e3o aos crist\u00e3os pelo Imperador M\u00e1ximo. Esta persegui\u00e7\u00e3o s\u00f3 teve um descanso quando Constantino venceu M\u00e1ximo na hist\u00f3rica batalha em Roma (312) a qual atribuiu ao Deus dos crist\u00e3os. Com isto, surgiu o Edito de Mil\u00e3o em 313, concedendo a liberdade religiosa; assim, S\u00e3o Melqu\u00edades passou do Papa da persegui\u00e7\u00e3o para o Papa da liberdade dos crist\u00e3os.<\/p>\n<p>Durante os quatro anos de seu Pontificado, as piores amea\u00e7as nasceram no interior da Igreja com os hereges. S\u00e3o Melqu\u00edades foi grande defensor da F\u00e9, por isso combateu principalmente o Donatismo, que contestava a legitima\u00e7\u00e3o da elei\u00e7\u00e3o dos ministros de Deus e fanaticamente se substitu\u00eda a qualquer autoridade.<\/p>\n<p>Aproveitou Melqu\u00edades, a liberdade religiosa para organizar as sedes paroquiais em Roma e recuperar os bens da Igrejas perdidos durante a persegui\u00e7\u00e3o. S\u00e3o Melqu\u00edades atrav\u00e9s da Eucaristia semeou a unidade da Igreja de Roma com as demais igrejas. Entrou no c\u00e9u em 314 e foi enterrado na Via \u00c1pia, no cemit\u00e9rio de Calisto. Do Doutor Santo Agostinho, S\u00e3o Melqu\u00edades recebeu o seguinte reconhecime<\/p>\n<p>nto: <em>&#8220;Verdadeiro filho da paz, verdadeiro pai dos crist\u00e3os&#8221;.<\/em><\/p>\n<div id=\"themify_builder_content-6483\" data-postid=\"6483\" class=\"themify_builder_content themify_builder_content-6483 themify_builder themify_builder_front\">\n\t<\/div>\n<!-- \/themify_builder_content -->","protected":false},"excerpt":{"rendered":"<p>10 de Dezembro Hoje nos deixamos atingir pela santidade de vida de um Papa que buscou no Pastor Eterno e Universal toda a gra\u00e7a que necessitava para ser fiel num tempo de transi\u00e7\u00e3o da Igreja. S\u00e3o Melqu\u00edades, de origem africana, fez parte do Clero Romano, at\u00e9 que em 310 faleceu o Papa Eus\u00e9bio e foi [&hellip;]<\/p>\n","protected":false},"author":14,"featured_media":0,"comment_status":"open","ping_status":"open","sticky":false,"template":"","format":"standard","meta":{"ngg_post_thumbnail":0,"footnotes":""},"categories":[186],"tags":[],"yoast_head":"<!-- This site is optimized with the Yoast SEO plugin v23.5 - https:\/\/yoast.com\/wordpress\/plugins\/seo\/ -->\n<title>S\u00e3o Melqu\u00edades - O Arcanjo no ar<\/title>\n<meta name=\"robots\" content=\"index, follow, max-snippet:-1, max-image-preview:large, max-video-preview:-1\" \/>\n<link rel=\"canonical\" href=\"https:\/\/www.oarcanjo.net\/site\/sao-melquiades\/\" \/>\n<meta property=\"og:locale\" content=\"pt_BR\" \/>\n<meta property=\"og:type\" content=\"article\" \/>\n<meta property=\"og:title\" content=\"S\u00e3o Melqu\u00edades - O Arcanjo no ar\" \/>\n<meta property=\"og:description\" content=\"10 de Dezembro Hoje nos deixamos atingir pela santidade de vida de um Papa que buscou no Pastor Eterno e Universal toda a gra\u00e7a que necessitava para ser fiel num tempo de transi\u00e7\u00e3o da Igreja. S\u00e3o Melqu\u00edades, de origem africana, fez parte do Clero Romano, at\u00e9 que em 310 faleceu o Papa Eus\u00e9bio e foi [&hellip;]\" \/>\n<meta property=\"og:url\" content=\"https:\/\/www.oarcanjo.net\/site\/sao-melquiades\/\" \/>\n<meta property=\"og:site_name\" content=\"O Arcanjo no ar\" \/>\n<meta property=\"article:publisher\" content=\"https:\/\/www.facebook.com\/OArcanjoNoAr\/\" \/>\n<meta property=\"article:published_time\" content=\"2014-12-10T02:01:26+00:00\" \/>\n<meta property=\"article:modified_time\" content=\"2014-11-11T10:19:39+00:00\" \/>\n<meta property=\"og:image\" content=\"http:\/\/www.oarcanjo.net\/site\/wp-content\/uploads\/sao-melquiades.jpg\" \/>\n<meta name=\"author\" content=\"danilo\" \/>\n<meta name=\"twitter:card\" content=\"summary_large_image\" \/>\n<meta name=\"twitter:label1\" content=\"Escrito por\" \/>\n\t<meta name=\"twitter:data1\" content=\"danilo\" \/>\n\t<meta name=\"twitter:label2\" content=\"Est. tempo de leitura\" \/>\n\t<meta name=\"twitter:data2\" content=\"1 minuto\" \/>\n<script type=\"application\/ld+json\" class=\"yoast-schema-graph\">{\"@context\":\"https:\/\/schema.org\",\"@graph\":[{\"@type\":\"Article\",\"@id\":\"https:\/\/www.oarcanjo.net\/site\/sao-melquiades\/#article\",\"isPartOf\":{\"@id\":\"https:\/\/www.oarcanjo.net\/site\/sao-melquiades\/\"},\"author\":{\"name\":\"danilo\",\"@id\":\"https:\/\/www.oarcanjo.net\/site\/#\/schema\/person\/5eb9480bedd2f3c97e430ce128c29c6c\"},\"headline\":\"S\u00e3o Melqu\u00edades\",\"datePublished\":\"2014-12-10T02:01:26+00:00\",\"dateModified\":\"2014-11-11T10:19:39+00:00\",\"mainEntityOfPage\":{\"@id\":\"https:\/\/www.oarcanjo.net\/site\/sao-melquiades\/\"},\"wordCount\":281,\"commentCount\":0,\"publisher\":{\"@id\":\"https:\/\/www.oarcanjo.net\/site\/#organization\"},\"image\":{\"@id\":\"https:\/\/www.oarcanjo.net\/site\/sao-melquiades\/#primaryimage\"},\"thumbnailUrl\":\"http:\/\/www.oarcanjo.net\/site\/wp-content\/uploads\/sao-melquiades.jpg\",\"articleSection\":[\"Testemunhos\"],\"inLanguage\":\"pt-BR\",\"potentialAction\":[{\"@type\":\"CommentAction\",\"name\":\"Comment\",\"target\":[\"https:\/\/www.oarcanjo.net\/site\/sao-melquiades\/#respond\"]}]},{\"@type\":\"WebPage\",\"@id\":\"https:\/\/www.oarcanjo.net\/site\/sao-melquiades\/\",\"url\":\"https:\/\/www.oarcanjo.net\/site\/sao-melquiades\/\",\"name\":\"S\u00e3o Melqu\u00edades - O Arcanjo no ar\",\"isPartOf\":{\"@id\":\"https:\/\/www.oarcanjo.net\/site\/#website\"},\"primaryImageOfPage\":{\"@id\":\"https:\/\/www.oarcanjo.net\/site\/sao-melquiades\/#primaryimage\"},\"image\":{\"@id\":\"https:\/\/www.oarcanjo.net\/site\/sao-melquiades\/#primaryimage\"},\"thumbnailUrl\":\"http:\/\/www.oarcanjo.net\/site\/wp-content\/uploads\/sao-melquiades.jpg\",\"datePublished\":\"2014-12-10T02:01:26+00:00\",\"dateModified\":\"2014-11-11T10:19:39+00:00\",\"breadcrumb\":{\"@id\":\"https:\/\/www.oarcanjo.net\/site\/sao-melquiades\/#breadcrumb\"},\"inLanguage\":\"pt-BR\",\"potentialAction\":[{\"@type\":\"ReadAction\",\"target\":[\"https:\/\/www.oarcanjo.net\/site\/sao-melquiades\/\"]}]},{\"@type\":\"ImageObject\",\"inLanguage\":\"pt-BR\",\"@id\":\"https:\/\/www.oarcanjo.net\/site\/sao-melquiades\/#primaryimage\",\"url\":\"https:\/\/www.oarcanjo.net\/site\/wp-content\/uploads\/sao-melquiades.jpg\",\"contentUrl\":\"https:\/\/www.oarcanjo.net\/site\/wp-content\/uploads\/sao-melquiades.jpg\",\"width\":\"111\",\"height\":\"111\"},{\"@type\":\"BreadcrumbList\",\"@id\":\"https:\/\/www.oarcanjo.net\/site\/sao-melquiades\/#breadcrumb\",\"itemListElement\":[{\"@type\":\"ListItem\",\"position\":1,\"name\":\"In\u00edcio\",\"item\":\"https:\/\/www.oarcanjo.net\/site\/\"},{\"@type\":\"ListItem\",\"position\":2,\"name\":\"S\u00e3o Melqu\u00edades\"}]},{\"@type\":\"WebSite\",\"@id\":\"https:\/\/www.oarcanjo.net\/site\/#website\",\"url\":\"https:\/\/www.oarcanjo.net\/site\/\",\"name\":\"O Arcanjo no ar\",\"description\":\"Site da Par\u00f3quia S\u00e3o Miguel Arcanjo (Arquidiocese de SP)\",\"publisher\":{\"@id\":\"https:\/\/www.oarcanjo.net\/site\/#organization\"},\"potentialAction\":[{\"@type\":\"SearchAction\",\"target\":{\"@type\":\"EntryPoint\",\"urlTemplate\":\"https:\/\/www.oarcanjo.net\/site\/?s={search_term_string}\"},\"query-input\":{\"@type\":\"PropertyValueSpecification\",\"valueRequired\":true,\"valueName\":\"search_term_string\"}}],\"inLanguage\":\"pt-BR\"},{\"@type\":\"Organization\",\"@id\":\"https:\/\/www.oarcanjo.net\/site\/#organization\",\"name\":\"Par\u00f3quia S\u00e3o Miguel Arcanjo\",\"url\":\"https:\/\/www.oarcanjo.net\/site\/\",\"logo\":{\"@type\":\"ImageObject\",\"inLanguage\":\"pt-BR\",\"@id\":\"https:\/\/www.oarcanjo.net\/site\/#\/schema\/logo\/image\/\",\"url\":\"https:\/\/www.oarcanjo.net\/site\/wp-content\/uploads\/LogoOArcanjo.png\",\"contentUrl\":\"https:\/\/www.oarcanjo.net\/site\/wp-content\/uploads\/LogoOArcanjo.png\",\"width\":319,\"height\":99,\"caption\":\"Par\u00f3quia S\u00e3o Miguel Arcanjo\"},\"image\":{\"@id\":\"https:\/\/www.oarcanjo.net\/site\/#\/schema\/logo\/image\/\"},\"sameAs\":[\"https:\/\/www.facebook.com\/OArcanjoNoAr\/\"]},{\"@type\":\"Person\",\"@id\":\"https:\/\/www.oarcanjo.net\/site\/#\/schema\/person\/5eb9480bedd2f3c97e430ce128c29c6c\",\"name\":\"danilo\"}]}<\/script>\n<!-- \/ Yoast SEO plugin. -->","yoast_head_json":{"title":"S\u00e3o Melqu\u00edades - O Arcanjo no ar","robots":{"index":"index","follow":"follow","max-snippet":"max-snippet:-1","max-image-preview":"max-image-preview:large","max-video-preview":"max-video-preview:-1"},"canonical":"https:\/\/www.oarcanjo.net\/site\/sao-melquiades\/","og_locale":"pt_BR","og_type":"article","og_title":"S\u00e3o Melqu\u00edades - O Arcanjo no ar","og_description":"10 de Dezembro Hoje nos deixamos atingir pela santidade de vida de um Papa que buscou no Pastor Eterno e Universal toda a gra\u00e7a que necessitava para ser fiel num tempo de transi\u00e7\u00e3o da Igreja. S\u00e3o Melqu\u00edades, de origem africana, fez parte do Clero Romano, at\u00e9 que em 310 faleceu o Papa Eus\u00e9bio e foi [&hellip;]","og_url":"https:\/\/www.oarcanjo.net\/site\/sao-melquiades\/","og_site_name":"O Arcanjo no ar","article_publisher":"https:\/\/www.facebook.com\/OArcanjoNoAr\/","article_published_time":"2014-12-10T02:01:26+00:00","article_modified_time":"2014-11-11T10:19:39+00:00","og_image":[{"url":"http:\/\/www.oarcanjo.net\/site\/wp-content\/uploads\/sao-melquiades.jpg"}],"author":"danilo","twitter_card":"summary_large_image","twitter_misc":{"Escrito por":"danilo","Est. tempo de leitura":"1 minuto"},"schema":{"@context":"https:\/\/schema.org","@graph":[{"@type":"Article","@id":"https:\/\/www.oarcanjo.net\/site\/sao-melquiades\/#article","isPartOf":{"@id":"https:\/\/www.oarcanjo.net\/site\/sao-melquiades\/"},"author":{"name":"danilo","@id":"https:\/\/www.oarcanjo.net\/site\/#\/schema\/person\/5eb9480bedd2f3c97e430ce128c29c6c"},"headline":"S\u00e3o Melqu\u00edades","datePublished":"2014-12-10T02:01:26+00:00","dateModified":"2014-11-11T10:19:39+00:00","mainEntityOfPage":{"@id":"https:\/\/www.oarcanjo.net\/site\/sao-melquiades\/"},"wordCount":281,"commentCount":0,"publisher":{"@id":"https:\/\/www.oarcanjo.net\/site\/#organization"},"image":{"@id":"https:\/\/www.oarcanjo.net\/site\/sao-melquiades\/#primaryimage"},"thumbnailUrl":"http:\/\/www.oarcanjo.net\/site\/wp-content\/uploads\/sao-melquiades.jpg","articleSection":["Testemunhos"],"inLanguage":"pt-BR","potentialAction":[{"@type":"CommentAction","name":"Comment","target":["https:\/\/www.oarcanjo.net\/site\/sao-melquiades\/#respond"]}]},{"@type":"WebPage","@id":"https:\/\/www.oarcanjo.net\/site\/sao-melquiades\/","url":"https:\/\/www.oarcanjo.net\/site\/sao-melquiades\/","name":"S\u00e3o Melqu\u00edades - O Arcanjo no ar","isPartOf":{"@id":"https:\/\/www.oarcanjo.net\/site\/#website"},"primaryImageOfPage":{"@id":"https:\/\/www.oarcanjo.net\/site\/sao-melquiades\/#primaryimage"},"image":{"@id":"https:\/\/www.oarcanjo.net\/site\/sao-melquiades\/#primaryimage"},"thumbnailUrl":"http:\/\/www.oarcanjo.net\/site\/wp-content\/uploads\/sao-melquiades.jpg","datePublished":"2014-12-10T02:01:26+00:00","dateModified":"2014-11-11T10:19:39+00:00","breadcrumb":{"@id":"https:\/\/www.oarcanjo.net\/site\/sao-melquiades\/#breadcrumb"},"inLanguage":"pt-BR","potentialAction":[{"@type":"ReadAction","target":["https:\/\/www.oarcanjo.net\/site\/sao-melquiades\/"]}]},{"@type":"ImageObject","inLanguage":"pt-BR","@id":"https:\/\/www.oarcanjo.net\/site\/sao-melquiades\/#primaryimage","url":"https:\/\/www.oarcanjo.net\/site\/wp-content\/uploads\/sao-melquiades.jpg","contentUrl":"https:\/\/www.oarcanjo.net\/site\/wp-content\/uploads\/sao-melquiades.jpg","width":"111","height":"111"},{"@type":"BreadcrumbList","@id":"https:\/\/www.oarcanjo.net\/site\/sao-melquiades\/#breadcrumb","itemListElement":[{"@type":"ListItem","position":1,"name":"In\u00edcio","item":"https:\/\/www.oarcanjo.net\/site\/"},{"@type":"ListItem","position":2,"name":"S\u00e3o Melqu\u00edades"}]},{"@type":"WebSite","@id":"https:\/\/www.oarcanjo.net\/site\/#website","url":"https:\/\/www.oarcanjo.net\/site\/","name":"O Arcanjo no ar","description":"Site da Par\u00f3quia S\u00e3o Miguel Arcanjo (Arquidiocese de SP)","publisher":{"@id":"https:\/\/www.oarcanjo.net\/site\/#organization"},"potentialAction":[{"@type":"SearchAction","target":{"@type":"EntryPoint","urlTemplate":"https:\/\/www.oarcanjo.net\/site\/?s={search_term_string}"},"query-input":{"@type":"PropertyValueSpecification","valueRequired":true,"valueName":"search_term_string"}}],"inLanguage":"pt-BR"},{"@type":"Organization","@id":"https:\/\/www.oarcanjo.net\/site\/#organization","name":"Par\u00f3quia S\u00e3o Miguel Arcanjo","url":"https:\/\/www.oarcanjo.net\/site\/","logo":{"@type":"ImageObject","inLanguage":"pt-BR","@id":"https:\/\/www.oarcanjo.net\/site\/#\/schema\/logo\/image\/","url":"https:\/\/www.oarcanjo.net\/site\/wp-content\/uploads\/LogoOArcanjo.png","contentUrl":"https:\/\/www.oarcanjo.net\/site\/wp-content\/uploads\/LogoOArcanjo.png","width":319,"height":99,"caption":"Par\u00f3quia S\u00e3o Miguel Arcanjo"},"image":{"@id":"https:\/\/www.oarcanjo.net\/site\/#\/schema\/logo\/image\/"},"sameAs":["https:\/\/www.facebook.com\/OArcanjoNoAr\/"]},{"@type":"Person","@id":"https:\/\/www.oarcanjo.net\/site\/#\/schema\/person\/5eb9480bedd2f3c97e430ce128c29c6c","name":"danilo"}]}},"publishpress_future_action":{"enabled":false,"date":"2026-05-08 17:54:13","action":"category","newStatus":"draft","terms":[],"taxonomy":"category"},"publishpress_future_workflow_manual_trigger":{"enabledWorkflows":[]},"_links":{"self":[{"href":"https:\/\/www.oarcanjo.net\/site\/wp-json\/wp\/v2\/posts\/6483"}],"collection":[{"href":"https:\/\/www.oarcanjo.net\/site\/wp-json\/wp\/v2\/posts"}],"about":[{"href":"https:\/\/www.oarcanjo.net\/site\/wp-json\/wp\/v2\/types\/post"}],"author":[{"embeddable":true,"href":"https:\/\/www.oarcanjo.net\/site\/wp-json\/wp\/v2\/users\/14"}],"replies":[{"embeddable":true,"href":"https:\/\/www.oarcanjo.net\/site\/wp-json\/wp\/v2\/comments?post=6483"}],"version-history":[{"count":0,"href":"https:\/\/www.oarcanjo.net\/site\/wp-json\/wp\/v2\/posts\/6483\/revisions"}],"wp:attachment":[{"href":"https:\/\/www.oarcanjo.net\/site\/wp-json\/wp\/v2\/media?parent=6483"}],"wp:term":[{"taxonomy":"category","embeddable":true,"href":"https:\/\/www.oarcanjo.net\/site\/wp-json\/wp\/v2\/categories?post=6483"},{"taxonomy":"post_tag","embeddable":true,"href":"https:\/\/www.oarcanjo.net\/site\/wp-json\/wp\/v2\/tags?post=6483"}],"curies":[{"name":"wp","href":"https:\/\/api.w.org\/{rel}","templated":true}]}}