
{"id":64990,"date":"2015-08-24T16:38:27","date_gmt":"2015-08-24T19:38:27","guid":{"rendered":"http:\/\/www.oarcanjo.net\/site\/?p=64990"},"modified":"2015-09-12T00:06:16","modified_gmt":"2015-09-12T03:06:16","slug":"lancado-o-hino-em-portugues-da-jmj-2016-cracovia","status":"publish","type":"post","link":"https:\/\/www.oarcanjo.net\/site\/lancado-o-hino-em-portugues-da-jmj-2016-cracovia\/","title":{"rendered":"Lan\u00e7ado o hino em portugu\u00eas da JMJ 2016 Crac\u00f3via"},"content":{"rendered":"<p><img loading=\"lazy\" decoding=\"async\" class=\"alignnone size-full wp-image-64991\" src=\"http:\/\/www.oarcanjo.net\/site\/wp-content\/uploads\/logo-jmj-2016.jpg\" alt=\"JMJ 2016 Crac\u00f3via\" width=\"234\" height=\"250\" \/><\/p>\n<p>A Confer\u00eancia Nacional dos Bispos do Brasil lan\u00e7ou em Aparecida, na \u00faltima sexta-feira (21) durante o Encontro Nacional dos Respons\u00e1veis Adultos pela Evangeliza\u00e7\u00e3o da Juventude, a letra cifrada e a teologia do hino da JMJ em portugu\u00eas. A tradu\u00e7\u00e3o e adapta\u00e7\u00e3o do polaco para o portugu\u00eas esteve a cargo dos Padres Zezinho e Jo\u00e3ozinho e do jovem Jonas Rodrigues, da Diocese de Mogi das Cruzes (SP), ap\u00f3s aprova\u00e7\u00e3o da CNBB para esta elabora\u00e7\u00e3o da vers\u00e3o em l\u00edngua portuguesa.<\/p>\n<p>O hino foi gravado no \u00faltimo dia 30 de julho, nos est\u00fadios da Gravadora Paulinas\/Comep, em S\u00e3o Paulo (SP), reunindo diversos nomes da m\u00fasica cat\u00f3lica. Padre Jo\u00e3ozinho foi o respons\u00e1vel pela produ\u00e7\u00e3o art\u00edstica e musical e Jonas, que tamb\u00e9m \u00e9 cantor e actua na Par\u00f3quia Nossa Senhora do Carmo de Mogi das Cruzes, tamb\u00e9m participou cantando a vers\u00e3o oficial.<\/p>\n<p>Padre Jo\u00e3ozinho falou com os Jovens Conectados sobre esta vers\u00e3o em portugu\u00eas:<\/p>\n<p>\u201cTodo este hino tem uma palavra central que \u00e9 \u201cmiseric\u00f3rdia\u201d. O Papa Francisco escolheu como tema\/lema da Jornada Mundial da Juventude, aquela Bem-aventuran\u00e7a: \u201cBem aventurados os pobres porque eles alcan\u00e7ar\u00e3o miseric\u00f3rdia\u201d. Esta foi um pouco a nossa teologia que esteve por tr\u00e1s da vers\u00e3o. Vers\u00e3o n\u00e3o \u00e9 simplesmente uma tradu\u00e7\u00e3o, mas ela \u00e9 absolutamente fiel ao original polac mas claro, que tem o nosso toque quando a gente fala de \u201ccom o seu sangue libertador, livra do mal e da dor\u201d, a compaix\u00e3o aqui na Am\u00e9rica Latina j\u00e1 foi traduzida em termos de liberta\u00e7\u00e3o, solidariedade, h\u00e1 uma teologia da solidariedade. Parece que esta palavra que foi marcante na vida e magist\u00e9rio de Jo\u00e3o Paulo II, solidariedade, agora renasce no magist\u00e9rio de Francisco com o nome de miseric\u00f3rdia e Jesus \u00e9 o rosto da miseric\u00f3rdia\u201d<\/p>\n<p>O Padre Zezinho, por sua vez, falou sobre a import\u00e2ncia da miseric\u00f3rdia na evangeliza\u00e7\u00e3o da juventude:<\/p>\n<p>\u201cOntem \u00e0 tarde eu conversava com o bispo de S\u00e3o Jos\u00e9 dos Campos e com o Cardeal Dom Jo\u00e3o Braz Aviz e fal\u00e1vamos do empenho do Santo Padre com os cardeais e com todos em Roma de acentuar a compaix\u00e3o. E interessante como em Roma t\u00e1 todo mundo insistindo na teologia da compaix\u00e3o. Eu gostei muito do que ouvi de Dom Jo\u00e3o e tamb\u00e9m do que o Papa tem pedido dos cardeais, dos outros, de acentuar a catequese da miseric\u00f3rdia, da compaix\u00e3o. E a can\u00e7\u00e3o acho que vai ajudar muito, porque num mundo violento como ele est\u00e1, onde as pessoas s\u00e3o cortadas, queimadas e decapitadas, \u00e9 muito interessante a gente pensar sobre isto, sobretudo n\u00f3s crist\u00e3os, porque a barb\u00e1rie tomou conta do mundo e n\u00f3s temos uma mensagem de compaix\u00e3o. Vamos ter muitos m\u00e1rtires por causa disto, mas, vai ser semente de novos crist\u00e3os. Exactamente l\u00e1 onde est\u00e3o martirizando os crist\u00e3os e cortando-os em peda\u00e7os, \u00e9 l\u00e1 que o cristianismo vai renascer por causa da miseric\u00f3rdia\u201d.<\/p>\n<p>Padre Jo\u00e3ozinho explica que diferentes arranjos do hino podem ser feitos, de acordo com os ritmos pr\u00f3prios de cada regi\u00e3o do pa\u00eds, contanto que n\u00e3o saia da ess\u00eancia. \u201cInculture esse hino, mas sem sair dessa quest\u00e3o da compaix\u00e3o\u201d, recomenda.<\/p>\n<p>Oi\u00e7a aqui o hino JMJ 2016 Crac\u00f3via, em portugu\u00eas:<\/p>\n<p><audio id=\"audioItem_4757779\" class=\"video-js vjs-default-skin vjs-big-play-button-centered\" preload=\"none\" controls=\"controls\"><source src=\"http:\/\/media02.radiovaticana.va\/audio\/audio2\/mp3\/00491417.mp3\" type=\"audio\/mp3\" \/><\/audio><\/p>\n<div id=\"themify_builder_content-64990\" data-postid=\"64990\" class=\"themify_builder_content themify_builder_content-64990 themify_builder themify_builder_front\">\n\t<\/div>\n<!-- \/themify_builder_content -->","protected":false},"excerpt":{"rendered":"<p>A Confer\u00eancia Nacional dos Bispos do Brasil lan\u00e7ou, em Aparecida, a vers\u00e3o em portugu\u00eas do hino da JMJ 2016 Crac\u00f3via<\/p>\n","protected":false},"author":3,"featured_media":64992,"comment_status":"open","ping_status":"open","sticky":false,"template":"","format":"standard","meta":{"ngg_post_thumbnail":0,"footnotes":""},"categories":[395,8],"tags":[214,3194],"yoast_head":"<!-- This site is optimized with the Yoast SEO plugin v23.5 - https:\/\/yoast.com\/wordpress\/plugins\/seo\/ -->\n<title>Lan\u00e7ado o hino em portugu\u00eas da JMJ 2016 Crac\u00f3via - O Arcanjo no ar<\/title>\n<meta name=\"robots\" content=\"index, follow, max-snippet:-1, max-image-preview:large, max-video-preview:-1\" \/>\n<link rel=\"canonical\" href=\"https:\/\/www.oarcanjo.net\/site\/lancado-o-hino-em-portugues-da-jmj-2016-cracovia\/\" \/>\n<meta property=\"og:locale\" content=\"pt_BR\" \/>\n<meta property=\"og:type\" content=\"article\" \/>\n<meta property=\"og:title\" content=\"Lan\u00e7ado o hino em portugu\u00eas da JMJ 2016 Crac\u00f3via - O Arcanjo no ar\" \/>\n<meta property=\"og:description\" content=\"A Confer\u00eancia Nacional dos Bispos do Brasil lan\u00e7ou, em Aparecida, a vers\u00e3o em portugu\u00eas do hino da JMJ 2016 Crac\u00f3via\" \/>\n<meta property=\"og:url\" content=\"https:\/\/www.oarcanjo.net\/site\/lancado-o-hino-em-portugues-da-jmj-2016-cracovia\/\" \/>\n<meta property=\"og:site_name\" content=\"O Arcanjo no ar\" \/>\n<meta property=\"article:publisher\" content=\"https:\/\/www.facebook.com\/OArcanjoNoAr\/\" \/>\n<meta property=\"article:published_time\" content=\"2015-08-24T19:38:27+00:00\" \/>\n<meta property=\"article:modified_time\" content=\"2015-09-12T03:06:16+00:00\" \/>\n<meta property=\"og:image\" content=\"https:\/\/www.oarcanjo.net\/site\/wp-content\/uploads\/banner-hino-jmj-2016-portugues-ago-2015.jpg\" \/>\n\t<meta property=\"og:image:width\" content=\"700\" \/>\n\t<meta property=\"og:image:height\" content=\"320\" \/>\n\t<meta property=\"og:image:type\" content=\"image\/jpeg\" \/>\n<meta name=\"author\" content=\"miriam.meyer\" \/>\n<meta name=\"twitter:card\" content=\"summary_large_image\" \/>\n<meta name=\"twitter:label1\" content=\"Escrito por\" \/>\n\t<meta name=\"twitter:data1\" content=\"miriam.meyer\" \/>\n\t<meta name=\"twitter:label2\" content=\"Est. tempo de leitura\" \/>\n\t<meta name=\"twitter:data2\" content=\"3 minutos\" \/>\n<script type=\"application\/ld+json\" class=\"yoast-schema-graph\">{\"@context\":\"https:\/\/schema.org\",\"@graph\":[{\"@type\":\"Article\",\"@id\":\"https:\/\/www.oarcanjo.net\/site\/lancado-o-hino-em-portugues-da-jmj-2016-cracovia\/#article\",\"isPartOf\":{\"@id\":\"https:\/\/www.oarcanjo.net\/site\/lancado-o-hino-em-portugues-da-jmj-2016-cracovia\/\"},\"author\":{\"name\":\"miriam.meyer\",\"@id\":\"https:\/\/www.oarcanjo.net\/site\/#\/schema\/person\/ce0fba3450314a09c6442cfee983a3d8\"},\"headline\":\"Lan\u00e7ado o hino em portugu\u00eas da JMJ 2016 Crac\u00f3via\",\"datePublished\":\"2015-08-24T19:38:27+00:00\",\"dateModified\":\"2015-09-12T03:06:16+00:00\",\"mainEntityOfPage\":{\"@id\":\"https:\/\/www.oarcanjo.net\/site\/lancado-o-hino-em-portugues-da-jmj-2016-cracovia\/\"},\"wordCount\":598,\"commentCount\":0,\"publisher\":{\"@id\":\"https:\/\/www.oarcanjo.net\/site\/#organization\"},\"image\":{\"@id\":\"https:\/\/www.oarcanjo.net\/site\/lancado-o-hino-em-portugues-da-jmj-2016-cracovia\/#primaryimage\"},\"thumbnailUrl\":\"https:\/\/www.oarcanjo.net\/site\/wp-content\/uploads\/banner-hino-jmj-2016-portugues-ago-2015.jpg\",\"keywords\":[\"hino\",\"JMJ 2016 Crac\u00f3via\"],\"articleSection\":[\"Jovens\",\"Not\u00edcias\"],\"inLanguage\":\"pt-BR\",\"potentialAction\":[{\"@type\":\"CommentAction\",\"name\":\"Comment\",\"target\":[\"https:\/\/www.oarcanjo.net\/site\/lancado-o-hino-em-portugues-da-jmj-2016-cracovia\/#respond\"]}]},{\"@type\":\"WebPage\",\"@id\":\"https:\/\/www.oarcanjo.net\/site\/lancado-o-hino-em-portugues-da-jmj-2016-cracovia\/\",\"url\":\"https:\/\/www.oarcanjo.net\/site\/lancado-o-hino-em-portugues-da-jmj-2016-cracovia\/\",\"name\":\"Lan\u00e7ado o hino em portugu\u00eas da JMJ 2016 Crac\u00f3via - O Arcanjo no ar\",\"isPartOf\":{\"@id\":\"https:\/\/www.oarcanjo.net\/site\/#website\"},\"primaryImageOfPage\":{\"@id\":\"https:\/\/www.oarcanjo.net\/site\/lancado-o-hino-em-portugues-da-jmj-2016-cracovia\/#primaryimage\"},\"image\":{\"@id\":\"https:\/\/www.oarcanjo.net\/site\/lancado-o-hino-em-portugues-da-jmj-2016-cracovia\/#primaryimage\"},\"thumbnailUrl\":\"https:\/\/www.oarcanjo.net\/site\/wp-content\/uploads\/banner-hino-jmj-2016-portugues-ago-2015.jpg\",\"datePublished\":\"2015-08-24T19:38:27+00:00\",\"dateModified\":\"2015-09-12T03:06:16+00:00\",\"breadcrumb\":{\"@id\":\"https:\/\/www.oarcanjo.net\/site\/lancado-o-hino-em-portugues-da-jmj-2016-cracovia\/#breadcrumb\"},\"inLanguage\":\"pt-BR\",\"potentialAction\":[{\"@type\":\"ReadAction\",\"target\":[\"https:\/\/www.oarcanjo.net\/site\/lancado-o-hino-em-portugues-da-jmj-2016-cracovia\/\"]}]},{\"@type\":\"ImageObject\",\"inLanguage\":\"pt-BR\",\"@id\":\"https:\/\/www.oarcanjo.net\/site\/lancado-o-hino-em-portugues-da-jmj-2016-cracovia\/#primaryimage\",\"url\":\"https:\/\/www.oarcanjo.net\/site\/wp-content\/uploads\/banner-hino-jmj-2016-portugues-ago-2015.jpg\",\"contentUrl\":\"https:\/\/www.oarcanjo.net\/site\/wp-content\/uploads\/banner-hino-jmj-2016-portugues-ago-2015.jpg\",\"width\":700,\"height\":320},{\"@type\":\"BreadcrumbList\",\"@id\":\"https:\/\/www.oarcanjo.net\/site\/lancado-o-hino-em-portugues-da-jmj-2016-cracovia\/#breadcrumb\",\"itemListElement\":[{\"@type\":\"ListItem\",\"position\":1,\"name\":\"In\u00edcio\",\"item\":\"https:\/\/www.oarcanjo.net\/site\/\"},{\"@type\":\"ListItem\",\"position\":2,\"name\":\"Lan\u00e7ado o hino em portugu\u00eas da JMJ 2016 Crac\u00f3via\"}]},{\"@type\":\"WebSite\",\"@id\":\"https:\/\/www.oarcanjo.net\/site\/#website\",\"url\":\"https:\/\/www.oarcanjo.net\/site\/\",\"name\":\"O Arcanjo no ar\",\"description\":\"Site da Par\u00f3quia S\u00e3o Miguel Arcanjo (Arquidiocese de SP)\",\"publisher\":{\"@id\":\"https:\/\/www.oarcanjo.net\/site\/#organization\"},\"potentialAction\":[{\"@type\":\"SearchAction\",\"target\":{\"@type\":\"EntryPoint\",\"urlTemplate\":\"https:\/\/www.oarcanjo.net\/site\/?s={search_term_string}\"},\"query-input\":{\"@type\":\"PropertyValueSpecification\",\"valueRequired\":true,\"valueName\":\"search_term_string\"}}],\"inLanguage\":\"pt-BR\"},{\"@type\":\"Organization\",\"@id\":\"https:\/\/www.oarcanjo.net\/site\/#organization\",\"name\":\"Par\u00f3quia S\u00e3o Miguel Arcanjo\",\"url\":\"https:\/\/www.oarcanjo.net\/site\/\",\"logo\":{\"@type\":\"ImageObject\",\"inLanguage\":\"pt-BR\",\"@id\":\"https:\/\/www.oarcanjo.net\/site\/#\/schema\/logo\/image\/\",\"url\":\"https:\/\/www.oarcanjo.net\/site\/wp-content\/uploads\/LogoOArcanjo.png\",\"contentUrl\":\"https:\/\/www.oarcanjo.net\/site\/wp-content\/uploads\/LogoOArcanjo.png\",\"width\":319,\"height\":99,\"caption\":\"Par\u00f3quia S\u00e3o Miguel Arcanjo\"},\"image\":{\"@id\":\"https:\/\/www.oarcanjo.net\/site\/#\/schema\/logo\/image\/\"},\"sameAs\":[\"https:\/\/www.facebook.com\/OArcanjoNoAr\/\"]},{\"@type\":\"Person\",\"@id\":\"https:\/\/www.oarcanjo.net\/site\/#\/schema\/person\/ce0fba3450314a09c6442cfee983a3d8\",\"name\":\"miriam.meyer\"}]}<\/script>\n<!-- \/ Yoast SEO plugin. -->","yoast_head_json":{"title":"Lan\u00e7ado o hino em portugu\u00eas da JMJ 2016 Crac\u00f3via - O Arcanjo no ar","robots":{"index":"index","follow":"follow","max-snippet":"max-snippet:-1","max-image-preview":"max-image-preview:large","max-video-preview":"max-video-preview:-1"},"canonical":"https:\/\/www.oarcanjo.net\/site\/lancado-o-hino-em-portugues-da-jmj-2016-cracovia\/","og_locale":"pt_BR","og_type":"article","og_title":"Lan\u00e7ado o hino em portugu\u00eas da JMJ 2016 Crac\u00f3via - O Arcanjo no ar","og_description":"A Confer\u00eancia Nacional dos Bispos do Brasil lan\u00e7ou, em Aparecida, a vers\u00e3o em portugu\u00eas do hino da JMJ 2016 Crac\u00f3via","og_url":"https:\/\/www.oarcanjo.net\/site\/lancado-o-hino-em-portugues-da-jmj-2016-cracovia\/","og_site_name":"O Arcanjo no ar","article_publisher":"https:\/\/www.facebook.com\/OArcanjoNoAr\/","article_published_time":"2015-08-24T19:38:27+00:00","article_modified_time":"2015-09-12T03:06:16+00:00","og_image":[{"width":700,"height":320,"url":"https:\/\/www.oarcanjo.net\/site\/wp-content\/uploads\/banner-hino-jmj-2016-portugues-ago-2015.jpg","type":"image\/jpeg"}],"author":"miriam.meyer","twitter_card":"summary_large_image","twitter_misc":{"Escrito por":"miriam.meyer","Est. tempo de leitura":"3 minutos"},"schema":{"@context":"https:\/\/schema.org","@graph":[{"@type":"Article","@id":"https:\/\/www.oarcanjo.net\/site\/lancado-o-hino-em-portugues-da-jmj-2016-cracovia\/#article","isPartOf":{"@id":"https:\/\/www.oarcanjo.net\/site\/lancado-o-hino-em-portugues-da-jmj-2016-cracovia\/"},"author":{"name":"miriam.meyer","@id":"https:\/\/www.oarcanjo.net\/site\/#\/schema\/person\/ce0fba3450314a09c6442cfee983a3d8"},"headline":"Lan\u00e7ado o hino em portugu\u00eas da JMJ 2016 Crac\u00f3via","datePublished":"2015-08-24T19:38:27+00:00","dateModified":"2015-09-12T03:06:16+00:00","mainEntityOfPage":{"@id":"https:\/\/www.oarcanjo.net\/site\/lancado-o-hino-em-portugues-da-jmj-2016-cracovia\/"},"wordCount":598,"commentCount":0,"publisher":{"@id":"https:\/\/www.oarcanjo.net\/site\/#organization"},"image":{"@id":"https:\/\/www.oarcanjo.net\/site\/lancado-o-hino-em-portugues-da-jmj-2016-cracovia\/#primaryimage"},"thumbnailUrl":"https:\/\/www.oarcanjo.net\/site\/wp-content\/uploads\/banner-hino-jmj-2016-portugues-ago-2015.jpg","keywords":["hino","JMJ 2016 Crac\u00f3via"],"articleSection":["Jovens","Not\u00edcias"],"inLanguage":"pt-BR","potentialAction":[{"@type":"CommentAction","name":"Comment","target":["https:\/\/www.oarcanjo.net\/site\/lancado-o-hino-em-portugues-da-jmj-2016-cracovia\/#respond"]}]},{"@type":"WebPage","@id":"https:\/\/www.oarcanjo.net\/site\/lancado-o-hino-em-portugues-da-jmj-2016-cracovia\/","url":"https:\/\/www.oarcanjo.net\/site\/lancado-o-hino-em-portugues-da-jmj-2016-cracovia\/","name":"Lan\u00e7ado o hino em portugu\u00eas da JMJ 2016 Crac\u00f3via - O Arcanjo no ar","isPartOf":{"@id":"https:\/\/www.oarcanjo.net\/site\/#website"},"primaryImageOfPage":{"@id":"https:\/\/www.oarcanjo.net\/site\/lancado-o-hino-em-portugues-da-jmj-2016-cracovia\/#primaryimage"},"image":{"@id":"https:\/\/www.oarcanjo.net\/site\/lancado-o-hino-em-portugues-da-jmj-2016-cracovia\/#primaryimage"},"thumbnailUrl":"https:\/\/www.oarcanjo.net\/site\/wp-content\/uploads\/banner-hino-jmj-2016-portugues-ago-2015.jpg","datePublished":"2015-08-24T19:38:27+00:00","dateModified":"2015-09-12T03:06:16+00:00","breadcrumb":{"@id":"https:\/\/www.oarcanjo.net\/site\/lancado-o-hino-em-portugues-da-jmj-2016-cracovia\/#breadcrumb"},"inLanguage":"pt-BR","potentialAction":[{"@type":"ReadAction","target":["https:\/\/www.oarcanjo.net\/site\/lancado-o-hino-em-portugues-da-jmj-2016-cracovia\/"]}]},{"@type":"ImageObject","inLanguage":"pt-BR","@id":"https:\/\/www.oarcanjo.net\/site\/lancado-o-hino-em-portugues-da-jmj-2016-cracovia\/#primaryimage","url":"https:\/\/www.oarcanjo.net\/site\/wp-content\/uploads\/banner-hino-jmj-2016-portugues-ago-2015.jpg","contentUrl":"https:\/\/www.oarcanjo.net\/site\/wp-content\/uploads\/banner-hino-jmj-2016-portugues-ago-2015.jpg","width":700,"height":320},{"@type":"BreadcrumbList","@id":"https:\/\/www.oarcanjo.net\/site\/lancado-o-hino-em-portugues-da-jmj-2016-cracovia\/#breadcrumb","itemListElement":[{"@type":"ListItem","position":1,"name":"In\u00edcio","item":"https:\/\/www.oarcanjo.net\/site\/"},{"@type":"ListItem","position":2,"name":"Lan\u00e7ado o hino em portugu\u00eas da JMJ 2016 Crac\u00f3via"}]},{"@type":"WebSite","@id":"https:\/\/www.oarcanjo.net\/site\/#website","url":"https:\/\/www.oarcanjo.net\/site\/","name":"O Arcanjo no ar","description":"Site da Par\u00f3quia S\u00e3o Miguel Arcanjo (Arquidiocese de SP)","publisher":{"@id":"https:\/\/www.oarcanjo.net\/site\/#organization"},"potentialAction":[{"@type":"SearchAction","target":{"@type":"EntryPoint","urlTemplate":"https:\/\/www.oarcanjo.net\/site\/?s={search_term_string}"},"query-input":{"@type":"PropertyValueSpecification","valueRequired":true,"valueName":"search_term_string"}}],"inLanguage":"pt-BR"},{"@type":"Organization","@id":"https:\/\/www.oarcanjo.net\/site\/#organization","name":"Par\u00f3quia S\u00e3o Miguel Arcanjo","url":"https:\/\/www.oarcanjo.net\/site\/","logo":{"@type":"ImageObject","inLanguage":"pt-BR","@id":"https:\/\/www.oarcanjo.net\/site\/#\/schema\/logo\/image\/","url":"https:\/\/www.oarcanjo.net\/site\/wp-content\/uploads\/LogoOArcanjo.png","contentUrl":"https:\/\/www.oarcanjo.net\/site\/wp-content\/uploads\/LogoOArcanjo.png","width":319,"height":99,"caption":"Par\u00f3quia S\u00e3o Miguel Arcanjo"},"image":{"@id":"https:\/\/www.oarcanjo.net\/site\/#\/schema\/logo\/image\/"},"sameAs":["https:\/\/www.facebook.com\/OArcanjoNoAr\/"]},{"@type":"Person","@id":"https:\/\/www.oarcanjo.net\/site\/#\/schema\/person\/ce0fba3450314a09c6442cfee983a3d8","name":"miriam.meyer"}]}},"publishpress_future_action":{"enabled":false,"date":"2026-05-06 14:26:19","action":"category","newStatus":"draft","terms":[],"taxonomy":"category"},"publishpress_future_workflow_manual_trigger":{"enabledWorkflows":[]},"_links":{"self":[{"href":"https:\/\/www.oarcanjo.net\/site\/wp-json\/wp\/v2\/posts\/64990"}],"collection":[{"href":"https:\/\/www.oarcanjo.net\/site\/wp-json\/wp\/v2\/posts"}],"about":[{"href":"https:\/\/www.oarcanjo.net\/site\/wp-json\/wp\/v2\/types\/post"}],"author":[{"embeddable":true,"href":"https:\/\/www.oarcanjo.net\/site\/wp-json\/wp\/v2\/users\/3"}],"replies":[{"embeddable":true,"href":"https:\/\/www.oarcanjo.net\/site\/wp-json\/wp\/v2\/comments?post=64990"}],"version-history":[{"count":0,"href":"https:\/\/www.oarcanjo.net\/site\/wp-json\/wp\/v2\/posts\/64990\/revisions"}],"wp:featuredmedia":[{"embeddable":true,"href":"https:\/\/www.oarcanjo.net\/site\/wp-json\/wp\/v2\/media\/64992"}],"wp:attachment":[{"href":"https:\/\/www.oarcanjo.net\/site\/wp-json\/wp\/v2\/media?parent=64990"}],"wp:term":[{"taxonomy":"category","embeddable":true,"href":"https:\/\/www.oarcanjo.net\/site\/wp-json\/wp\/v2\/categories?post=64990"},{"taxonomy":"post_tag","embeddable":true,"href":"https:\/\/www.oarcanjo.net\/site\/wp-json\/wp\/v2\/tags?post=64990"}],"curies":[{"name":"wp","href":"https:\/\/api.w.org\/{rel}","templated":true}]}}