
{"id":65046,"date":"2015-09-11T23:53:25","date_gmt":"2015-09-12T02:53:25","guid":{"rendered":"http:\/\/www.oarcanjo.net\/site\/?p=65046"},"modified":"2015-09-11T23:59:54","modified_gmt":"2015-09-12T02:59:54","slug":"dizeres-do-coracao","status":"publish","type":"post","link":"https:\/\/www.oarcanjo.net\/site\/dizeres-do-coracao\/","title":{"rendered":"Dizeres do cora\u00e7\u00e3o"},"content":{"rendered":"<p>A gente se apega n\u00e3o tem jeito. Acredito que todo mundo em algum momento conhece o amor. De alguma forma, e aqui existe em grande variedade.<\/p>\n<p>Pode ser por aquele cachorro que um dia voc\u00ea teve quando pequeno ou ent\u00e3o ao primeiro olhar da m\u00e3e ao seu filho. \u00c9, \u00e0s vezes, no abra\u00e7o apertado do pai sem motivo. Ou naquela tarde que sua av\u00f3 te deu colo ou quando seu av\u00f4 segurou sua m\u00e3o quando o medo fez moradia. Ainda existe aquela vez que seu amigo fez um sorriso brotar em seu rosto.<\/p>\n<p>O amor \u00e9 de todas as cores, sabores, jeitos poss\u00edveis. E aqui o imposs\u00edvel tamb\u00e9m acontece. Incr\u00edvel, n\u00e3o \u00e9 mesmo?<\/p>\n<p>Entretanto, para quem ama, tem que saber que \u00e0s vezes voc\u00ea sentir\u00e1 uma dor que n\u00e3o ter\u00e1 rem\u00e9dio neste mundo pra faz\u00ea-la passar. \u00c9 a dor do amor. S\u00f3 quem ama sente. Ent\u00e3o l\u00e1grimas v\u00e3o cair e voc\u00ea s\u00f3 vai querer que tudo passe. E vai mesmo, afinal tudo passa. Nenhuma felicidade ou tristeza \u00e9 para sempre. N\u00f3s n\u00e3o somos eternos, n\u00e3o \u00e9 mesmo? Ent\u00e3o, a vida \u00e9 justa. E nestes tempos posso dizer que sinto essa dor, falta de algo que j\u00e1 n\u00e3o posso ter, s\u00f3 em minhas melhores lembran\u00e7as. E acho que pra muitas pessoas da comunidade tamb\u00e9m \u00e9 assim. F\u00ea <em>(Fel\u00edcia)<\/em>, h\u00e1 algum tempo foi-lhe dada uma batalha que eu sei que n\u00e3o deve estar sendo f\u00e1cil de ser vencida. Mas Deus nunca nos d\u00e1 batalhas que n\u00e3o conseguimos vencer. Jamais.<\/p>\n<p>Sinto muito sua falta. N\u00e3o tem um folheto que entrego l\u00e1 na par\u00f3quia que n\u00e3o lembro de voc\u00ea ou um doce que entrego para as crian\u00e7as. Saiba que vou continuar a fazer isso, n\u00e3o importa o que aconte\u00e7a. Por voc\u00ea. \u00c0s vezes l\u00e1grimas escapam porque n\u00e3o tenho voc\u00ea l\u00e1 do meu lado pra me dar um abra\u00e7o, ent\u00e3o o vento sopra e as seca. Como se Deus pegasse cada uma delas e dissesse &#8220;Filha, o que \u00e9 isso? Voc\u00ea \u00e9\u00a0forte! Cabe\u00e7a erguida! At\u00e9 porque a pessoa por quem voc\u00ea chora n\u00e3o ia querer\u00a0v\u00ea-la assim. Ela quer voc\u00ea feliz. Sempre quis&#8221;. De fato, eu sei disso. Podia sentir isso e ainda sinto. Voc\u00ea queria minha felicidade. Voc\u00ea \u00e9 como uma av\u00f3 para mim. \u00c9 de cora\u00e7\u00e3o, mas quem disse que n\u00e3o pode?<\/p>\n<p>Voc\u00ea sempre est\u00e1 em minhas ora\u00e7\u00f5es e isso se perpetuar\u00e1. Que Deus lhe d\u00ea sa\u00fade e o seu melhor. N\u00e3o o meu melhor, mas o seu, porque \u00e9 isso que importa. E me deixar\u00e1 feliz.<\/p>\n<p>Este texto \u00e9 como uma prece que fa\u00e7o com toda for\u00e7a poss\u00edvel pra sua melhora. Nunca disse, mas eu amo voc\u00ea. Estou contigo at\u00e9 o fim. No passado, presente e futuro. For\u00e7a, minha querida! Voc\u00ea tamb\u00e9m \u00e9 forte. Eu sei disso! Todos somos, s\u00f3 basta a gente buscar em nosso pr\u00f3prio interior. A for\u00e7a que precisamos vai estar sempre l\u00e1, pronta s\u00f3 pra colocarmos em uso em cada dia de nossa exist\u00eancia.<\/p>\n<p><em>Mariana Nascimento Rizzuto<\/em><\/p>\n<div id=\"themify_builder_content-65046\" data-postid=\"65046\" class=\"themify_builder_content themify_builder_content-65046 themify_builder themify_builder_front\">\n\t<\/div>\n<!-- \/themify_builder_content -->","protected":false},"excerpt":{"rendered":"<p>Prece pela Fel\u00edcia<\/p>\n","protected":false},"author":3,"featured_media":0,"comment_status":"open","ping_status":"open","sticky":false,"template":"","format":"standard","meta":{"ngg_post_thumbnail":0,"footnotes":""},"categories":[395,7],"tags":[],"yoast_head":"<!-- This site is optimized with the Yoast SEO plugin v23.5 - https:\/\/yoast.com\/wordpress\/plugins\/seo\/ -->\n<title>Dizeres do cora\u00e7\u00e3o - O Arcanjo no ar<\/title>\n<meta name=\"robots\" content=\"index, follow, max-snippet:-1, max-image-preview:large, max-video-preview:-1\" \/>\n<link rel=\"canonical\" href=\"https:\/\/www.oarcanjo.net\/site\/dizeres-do-coracao\/\" \/>\n<meta property=\"og:locale\" content=\"pt_BR\" \/>\n<meta property=\"og:type\" content=\"article\" \/>\n<meta property=\"og:title\" content=\"Dizeres do cora\u00e7\u00e3o - O Arcanjo no ar\" \/>\n<meta property=\"og:description\" content=\"Prece pela Fel\u00edcia\" \/>\n<meta property=\"og:url\" content=\"https:\/\/www.oarcanjo.net\/site\/dizeres-do-coracao\/\" \/>\n<meta property=\"og:site_name\" content=\"O Arcanjo no ar\" \/>\n<meta property=\"article:publisher\" content=\"https:\/\/www.facebook.com\/OArcanjoNoAr\/\" \/>\n<meta property=\"article:published_time\" content=\"2015-09-12T02:53:25+00:00\" \/>\n<meta property=\"article:modified_time\" content=\"2015-09-12T02:59:54+00:00\" \/>\n<meta property=\"og:image\" content=\"https:\/\/www.oarcanjo.net\/site\/wp-content\/uploads\/logo-o-arcanjo-no-ar-facebook.png\" \/>\n\t<meta property=\"og:image:width\" content=\"300\" \/>\n\t<meta property=\"og:image:height\" content=\"300\" \/>\n\t<meta property=\"og:image:type\" content=\"image\/png\" \/>\n<meta name=\"author\" content=\"miriam.meyer\" \/>\n<meta name=\"twitter:card\" content=\"summary_large_image\" \/>\n<meta name=\"twitter:label1\" content=\"Escrito por\" \/>\n\t<meta name=\"twitter:data1\" content=\"miriam.meyer\" \/>\n\t<meta name=\"twitter:label2\" content=\"Est. tempo de leitura\" \/>\n\t<meta name=\"twitter:data2\" content=\"3 minutos\" \/>\n<script type=\"application\/ld+json\" class=\"yoast-schema-graph\">{\"@context\":\"https:\/\/schema.org\",\"@graph\":[{\"@type\":\"Article\",\"@id\":\"https:\/\/www.oarcanjo.net\/site\/dizeres-do-coracao\/#article\",\"isPartOf\":{\"@id\":\"https:\/\/www.oarcanjo.net\/site\/dizeres-do-coracao\/\"},\"author\":{\"name\":\"miriam.meyer\",\"@id\":\"https:\/\/www.oarcanjo.net\/site\/#\/schema\/person\/ce0fba3450314a09c6442cfee983a3d8\"},\"headline\":\"Dizeres do cora\u00e7\u00e3o\",\"datePublished\":\"2015-09-12T02:53:25+00:00\",\"dateModified\":\"2015-09-12T02:59:54+00:00\",\"mainEntityOfPage\":{\"@id\":\"https:\/\/www.oarcanjo.net\/site\/dizeres-do-coracao\/\"},\"wordCount\":532,\"commentCount\":2,\"publisher\":{\"@id\":\"https:\/\/www.oarcanjo.net\/site\/#organization\"},\"articleSection\":[\"Jovens\",\"Rosto da comunidade\"],\"inLanguage\":\"pt-BR\",\"potentialAction\":[{\"@type\":\"CommentAction\",\"name\":\"Comment\",\"target\":[\"https:\/\/www.oarcanjo.net\/site\/dizeres-do-coracao\/#respond\"]}]},{\"@type\":\"WebPage\",\"@id\":\"https:\/\/www.oarcanjo.net\/site\/dizeres-do-coracao\/\",\"url\":\"https:\/\/www.oarcanjo.net\/site\/dizeres-do-coracao\/\",\"name\":\"Dizeres do cora\u00e7\u00e3o - O Arcanjo no ar\",\"isPartOf\":{\"@id\":\"https:\/\/www.oarcanjo.net\/site\/#website\"},\"datePublished\":\"2015-09-12T02:53:25+00:00\",\"dateModified\":\"2015-09-12T02:59:54+00:00\",\"breadcrumb\":{\"@id\":\"https:\/\/www.oarcanjo.net\/site\/dizeres-do-coracao\/#breadcrumb\"},\"inLanguage\":\"pt-BR\",\"potentialAction\":[{\"@type\":\"ReadAction\",\"target\":[\"https:\/\/www.oarcanjo.net\/site\/dizeres-do-coracao\/\"]}]},{\"@type\":\"BreadcrumbList\",\"@id\":\"https:\/\/www.oarcanjo.net\/site\/dizeres-do-coracao\/#breadcrumb\",\"itemListElement\":[{\"@type\":\"ListItem\",\"position\":1,\"name\":\"In\u00edcio\",\"item\":\"https:\/\/www.oarcanjo.net\/site\/\"},{\"@type\":\"ListItem\",\"position\":2,\"name\":\"Dizeres do cora\u00e7\u00e3o\"}]},{\"@type\":\"WebSite\",\"@id\":\"https:\/\/www.oarcanjo.net\/site\/#website\",\"url\":\"https:\/\/www.oarcanjo.net\/site\/\",\"name\":\"O Arcanjo no ar\",\"description\":\"Site da Par\u00f3quia S\u00e3o Miguel Arcanjo (Arquidiocese de SP)\",\"publisher\":{\"@id\":\"https:\/\/www.oarcanjo.net\/site\/#organization\"},\"potentialAction\":[{\"@type\":\"SearchAction\",\"target\":{\"@type\":\"EntryPoint\",\"urlTemplate\":\"https:\/\/www.oarcanjo.net\/site\/?s={search_term_string}\"},\"query-input\":{\"@type\":\"PropertyValueSpecification\",\"valueRequired\":true,\"valueName\":\"search_term_string\"}}],\"inLanguage\":\"pt-BR\"},{\"@type\":\"Organization\",\"@id\":\"https:\/\/www.oarcanjo.net\/site\/#organization\",\"name\":\"Par\u00f3quia S\u00e3o Miguel Arcanjo\",\"url\":\"https:\/\/www.oarcanjo.net\/site\/\",\"logo\":{\"@type\":\"ImageObject\",\"inLanguage\":\"pt-BR\",\"@id\":\"https:\/\/www.oarcanjo.net\/site\/#\/schema\/logo\/image\/\",\"url\":\"https:\/\/www.oarcanjo.net\/site\/wp-content\/uploads\/LogoOArcanjo.png\",\"contentUrl\":\"https:\/\/www.oarcanjo.net\/site\/wp-content\/uploads\/LogoOArcanjo.png\",\"width\":319,\"height\":99,\"caption\":\"Par\u00f3quia S\u00e3o Miguel Arcanjo\"},\"image\":{\"@id\":\"https:\/\/www.oarcanjo.net\/site\/#\/schema\/logo\/image\/\"},\"sameAs\":[\"https:\/\/www.facebook.com\/OArcanjoNoAr\/\"]},{\"@type\":\"Person\",\"@id\":\"https:\/\/www.oarcanjo.net\/site\/#\/schema\/person\/ce0fba3450314a09c6442cfee983a3d8\",\"name\":\"miriam.meyer\"}]}<\/script>\n<!-- \/ Yoast SEO plugin. -->","yoast_head_json":{"title":"Dizeres do cora\u00e7\u00e3o - O Arcanjo no ar","robots":{"index":"index","follow":"follow","max-snippet":"max-snippet:-1","max-image-preview":"max-image-preview:large","max-video-preview":"max-video-preview:-1"},"canonical":"https:\/\/www.oarcanjo.net\/site\/dizeres-do-coracao\/","og_locale":"pt_BR","og_type":"article","og_title":"Dizeres do cora\u00e7\u00e3o - O Arcanjo no ar","og_description":"Prece pela Fel\u00edcia","og_url":"https:\/\/www.oarcanjo.net\/site\/dizeres-do-coracao\/","og_site_name":"O Arcanjo no ar","article_publisher":"https:\/\/www.facebook.com\/OArcanjoNoAr\/","article_published_time":"2015-09-12T02:53:25+00:00","article_modified_time":"2015-09-12T02:59:54+00:00","og_image":[{"width":300,"height":300,"url":"https:\/\/www.oarcanjo.net\/site\/wp-content\/uploads\/logo-o-arcanjo-no-ar-facebook.png","type":"image\/png"}],"author":"miriam.meyer","twitter_card":"summary_large_image","twitter_misc":{"Escrito por":"miriam.meyer","Est. tempo de leitura":"3 minutos"},"schema":{"@context":"https:\/\/schema.org","@graph":[{"@type":"Article","@id":"https:\/\/www.oarcanjo.net\/site\/dizeres-do-coracao\/#article","isPartOf":{"@id":"https:\/\/www.oarcanjo.net\/site\/dizeres-do-coracao\/"},"author":{"name":"miriam.meyer","@id":"https:\/\/www.oarcanjo.net\/site\/#\/schema\/person\/ce0fba3450314a09c6442cfee983a3d8"},"headline":"Dizeres do cora\u00e7\u00e3o","datePublished":"2015-09-12T02:53:25+00:00","dateModified":"2015-09-12T02:59:54+00:00","mainEntityOfPage":{"@id":"https:\/\/www.oarcanjo.net\/site\/dizeres-do-coracao\/"},"wordCount":532,"commentCount":2,"publisher":{"@id":"https:\/\/www.oarcanjo.net\/site\/#organization"},"articleSection":["Jovens","Rosto da comunidade"],"inLanguage":"pt-BR","potentialAction":[{"@type":"CommentAction","name":"Comment","target":["https:\/\/www.oarcanjo.net\/site\/dizeres-do-coracao\/#respond"]}]},{"@type":"WebPage","@id":"https:\/\/www.oarcanjo.net\/site\/dizeres-do-coracao\/","url":"https:\/\/www.oarcanjo.net\/site\/dizeres-do-coracao\/","name":"Dizeres do cora\u00e7\u00e3o - O Arcanjo no ar","isPartOf":{"@id":"https:\/\/www.oarcanjo.net\/site\/#website"},"datePublished":"2015-09-12T02:53:25+00:00","dateModified":"2015-09-12T02:59:54+00:00","breadcrumb":{"@id":"https:\/\/www.oarcanjo.net\/site\/dizeres-do-coracao\/#breadcrumb"},"inLanguage":"pt-BR","potentialAction":[{"@type":"ReadAction","target":["https:\/\/www.oarcanjo.net\/site\/dizeres-do-coracao\/"]}]},{"@type":"BreadcrumbList","@id":"https:\/\/www.oarcanjo.net\/site\/dizeres-do-coracao\/#breadcrumb","itemListElement":[{"@type":"ListItem","position":1,"name":"In\u00edcio","item":"https:\/\/www.oarcanjo.net\/site\/"},{"@type":"ListItem","position":2,"name":"Dizeres do cora\u00e7\u00e3o"}]},{"@type":"WebSite","@id":"https:\/\/www.oarcanjo.net\/site\/#website","url":"https:\/\/www.oarcanjo.net\/site\/","name":"O Arcanjo no ar","description":"Site da Par\u00f3quia S\u00e3o Miguel Arcanjo (Arquidiocese de SP)","publisher":{"@id":"https:\/\/www.oarcanjo.net\/site\/#organization"},"potentialAction":[{"@type":"SearchAction","target":{"@type":"EntryPoint","urlTemplate":"https:\/\/www.oarcanjo.net\/site\/?s={search_term_string}"},"query-input":{"@type":"PropertyValueSpecification","valueRequired":true,"valueName":"search_term_string"}}],"inLanguage":"pt-BR"},{"@type":"Organization","@id":"https:\/\/www.oarcanjo.net\/site\/#organization","name":"Par\u00f3quia S\u00e3o Miguel Arcanjo","url":"https:\/\/www.oarcanjo.net\/site\/","logo":{"@type":"ImageObject","inLanguage":"pt-BR","@id":"https:\/\/www.oarcanjo.net\/site\/#\/schema\/logo\/image\/","url":"https:\/\/www.oarcanjo.net\/site\/wp-content\/uploads\/LogoOArcanjo.png","contentUrl":"https:\/\/www.oarcanjo.net\/site\/wp-content\/uploads\/LogoOArcanjo.png","width":319,"height":99,"caption":"Par\u00f3quia S\u00e3o Miguel Arcanjo"},"image":{"@id":"https:\/\/www.oarcanjo.net\/site\/#\/schema\/logo\/image\/"},"sameAs":["https:\/\/www.facebook.com\/OArcanjoNoAr\/"]},{"@type":"Person","@id":"https:\/\/www.oarcanjo.net\/site\/#\/schema\/person\/ce0fba3450314a09c6442cfee983a3d8","name":"miriam.meyer"}]}},"publishpress_future_action":{"enabled":false,"date":"2026-05-06 14:36:39","action":"category","newStatus":"draft","terms":[],"taxonomy":"category"},"publishpress_future_workflow_manual_trigger":{"enabledWorkflows":[]},"_links":{"self":[{"href":"https:\/\/www.oarcanjo.net\/site\/wp-json\/wp\/v2\/posts\/65046"}],"collection":[{"href":"https:\/\/www.oarcanjo.net\/site\/wp-json\/wp\/v2\/posts"}],"about":[{"href":"https:\/\/www.oarcanjo.net\/site\/wp-json\/wp\/v2\/types\/post"}],"author":[{"embeddable":true,"href":"https:\/\/www.oarcanjo.net\/site\/wp-json\/wp\/v2\/users\/3"}],"replies":[{"embeddable":true,"href":"https:\/\/www.oarcanjo.net\/site\/wp-json\/wp\/v2\/comments?post=65046"}],"version-history":[{"count":0,"href":"https:\/\/www.oarcanjo.net\/site\/wp-json\/wp\/v2\/posts\/65046\/revisions"}],"wp:attachment":[{"href":"https:\/\/www.oarcanjo.net\/site\/wp-json\/wp\/v2\/media?parent=65046"}],"wp:term":[{"taxonomy":"category","embeddable":true,"href":"https:\/\/www.oarcanjo.net\/site\/wp-json\/wp\/v2\/categories?post=65046"},{"taxonomy":"post_tag","embeddable":true,"href":"https:\/\/www.oarcanjo.net\/site\/wp-json\/wp\/v2\/tags?post=65046"}],"curies":[{"name":"wp","href":"https:\/\/api.w.org\/{rel}","templated":true}]}}