
{"id":65092,"date":"2015-09-21T08:20:57","date_gmt":"2015-09-21T11:20:57","guid":{"rendered":"http:\/\/www.oarcanjo.net\/site\/?p=65092"},"modified":"2015-09-27T16:38:56","modified_gmt":"2015-09-27T19:38:56","slug":"festa-de-sao-miguel-dia-299-tera-missas-as-7h30-12h-15h-e-20h","status":"publish","type":"post","link":"https:\/\/www.oarcanjo.net\/site\/festa-de-sao-miguel-dia-299-tera-missas-as-7h30-12h-15h-e-20h\/","title":{"rendered":"Festa de S\u00e3o Miguel dia 29\/9 ter\u00e1 missas \u00e0s 7h30, 12h, 15h e 20h"},"content":{"rendered":"<p>Na ter\u00e7a-feira, 29\/9, a comunidade celebra a festa do padroeiro, S\u00e3o Miguel Arcanjo. Haver\u00e1 missas \u00e0s 7h30, ao meio-dia, \u00e0s 15h e \u00e0s 20h, al\u00e9m das tradicionais barracas. Mais detalhes nos avisos da semana:<\/p>\n<p><iframe loading=\"lazy\" src=\"https:\/\/www.youtube.com\/embed\/2xoXwu3YZKE?rel=0\" width=\"640\" height=\"360\" frameborder=\"0\" allowfullscreen=\"allowfullscreen\"><\/iframe><\/p>\n<p>Grava\u00e7\u00e3o realizada no final da missa das 18h na igreja S\u00e3o Miguel Arcanjo, em S\u00e3o Paulo.<\/p>\n<div id=\"themify_builder_content-65092\" data-postid=\"65092\" class=\"themify_builder_content themify_builder_content-65092 themify_builder themify_builder_front\">\n\t<\/div>\n<!-- \/themify_builder_content -->","protected":false},"excerpt":{"rendered":"<p>Celebra\u00e7\u00f5es ser\u00e3o presididas por convidados, como Dom Edmar Peron e o abade do Mosteiro de S\u00e3o Bento. A festa do padroeiro ter\u00e1 tamb\u00e9m as tradicionais barracas com doces e salgados<\/p>\n","protected":false},"author":5,"featured_media":51213,"comment_status":"open","ping_status":"open","sticky":false,"template":"","format":"standard","meta":{"ngg_post_thumbnail":0,"footnotes":""},"categories":[476,3,8],"tags":[],"yoast_head":"<!-- This site is optimized with the Yoast SEO plugin v23.5 - https:\/\/yoast.com\/wordpress\/plugins\/seo\/ -->\n<title>Festa de S\u00e3o Miguel dia 29\/9 ter\u00e1 missas \u00e0s 7h30, 12h, 15h e 20h - O Arcanjo no ar<\/title>\n<meta name=\"robots\" content=\"index, follow, max-snippet:-1, max-image-preview:large, max-video-preview:-1\" \/>\n<link rel=\"canonical\" href=\"https:\/\/www.oarcanjo.net\/site\/festa-de-sao-miguel-dia-299-tera-missas-as-7h30-12h-15h-e-20h\/\" \/>\n<meta property=\"og:locale\" content=\"pt_BR\" \/>\n<meta property=\"og:type\" content=\"article\" \/>\n<meta property=\"og:title\" content=\"Festa de S\u00e3o Miguel dia 29\/9 ter\u00e1 missas \u00e0s 7h30, 12h, 15h e 20h - O Arcanjo no ar\" \/>\n<meta property=\"og:description\" content=\"Celebra\u00e7\u00f5es ser\u00e3o presididas por convidados, como Dom Edmar Peron e o abade do Mosteiro de S\u00e3o Bento. A festa do padroeiro ter\u00e1 tamb\u00e9m as tradicionais barracas com doces e salgados\" \/>\n<meta property=\"og:url\" content=\"https:\/\/www.oarcanjo.net\/site\/festa-de-sao-miguel-dia-299-tera-missas-as-7h30-12h-15h-e-20h\/\" \/>\n<meta property=\"og:site_name\" content=\"O Arcanjo no ar\" \/>\n<meta property=\"article:publisher\" content=\"https:\/\/www.facebook.com\/OArcanjoNoAr\/\" \/>\n<meta property=\"article:published_time\" content=\"2015-09-21T11:20:57+00:00\" \/>\n<meta property=\"article:modified_time\" content=\"2015-09-27T19:38:56+00:00\" \/>\n<meta property=\"og:image\" content=\"https:\/\/www.oarcanjo.net\/site\/wp-content\/uploads\/banner-festa-sao-miguel-set-2014.jpg\" \/>\n\t<meta property=\"og:image:width\" content=\"700\" \/>\n\t<meta property=\"og:image:height\" content=\"320\" \/>\n\t<meta property=\"og:image:type\" content=\"image\/jpeg\" \/>\n<meta name=\"author\" content=\"editor\" \/>\n<meta name=\"twitter:card\" content=\"summary_large_image\" \/>\n<meta name=\"twitter:label1\" content=\"Escrito por\" \/>\n\t<meta name=\"twitter:data1\" content=\"editor\" \/>\n<script type=\"application\/ld+json\" class=\"yoast-schema-graph\">{\"@context\":\"https:\/\/schema.org\",\"@graph\":[{\"@type\":\"Article\",\"@id\":\"https:\/\/www.oarcanjo.net\/site\/festa-de-sao-miguel-dia-299-tera-missas-as-7h30-12h-15h-e-20h\/#article\",\"isPartOf\":{\"@id\":\"https:\/\/www.oarcanjo.net\/site\/festa-de-sao-miguel-dia-299-tera-missas-as-7h30-12h-15h-e-20h\/\"},\"author\":{\"name\":\"editor\",\"@id\":\"https:\/\/www.oarcanjo.net\/site\/#\/schema\/person\/f7024d007863202483a31326673a0838\"},\"headline\":\"Festa de S\u00e3o Miguel dia 29\/9 ter\u00e1 missas \u00e0s 7h30, 12h, 15h e 20h\",\"datePublished\":\"2015-09-21T11:20:57+00:00\",\"dateModified\":\"2015-09-27T19:38:56+00:00\",\"mainEntityOfPage\":{\"@id\":\"https:\/\/www.oarcanjo.net\/site\/festa-de-sao-miguel-dia-299-tera-missas-as-7h30-12h-15h-e-20h\/\"},\"wordCount\":69,\"commentCount\":0,\"publisher\":{\"@id\":\"https:\/\/www.oarcanjo.net\/site\/#organization\"},\"image\":{\"@id\":\"https:\/\/www.oarcanjo.net\/site\/festa-de-sao-miguel-dia-299-tera-missas-as-7h30-12h-15h-e-20h\/#primaryimage\"},\"thumbnailUrl\":\"https:\/\/www.oarcanjo.net\/site\/wp-content\/uploads\/banner-festa-sao-miguel-set-2014.jpg\",\"articleSection\":[\"Avisos\",\"Destaques\",\"Not\u00edcias\"],\"inLanguage\":\"pt-BR\",\"potentialAction\":[{\"@type\":\"CommentAction\",\"name\":\"Comment\",\"target\":[\"https:\/\/www.oarcanjo.net\/site\/festa-de-sao-miguel-dia-299-tera-missas-as-7h30-12h-15h-e-20h\/#respond\"]}]},{\"@type\":\"WebPage\",\"@id\":\"https:\/\/www.oarcanjo.net\/site\/festa-de-sao-miguel-dia-299-tera-missas-as-7h30-12h-15h-e-20h\/\",\"url\":\"https:\/\/www.oarcanjo.net\/site\/festa-de-sao-miguel-dia-299-tera-missas-as-7h30-12h-15h-e-20h\/\",\"name\":\"Festa de S\u00e3o Miguel dia 29\/9 ter\u00e1 missas \u00e0s 7h30, 12h, 15h e 20h - O Arcanjo no ar\",\"isPartOf\":{\"@id\":\"https:\/\/www.oarcanjo.net\/site\/#website\"},\"primaryImageOfPage\":{\"@id\":\"https:\/\/www.oarcanjo.net\/site\/festa-de-sao-miguel-dia-299-tera-missas-as-7h30-12h-15h-e-20h\/#primaryimage\"},\"image\":{\"@id\":\"https:\/\/www.oarcanjo.net\/site\/festa-de-sao-miguel-dia-299-tera-missas-as-7h30-12h-15h-e-20h\/#primaryimage\"},\"thumbnailUrl\":\"https:\/\/www.oarcanjo.net\/site\/wp-content\/uploads\/banner-festa-sao-miguel-set-2014.jpg\",\"datePublished\":\"2015-09-21T11:20:57+00:00\",\"dateModified\":\"2015-09-27T19:38:56+00:00\",\"breadcrumb\":{\"@id\":\"https:\/\/www.oarcanjo.net\/site\/festa-de-sao-miguel-dia-299-tera-missas-as-7h30-12h-15h-e-20h\/#breadcrumb\"},\"inLanguage\":\"pt-BR\",\"potentialAction\":[{\"@type\":\"ReadAction\",\"target\":[\"https:\/\/www.oarcanjo.net\/site\/festa-de-sao-miguel-dia-299-tera-missas-as-7h30-12h-15h-e-20h\/\"]}]},{\"@type\":\"ImageObject\",\"inLanguage\":\"pt-BR\",\"@id\":\"https:\/\/www.oarcanjo.net\/site\/festa-de-sao-miguel-dia-299-tera-missas-as-7h30-12h-15h-e-20h\/#primaryimage\",\"url\":\"https:\/\/www.oarcanjo.net\/site\/wp-content\/uploads\/banner-festa-sao-miguel-set-2014.jpg\",\"contentUrl\":\"https:\/\/www.oarcanjo.net\/site\/wp-content\/uploads\/banner-festa-sao-miguel-set-2014.jpg\",\"width\":700,\"height\":320},{\"@type\":\"BreadcrumbList\",\"@id\":\"https:\/\/www.oarcanjo.net\/site\/festa-de-sao-miguel-dia-299-tera-missas-as-7h30-12h-15h-e-20h\/#breadcrumb\",\"itemListElement\":[{\"@type\":\"ListItem\",\"position\":1,\"name\":\"In\u00edcio\",\"item\":\"https:\/\/www.oarcanjo.net\/site\/\"},{\"@type\":\"ListItem\",\"position\":2,\"name\":\"Festa de S\u00e3o Miguel dia 29\/9 ter\u00e1 missas \u00e0s 7h30, 12h, 15h e 20h\"}]},{\"@type\":\"WebSite\",\"@id\":\"https:\/\/www.oarcanjo.net\/site\/#website\",\"url\":\"https:\/\/www.oarcanjo.net\/site\/\",\"name\":\"O Arcanjo no ar\",\"description\":\"Site da Par\u00f3quia S\u00e3o Miguel Arcanjo (Arquidiocese de SP)\",\"publisher\":{\"@id\":\"https:\/\/www.oarcanjo.net\/site\/#organization\"},\"potentialAction\":[{\"@type\":\"SearchAction\",\"target\":{\"@type\":\"EntryPoint\",\"urlTemplate\":\"https:\/\/www.oarcanjo.net\/site\/?s={search_term_string}\"},\"query-input\":{\"@type\":\"PropertyValueSpecification\",\"valueRequired\":true,\"valueName\":\"search_term_string\"}}],\"inLanguage\":\"pt-BR\"},{\"@type\":\"Organization\",\"@id\":\"https:\/\/www.oarcanjo.net\/site\/#organization\",\"name\":\"Par\u00f3quia S\u00e3o Miguel Arcanjo\",\"url\":\"https:\/\/www.oarcanjo.net\/site\/\",\"logo\":{\"@type\":\"ImageObject\",\"inLanguage\":\"pt-BR\",\"@id\":\"https:\/\/www.oarcanjo.net\/site\/#\/schema\/logo\/image\/\",\"url\":\"https:\/\/www.oarcanjo.net\/site\/wp-content\/uploads\/LogoOArcanjo.png\",\"contentUrl\":\"https:\/\/www.oarcanjo.net\/site\/wp-content\/uploads\/LogoOArcanjo.png\",\"width\":319,\"height\":99,\"caption\":\"Par\u00f3quia S\u00e3o Miguel Arcanjo\"},\"image\":{\"@id\":\"https:\/\/www.oarcanjo.net\/site\/#\/schema\/logo\/image\/\"},\"sameAs\":[\"https:\/\/www.facebook.com\/OArcanjoNoAr\/\"]},{\"@type\":\"Person\",\"@id\":\"https:\/\/www.oarcanjo.net\/site\/#\/schema\/person\/f7024d007863202483a31326673a0838\",\"name\":\"editor\",\"sameAs\":[\"http:\/\/www.oarcanjo.net\"]}]}<\/script>\n<!-- \/ Yoast SEO plugin. -->","yoast_head_json":{"title":"Festa de S\u00e3o Miguel dia 29\/9 ter\u00e1 missas \u00e0s 7h30, 12h, 15h e 20h - O Arcanjo no ar","robots":{"index":"index","follow":"follow","max-snippet":"max-snippet:-1","max-image-preview":"max-image-preview:large","max-video-preview":"max-video-preview:-1"},"canonical":"https:\/\/www.oarcanjo.net\/site\/festa-de-sao-miguel-dia-299-tera-missas-as-7h30-12h-15h-e-20h\/","og_locale":"pt_BR","og_type":"article","og_title":"Festa de S\u00e3o Miguel dia 29\/9 ter\u00e1 missas \u00e0s 7h30, 12h, 15h e 20h - O Arcanjo no ar","og_description":"Celebra\u00e7\u00f5es ser\u00e3o presididas por convidados, como Dom Edmar Peron e o abade do Mosteiro de S\u00e3o Bento. A festa do padroeiro ter\u00e1 tamb\u00e9m as tradicionais barracas com doces e salgados","og_url":"https:\/\/www.oarcanjo.net\/site\/festa-de-sao-miguel-dia-299-tera-missas-as-7h30-12h-15h-e-20h\/","og_site_name":"O Arcanjo no ar","article_publisher":"https:\/\/www.facebook.com\/OArcanjoNoAr\/","article_published_time":"2015-09-21T11:20:57+00:00","article_modified_time":"2015-09-27T19:38:56+00:00","og_image":[{"width":700,"height":320,"url":"https:\/\/www.oarcanjo.net\/site\/wp-content\/uploads\/banner-festa-sao-miguel-set-2014.jpg","type":"image\/jpeg"}],"author":"editor","twitter_card":"summary_large_image","twitter_misc":{"Escrito por":"editor"},"schema":{"@context":"https:\/\/schema.org","@graph":[{"@type":"Article","@id":"https:\/\/www.oarcanjo.net\/site\/festa-de-sao-miguel-dia-299-tera-missas-as-7h30-12h-15h-e-20h\/#article","isPartOf":{"@id":"https:\/\/www.oarcanjo.net\/site\/festa-de-sao-miguel-dia-299-tera-missas-as-7h30-12h-15h-e-20h\/"},"author":{"name":"editor","@id":"https:\/\/www.oarcanjo.net\/site\/#\/schema\/person\/f7024d007863202483a31326673a0838"},"headline":"Festa de S\u00e3o Miguel dia 29\/9 ter\u00e1 missas \u00e0s 7h30, 12h, 15h e 20h","datePublished":"2015-09-21T11:20:57+00:00","dateModified":"2015-09-27T19:38:56+00:00","mainEntityOfPage":{"@id":"https:\/\/www.oarcanjo.net\/site\/festa-de-sao-miguel-dia-299-tera-missas-as-7h30-12h-15h-e-20h\/"},"wordCount":69,"commentCount":0,"publisher":{"@id":"https:\/\/www.oarcanjo.net\/site\/#organization"},"image":{"@id":"https:\/\/www.oarcanjo.net\/site\/festa-de-sao-miguel-dia-299-tera-missas-as-7h30-12h-15h-e-20h\/#primaryimage"},"thumbnailUrl":"https:\/\/www.oarcanjo.net\/site\/wp-content\/uploads\/banner-festa-sao-miguel-set-2014.jpg","articleSection":["Avisos","Destaques","Not\u00edcias"],"inLanguage":"pt-BR","potentialAction":[{"@type":"CommentAction","name":"Comment","target":["https:\/\/www.oarcanjo.net\/site\/festa-de-sao-miguel-dia-299-tera-missas-as-7h30-12h-15h-e-20h\/#respond"]}]},{"@type":"WebPage","@id":"https:\/\/www.oarcanjo.net\/site\/festa-de-sao-miguel-dia-299-tera-missas-as-7h30-12h-15h-e-20h\/","url":"https:\/\/www.oarcanjo.net\/site\/festa-de-sao-miguel-dia-299-tera-missas-as-7h30-12h-15h-e-20h\/","name":"Festa de S\u00e3o Miguel dia 29\/9 ter\u00e1 missas \u00e0s 7h30, 12h, 15h e 20h - O Arcanjo no ar","isPartOf":{"@id":"https:\/\/www.oarcanjo.net\/site\/#website"},"primaryImageOfPage":{"@id":"https:\/\/www.oarcanjo.net\/site\/festa-de-sao-miguel-dia-299-tera-missas-as-7h30-12h-15h-e-20h\/#primaryimage"},"image":{"@id":"https:\/\/www.oarcanjo.net\/site\/festa-de-sao-miguel-dia-299-tera-missas-as-7h30-12h-15h-e-20h\/#primaryimage"},"thumbnailUrl":"https:\/\/www.oarcanjo.net\/site\/wp-content\/uploads\/banner-festa-sao-miguel-set-2014.jpg","datePublished":"2015-09-21T11:20:57+00:00","dateModified":"2015-09-27T19:38:56+00:00","breadcrumb":{"@id":"https:\/\/www.oarcanjo.net\/site\/festa-de-sao-miguel-dia-299-tera-missas-as-7h30-12h-15h-e-20h\/#breadcrumb"},"inLanguage":"pt-BR","potentialAction":[{"@type":"ReadAction","target":["https:\/\/www.oarcanjo.net\/site\/festa-de-sao-miguel-dia-299-tera-missas-as-7h30-12h-15h-e-20h\/"]}]},{"@type":"ImageObject","inLanguage":"pt-BR","@id":"https:\/\/www.oarcanjo.net\/site\/festa-de-sao-miguel-dia-299-tera-missas-as-7h30-12h-15h-e-20h\/#primaryimage","url":"https:\/\/www.oarcanjo.net\/site\/wp-content\/uploads\/banner-festa-sao-miguel-set-2014.jpg","contentUrl":"https:\/\/www.oarcanjo.net\/site\/wp-content\/uploads\/banner-festa-sao-miguel-set-2014.jpg","width":700,"height":320},{"@type":"BreadcrumbList","@id":"https:\/\/www.oarcanjo.net\/site\/festa-de-sao-miguel-dia-299-tera-missas-as-7h30-12h-15h-e-20h\/#breadcrumb","itemListElement":[{"@type":"ListItem","position":1,"name":"In\u00edcio","item":"https:\/\/www.oarcanjo.net\/site\/"},{"@type":"ListItem","position":2,"name":"Festa de S\u00e3o Miguel dia 29\/9 ter\u00e1 missas \u00e0s 7h30, 12h, 15h e 20h"}]},{"@type":"WebSite","@id":"https:\/\/www.oarcanjo.net\/site\/#website","url":"https:\/\/www.oarcanjo.net\/site\/","name":"O Arcanjo no ar","description":"Site da Par\u00f3quia S\u00e3o Miguel Arcanjo (Arquidiocese de SP)","publisher":{"@id":"https:\/\/www.oarcanjo.net\/site\/#organization"},"potentialAction":[{"@type":"SearchAction","target":{"@type":"EntryPoint","urlTemplate":"https:\/\/www.oarcanjo.net\/site\/?s={search_term_string}"},"query-input":{"@type":"PropertyValueSpecification","valueRequired":true,"valueName":"search_term_string"}}],"inLanguage":"pt-BR"},{"@type":"Organization","@id":"https:\/\/www.oarcanjo.net\/site\/#organization","name":"Par\u00f3quia S\u00e3o Miguel Arcanjo","url":"https:\/\/www.oarcanjo.net\/site\/","logo":{"@type":"ImageObject","inLanguage":"pt-BR","@id":"https:\/\/www.oarcanjo.net\/site\/#\/schema\/logo\/image\/","url":"https:\/\/www.oarcanjo.net\/site\/wp-content\/uploads\/LogoOArcanjo.png","contentUrl":"https:\/\/www.oarcanjo.net\/site\/wp-content\/uploads\/LogoOArcanjo.png","width":319,"height":99,"caption":"Par\u00f3quia S\u00e3o Miguel Arcanjo"},"image":{"@id":"https:\/\/www.oarcanjo.net\/site\/#\/schema\/logo\/image\/"},"sameAs":["https:\/\/www.facebook.com\/OArcanjoNoAr\/"]},{"@type":"Person","@id":"https:\/\/www.oarcanjo.net\/site\/#\/schema\/person\/f7024d007863202483a31326673a0838","name":"editor","sameAs":["http:\/\/www.oarcanjo.net"]}]}},"publishpress_future_action":{"enabled":false,"date":"2026-05-06 19:01:01","action":"category","newStatus":"draft","terms":[],"taxonomy":"category"},"publishpress_future_workflow_manual_trigger":{"enabledWorkflows":[]},"_links":{"self":[{"href":"https:\/\/www.oarcanjo.net\/site\/wp-json\/wp\/v2\/posts\/65092"}],"collection":[{"href":"https:\/\/www.oarcanjo.net\/site\/wp-json\/wp\/v2\/posts"}],"about":[{"href":"https:\/\/www.oarcanjo.net\/site\/wp-json\/wp\/v2\/types\/post"}],"author":[{"embeddable":true,"href":"https:\/\/www.oarcanjo.net\/site\/wp-json\/wp\/v2\/users\/5"}],"replies":[{"embeddable":true,"href":"https:\/\/www.oarcanjo.net\/site\/wp-json\/wp\/v2\/comments?post=65092"}],"version-history":[{"count":1,"href":"https:\/\/www.oarcanjo.net\/site\/wp-json\/wp\/v2\/posts\/65092\/revisions"}],"predecessor-version":[{"id":96781,"href":"https:\/\/www.oarcanjo.net\/site\/wp-json\/wp\/v2\/posts\/65092\/revisions\/96781"}],"wp:featuredmedia":[{"embeddable":true,"href":"https:\/\/www.oarcanjo.net\/site\/wp-json\/wp\/v2\/media\/51213"}],"wp:attachment":[{"href":"https:\/\/www.oarcanjo.net\/site\/wp-json\/wp\/v2\/media?parent=65092"}],"wp:term":[{"taxonomy":"category","embeddable":true,"href":"https:\/\/www.oarcanjo.net\/site\/wp-json\/wp\/v2\/categories?post=65092"},{"taxonomy":"post_tag","embeddable":true,"href":"https:\/\/www.oarcanjo.net\/site\/wp-json\/wp\/v2\/tags?post=65092"}],"curies":[{"name":"wp","href":"https:\/\/api.w.org\/{rel}","templated":true}]}}