
{"id":6519,"date":"2014-12-11T00:11:51","date_gmt":"2014-12-11T02:11:51","guid":{"rendered":"http:\/\/www.oarcanjo.net\/site\/?p=6519"},"modified":"2014-11-11T11:15:32","modified_gmt":"2014-11-11T13:15:32","slug":"sao-sabino","status":"publish","type":"post","link":"https:\/\/www.oarcanjo.net\/site\/sao-sabino\/","title":{"rendered":"S\u00e3o Sabino"},"content":{"rendered":"<p><img loading=\"lazy\" decoding=\"async\" class=\"aligncenter size-full wp-image-6520\" src=\"http:\/\/www.oarcanjo.net\/site\/wp-content\/uploads\/sao-sabino.jpg\" alt=\"sao sabino\" width=\"82\" height=\"110\" \/><\/p>\n<p>11de Dezembro<\/p>\n<p>Sabina era como se chamava, antigamente, a regi\u00e3o nordeste da cidade de Roma, fecunda de crist\u00e3os exemplares. Em alguns lugares, adotou-se a varia\u00e7\u00e3o de Saviana, porque a letra &#8220;b&#8221; do latim tende a ser suavisada com a &#8220;v&#8221; do idioma italiano. Foi assim que surgiu esse nome que se perpetuou atrav\u00e9s do povo europeu.<\/p>\n<p>Em meados do s\u00e9culo IV, temos um Sabino como bispo de Piacenza, cidade pr\u00f3xima a Mil\u00e3o, na It\u00e1lia. Segundo consta da tradi\u00e7\u00e3o, ele nasceu naquela cidade e era di\u00e1cono da Igreja. O papa D\u00e2maso I, que agora \u00e9 santo como ele, o enviou, em 372, ao Conc\u00edlio do Oriente, no qual seria discutida a doutrina ariana.<\/p>\n<p>Ele retornou para a It\u00e1lia com v\u00e1rias cartas para os bispos do Ocidente, e pouco depois foi investido com a mitra episcopal e com o bast\u00e3o pastoral. Foi o bispo de Piacenza por quarenta e cinco anos e, tamb\u00e9m pela tradi\u00e7\u00e3o, teve uma longa vida, morrendo pr\u00f3ximo dos cento e dez anos.<\/p>\n<p>Sabino se distinguiu pelo seu saber, pelo zelo pastoral e pelas suas ex\u00edmias virtudes, que foram enaltecidas mais tarde pelo futuro grande papa Greg\u00f3rio Magno. O qual narrou um comovente milagre que Sabino realizou para salvar a cidade, por ocasi\u00e3o de uma enchente do rio P\u00f3. Al\u00e9m disso, Sabino sempre se manteve muito pr\u00f3ximo aos fi\u00e9is. Foi por eles considerado um pai caridoso, penitente e humilde, andando pelas ruas com roupas simples e, \u00e0s vezes, sem sapatos.<\/p>\n<p>Foi contempor\u00e2neo e amigo do bispo Ambr\u00f3sio, outro ilustre santo da Igreja, com quem manteve numerosa correspond\u00eancia. Sabino foi um natural e zeloso defensor da doutrina cat\u00f3lica contra os erros dos arianos. Em sua extensa trajet\u00f3ria de vida religiosa, a Igreja assinalou a sua presen\u00e7a em v\u00e1rios s\u00ednodos, como o de Aquil\u00e9ia, em 381; de Mil\u00e3o, em 387; e de Roma, em 390.<\/p>\n<p>V\u00e1rias cidades do centro da It\u00e1lia consideravam Sabino seu bispo, talvez por ele ter vivido um pouco em cada uma delas, mas sempre como o bispo de Piacenza. A pedido da Santa S\u00e9, tinha de ficar longos per\u00edodo em outras cidades, preparando e corrigindo os bispos mais jovens, para que a verdadeira doutrina cat\u00f3lica n\u00e3o se perdesse no meio dos erros e excessos dos arianos: que era o perigo da Igreja na \u00e9poca.<\/p>\n<p>O bispo Sabino morreu no dia 11 de dezembro de 420. Depois, foi canonizado pela Igreja, que escolheu essa data para a homenagem lit\u00fargica. Mas a cidade de Piacenza o celebra tamb\u00e9m, com uma grande festa solene, no dia 17 de janeiro, porque nessa data suas rel\u00edquias foram transferidas para a igreja dos Ap\u00f3stolos, que naquela ocasi\u00e3o foi dedicada ao santo.<\/p>\n<div id=\"themify_builder_content-6519\" data-postid=\"6519\" class=\"themify_builder_content themify_builder_content-6519 themify_builder themify_builder_front\">\n\t<\/div>\n<!-- \/themify_builder_content -->","protected":false},"excerpt":{"rendered":"<p>11de Dezembro Sabina era como se chamava, antigamente, a regi\u00e3o nordeste da cidade de Roma, fecunda de crist\u00e3os exemplares. Em alguns lugares, adotou-se a varia\u00e7\u00e3o de Saviana, porque a letra &#8220;b&#8221; do latim tende a ser suavisada com a &#8220;v&#8221; do idioma italiano. Foi assim que surgiu esse nome que se perpetuou atrav\u00e9s do povo [&hellip;]<\/p>\n","protected":false},"author":14,"featured_media":0,"comment_status":"open","ping_status":"open","sticky":false,"template":"","format":"standard","meta":{"ngg_post_thumbnail":0,"footnotes":""},"categories":[186],"tags":[],"yoast_head":"<!-- This site is optimized with the Yoast SEO plugin v23.5 - https:\/\/yoast.com\/wordpress\/plugins\/seo\/ -->\n<title>S\u00e3o Sabino - O Arcanjo no ar<\/title>\n<meta name=\"robots\" content=\"index, follow, max-snippet:-1, max-image-preview:large, max-video-preview:-1\" \/>\n<link rel=\"canonical\" href=\"https:\/\/www.oarcanjo.net\/site\/sao-sabino\/\" \/>\n<meta property=\"og:locale\" content=\"pt_BR\" \/>\n<meta property=\"og:type\" content=\"article\" \/>\n<meta property=\"og:title\" content=\"S\u00e3o Sabino - O Arcanjo no ar\" \/>\n<meta property=\"og:description\" content=\"11de Dezembro Sabina era como se chamava, antigamente, a regi\u00e3o nordeste da cidade de Roma, fecunda de crist\u00e3os exemplares. Em alguns lugares, adotou-se a varia\u00e7\u00e3o de Saviana, porque a letra &#8220;b&#8221; do latim tende a ser suavisada com a &#8220;v&#8221; do idioma italiano. Foi assim que surgiu esse nome que se perpetuou atrav\u00e9s do povo [&hellip;]\" \/>\n<meta property=\"og:url\" content=\"https:\/\/www.oarcanjo.net\/site\/sao-sabino\/\" \/>\n<meta property=\"og:site_name\" content=\"O Arcanjo no ar\" \/>\n<meta property=\"article:publisher\" content=\"https:\/\/www.facebook.com\/OArcanjoNoAr\/\" \/>\n<meta property=\"article:published_time\" content=\"2014-12-11T02:11:51+00:00\" \/>\n<meta property=\"article:modified_time\" content=\"2014-11-11T13:15:32+00:00\" \/>\n<meta property=\"og:image\" content=\"http:\/\/www.oarcanjo.net\/site\/wp-content\/uploads\/sao-sabino.jpg\" \/>\n<meta name=\"author\" content=\"danilo\" \/>\n<meta name=\"twitter:card\" content=\"summary_large_image\" \/>\n<meta name=\"twitter:label1\" content=\"Escrito por\" \/>\n\t<meta name=\"twitter:data1\" content=\"danilo\" \/>\n\t<meta name=\"twitter:label2\" content=\"Est. tempo de leitura\" \/>\n\t<meta name=\"twitter:data2\" content=\"2 minutos\" \/>\n<script type=\"application\/ld+json\" class=\"yoast-schema-graph\">{\"@context\":\"https:\/\/schema.org\",\"@graph\":[{\"@type\":\"Article\",\"@id\":\"https:\/\/www.oarcanjo.net\/site\/sao-sabino\/#article\",\"isPartOf\":{\"@id\":\"https:\/\/www.oarcanjo.net\/site\/sao-sabino\/\"},\"author\":{\"name\":\"danilo\",\"@id\":\"https:\/\/www.oarcanjo.net\/site\/#\/schema\/person\/5eb9480bedd2f3c97e430ce128c29c6c\"},\"headline\":\"S\u00e3o Sabino\",\"datePublished\":\"2014-12-11T02:11:51+00:00\",\"dateModified\":\"2014-11-11T13:15:32+00:00\",\"mainEntityOfPage\":{\"@id\":\"https:\/\/www.oarcanjo.net\/site\/sao-sabino\/\"},\"wordCount\":477,\"commentCount\":0,\"publisher\":{\"@id\":\"https:\/\/www.oarcanjo.net\/site\/#organization\"},\"image\":{\"@id\":\"https:\/\/www.oarcanjo.net\/site\/sao-sabino\/#primaryimage\"},\"thumbnailUrl\":\"http:\/\/www.oarcanjo.net\/site\/wp-content\/uploads\/sao-sabino.jpg\",\"articleSection\":[\"Testemunhos\"],\"inLanguage\":\"pt-BR\",\"potentialAction\":[{\"@type\":\"CommentAction\",\"name\":\"Comment\",\"target\":[\"https:\/\/www.oarcanjo.net\/site\/sao-sabino\/#respond\"]}]},{\"@type\":\"WebPage\",\"@id\":\"https:\/\/www.oarcanjo.net\/site\/sao-sabino\/\",\"url\":\"https:\/\/www.oarcanjo.net\/site\/sao-sabino\/\",\"name\":\"S\u00e3o Sabino - O Arcanjo no ar\",\"isPartOf\":{\"@id\":\"https:\/\/www.oarcanjo.net\/site\/#website\"},\"primaryImageOfPage\":{\"@id\":\"https:\/\/www.oarcanjo.net\/site\/sao-sabino\/#primaryimage\"},\"image\":{\"@id\":\"https:\/\/www.oarcanjo.net\/site\/sao-sabino\/#primaryimage\"},\"thumbnailUrl\":\"http:\/\/www.oarcanjo.net\/site\/wp-content\/uploads\/sao-sabino.jpg\",\"datePublished\":\"2014-12-11T02:11:51+00:00\",\"dateModified\":\"2014-11-11T13:15:32+00:00\",\"breadcrumb\":{\"@id\":\"https:\/\/www.oarcanjo.net\/site\/sao-sabino\/#breadcrumb\"},\"inLanguage\":\"pt-BR\",\"potentialAction\":[{\"@type\":\"ReadAction\",\"target\":[\"https:\/\/www.oarcanjo.net\/site\/sao-sabino\/\"]}]},{\"@type\":\"ImageObject\",\"inLanguage\":\"pt-BR\",\"@id\":\"https:\/\/www.oarcanjo.net\/site\/sao-sabino\/#primaryimage\",\"url\":\"https:\/\/www.oarcanjo.net\/site\/wp-content\/uploads\/sao-sabino.jpg\",\"contentUrl\":\"https:\/\/www.oarcanjo.net\/site\/wp-content\/uploads\/sao-sabino.jpg\",\"width\":\"82\",\"height\":\"110\"},{\"@type\":\"BreadcrumbList\",\"@id\":\"https:\/\/www.oarcanjo.net\/site\/sao-sabino\/#breadcrumb\",\"itemListElement\":[{\"@type\":\"ListItem\",\"position\":1,\"name\":\"In\u00edcio\",\"item\":\"https:\/\/www.oarcanjo.net\/site\/\"},{\"@type\":\"ListItem\",\"position\":2,\"name\":\"S\u00e3o Sabino\"}]},{\"@type\":\"WebSite\",\"@id\":\"https:\/\/www.oarcanjo.net\/site\/#website\",\"url\":\"https:\/\/www.oarcanjo.net\/site\/\",\"name\":\"O Arcanjo no ar\",\"description\":\"Site da Par\u00f3quia S\u00e3o Miguel Arcanjo (Arquidiocese de SP)\",\"publisher\":{\"@id\":\"https:\/\/www.oarcanjo.net\/site\/#organization\"},\"potentialAction\":[{\"@type\":\"SearchAction\",\"target\":{\"@type\":\"EntryPoint\",\"urlTemplate\":\"https:\/\/www.oarcanjo.net\/site\/?s={search_term_string}\"},\"query-input\":{\"@type\":\"PropertyValueSpecification\",\"valueRequired\":true,\"valueName\":\"search_term_string\"}}],\"inLanguage\":\"pt-BR\"},{\"@type\":\"Organization\",\"@id\":\"https:\/\/www.oarcanjo.net\/site\/#organization\",\"name\":\"Par\u00f3quia S\u00e3o Miguel Arcanjo\",\"url\":\"https:\/\/www.oarcanjo.net\/site\/\",\"logo\":{\"@type\":\"ImageObject\",\"inLanguage\":\"pt-BR\",\"@id\":\"https:\/\/www.oarcanjo.net\/site\/#\/schema\/logo\/image\/\",\"url\":\"https:\/\/www.oarcanjo.net\/site\/wp-content\/uploads\/LogoOArcanjo.png\",\"contentUrl\":\"https:\/\/www.oarcanjo.net\/site\/wp-content\/uploads\/LogoOArcanjo.png\",\"width\":319,\"height\":99,\"caption\":\"Par\u00f3quia S\u00e3o Miguel Arcanjo\"},\"image\":{\"@id\":\"https:\/\/www.oarcanjo.net\/site\/#\/schema\/logo\/image\/\"},\"sameAs\":[\"https:\/\/www.facebook.com\/OArcanjoNoAr\/\"]},{\"@type\":\"Person\",\"@id\":\"https:\/\/www.oarcanjo.net\/site\/#\/schema\/person\/5eb9480bedd2f3c97e430ce128c29c6c\",\"name\":\"danilo\"}]}<\/script>\n<!-- \/ Yoast SEO plugin. -->","yoast_head_json":{"title":"S\u00e3o Sabino - O Arcanjo no ar","robots":{"index":"index","follow":"follow","max-snippet":"max-snippet:-1","max-image-preview":"max-image-preview:large","max-video-preview":"max-video-preview:-1"},"canonical":"https:\/\/www.oarcanjo.net\/site\/sao-sabino\/","og_locale":"pt_BR","og_type":"article","og_title":"S\u00e3o Sabino - O Arcanjo no ar","og_description":"11de Dezembro Sabina era como se chamava, antigamente, a regi\u00e3o nordeste da cidade de Roma, fecunda de crist\u00e3os exemplares. Em alguns lugares, adotou-se a varia\u00e7\u00e3o de Saviana, porque a letra &#8220;b&#8221; do latim tende a ser suavisada com a &#8220;v&#8221; do idioma italiano. Foi assim que surgiu esse nome que se perpetuou atrav\u00e9s do povo [&hellip;]","og_url":"https:\/\/www.oarcanjo.net\/site\/sao-sabino\/","og_site_name":"O Arcanjo no ar","article_publisher":"https:\/\/www.facebook.com\/OArcanjoNoAr\/","article_published_time":"2014-12-11T02:11:51+00:00","article_modified_time":"2014-11-11T13:15:32+00:00","og_image":[{"url":"http:\/\/www.oarcanjo.net\/site\/wp-content\/uploads\/sao-sabino.jpg"}],"author":"danilo","twitter_card":"summary_large_image","twitter_misc":{"Escrito por":"danilo","Est. tempo de leitura":"2 minutos"},"schema":{"@context":"https:\/\/schema.org","@graph":[{"@type":"Article","@id":"https:\/\/www.oarcanjo.net\/site\/sao-sabino\/#article","isPartOf":{"@id":"https:\/\/www.oarcanjo.net\/site\/sao-sabino\/"},"author":{"name":"danilo","@id":"https:\/\/www.oarcanjo.net\/site\/#\/schema\/person\/5eb9480bedd2f3c97e430ce128c29c6c"},"headline":"S\u00e3o Sabino","datePublished":"2014-12-11T02:11:51+00:00","dateModified":"2014-11-11T13:15:32+00:00","mainEntityOfPage":{"@id":"https:\/\/www.oarcanjo.net\/site\/sao-sabino\/"},"wordCount":477,"commentCount":0,"publisher":{"@id":"https:\/\/www.oarcanjo.net\/site\/#organization"},"image":{"@id":"https:\/\/www.oarcanjo.net\/site\/sao-sabino\/#primaryimage"},"thumbnailUrl":"http:\/\/www.oarcanjo.net\/site\/wp-content\/uploads\/sao-sabino.jpg","articleSection":["Testemunhos"],"inLanguage":"pt-BR","potentialAction":[{"@type":"CommentAction","name":"Comment","target":["https:\/\/www.oarcanjo.net\/site\/sao-sabino\/#respond"]}]},{"@type":"WebPage","@id":"https:\/\/www.oarcanjo.net\/site\/sao-sabino\/","url":"https:\/\/www.oarcanjo.net\/site\/sao-sabino\/","name":"S\u00e3o Sabino - O Arcanjo no ar","isPartOf":{"@id":"https:\/\/www.oarcanjo.net\/site\/#website"},"primaryImageOfPage":{"@id":"https:\/\/www.oarcanjo.net\/site\/sao-sabino\/#primaryimage"},"image":{"@id":"https:\/\/www.oarcanjo.net\/site\/sao-sabino\/#primaryimage"},"thumbnailUrl":"http:\/\/www.oarcanjo.net\/site\/wp-content\/uploads\/sao-sabino.jpg","datePublished":"2014-12-11T02:11:51+00:00","dateModified":"2014-11-11T13:15:32+00:00","breadcrumb":{"@id":"https:\/\/www.oarcanjo.net\/site\/sao-sabino\/#breadcrumb"},"inLanguage":"pt-BR","potentialAction":[{"@type":"ReadAction","target":["https:\/\/www.oarcanjo.net\/site\/sao-sabino\/"]}]},{"@type":"ImageObject","inLanguage":"pt-BR","@id":"https:\/\/www.oarcanjo.net\/site\/sao-sabino\/#primaryimage","url":"https:\/\/www.oarcanjo.net\/site\/wp-content\/uploads\/sao-sabino.jpg","contentUrl":"https:\/\/www.oarcanjo.net\/site\/wp-content\/uploads\/sao-sabino.jpg","width":"82","height":"110"},{"@type":"BreadcrumbList","@id":"https:\/\/www.oarcanjo.net\/site\/sao-sabino\/#breadcrumb","itemListElement":[{"@type":"ListItem","position":1,"name":"In\u00edcio","item":"https:\/\/www.oarcanjo.net\/site\/"},{"@type":"ListItem","position":2,"name":"S\u00e3o Sabino"}]},{"@type":"WebSite","@id":"https:\/\/www.oarcanjo.net\/site\/#website","url":"https:\/\/www.oarcanjo.net\/site\/","name":"O Arcanjo no ar","description":"Site da Par\u00f3quia S\u00e3o Miguel Arcanjo (Arquidiocese de SP)","publisher":{"@id":"https:\/\/www.oarcanjo.net\/site\/#organization"},"potentialAction":[{"@type":"SearchAction","target":{"@type":"EntryPoint","urlTemplate":"https:\/\/www.oarcanjo.net\/site\/?s={search_term_string}"},"query-input":{"@type":"PropertyValueSpecification","valueRequired":true,"valueName":"search_term_string"}}],"inLanguage":"pt-BR"},{"@type":"Organization","@id":"https:\/\/www.oarcanjo.net\/site\/#organization","name":"Par\u00f3quia S\u00e3o Miguel Arcanjo","url":"https:\/\/www.oarcanjo.net\/site\/","logo":{"@type":"ImageObject","inLanguage":"pt-BR","@id":"https:\/\/www.oarcanjo.net\/site\/#\/schema\/logo\/image\/","url":"https:\/\/www.oarcanjo.net\/site\/wp-content\/uploads\/LogoOArcanjo.png","contentUrl":"https:\/\/www.oarcanjo.net\/site\/wp-content\/uploads\/LogoOArcanjo.png","width":319,"height":99,"caption":"Par\u00f3quia S\u00e3o Miguel Arcanjo"},"image":{"@id":"https:\/\/www.oarcanjo.net\/site\/#\/schema\/logo\/image\/"},"sameAs":["https:\/\/www.facebook.com\/OArcanjoNoAr\/"]},{"@type":"Person","@id":"https:\/\/www.oarcanjo.net\/site\/#\/schema\/person\/5eb9480bedd2f3c97e430ce128c29c6c","name":"danilo"}]}},"publishpress_future_action":{"enabled":false,"date":"2026-05-08 22:29:23","action":"category","newStatus":"draft","terms":[],"taxonomy":"category"},"publishpress_future_workflow_manual_trigger":{"enabledWorkflows":[]},"_links":{"self":[{"href":"https:\/\/www.oarcanjo.net\/site\/wp-json\/wp\/v2\/posts\/6519"}],"collection":[{"href":"https:\/\/www.oarcanjo.net\/site\/wp-json\/wp\/v2\/posts"}],"about":[{"href":"https:\/\/www.oarcanjo.net\/site\/wp-json\/wp\/v2\/types\/post"}],"author":[{"embeddable":true,"href":"https:\/\/www.oarcanjo.net\/site\/wp-json\/wp\/v2\/users\/14"}],"replies":[{"embeddable":true,"href":"https:\/\/www.oarcanjo.net\/site\/wp-json\/wp\/v2\/comments?post=6519"}],"version-history":[{"count":0,"href":"https:\/\/www.oarcanjo.net\/site\/wp-json\/wp\/v2\/posts\/6519\/revisions"}],"wp:attachment":[{"href":"https:\/\/www.oarcanjo.net\/site\/wp-json\/wp\/v2\/media?parent=6519"}],"wp:term":[{"taxonomy":"category","embeddable":true,"href":"https:\/\/www.oarcanjo.net\/site\/wp-json\/wp\/v2\/categories?post=6519"},{"taxonomy":"post_tag","embeddable":true,"href":"https:\/\/www.oarcanjo.net\/site\/wp-json\/wp\/v2\/tags?post=6519"}],"curies":[{"name":"wp","href":"https:\/\/api.w.org\/{rel}","templated":true}]}}