
{"id":6523,"date":"2009-12-12T00:51:07","date_gmt":"2009-12-12T02:51:07","guid":{"rendered":"http:\/\/www.oarcanjo.net\/site\/?p=6523"},"modified":"2009-12-12T15:31:25","modified_gmt":"2009-12-12T17:31:25","slug":"nossa-senhora-de-guadalupe","status":"publish","type":"post","link":"https:\/\/www.oarcanjo.net\/site\/nossa-senhora-de-guadalupe\/","title":{"rendered":"Nossa Senhora de Guadalupe"},"content":{"rendered":"<p><img decoding=\"async\" src=\"http:\/\/www.religiaocatolica.com.br\/conteudo\/aparicoes\/Imagens\/guadalupe_mx.JPG\" alt=\"\" \/><\/p>\n<p>12 de Dezembro<\/p>\n<p style=\"text-align: center\"><em><span style=\"font-size: small;font-family: Times New Roman, Times, serif\">A<strong> imagem de Nossa Senhora de Guadalupe, que \u00e9 venerada na Bas\u00edlica de Guadalupe, n\u00e3o foi pintada por m\u00e3os humanas, mas pelas m\u00e3os da pr\u00f3pria Virgem no manto do humilde \u00edndio Juan Diego.<\/strong><\/span><\/em><\/p>\n<p style=\"text-align: left\">Num s\u00e1bado, no ano de 1531, a Virgem Sant\u00edssima apareceu a um ind\u00edgena que, de seu lugarejo, caminhava para a cidade do M\u00e9xico a fim de participar da catequese e da Santa Missa enquanto estava na colina de Tepeyac, perto da capital. Este \u00edndio convertido chamava-se Juan Diego (canonizado pelo Papa Jo\u00e3o Paulo II em 2002).<\/p>\n<p>Nossa Senhora disse ent\u00e3o a Juan Diego para que fosse at\u00e9 o Bispo, pedindo que naquele lugar fosse constru\u00eddo um santu\u00e1rio para a honra e gl\u00f3ria de Deus. O Bispo local, usando de prud\u00eancia, pediu um sinal da Virgem ao ind\u00edgena que, somente na terceira apari\u00e7\u00e3o, foi concedido. Foi quando Juan Diego estava indo buscar um sacerdote para o tio doente: <em>&#8220;Escute, meu filho, n\u00e3o h\u00e1 nada que temer, n\u00e3o fique preocupado nem assustado; n\u00e3o tema esta doen\u00e7a, nem outro qualquer dissabor ou afli\u00e7\u00e3o. N\u00e3o estou eu aqui, a seu lado? Eu sou a sua M\u00e3e dadivosa. Acaso n\u00e3o o escolhi para mim e o tomei aos meus cuidados? Que deseja mais do que isto? N\u00e3o permita que nada o aflija e o perturbe. Quanto \u00e0 doen\u00e7a do seu tio, ela n\u00e3o \u00e9 mortal. Eu lhe pe\u00e7o, acredite agora mesmo, porque ele j\u00e1 est\u00e1 curado. Filho querido, essas rosas s\u00e3o o sinal que voc\u00ea vai levar ao Bispo. Diga-lhe em meu nome que, nessas rosas, ele ver\u00e1 minha vontade e a cumprir\u00e1. Voc\u00ea \u00e9 meu embaixador e merece a minha confian\u00e7a. Quando chegar diante dele, desdobre a sua &#8220;tilma&#8221; (manto) e mostre-lhe o que carrega, por\u00e9m, s\u00f3 em sua presen\u00e7a. Diga-lhe tudo o que viu e ouviu, nada omita&#8230;&#8221;<\/em><\/p>\n<p><img loading=\"lazy\" decoding=\"async\" src=\"http:\/\/oepnet.sites.uol.com.br\/guadalupe_manto.jpg\" alt=\"\" width=\"156\" height=\"112\" \/><\/p>\n<p>O Bispo viu n\u00e3o somente as rosas, mas o milagre da imagem de Nossa Senhora de Guadalupe, pintada prodigiosamente no manto do humilde ind\u00edgena. Ele levou o manto com a imagem da Virgem para a capela, e ali, em meio \u00e0s l\u00e1grimas, pediu perd\u00e3o a Nossa Senhora. Era o dia 12 de dezembro de 1531. Uma linda confirma\u00e7\u00e3o deu-se quando Juan Diego fora visitar o seu tio, que sadio narrou: <em>&#8220;Eu tamb\u00e9m a vi. Ela veio a esta casa e falou a mim. Disse-me tamb\u00e9m que desejava a constru\u00e7\u00e3o de um templo na colina de Tepeyac e que sua imagem seria chamada de &#8216;Santa Maria de Guadalupe&#8217;, embora n\u00e3o tenha explicado o porqu\u00ea&#8221;.<\/em> Diante de tudo isso muitos se converteram e o Santu\u00e1rio foi constru\u00eddo.<\/p>\n<p>O grande milagre de Nossa Senhora de Guadalupe \u00e9 a sua pr\u00f3pria imagem. O tecido, feito de cacto, n\u00e3o dura mais de 20 anos e este j\u00e1 dura h\u00e1 mais de quatro s\u00e9culos e meio. Durante 16 anos, a tela esteve totalmente desprotegida, sendo que a imagem nunca foi retocada e at\u00e9 hoje os peritos em pintura e qu\u00edmica n\u00e3o encontraram na tela nenhum sinal de corrup\u00e7\u00e3o. No ano de 1971, alguns peritos inadvertidamente deixaram cair \u00e1cido n\u00edtrico sobre toda a pintura. Pois nem a for\u00e7a de um \u00e1cido t\u00e3o corrosivo estragou ou manchou a imagem. Com a inven\u00e7\u00e3o e amplia\u00e7\u00e3o da fotografia descobriu-se que, assim como a figura das pessoas com as quais falamos se reflete em nossos olhos, da mesma forma a figura de Juan Diego, do Bispo e do int\u00e9rprete se refletiu e ficou gravada nos olhos do quadro de Nossa Senhora. Cientistas americanos chegaram \u00e0 conclus\u00e3o de que estas tr\u00eas figuras estampadas nos olhos de Nossa Senhora n\u00e3o s\u00e3o pintura, mas imagens gravadas nos olhos de uma pessoa viva.<\/p>\n<p>Disse o Papa Bento XIV, em 1754: <em>&#8220;Nela tudo \u00e9 milagroso: uma Imagem que prov\u00e9m de flores colhidas num terreno totalmente est\u00e9ril, no qual s\u00f3 podem crescer espinheiros&#8230; uma Imagem estampada numa tela t\u00e3o rala que atrav\u00e9s dela pode se enxergar o povo e a nave da Igreja&#8230; Deus n\u00e3o agiu assim com nenhuma outra na\u00e7\u00e3o&#8221;.<\/em><\/p>\n<p>Coroada em 1875 durante o Pontificado de Le\u00e3o XIII, Nossa Senhora de Guadalupe foi declarada &#8220;Padroeira de toda a Am\u00e9rica&#8221; pelo Papa Pio XII a 12 de outubro de 1945. No dia 27 de janeiro de 1979, durante sua viagem apost\u00f3lica ao M\u00e9xico, o Papa Jo\u00e3o Paulo II visitou o Santu\u00e1rio de Nossa Senhora de Guadalupe e consagrou \u00e0 M\u00e3e Sant\u00edssima toda a Am\u00e9rica Latina, da qual a Virgem de Guadalupe \u00e9 Padroeira.<\/p>\n<p>O MANTO DE GUADALUPE&#8230;<\/p>\n<p><img loading=\"lazy\" decoding=\"async\" src=\"http:\/\/cantodapaz.com.br\/images\/senhora_guadalupe_igreja.jpg\" alt=\"\" width=\"223\" height=\"311\" \/><\/p>\n<p><strong>Manto do \u00edndio exposto na Bas\u00edlica de Nossa Senhora de Guadalupe, M\u00e9xico<\/strong><\/p>\n<p><span>Descobertas no manto da Virgem de Guadalupe:<\/span><\/p>\n<p><span>1. Estudos oftalmol\u00f3gicos realizados nos olhos de Mar\u00eda tem detectado que, ao atingir a luz, a retina se contrai e, ao\u00a0retirar a luz, volta a se a\u00a0 dilatar, exatamente como ocorre em\u00a0\u00a0um olho vivo.<\/span><\/p>\n<p>2. A temperatura da fibra de maguey(tipo de planta do M\u00e9xico ) da qual\u00a0foi feita a Tilma(tecido ind\u00edgena) mantem uma temperatura constante de 36.6 graus, a mesma que no corpo de uma pessoa viva.<\/p>\n<p>3. Um dos m\u00e9dicos que analizou a Tilma colocou seu estetoscopio\u00a0debaixo da fita que Maria tem (sinal de que esta gr\u00e1vida) e escutou batidos que se repetem ritmamente em 115 pulsa\u00e7\u00f5es por minuto, igual que em um beb\u00ea no ventre materno.<\/p>\n<p>4.\u00a0 N\u00e3o se tem descoberto nenhum tra\u00e7o de pintura na tela. Na verdade, a uma distancia de 10 cent\u00edmetros da imagem, s\u00f3 se v\u00ea a tela de maguey crua: as cores desaparecem. Estudos\u00a0cient\u00edficos fracassaram em descobrir a origem da colorac\u00e3o que forma a imagem, nem a forma em que a mesma foi pintada. N\u00e3o se detectam rastros de pinceladas nem de outra t\u00e9cnica de pintura\u00a0 conhecida. Os cient\u00edstas da NASA afirmaram que o material do qual origina as cores n\u00e3o \u00e9 de nenhum dos elementos conhecidos da\u00a0Terra..<\/p>\n<p>5. Foi colocado um feixe de laser lateralmente sobre a tela, detectando-se que a colorac\u00e3o da mesma n\u00e3o est\u00e1 nem na parte da frente nem na de tr\u00e1s, mas as cores flutuam a uma dist\u00e2ncia m\u00e9dia de tr\u00eas d\u00e9cimos de mil\u00edmetro sobre o tecido, sem toca-lo. As cores flutuam no ar, sobre a superf\u00edcie da\u00a0\u00a0Tilma.<br \/>\nIsso te surpreende? Ent\u00e3o se surpreenda um pouco mais com estes outros achados:<\/p>\n<p>6. A fibra de maguey que constitui a tela da imagem, n\u00e3o\u00a0dura mais que 20 ou 30 anos. H\u00e1 varios s\u00e9culos pintaram uma r\u00e9plica da imagem em uma tela de fibra de maguey similar, e\u00a0a mesma se desintegrou despois de varias d\u00e9cadas. No entanto, j\u00e1 faz\u00a0quase 500 anos do milagre, e a imagem de Maria segue t\u00e3o firme como no primeiro dia. A ci\u00eancia n\u00e3o explica a origem da incorruptibilidade da tela.<\/p>\n<p>7\u00a0 No ano de 1791 caiu acidentalmente \u00e1cido muri\u00e1tico no\u00a0lado superior direito da tela. Em 30 dias, sem tratamento algum, se reconstituiu milagrosamente o tecido.<\/p>\n<p>8. As estrelas vis\u00edveis no manto de Maria refletem exatamente a configura\u00e7\u00e3o e posi\u00e7\u00e3o que o c\u00e9u do M\u00e9xico apresentava no dia em que se produziu o milagre.<\/p>\n<p>9. No in\u00edcio do s\u00e9culo XX, um homem escondeu uma bomba de alta pot\u00eancia num arranjo de flores, o qual colocou aos p\u00e9s da\u00a0Tilma. A explos\u00e3o destruiu tudo ao redor, menos a Tilma, que permaneceu em perfeito estado de conservac\u00e3o.<\/p>\n<p>10. A ci\u00eancia descobriu que os olhos de Maria tem os tr\u00eas efeitos de refra\u00e7\u00e3o da imagem em um olho humano.<\/p>\n<p>11. Nos olhos de Mar\u00eda (de apenas 7 e 8 mm) descobriram pequenas imagens humanas, que nenhum artista poderia pintar. S\u00e3o duas cenas e as duas se repetem em ambos os olhos. A imagem do bispo Zum\u00e1rraga nos olhos de Mar\u00eda foi alargada atrav\u00e9s de tecnolog\u00eda digital, revelando que em seus olhos est\u00e1 retratada a imagen do indio Juan Diego, abrindo sua Tilma frente ao bispo.<\/p>\n<p><span> <\/span><\/p>\n<p><span><img loading=\"lazy\" decoding=\"async\" class=\"aligncenter size-full wp-image-6529\" src=\"http:\/\/www.oarcanjo.net\/site\/wp-content\/uploads\/NossaSenhoradeGuadalupe021.jpg\" alt=\"NossaSenhoradeGuadalupe02[1]\" width=\"215\" height=\"137\" \/><\/span><\/p>\n<p><span>Talvez o que mais intriga os cientistas sobre o manto de Nossa Senhora de Guadalupe s\u00e3o os olhos dela. Com efeito, desde que em 1929 o fot\u00f3grafo Alfonso Marcu\u00e9 Gonzalez descobriu uma figura min\u00fascula no olho direito, n\u00e3o cessam de aparecer as surpresas. Devemos primeiro ter em vista que os olhos da imagem s\u00e3o muito pequenos, e as pupilas deles, naturalmente ainda menores. Nessa superf\u00edcie de apenas 8 mil\u00edmetros de di\u00e2metro aparecem nada menos de 13 figuras! O cientista Jos\u00e9 Aste Tonsmann, engenheiro de sistemas da Universidade de Cornell e especialista da IBM no processamento digital de imagens, d\u00e1 tr\u00eas motivos pelos quais essas imagens n\u00e3o podem ser obra humana:<\/span><\/p>\n<p><span>\u2022 Primeiro, porque elas n\u00e3o s\u00e3o vis\u00edveis para o olho humano, salvo a figura maior, de um espanhol. Ningu\u00e9m poderia pintar silhuetas t\u00e3o pequenas;<\/span><\/p>\n<p><span>\u2022 Em segundo lugar, n\u00e3o se consegue averiguar quais materiais foram utilizados para formar as figuras. Toda a imagem da Virgem n\u00e3o est\u00e1 pintada, e ningu\u00e9m sabe como foi estampada no manto de Juan Diego;<\/span><\/p>\n<p><span>\u2022 Em terceiro lugar, as treze figuras se repetem nos dois olhos. E o tamanho de cada uma delas depende da dist\u00e2ncia do personagem em rela\u00e7\u00e3o ao olho esquerdo ou direito da Virgem.<\/span><\/p>\n<p><span>Esse engenheiro ficou seriamente comovido ao descobrir que, assim como os olhos da Virgem refletem as pessoas diante dela, os olhos de uma das figuras refletidas, a do bispo Zum\u00e1rraga, refletem por sua vez a figura do \u00edndio Juan Diego abrindo sua tilma e mostrando a imagem da Virgem. Qual o tamanho desta imagem? Um quarto de m\u00edcron, ou seja, um mil\u00edmetro dividido em quatro milh\u00f5es de vezes. Quem poderia pintar uma figura de tamanho t\u00e3o microsc\u00f3pico? Mais ainda, no s\u00e9culo XVI&#8230;<\/span><\/p>\n<p><span><strong><em>.&#8221;Guadalupe&#8221; significa no idioma ind\u00edgena: \u201cesmaga a cabe\u00e7a da serpente&#8221;.<br \/>\nExatamente o\u00a0 evangelho em G\u00eanesis 3:15:\u00a0Mar\u00eda, vencedora do maligno.<\/em><\/strong><br \/>\n<\/span><\/p>\n<p><object width=\"480\" height=\"385\"><param name=\"movie\" value=\"http:\/\/www.youtube.com\/v\/iXM3gAJvDZw&#038;hl=pt_BR&#038;fs=1&#038;rel=0&#038;color1=0xe1600f&#038;color2=0xfebd01\"><\/param><param name=\"allowFullScreen\" value=\"true\"><\/param><param name=\"allowscriptaccess\" value=\"always\"><\/param><embed src=\"http:\/\/www.youtube.com\/v\/iXM3gAJvDZw&#038;hl=pt_BR&#038;fs=1&#038;rel=0&#038;color1=0xe1600f&#038;color2=0xfebd01\" type=\"application\/x-shockwave-flash\" allowscriptaccess=\"always\" allowfullscreen=\"true\" width=\"480\" height=\"385\"><\/embed><\/object><\/p>\n<div id=\"themify_builder_content-6523\" data-postid=\"6523\" class=\"themify_builder_content themify_builder_content-6523 themify_builder themify_builder_front\">\n\t<\/div>\n<!-- \/themify_builder_content -->","protected":false},"excerpt":{"rendered":"<p>12 de Dezembro A imagem de Nossa Senhora de Guadalupe, que \u00e9 venerada na Bas\u00edlica de Guadalupe, n\u00e3o foi pintada por m\u00e3os humanas, mas pelas m\u00e3os da pr\u00f3pria Virgem no manto do humilde \u00edndio Juan Diego. Num s\u00e1bado, no ano de 1531, a Virgem Sant\u00edssima apareceu a um ind\u00edgena que, de seu lugarejo, caminhava para [&hellip;]<\/p>\n","protected":false},"author":14,"featured_media":0,"comment_status":"open","ping_status":"open","sticky":false,"template":"","format":"standard","meta":{"ngg_post_thumbnail":0,"footnotes":""},"categories":[186],"tags":[144,1346,349,46],"yoast_head":"<!-- This site is optimized with the Yoast SEO plugin v23.5 - https:\/\/yoast.com\/wordpress\/plugins\/seo\/ -->\n<title>Nossa Senhora de Guadalupe - O Arcanjo no ar<\/title>\n<meta name=\"robots\" content=\"index, follow, max-snippet:-1, max-image-preview:large, max-video-preview:-1\" \/>\n<link rel=\"canonical\" href=\"https:\/\/www.oarcanjo.net\/site\/nossa-senhora-de-guadalupe\/\" \/>\n<meta property=\"og:locale\" content=\"pt_BR\" \/>\n<meta property=\"og:type\" content=\"article\" \/>\n<meta property=\"og:title\" content=\"Nossa Senhora de Guadalupe - O Arcanjo no ar\" \/>\n<meta property=\"og:description\" content=\"12 de Dezembro A imagem de Nossa Senhora de Guadalupe, que \u00e9 venerada na Bas\u00edlica de Guadalupe, n\u00e3o foi pintada por m\u00e3os humanas, mas pelas m\u00e3os da pr\u00f3pria Virgem no manto do humilde \u00edndio Juan Diego. Num s\u00e1bado, no ano de 1531, a Virgem Sant\u00edssima apareceu a um ind\u00edgena que, de seu lugarejo, caminhava para [&hellip;]\" \/>\n<meta property=\"og:url\" content=\"https:\/\/www.oarcanjo.net\/site\/nossa-senhora-de-guadalupe\/\" \/>\n<meta property=\"og:site_name\" content=\"O Arcanjo no ar\" \/>\n<meta property=\"article:publisher\" content=\"https:\/\/www.facebook.com\/OArcanjoNoAr\/\" \/>\n<meta property=\"article:published_time\" content=\"2009-12-12T02:51:07+00:00\" \/>\n<meta property=\"article:modified_time\" content=\"2009-12-12T17:31:25+00:00\" \/>\n<meta property=\"og:image\" content=\"http:\/\/www.religiaocatolica.com.br\/conteudo\/aparicoes\/Imagens\/guadalupe_mx.JPG\" \/>\n<meta name=\"author\" content=\"danilo\" \/>\n<meta name=\"twitter:card\" content=\"summary_large_image\" \/>\n<meta name=\"twitter:label1\" content=\"Escrito por\" \/>\n\t<meta name=\"twitter:data1\" content=\"danilo\" \/>\n\t<meta name=\"twitter:label2\" content=\"Est. tempo de leitura\" \/>\n\t<meta name=\"twitter:data2\" content=\"8 minutos\" \/>\n<script type=\"application\/ld+json\" class=\"yoast-schema-graph\">{\"@context\":\"https:\/\/schema.org\",\"@graph\":[{\"@type\":\"Article\",\"@id\":\"https:\/\/www.oarcanjo.net\/site\/nossa-senhora-de-guadalupe\/#article\",\"isPartOf\":{\"@id\":\"https:\/\/www.oarcanjo.net\/site\/nossa-senhora-de-guadalupe\/\"},\"author\":{\"name\":\"danilo\",\"@id\":\"https:\/\/www.oarcanjo.net\/site\/#\/schema\/person\/5eb9480bedd2f3c97e430ce128c29c6c\"},\"headline\":\"Nossa Senhora de Guadalupe\",\"datePublished\":\"2009-12-12T02:51:07+00:00\",\"dateModified\":\"2009-12-12T17:31:25+00:00\",\"mainEntityOfPage\":{\"@id\":\"https:\/\/www.oarcanjo.net\/site\/nossa-senhora-de-guadalupe\/\"},\"wordCount\":1698,\"commentCount\":3,\"publisher\":{\"@id\":\"https:\/\/www.oarcanjo.net\/site\/#organization\"},\"image\":{\"@id\":\"https:\/\/www.oarcanjo.net\/site\/nossa-senhora-de-guadalupe\/#primaryimage\"},\"thumbnailUrl\":\"http:\/\/www.religiaocatolica.com.br\/conteudo\/aparicoes\/Imagens\/guadalupe_mx.JPG\",\"keywords\":[\"Guadalupe\",\"Juan Diego\",\"Maria\",\"nossa senhora\"],\"articleSection\":[\"Testemunhos\"],\"inLanguage\":\"pt-BR\",\"potentialAction\":[{\"@type\":\"CommentAction\",\"name\":\"Comment\",\"target\":[\"https:\/\/www.oarcanjo.net\/site\/nossa-senhora-de-guadalupe\/#respond\"]}]},{\"@type\":\"WebPage\",\"@id\":\"https:\/\/www.oarcanjo.net\/site\/nossa-senhora-de-guadalupe\/\",\"url\":\"https:\/\/www.oarcanjo.net\/site\/nossa-senhora-de-guadalupe\/\",\"name\":\"Nossa Senhora de Guadalupe - O Arcanjo no ar\",\"isPartOf\":{\"@id\":\"https:\/\/www.oarcanjo.net\/site\/#website\"},\"primaryImageOfPage\":{\"@id\":\"https:\/\/www.oarcanjo.net\/site\/nossa-senhora-de-guadalupe\/#primaryimage\"},\"image\":{\"@id\":\"https:\/\/www.oarcanjo.net\/site\/nossa-senhora-de-guadalupe\/#primaryimage\"},\"thumbnailUrl\":\"http:\/\/www.religiaocatolica.com.br\/conteudo\/aparicoes\/Imagens\/guadalupe_mx.JPG\",\"datePublished\":\"2009-12-12T02:51:07+00:00\",\"dateModified\":\"2009-12-12T17:31:25+00:00\",\"breadcrumb\":{\"@id\":\"https:\/\/www.oarcanjo.net\/site\/nossa-senhora-de-guadalupe\/#breadcrumb\"},\"inLanguage\":\"pt-BR\",\"potentialAction\":[{\"@type\":\"ReadAction\",\"target\":[\"https:\/\/www.oarcanjo.net\/site\/nossa-senhora-de-guadalupe\/\"]}]},{\"@type\":\"ImageObject\",\"inLanguage\":\"pt-BR\",\"@id\":\"https:\/\/www.oarcanjo.net\/site\/nossa-senhora-de-guadalupe\/#primaryimage\",\"url\":\"http:\/\/www.religiaocatolica.com.br\/conteudo\/aparicoes\/Imagens\/guadalupe_mx.JPG\",\"contentUrl\":\"http:\/\/www.religiaocatolica.com.br\/conteudo\/aparicoes\/Imagens\/guadalupe_mx.JPG\"},{\"@type\":\"BreadcrumbList\",\"@id\":\"https:\/\/www.oarcanjo.net\/site\/nossa-senhora-de-guadalupe\/#breadcrumb\",\"itemListElement\":[{\"@type\":\"ListItem\",\"position\":1,\"name\":\"In\u00edcio\",\"item\":\"https:\/\/www.oarcanjo.net\/site\/\"},{\"@type\":\"ListItem\",\"position\":2,\"name\":\"Nossa Senhora de Guadalupe\"}]},{\"@type\":\"WebSite\",\"@id\":\"https:\/\/www.oarcanjo.net\/site\/#website\",\"url\":\"https:\/\/www.oarcanjo.net\/site\/\",\"name\":\"O Arcanjo no ar\",\"description\":\"Site da Par\u00f3quia S\u00e3o Miguel Arcanjo (Arquidiocese de SP)\",\"publisher\":{\"@id\":\"https:\/\/www.oarcanjo.net\/site\/#organization\"},\"potentialAction\":[{\"@type\":\"SearchAction\",\"target\":{\"@type\":\"EntryPoint\",\"urlTemplate\":\"https:\/\/www.oarcanjo.net\/site\/?s={search_term_string}\"},\"query-input\":{\"@type\":\"PropertyValueSpecification\",\"valueRequired\":true,\"valueName\":\"search_term_string\"}}],\"inLanguage\":\"pt-BR\"},{\"@type\":\"Organization\",\"@id\":\"https:\/\/www.oarcanjo.net\/site\/#organization\",\"name\":\"Par\u00f3quia S\u00e3o Miguel Arcanjo\",\"url\":\"https:\/\/www.oarcanjo.net\/site\/\",\"logo\":{\"@type\":\"ImageObject\",\"inLanguage\":\"pt-BR\",\"@id\":\"https:\/\/www.oarcanjo.net\/site\/#\/schema\/logo\/image\/\",\"url\":\"https:\/\/www.oarcanjo.net\/site\/wp-content\/uploads\/LogoOArcanjo.png\",\"contentUrl\":\"https:\/\/www.oarcanjo.net\/site\/wp-content\/uploads\/LogoOArcanjo.png\",\"width\":319,\"height\":99,\"caption\":\"Par\u00f3quia S\u00e3o Miguel Arcanjo\"},\"image\":{\"@id\":\"https:\/\/www.oarcanjo.net\/site\/#\/schema\/logo\/image\/\"},\"sameAs\":[\"https:\/\/www.facebook.com\/OArcanjoNoAr\/\"]},{\"@type\":\"Person\",\"@id\":\"https:\/\/www.oarcanjo.net\/site\/#\/schema\/person\/5eb9480bedd2f3c97e430ce128c29c6c\",\"name\":\"danilo\"}]}<\/script>\n<!-- \/ Yoast SEO plugin. -->","yoast_head_json":{"title":"Nossa Senhora de Guadalupe - O Arcanjo no ar","robots":{"index":"index","follow":"follow","max-snippet":"max-snippet:-1","max-image-preview":"max-image-preview:large","max-video-preview":"max-video-preview:-1"},"canonical":"https:\/\/www.oarcanjo.net\/site\/nossa-senhora-de-guadalupe\/","og_locale":"pt_BR","og_type":"article","og_title":"Nossa Senhora de Guadalupe - O Arcanjo no ar","og_description":"12 de Dezembro A imagem de Nossa Senhora de Guadalupe, que \u00e9 venerada na Bas\u00edlica de Guadalupe, n\u00e3o foi pintada por m\u00e3os humanas, mas pelas m\u00e3os da pr\u00f3pria Virgem no manto do humilde \u00edndio Juan Diego. Num s\u00e1bado, no ano de 1531, a Virgem Sant\u00edssima apareceu a um ind\u00edgena que, de seu lugarejo, caminhava para [&hellip;]","og_url":"https:\/\/www.oarcanjo.net\/site\/nossa-senhora-de-guadalupe\/","og_site_name":"O Arcanjo no ar","article_publisher":"https:\/\/www.facebook.com\/OArcanjoNoAr\/","article_published_time":"2009-12-12T02:51:07+00:00","article_modified_time":"2009-12-12T17:31:25+00:00","og_image":[{"url":"http:\/\/www.religiaocatolica.com.br\/conteudo\/aparicoes\/Imagens\/guadalupe_mx.JPG"}],"author":"danilo","twitter_card":"summary_large_image","twitter_misc":{"Escrito por":"danilo","Est. tempo de leitura":"8 minutos"},"schema":{"@context":"https:\/\/schema.org","@graph":[{"@type":"Article","@id":"https:\/\/www.oarcanjo.net\/site\/nossa-senhora-de-guadalupe\/#article","isPartOf":{"@id":"https:\/\/www.oarcanjo.net\/site\/nossa-senhora-de-guadalupe\/"},"author":{"name":"danilo","@id":"https:\/\/www.oarcanjo.net\/site\/#\/schema\/person\/5eb9480bedd2f3c97e430ce128c29c6c"},"headline":"Nossa Senhora de Guadalupe","datePublished":"2009-12-12T02:51:07+00:00","dateModified":"2009-12-12T17:31:25+00:00","mainEntityOfPage":{"@id":"https:\/\/www.oarcanjo.net\/site\/nossa-senhora-de-guadalupe\/"},"wordCount":1698,"commentCount":3,"publisher":{"@id":"https:\/\/www.oarcanjo.net\/site\/#organization"},"image":{"@id":"https:\/\/www.oarcanjo.net\/site\/nossa-senhora-de-guadalupe\/#primaryimage"},"thumbnailUrl":"http:\/\/www.religiaocatolica.com.br\/conteudo\/aparicoes\/Imagens\/guadalupe_mx.JPG","keywords":["Guadalupe","Juan Diego","Maria","nossa senhora"],"articleSection":["Testemunhos"],"inLanguage":"pt-BR","potentialAction":[{"@type":"CommentAction","name":"Comment","target":["https:\/\/www.oarcanjo.net\/site\/nossa-senhora-de-guadalupe\/#respond"]}]},{"@type":"WebPage","@id":"https:\/\/www.oarcanjo.net\/site\/nossa-senhora-de-guadalupe\/","url":"https:\/\/www.oarcanjo.net\/site\/nossa-senhora-de-guadalupe\/","name":"Nossa Senhora de Guadalupe - O Arcanjo no ar","isPartOf":{"@id":"https:\/\/www.oarcanjo.net\/site\/#website"},"primaryImageOfPage":{"@id":"https:\/\/www.oarcanjo.net\/site\/nossa-senhora-de-guadalupe\/#primaryimage"},"image":{"@id":"https:\/\/www.oarcanjo.net\/site\/nossa-senhora-de-guadalupe\/#primaryimage"},"thumbnailUrl":"http:\/\/www.religiaocatolica.com.br\/conteudo\/aparicoes\/Imagens\/guadalupe_mx.JPG","datePublished":"2009-12-12T02:51:07+00:00","dateModified":"2009-12-12T17:31:25+00:00","breadcrumb":{"@id":"https:\/\/www.oarcanjo.net\/site\/nossa-senhora-de-guadalupe\/#breadcrumb"},"inLanguage":"pt-BR","potentialAction":[{"@type":"ReadAction","target":["https:\/\/www.oarcanjo.net\/site\/nossa-senhora-de-guadalupe\/"]}]},{"@type":"ImageObject","inLanguage":"pt-BR","@id":"https:\/\/www.oarcanjo.net\/site\/nossa-senhora-de-guadalupe\/#primaryimage","url":"http:\/\/www.religiaocatolica.com.br\/conteudo\/aparicoes\/Imagens\/guadalupe_mx.JPG","contentUrl":"http:\/\/www.religiaocatolica.com.br\/conteudo\/aparicoes\/Imagens\/guadalupe_mx.JPG"},{"@type":"BreadcrumbList","@id":"https:\/\/www.oarcanjo.net\/site\/nossa-senhora-de-guadalupe\/#breadcrumb","itemListElement":[{"@type":"ListItem","position":1,"name":"In\u00edcio","item":"https:\/\/www.oarcanjo.net\/site\/"},{"@type":"ListItem","position":2,"name":"Nossa Senhora de Guadalupe"}]},{"@type":"WebSite","@id":"https:\/\/www.oarcanjo.net\/site\/#website","url":"https:\/\/www.oarcanjo.net\/site\/","name":"O Arcanjo no ar","description":"Site da Par\u00f3quia S\u00e3o Miguel Arcanjo (Arquidiocese de SP)","publisher":{"@id":"https:\/\/www.oarcanjo.net\/site\/#organization"},"potentialAction":[{"@type":"SearchAction","target":{"@type":"EntryPoint","urlTemplate":"https:\/\/www.oarcanjo.net\/site\/?s={search_term_string}"},"query-input":{"@type":"PropertyValueSpecification","valueRequired":true,"valueName":"search_term_string"}}],"inLanguage":"pt-BR"},{"@type":"Organization","@id":"https:\/\/www.oarcanjo.net\/site\/#organization","name":"Par\u00f3quia S\u00e3o Miguel Arcanjo","url":"https:\/\/www.oarcanjo.net\/site\/","logo":{"@type":"ImageObject","inLanguage":"pt-BR","@id":"https:\/\/www.oarcanjo.net\/site\/#\/schema\/logo\/image\/","url":"https:\/\/www.oarcanjo.net\/site\/wp-content\/uploads\/LogoOArcanjo.png","contentUrl":"https:\/\/www.oarcanjo.net\/site\/wp-content\/uploads\/LogoOArcanjo.png","width":319,"height":99,"caption":"Par\u00f3quia S\u00e3o Miguel Arcanjo"},"image":{"@id":"https:\/\/www.oarcanjo.net\/site\/#\/schema\/logo\/image\/"},"sameAs":["https:\/\/www.facebook.com\/OArcanjoNoAr\/"]},{"@type":"Person","@id":"https:\/\/www.oarcanjo.net\/site\/#\/schema\/person\/5eb9480bedd2f3c97e430ce128c29c6c","name":"danilo"}]}},"publishpress_future_action":{"enabled":false,"date":"2026-05-08 08:08:33","action":"category","newStatus":"draft","terms":[],"taxonomy":"category"},"publishpress_future_workflow_manual_trigger":{"enabledWorkflows":[]},"_links":{"self":[{"href":"https:\/\/www.oarcanjo.net\/site\/wp-json\/wp\/v2\/posts\/6523"}],"collection":[{"href":"https:\/\/www.oarcanjo.net\/site\/wp-json\/wp\/v2\/posts"}],"about":[{"href":"https:\/\/www.oarcanjo.net\/site\/wp-json\/wp\/v2\/types\/post"}],"author":[{"embeddable":true,"href":"https:\/\/www.oarcanjo.net\/site\/wp-json\/wp\/v2\/users\/14"}],"replies":[{"embeddable":true,"href":"https:\/\/www.oarcanjo.net\/site\/wp-json\/wp\/v2\/comments?post=6523"}],"version-history":[{"count":0,"href":"https:\/\/www.oarcanjo.net\/site\/wp-json\/wp\/v2\/posts\/6523\/revisions"}],"wp:attachment":[{"href":"https:\/\/www.oarcanjo.net\/site\/wp-json\/wp\/v2\/media?parent=6523"}],"wp:term":[{"taxonomy":"category","embeddable":true,"href":"https:\/\/www.oarcanjo.net\/site\/wp-json\/wp\/v2\/categories?post=6523"},{"taxonomy":"post_tag","embeddable":true,"href":"https:\/\/www.oarcanjo.net\/site\/wp-json\/wp\/v2\/tags?post=6523"}],"curies":[{"name":"wp","href":"https:\/\/api.w.org\/{rel}","templated":true}]}}