
{"id":6541,"date":"2014-12-13T00:11:07","date_gmt":"2014-12-13T02:11:07","guid":{"rendered":"http:\/\/www.oarcanjo.net\/site\/?p=6541"},"modified":"2014-11-11T11:15:44","modified_gmt":"2014-11-11T13:15:44","slug":"santa-otilia-ou-odila","status":"publish","type":"post","link":"https:\/\/www.oarcanjo.net\/site\/santa-otilia-ou-odila\/","title":{"rendered":"Santa Ot\u00edlia ou Odila"},"content":{"rendered":"<p><img loading=\"lazy\" decoding=\"async\" class=\"aligncenter size-full wp-image-6542\" src=\"http:\/\/www.oarcanjo.net\/site\/wp-content\/uploads\/santa-otilia.jpg\" alt=\"santa otilia\" width=\"81\" height=\"103\" \/><\/p>\n<p>13 de Dezembro<\/p>\n<p>A regi\u00e3o da Als\u00e1cia sempre foi muito disputada, pertencendo primeiro ao Imp\u00e9rio Romano, depois ora \u00e0 Alemanha, ora \u00e0 Fran\u00e7a. No s\u00e9culo VII, a Als\u00e1cia era um ducado da Alemanha. Na \u00e9poca, o senhor do local era Aldarico, que desejava muito um filho para ser o sucessor e herdeiro da sua rica cidade. O duque era rec\u00e9m-batizado, ainda n\u00e3o era um crist\u00e3o muito rigoroso. No entanto era generoso e aprovava a caridade feita pela esposa, Benvinda, de fato uma fiel crist\u00e3.<\/p>\n<p>Quando Aldarico recebeu a not\u00edcia de que sua esposa teria um filho, ficou euf\u00f3rico. Por\u00e9m, ao saber que nascera uma menina cega, expulsou a herdeira do castelo. A crian\u00e7a foi entregue \u00e0s religiosas de um mosteiro, onde foi educada. Um dia, elas receberam o bispo Heraldo, dizendo que um anjo, em sonho, lhe dera a ordem de ir \u00e0quele mosteiro para batizar uma menina. Apresentaram a pequena cega, que ele batizou com o nome de Od\u00edlia, que significa &#8220;luz de Deus&#8221;. No momento do sacramento, o bispo disse: &#8220;Que os teus olhos do corpo se abram, como foram abertos os teus olhos da alma&#8221;. Od\u00edlia passou a enxergar e recebeu o dom da profecia. Assim, depois se tornou uma das maiores m\u00edsticas crist\u00e3s, com previs\u00f5es que impressionam ainda hoje. Em especial, aquelas da Segunda Guerra Mundial, descritas com riqueza de detalhes.<\/p>\n<p>Os registros mostram que, posteriormente, ela passou a ser chamada por Ot\u00edlia. E que o pr\u00f3prio bispo foi pedir para Aldarico receber a filha no castelo. Aldarico s\u00f3 concordou porque j\u00e1 tinha nascido Hugo, irm\u00e3o mais novo de Ot\u00edlia, o qual intercedeu a seu favor. Aos poucos, ela cativou o cora\u00e7\u00e3o de seu pai, com sua delicadeza, e comovente generosidade. Arrependido do que lhe fizera, com verdadeiro amor de pai, quis compens\u00e1-la com um bom casamento. Quando soube dessa inten\u00e7\u00e3o, Ot\u00edlia fugiu, pois queria seguir a vida religiosa. Nesse momento, Aldarico se converteu, comovido com a atitude da filha. Mandou expedir um decreto dizendo que estava perdoada, que podia seguir sua voca\u00e7\u00e3o crist\u00e3 e que fundaria um mosteiro para ela.<\/p>\n<p>Foi assim que o belo castelo de Hohenbourg, no alto de uma montanha \u00e0s margens do rio Reno, se tornou mosteiro. A primeira abadessa foi Ot\u00edlia, com muitas religiosas sempre ingressando nele. Como elas atendiam todos os pobres, principalmente os doentes incur\u00e1veis e abandonados, logo a abadessa fundou ali um hospital. Mais tarde, at\u00e9 Aldarico e Benvinda ingressaram no mosteiro, onde morreram amparados pelos cuidados da futura santa e amada filha. Os castelos herdados, Ot\u00edlia transformou-os em hospitais e mosteiros.<\/p>\n<p>Depois de muitos anos dedicados \u00e0 ora\u00e7\u00e3o, penit\u00eancia e a caridade, administrando incansavelmente a imensa obra, Ot\u00edlia morreu serena e em paz. Era o dia 13 de dezembro de um ano incerto, no final do s\u00e9culo VII. Foi sepultada no seu mosteiro de Hohenbourg, ao lado da fonte que fizera brotar com suas ora\u00e7\u00f5es, quando o mosteiro ficara sem \u00e1gua. Desde ent\u00e3o, por sua intercess\u00e3o os devotos enfermos que molham os olhos com essa \u00e1gua conseguem a gra\u00e7a da cura. O local se tornou um santu\u00e1rio em 1807, quando o papa Pio VII autorizou seu culto, declarando-a santa, para ser festejada na data de sua morte.<\/p>\n<p>Todos os imperadores alem\u00e3es, desde Carlo Magno no ano 800, lhe renderam homenagens. At\u00e9 o papa S\u00e3o Le\u00e3o IX e o rei Ricardo I da Inglaterra foram, em peregrina\u00e7\u00e3o, visitar seu t\u00famulo. Santa Ot\u00edlia \u00e9 intensamente venerada como protetora dos doentes da vis\u00e3o, dos cegos e dos m\u00e9dicos oftalmologistas, principalmente entre os povos de origem alem\u00e3. A Igreja a declarou padroeira da Als\u00e1cia, atual territ\u00f3rio franc\u00eas.<\/p>\n<p>Os mosteiros e os hospitais fundados por ela foram entregues aos monges beneditinos, que mantiveram a finalidade inicial dada por santa Ot\u00edlia: a assist\u00eancia aos pobres e doentes incur\u00e1veis. E fizeram florescer uma vigorosa e robusta Congrega\u00e7\u00e3o religiosa espalhada pelos cinco continentes.<\/p>\n<div id=\"themify_builder_content-6541\" data-postid=\"6541\" class=\"themify_builder_content themify_builder_content-6541 themify_builder themify_builder_front\">\n\t<\/div>\n<!-- \/themify_builder_content -->","protected":false},"excerpt":{"rendered":"<p>13 de Dezembro A regi\u00e3o da Als\u00e1cia sempre foi muito disputada, pertencendo primeiro ao Imp\u00e9rio Romano, depois ora \u00e0 Alemanha, ora \u00e0 Fran\u00e7a. No s\u00e9culo VII, a Als\u00e1cia era um ducado da Alemanha. Na \u00e9poca, o senhor do local era Aldarico, que desejava muito um filho para ser o sucessor e herdeiro da sua rica [&hellip;]<\/p>\n","protected":false},"author":14,"featured_media":0,"comment_status":"open","ping_status":"open","sticky":false,"template":"","format":"standard","meta":{"ngg_post_thumbnail":0,"footnotes":""},"categories":[186],"tags":[],"yoast_head":"<!-- This site is optimized with the Yoast SEO plugin v23.5 - https:\/\/yoast.com\/wordpress\/plugins\/seo\/ -->\n<title>Santa Ot\u00edlia ou Odila - O Arcanjo no ar<\/title>\n<meta name=\"robots\" content=\"index, follow, max-snippet:-1, max-image-preview:large, max-video-preview:-1\" \/>\n<link rel=\"canonical\" href=\"https:\/\/www.oarcanjo.net\/site\/santa-otilia-ou-odila\/\" \/>\n<meta property=\"og:locale\" content=\"pt_BR\" \/>\n<meta property=\"og:type\" content=\"article\" \/>\n<meta property=\"og:title\" content=\"Santa Ot\u00edlia ou Odila - O Arcanjo no ar\" \/>\n<meta property=\"og:description\" content=\"13 de Dezembro A regi\u00e3o da Als\u00e1cia sempre foi muito disputada, pertencendo primeiro ao Imp\u00e9rio Romano, depois ora \u00e0 Alemanha, ora \u00e0 Fran\u00e7a. No s\u00e9culo VII, a Als\u00e1cia era um ducado da Alemanha. Na \u00e9poca, o senhor do local era Aldarico, que desejava muito um filho para ser o sucessor e herdeiro da sua rica [&hellip;]\" \/>\n<meta property=\"og:url\" content=\"https:\/\/www.oarcanjo.net\/site\/santa-otilia-ou-odila\/\" \/>\n<meta property=\"og:site_name\" content=\"O Arcanjo no ar\" \/>\n<meta property=\"article:publisher\" content=\"https:\/\/www.facebook.com\/OArcanjoNoAr\/\" \/>\n<meta property=\"article:published_time\" content=\"2014-12-13T02:11:07+00:00\" \/>\n<meta property=\"article:modified_time\" content=\"2014-11-11T13:15:44+00:00\" \/>\n<meta property=\"og:image\" content=\"http:\/\/www.oarcanjo.net\/site\/wp-content\/uploads\/santa-otilia.jpg\" \/>\n<meta name=\"author\" content=\"danilo\" \/>\n<meta name=\"twitter:card\" content=\"summary_large_image\" \/>\n<meta name=\"twitter:label1\" content=\"Escrito por\" \/>\n\t<meta name=\"twitter:data1\" content=\"danilo\" \/>\n\t<meta name=\"twitter:label2\" content=\"Est. tempo de leitura\" \/>\n\t<meta name=\"twitter:data2\" content=\"3 minutos\" \/>\n<script type=\"application\/ld+json\" class=\"yoast-schema-graph\">{\"@context\":\"https:\/\/schema.org\",\"@graph\":[{\"@type\":\"Article\",\"@id\":\"https:\/\/www.oarcanjo.net\/site\/santa-otilia-ou-odila\/#article\",\"isPartOf\":{\"@id\":\"https:\/\/www.oarcanjo.net\/site\/santa-otilia-ou-odila\/\"},\"author\":{\"name\":\"danilo\",\"@id\":\"https:\/\/www.oarcanjo.net\/site\/#\/schema\/person\/5eb9480bedd2f3c97e430ce128c29c6c\"},\"headline\":\"Santa Ot\u00edlia ou Odila\",\"datePublished\":\"2014-12-13T02:11:07+00:00\",\"dateModified\":\"2014-11-11T13:15:44+00:00\",\"mainEntityOfPage\":{\"@id\":\"https:\/\/www.oarcanjo.net\/site\/santa-otilia-ou-odila\/\"},\"wordCount\":690,\"commentCount\":0,\"publisher\":{\"@id\":\"https:\/\/www.oarcanjo.net\/site\/#organization\"},\"image\":{\"@id\":\"https:\/\/www.oarcanjo.net\/site\/santa-otilia-ou-odila\/#primaryimage\"},\"thumbnailUrl\":\"http:\/\/www.oarcanjo.net\/site\/wp-content\/uploads\/santa-otilia.jpg\",\"articleSection\":[\"Testemunhos\"],\"inLanguage\":\"pt-BR\",\"potentialAction\":[{\"@type\":\"CommentAction\",\"name\":\"Comment\",\"target\":[\"https:\/\/www.oarcanjo.net\/site\/santa-otilia-ou-odila\/#respond\"]}]},{\"@type\":\"WebPage\",\"@id\":\"https:\/\/www.oarcanjo.net\/site\/santa-otilia-ou-odila\/\",\"url\":\"https:\/\/www.oarcanjo.net\/site\/santa-otilia-ou-odila\/\",\"name\":\"Santa Ot\u00edlia ou Odila - O Arcanjo no ar\",\"isPartOf\":{\"@id\":\"https:\/\/www.oarcanjo.net\/site\/#website\"},\"primaryImageOfPage\":{\"@id\":\"https:\/\/www.oarcanjo.net\/site\/santa-otilia-ou-odila\/#primaryimage\"},\"image\":{\"@id\":\"https:\/\/www.oarcanjo.net\/site\/santa-otilia-ou-odila\/#primaryimage\"},\"thumbnailUrl\":\"http:\/\/www.oarcanjo.net\/site\/wp-content\/uploads\/santa-otilia.jpg\",\"datePublished\":\"2014-12-13T02:11:07+00:00\",\"dateModified\":\"2014-11-11T13:15:44+00:00\",\"breadcrumb\":{\"@id\":\"https:\/\/www.oarcanjo.net\/site\/santa-otilia-ou-odila\/#breadcrumb\"},\"inLanguage\":\"pt-BR\",\"potentialAction\":[{\"@type\":\"ReadAction\",\"target\":[\"https:\/\/www.oarcanjo.net\/site\/santa-otilia-ou-odila\/\"]}]},{\"@type\":\"ImageObject\",\"inLanguage\":\"pt-BR\",\"@id\":\"https:\/\/www.oarcanjo.net\/site\/santa-otilia-ou-odila\/#primaryimage\",\"url\":\"https:\/\/www.oarcanjo.net\/site\/wp-content\/uploads\/santa-otilia.jpg\",\"contentUrl\":\"https:\/\/www.oarcanjo.net\/site\/wp-content\/uploads\/santa-otilia.jpg\",\"width\":\"81\",\"height\":\"103\"},{\"@type\":\"BreadcrumbList\",\"@id\":\"https:\/\/www.oarcanjo.net\/site\/santa-otilia-ou-odila\/#breadcrumb\",\"itemListElement\":[{\"@type\":\"ListItem\",\"position\":1,\"name\":\"In\u00edcio\",\"item\":\"https:\/\/www.oarcanjo.net\/site\/\"},{\"@type\":\"ListItem\",\"position\":2,\"name\":\"Santa Ot\u00edlia ou Odila\"}]},{\"@type\":\"WebSite\",\"@id\":\"https:\/\/www.oarcanjo.net\/site\/#website\",\"url\":\"https:\/\/www.oarcanjo.net\/site\/\",\"name\":\"O Arcanjo no ar\",\"description\":\"Site da Par\u00f3quia S\u00e3o Miguel Arcanjo (Arquidiocese de SP)\",\"publisher\":{\"@id\":\"https:\/\/www.oarcanjo.net\/site\/#organization\"},\"potentialAction\":[{\"@type\":\"SearchAction\",\"target\":{\"@type\":\"EntryPoint\",\"urlTemplate\":\"https:\/\/www.oarcanjo.net\/site\/?s={search_term_string}\"},\"query-input\":{\"@type\":\"PropertyValueSpecification\",\"valueRequired\":true,\"valueName\":\"search_term_string\"}}],\"inLanguage\":\"pt-BR\"},{\"@type\":\"Organization\",\"@id\":\"https:\/\/www.oarcanjo.net\/site\/#organization\",\"name\":\"Par\u00f3quia S\u00e3o Miguel Arcanjo\",\"url\":\"https:\/\/www.oarcanjo.net\/site\/\",\"logo\":{\"@type\":\"ImageObject\",\"inLanguage\":\"pt-BR\",\"@id\":\"https:\/\/www.oarcanjo.net\/site\/#\/schema\/logo\/image\/\",\"url\":\"https:\/\/www.oarcanjo.net\/site\/wp-content\/uploads\/LogoOArcanjo.png\",\"contentUrl\":\"https:\/\/www.oarcanjo.net\/site\/wp-content\/uploads\/LogoOArcanjo.png\",\"width\":319,\"height\":99,\"caption\":\"Par\u00f3quia S\u00e3o Miguel Arcanjo\"},\"image\":{\"@id\":\"https:\/\/www.oarcanjo.net\/site\/#\/schema\/logo\/image\/\"},\"sameAs\":[\"https:\/\/www.facebook.com\/OArcanjoNoAr\/\"]},{\"@type\":\"Person\",\"@id\":\"https:\/\/www.oarcanjo.net\/site\/#\/schema\/person\/5eb9480bedd2f3c97e430ce128c29c6c\",\"name\":\"danilo\"}]}<\/script>\n<!-- \/ Yoast SEO plugin. -->","yoast_head_json":{"title":"Santa Ot\u00edlia ou Odila - O Arcanjo no ar","robots":{"index":"index","follow":"follow","max-snippet":"max-snippet:-1","max-image-preview":"max-image-preview:large","max-video-preview":"max-video-preview:-1"},"canonical":"https:\/\/www.oarcanjo.net\/site\/santa-otilia-ou-odila\/","og_locale":"pt_BR","og_type":"article","og_title":"Santa Ot\u00edlia ou Odila - O Arcanjo no ar","og_description":"13 de Dezembro A regi\u00e3o da Als\u00e1cia sempre foi muito disputada, pertencendo primeiro ao Imp\u00e9rio Romano, depois ora \u00e0 Alemanha, ora \u00e0 Fran\u00e7a. No s\u00e9culo VII, a Als\u00e1cia era um ducado da Alemanha. Na \u00e9poca, o senhor do local era Aldarico, que desejava muito um filho para ser o sucessor e herdeiro da sua rica [&hellip;]","og_url":"https:\/\/www.oarcanjo.net\/site\/santa-otilia-ou-odila\/","og_site_name":"O Arcanjo no ar","article_publisher":"https:\/\/www.facebook.com\/OArcanjoNoAr\/","article_published_time":"2014-12-13T02:11:07+00:00","article_modified_time":"2014-11-11T13:15:44+00:00","og_image":[{"url":"http:\/\/www.oarcanjo.net\/site\/wp-content\/uploads\/santa-otilia.jpg"}],"author":"danilo","twitter_card":"summary_large_image","twitter_misc":{"Escrito por":"danilo","Est. tempo de leitura":"3 minutos"},"schema":{"@context":"https:\/\/schema.org","@graph":[{"@type":"Article","@id":"https:\/\/www.oarcanjo.net\/site\/santa-otilia-ou-odila\/#article","isPartOf":{"@id":"https:\/\/www.oarcanjo.net\/site\/santa-otilia-ou-odila\/"},"author":{"name":"danilo","@id":"https:\/\/www.oarcanjo.net\/site\/#\/schema\/person\/5eb9480bedd2f3c97e430ce128c29c6c"},"headline":"Santa Ot\u00edlia ou Odila","datePublished":"2014-12-13T02:11:07+00:00","dateModified":"2014-11-11T13:15:44+00:00","mainEntityOfPage":{"@id":"https:\/\/www.oarcanjo.net\/site\/santa-otilia-ou-odila\/"},"wordCount":690,"commentCount":0,"publisher":{"@id":"https:\/\/www.oarcanjo.net\/site\/#organization"},"image":{"@id":"https:\/\/www.oarcanjo.net\/site\/santa-otilia-ou-odila\/#primaryimage"},"thumbnailUrl":"http:\/\/www.oarcanjo.net\/site\/wp-content\/uploads\/santa-otilia.jpg","articleSection":["Testemunhos"],"inLanguage":"pt-BR","potentialAction":[{"@type":"CommentAction","name":"Comment","target":["https:\/\/www.oarcanjo.net\/site\/santa-otilia-ou-odila\/#respond"]}]},{"@type":"WebPage","@id":"https:\/\/www.oarcanjo.net\/site\/santa-otilia-ou-odila\/","url":"https:\/\/www.oarcanjo.net\/site\/santa-otilia-ou-odila\/","name":"Santa Ot\u00edlia ou Odila - O Arcanjo no ar","isPartOf":{"@id":"https:\/\/www.oarcanjo.net\/site\/#website"},"primaryImageOfPage":{"@id":"https:\/\/www.oarcanjo.net\/site\/santa-otilia-ou-odila\/#primaryimage"},"image":{"@id":"https:\/\/www.oarcanjo.net\/site\/santa-otilia-ou-odila\/#primaryimage"},"thumbnailUrl":"http:\/\/www.oarcanjo.net\/site\/wp-content\/uploads\/santa-otilia.jpg","datePublished":"2014-12-13T02:11:07+00:00","dateModified":"2014-11-11T13:15:44+00:00","breadcrumb":{"@id":"https:\/\/www.oarcanjo.net\/site\/santa-otilia-ou-odila\/#breadcrumb"},"inLanguage":"pt-BR","potentialAction":[{"@type":"ReadAction","target":["https:\/\/www.oarcanjo.net\/site\/santa-otilia-ou-odila\/"]}]},{"@type":"ImageObject","inLanguage":"pt-BR","@id":"https:\/\/www.oarcanjo.net\/site\/santa-otilia-ou-odila\/#primaryimage","url":"https:\/\/www.oarcanjo.net\/site\/wp-content\/uploads\/santa-otilia.jpg","contentUrl":"https:\/\/www.oarcanjo.net\/site\/wp-content\/uploads\/santa-otilia.jpg","width":"81","height":"103"},{"@type":"BreadcrumbList","@id":"https:\/\/www.oarcanjo.net\/site\/santa-otilia-ou-odila\/#breadcrumb","itemListElement":[{"@type":"ListItem","position":1,"name":"In\u00edcio","item":"https:\/\/www.oarcanjo.net\/site\/"},{"@type":"ListItem","position":2,"name":"Santa Ot\u00edlia ou Odila"}]},{"@type":"WebSite","@id":"https:\/\/www.oarcanjo.net\/site\/#website","url":"https:\/\/www.oarcanjo.net\/site\/","name":"O Arcanjo no ar","description":"Site da Par\u00f3quia S\u00e3o Miguel Arcanjo (Arquidiocese de SP)","publisher":{"@id":"https:\/\/www.oarcanjo.net\/site\/#organization"},"potentialAction":[{"@type":"SearchAction","target":{"@type":"EntryPoint","urlTemplate":"https:\/\/www.oarcanjo.net\/site\/?s={search_term_string}"},"query-input":{"@type":"PropertyValueSpecification","valueRequired":true,"valueName":"search_term_string"}}],"inLanguage":"pt-BR"},{"@type":"Organization","@id":"https:\/\/www.oarcanjo.net\/site\/#organization","name":"Par\u00f3quia S\u00e3o Miguel Arcanjo","url":"https:\/\/www.oarcanjo.net\/site\/","logo":{"@type":"ImageObject","inLanguage":"pt-BR","@id":"https:\/\/www.oarcanjo.net\/site\/#\/schema\/logo\/image\/","url":"https:\/\/www.oarcanjo.net\/site\/wp-content\/uploads\/LogoOArcanjo.png","contentUrl":"https:\/\/www.oarcanjo.net\/site\/wp-content\/uploads\/LogoOArcanjo.png","width":319,"height":99,"caption":"Par\u00f3quia S\u00e3o Miguel Arcanjo"},"image":{"@id":"https:\/\/www.oarcanjo.net\/site\/#\/schema\/logo\/image\/"},"sameAs":["https:\/\/www.facebook.com\/OArcanjoNoAr\/"]},{"@type":"Person","@id":"https:\/\/www.oarcanjo.net\/site\/#\/schema\/person\/5eb9480bedd2f3c97e430ce128c29c6c","name":"danilo"}]}},"publishpress_future_action":{"enabled":false,"date":"2026-05-09 03:58:40","action":"category","newStatus":"draft","terms":[],"taxonomy":"category"},"publishpress_future_workflow_manual_trigger":{"enabledWorkflows":[]},"_links":{"self":[{"href":"https:\/\/www.oarcanjo.net\/site\/wp-json\/wp\/v2\/posts\/6541"}],"collection":[{"href":"https:\/\/www.oarcanjo.net\/site\/wp-json\/wp\/v2\/posts"}],"about":[{"href":"https:\/\/www.oarcanjo.net\/site\/wp-json\/wp\/v2\/types\/post"}],"author":[{"embeddable":true,"href":"https:\/\/www.oarcanjo.net\/site\/wp-json\/wp\/v2\/users\/14"}],"replies":[{"embeddable":true,"href":"https:\/\/www.oarcanjo.net\/site\/wp-json\/wp\/v2\/comments?post=6541"}],"version-history":[{"count":0,"href":"https:\/\/www.oarcanjo.net\/site\/wp-json\/wp\/v2\/posts\/6541\/revisions"}],"wp:attachment":[{"href":"https:\/\/www.oarcanjo.net\/site\/wp-json\/wp\/v2\/media?parent=6541"}],"wp:term":[{"taxonomy":"category","embeddable":true,"href":"https:\/\/www.oarcanjo.net\/site\/wp-json\/wp\/v2\/categories?post=6541"},{"taxonomy":"post_tag","embeddable":true,"href":"https:\/\/www.oarcanjo.net\/site\/wp-json\/wp\/v2\/tags?post=6541"}],"curies":[{"name":"wp","href":"https:\/\/api.w.org\/{rel}","templated":true}]}}