
{"id":6556,"date":"2014-12-14T00:19:15","date_gmt":"2014-12-14T02:19:15","guid":{"rendered":"http:\/\/www.oarcanjo.net\/site\/?p=6556"},"modified":"2014-12-14T17:10:42","modified_gmt":"2014-12-14T19:10:42","slug":"sao-joao-da-cruz","status":"publish","type":"post","link":"https:\/\/www.oarcanjo.net\/site\/sao-joao-da-cruz\/","title":{"rendered":"S\u00e3o Jo\u00e3o da Cruz"},"content":{"rendered":"<p><img loading=\"lazy\" decoding=\"async\" class=\"alignnone size-full wp-image-56558\" src=\"http:\/\/www.oarcanjo.net\/site\/wp-content\/uploads\/sao-joao-da-cruz.jpg\" alt=\"S\u00e3o Jo\u00e3o da Cruz\" width=\"140\" height=\"241\" \/><\/p>\n<p><em><strong>Senhor, quero padecer e ser desprezado por amor de V\u00f3s<\/strong><\/em><\/p>\n<p>14 de Dezembro<\/p>\n<p>Sacerdote e Doutor da Igreja<\/p>\n<div>\n<p>S\u00e3o Jo\u00e3o da Cruz nasceu em 1542 em Fontiveros, prov\u00edncia de \u00c1vila, na Espanha. Seus pais se chamavam Gonzalo de Yepes e Catalina Alvarez. Gonzalo pertencia a uma fam\u00edlia de posses da cidade de Toledo. Por ter-se casado com uma jovem de classe &#8220;inferior&#8221; foi deserdado por seus pais e tornou-se tecel\u00e3o de seda.<\/p>\n<p>Em 1548, a fam\u00edlia muda-se para Ar\u00e9valo. Em 1551 transfere-se para Medina del Campo, onde o futuro reformador do Carmelo estuda numa escola destinada a crian\u00e7as pobres. Por suas aptid\u00f5es, torna-se empregado do diretor do Hospital de Medina del Campo. Entre 1559 a 1563 estuda Humanidades com os Jesu\u00edtas. Ingressou na Ordem dos Carmelitas aos vinte e um anos de idade, em 1563, quando recebe o nome de Frei Jo\u00e3o de S\u00e3o Matias, em Medina del Campo. Pensa em tornar-se irm\u00e3o leigo, mas seus superiores n\u00e3o o permitiram. Entre 1564 e 1568 faz sua profiss\u00e3o religiosa e estuda em Salamanca. Tendo conclu\u00eddo com \u00eaxito seus estudos teol\u00f3gicos, em 1567 ordena-se sacerdote e celebra sua Primeira Missa.<\/p>\n<p>Infelizmente, ficou muito desiludido pelo relaxamento da vida mon\u00e1stica em que viviam os conventos carmelitas. Decepcionado, tenta passar para a Ordem dos Cartuxos, ordem muito austera, na qual poderia viver a severidade de vida religiosa \u00e0 que se sentia chamado. Em setembro de 1567 encontra-se com Santa Teresa, que lhe fala sobre o projeto de estender a Reforma da Ordem Carmelita tamb\u00e9m aos padres. O jovem de apenas vinte e cinco anos de idade aceitou o desafio. Trocou o nome para Jo\u00e3o da Cruz. No dia 28 de novembro de 1568, juntamente com Frei Ant\u00f4nio de Jes\u00fas Heredia, inicia a Reforma. O desejo de voltar \u00e0 m\u00edstica religiosidade do deserto custou ao santo fundador maus tratos f\u00edsicos e difama\u00e7\u00f5es. Em 1577 foi preso por oito meses no c\u00e1rcere de Toledo. Nessas trevas exteriores acendeu-se-lhe a chama de sua poesia espiritual. &#8220;Padecer e depois morrer&#8221; era o lema do autor da &#8220;Noite Escura da alma&#8221;, da &#8220;Subida do monte Carmelo&#8221;, do &#8220;C\u00e2ntico Espiritual&#8221; e da &#8220;Chama de amor viva&#8221;.<\/p>\n<p>A doutrina de Jo\u00e3o da Cruz \u00e9 plenamente fiel \u00e0 antiga tradi\u00e7\u00e3o: o objetivo do homem na terra \u00e9 alcan\u00e7ar &#8220;Perfei\u00e7\u00e3o da Caridade e elevar-se \u00e0 dignidade de filho de Deus pelo amor&#8221;; <strong>a contempla\u00e7\u00e3o n\u00e3o \u00e9 um fim em si mesma, mas deve conduzir ao amor e \u00e0 uni\u00e3o com Deus pelo amor e, por \u00faltimo, deve levar \u00e0 experi\u00eancia dessa uni\u00e3o \u00e0 qual tudo se ordena&#8221;. &#8220;N\u00e3o h\u00e1 trabalho melhor nem mais necess\u00e1rio que o amor&#8221;<\/strong>, disse o Santo. &#8220;Fomos feitos para o amor&#8221;. &#8220;O \u00fanico instrumento do qual Deus se serve \u00e9 o amor&#8221;. &#8220;Assim como o Pai e o Filho est\u00e3o unidos pelo amor, assim o amor \u00e9 o la\u00e7o da uni\u00e3o da alma com Deus&#8221;.<\/p>\n<p>O amor leva \u00e0s alturas da contempla\u00e7\u00e3o, mas como o amor \u00e9 produto da f\u00e9, que \u00e9 a \u00fanica ponte que pode salvar o abismo que separa a nossa intelig\u00eancia do infinito de Deus, <strong>a f\u00e9 ardente e v\u00edvida \u00e9 o princ\u00edpio da experi\u00eancia m\u00edstica<\/strong>. Jo\u00e3o da Cruz costuma pedir a Deus tr\u00eas coisas: que n\u00e3o deixasse passar um s\u00f3 dia de sua vida sem enviar-lhe sofrimentos, que n\u00e3o o deixasse morrer ocupando o cargo de superior e que lhe permitisse morrer humilhado e desprezado.<\/p>\n<p>Faleceu no convento de Ubeda, aos quarenta e nove anos, no dia 14 de dezembro de 1591, ap\u00f3s tr\u00eas meses de sofrimentos atrozes. A primeira edi\u00e7\u00e3o de suas obras deu-se em Alcal\u00e1, em 1618. No dia 25 de janeiro de 1675 foi beatificado por Clemente X. Foi canonizado e declarado Doutor da Igreja por Pio XI . Em 1952 foi proclamado &#8220;Patrono dos Poetas Espanh\u00f3is&#8221;.<\/p>\n<p>Talvez a mais bela e completa descri\u00e7\u00e3o f\u00edsica e espiritual do Santo Fundador tenha sido feita por Frei Eliseu dos M\u00e1rtires que com ele conviveu em Baeza: &#8220;Homem de estatura mediana, de rosto s\u00e9rio e vener\u00e1vel. Um pouco moreno e de boa fisionomia. <strong>Seu trato era muito agrad\u00e1vel e sua conversa bastante espiritual era muito proveitosa para os que o ouviam<\/strong>. Todos os que o procuravam sa\u00edam espiritualizados e atra\u00eddos \u00e0 virtude. Foi amigo do recolhimento e falava pouco. Quando repreendia como superior, que o foi muitas vezes, agia com doce severidade, exortando com amor paternal..&#8221; Santa Teresa de Jesus o considerava &#8220;uma das almas mais puras que Deus tem em sua Igreja. Nosso Senhor lhe infundiu grandes riquezas da sabedoria celestial. Mesmo pequeno ele \u00e9 grande aos olhos de Deus. N\u00e3o h\u00e1 frade que n\u00e3o fale bem dele, porque tem sido sua vida uma grande penit\u00eancia&#8221;. Poucos homens falaram dos sublimes mist\u00e9rios de Deus na alma e da alma em Deus como S\u00e3o Jo\u00e3o da Cruz.<\/p>\n<h2>Frases de S\u00e3o Jo\u00e3o da Cruz<\/h2>\n<p>S\u00e3o Jo\u00e3o da Cruz foi um dos santos mais desconcertantes e ao mesmo tempo mais transparentes da m\u00edstica moderna. <strong>Grande mestre da vida espiritual, transformou todas as cruzes em meios de santifica\u00e7\u00e3o para si e para os irm\u00e3os<\/strong>.\u00a0Tr\u00eas coisas pediu e acabou recebendo de Deus: primeiro, dar-lhe for\u00e7a para trabalhar\u00a0e sofrer\u00a0muito; segundo: n\u00e3o o fazer sair deste mundo como superior de uma comunidade; e terceiro: deix\u00e1-lo morrer desprezado e escarnecido pelos homens. Pregador, m\u00edstico, escritor e poeta, Jo\u00e3o da Cruz faleceu ap\u00f3s uma penos\u00edssima enfermidade, em 1591 com 49 anos de idade e o Papa Pio XI o declarou Doutor da Igreja.<\/p>\n<p>Confira um pouco de sua riqueza espiritual expressa em suas frases:<\/p>\n<p>&#8220;N\u00e3o se contentar com o que diz o confessor \u00e9 orgulho e falta de f\u00e9.&#8221;<\/p>\n<p>&#8220;<strong>A mosca que pousa no mel n\u00e3o pode voar; a alma que fica presa ao sabor do prazer, sente-se impedida em sua liberdade e contempla\u00e7\u00e3o.<\/strong>&#8221;<\/p>\n<p>&#8220;O mais leve movimento de uma alma animada de puro amor \u00e9 mais proveitoso \u00e0 Igreja do que todas as demais obras reunidas.&#8221;<\/p>\n<p>&#8220;Por causa de prazeres passageiros, sofrem-se grandes tormentos eternos.&#8221;<\/p>\n<p>&#8220;Meus s\u00e3o os C\u00e9us e minha \u00e9 a Terra, meus s\u00e3o os homens, e os justos s\u00e3o meus; e meus os pecadores. Os Anjos s\u00e3o meus, e a M\u00e3e de Deus, todas as coisas s\u00e3o minhas. O pr\u00f3prio Deus \u00e9 meu e para mim, pois Cristo \u00e9 meu e tudo para mim.&#8221; (Sobre a Eucaristia)<\/p>\n<p>&#8220;N\u00e3o fa\u00e7a coisa alguma, nem diga palavra alguma que Cristo n\u00e3o faria ou n\u00e3o diria se encontrasse as mesmas circunst\u00e2ncias.&#8221;<\/p>\n<p>&#8220;Renuncie aos desejos e encontrar\u00e1 e encontrar\u00e1 o que seu cora\u00e7\u00e3o deseja.&#8221;<\/p>\n<p>&#8220;Que felicidade o homem poder libertar-se de sua sensualidade! Isto n\u00e3o pode ser bem compreendido, a meu ver, sen\u00e3o por quem o experimentou. S\u00f3 ent\u00e3o se ver\u00e1 claramente como era miser\u00e1vel a escravid\u00e3o em que se estava.&#8221;<\/p>\n<p>&#8220;Quem se queixa ou murmura n\u00e3o \u00e9 crist\u00e3o perfeito, nem mesmo um bom crist\u00e3o.&#8221;<\/p>\n<p>&#8220;Senhor, quero padecer e ser desprezado por amor de V\u00f3s.&#8221;<\/p>\n<p>&#8220;A pessoa que est\u00e1 presa por algum afeto a alguma coisa, mesmo pequena, n\u00e3o alcan\u00e7ar\u00e1 a uni\u00e3o com Deus, mesmo que tenha muitas virtudes. Pouco importa se o passarinho esta com um fio grosso ou fino&#8230; ficar\u00e1 sempre preso e n\u00e3o poder\u00e1 voar.&#8221;<\/p>\n<p>&#8220;Para possuir Deus plenamente \u00e9 preciso nada ter; porque se o cora\u00e7\u00e3o pertence a Ele, n\u00e3o pode voltar-se para outro.&#8221;<\/p>\n<p>&#8220;O dem\u00f4nio teme a alma unida a Deus como ao pr\u00f3prio Deus.&#8221;<\/p>\n<p>&#8220;O afeto e o apego da alma \u00e0 criatura torna-a semelhante a esta mesma criatura. Quanto maior a afei\u00e7\u00e3o, maior a identidade e semelhan\u00e7a, porque \u00e9 pr\u00f3prio do amor tornar aquele que ama semelhante ao amado.&#8221;<\/p>\n<p>&#8220;Dar tudo pelo tudo.&#8221;<\/p>\n<p>&#8220;A pessoa que caminha para Deus e n\u00e3o afasta de si as preocupa\u00e7\u00f5es, nem domina suas paix\u00f5es, caminha como quem empurra um carro encosta a cima.&#8221;<\/p>\n<p>&#8220;A const\u00e2ncia de \u00e2nimo, com paz e tranq\u00fcilidade, n\u00e3o s\u00f3 enriquece a pessoa, como a ajuda muito a julgar melhor as adversidades, dando-lhes a solu\u00e7\u00e3o conveniente.&#8221;<\/p>\n<p>&#8220;O amor n\u00e3o consiste em sentir grandes coisas, mas em despojar-se e sofrer pelo amado.&#8221;<\/p>\n<p>&#8220;O progresso da pessoa \u00e9 maior quando ela caminha \u00e0s escuras e sem saber.&#8221;<\/p>\n<p>&#8220;Deus quer mais de ti um m\u00ednimo de obedi\u00eancia e docilidade, do que todas as a\u00e7\u00f5es que realizas por ele.&#8221;<\/p>\n<p>&#8220;Mesmo carregado de grandes e molestas tenta\u00e7\u00f5es, o homem pode ir a Deus, desde que sua raz\u00e3o e vontade n\u00e3o consintam nelas.&#8221;<\/p>\n<p>&#8220;Queira torna-te, no padecer, algo semelhante a este nosso grande Deus, humilhado e crucificado, pois que esta vida s\u00f3 tem raz\u00e3o de ser se for para imit\u00e1-lo.&#8221;<\/p>\n<p>&#8220;Quando a alma se acha livre e purificada de tudo, em uni\u00e3o com Deus, nenhuma coisa poder\u00e1 aborrec\u00ea-la. Daqui se origina para ela, neste estado, o gozo de uma cont\u00ednua vida e tranq\u00fcilidade, que ela nunca perde nem jamais lhe falta.&#8221;<\/p>\n<p>&#8220;Tal \u00e9 a alma que est\u00e1 enamorada de Deus. N\u00e3o pretende vantagem ou pr\u00eamio algum a n\u00e3o ser perder tudo e a si mesma, voluntariamente, por Deus, e nisto encontra todo seu lucro.&#8221;<\/p>\n<p>&#8220;N\u00e3o fujas dos sofrimentos, porque neles est\u00e1 a tua sa\u00fade.&#8221;<\/p>\n<\/div>\n<p>&nbsp;<\/p>\n<div id=\"themify_builder_content-6556\" data-postid=\"6556\" class=\"themify_builder_content themify_builder_content-6556 themify_builder themify_builder_front\">\n\t<\/div>\n<!-- \/themify_builder_content -->","protected":false},"excerpt":{"rendered":"<p>Senhor, quero padecer e ser desprezado por amor de V\u00f3s 14 de Dezembro Sacerdote e Doutor da Igreja S\u00e3o Jo\u00e3o da Cruz nasceu em 1542 em Fontiveros, prov\u00edncia de \u00c1vila, na Espanha. Seus pais se chamavam Gonzalo de Yepes e Catalina Alvarez. Gonzalo pertencia a uma fam\u00edlia de posses da cidade de Toledo. Por ter-se [&hellip;]<\/p>\n","protected":false},"author":14,"featured_media":0,"comment_status":"open","ping_status":"open","sticky":false,"template":"","format":"standard","meta":{"ngg_post_thumbnail":0,"footnotes":""},"categories":[186],"tags":[1349],"yoast_head":"<!-- This site is optimized with the Yoast SEO plugin v23.5 - https:\/\/yoast.com\/wordpress\/plugins\/seo\/ -->\n<title>S\u00e3o Jo\u00e3o da Cruz - O Arcanjo no ar<\/title>\n<meta name=\"robots\" content=\"index, follow, max-snippet:-1, max-image-preview:large, max-video-preview:-1\" \/>\n<link rel=\"canonical\" href=\"https:\/\/www.oarcanjo.net\/site\/sao-joao-da-cruz\/\" \/>\n<meta property=\"og:locale\" content=\"pt_BR\" \/>\n<meta property=\"og:type\" content=\"article\" \/>\n<meta property=\"og:title\" content=\"S\u00e3o Jo\u00e3o da Cruz - O Arcanjo no ar\" \/>\n<meta property=\"og:description\" content=\"Senhor, quero padecer e ser desprezado por amor de V\u00f3s 14 de Dezembro Sacerdote e Doutor da Igreja S\u00e3o Jo\u00e3o da Cruz nasceu em 1542 em Fontiveros, prov\u00edncia de \u00c1vila, na Espanha. Seus pais se chamavam Gonzalo de Yepes e Catalina Alvarez. Gonzalo pertencia a uma fam\u00edlia de posses da cidade de Toledo. Por ter-se [&hellip;]\" \/>\n<meta property=\"og:url\" content=\"https:\/\/www.oarcanjo.net\/site\/sao-joao-da-cruz\/\" \/>\n<meta property=\"og:site_name\" content=\"O Arcanjo no ar\" \/>\n<meta property=\"article:publisher\" content=\"https:\/\/www.facebook.com\/OArcanjoNoAr\/\" \/>\n<meta property=\"article:published_time\" content=\"2014-12-14T02:19:15+00:00\" \/>\n<meta property=\"article:modified_time\" content=\"2014-12-14T19:10:42+00:00\" \/>\n<meta property=\"og:image\" content=\"http:\/\/www.oarcanjo.net\/site\/wp-content\/uploads\/sao-joao-da-cruz.jpg\" \/>\n<meta name=\"author\" content=\"danilo\" \/>\n<meta name=\"twitter:card\" content=\"summary_large_image\" \/>\n<meta name=\"twitter:label1\" content=\"Escrito por\" \/>\n\t<meta name=\"twitter:data1\" content=\"danilo\" \/>\n\t<meta name=\"twitter:label2\" content=\"Est. tempo de leitura\" \/>\n\t<meta name=\"twitter:data2\" content=\"8 minutos\" \/>\n<script type=\"application\/ld+json\" class=\"yoast-schema-graph\">{\"@context\":\"https:\/\/schema.org\",\"@graph\":[{\"@type\":\"Article\",\"@id\":\"https:\/\/www.oarcanjo.net\/site\/sao-joao-da-cruz\/#article\",\"isPartOf\":{\"@id\":\"https:\/\/www.oarcanjo.net\/site\/sao-joao-da-cruz\/\"},\"author\":{\"name\":\"danilo\",\"@id\":\"https:\/\/www.oarcanjo.net\/site\/#\/schema\/person\/5eb9480bedd2f3c97e430ce128c29c6c\"},\"headline\":\"S\u00e3o Jo\u00e3o da Cruz\",\"datePublished\":\"2014-12-14T02:19:15+00:00\",\"dateModified\":\"2014-12-14T19:10:42+00:00\",\"mainEntityOfPage\":{\"@id\":\"https:\/\/www.oarcanjo.net\/site\/sao-joao-da-cruz\/\"},\"wordCount\":1586,\"commentCount\":2,\"publisher\":{\"@id\":\"https:\/\/www.oarcanjo.net\/site\/#organization\"},\"image\":{\"@id\":\"https:\/\/www.oarcanjo.net\/site\/sao-joao-da-cruz\/#primaryimage\"},\"thumbnailUrl\":\"http:\/\/www.oarcanjo.net\/site\/wp-content\/uploads\/sao-joao-da-cruz.jpg\",\"keywords\":[\"S\u00e3o Jo\u00e3o da Cruz\"],\"articleSection\":[\"Testemunhos\"],\"inLanguage\":\"pt-BR\",\"potentialAction\":[{\"@type\":\"CommentAction\",\"name\":\"Comment\",\"target\":[\"https:\/\/www.oarcanjo.net\/site\/sao-joao-da-cruz\/#respond\"]}]},{\"@type\":\"WebPage\",\"@id\":\"https:\/\/www.oarcanjo.net\/site\/sao-joao-da-cruz\/\",\"url\":\"https:\/\/www.oarcanjo.net\/site\/sao-joao-da-cruz\/\",\"name\":\"S\u00e3o Jo\u00e3o da Cruz - O Arcanjo no ar\",\"isPartOf\":{\"@id\":\"https:\/\/www.oarcanjo.net\/site\/#website\"},\"primaryImageOfPage\":{\"@id\":\"https:\/\/www.oarcanjo.net\/site\/sao-joao-da-cruz\/#primaryimage\"},\"image\":{\"@id\":\"https:\/\/www.oarcanjo.net\/site\/sao-joao-da-cruz\/#primaryimage\"},\"thumbnailUrl\":\"http:\/\/www.oarcanjo.net\/site\/wp-content\/uploads\/sao-joao-da-cruz.jpg\",\"datePublished\":\"2014-12-14T02:19:15+00:00\",\"dateModified\":\"2014-12-14T19:10:42+00:00\",\"breadcrumb\":{\"@id\":\"https:\/\/www.oarcanjo.net\/site\/sao-joao-da-cruz\/#breadcrumb\"},\"inLanguage\":\"pt-BR\",\"potentialAction\":[{\"@type\":\"ReadAction\",\"target\":[\"https:\/\/www.oarcanjo.net\/site\/sao-joao-da-cruz\/\"]}]},{\"@type\":\"ImageObject\",\"inLanguage\":\"pt-BR\",\"@id\":\"https:\/\/www.oarcanjo.net\/site\/sao-joao-da-cruz\/#primaryimage\",\"url\":\"https:\/\/www.oarcanjo.net\/site\/wp-content\/uploads\/sao-joao-da-cruz.jpg\",\"contentUrl\":\"https:\/\/www.oarcanjo.net\/site\/wp-content\/uploads\/sao-joao-da-cruz.jpg\",\"width\":140,\"height\":241,\"caption\":\"S\u00e3o Jo\u00e3o da Cruz\"},{\"@type\":\"BreadcrumbList\",\"@id\":\"https:\/\/www.oarcanjo.net\/site\/sao-joao-da-cruz\/#breadcrumb\",\"itemListElement\":[{\"@type\":\"ListItem\",\"position\":1,\"name\":\"In\u00edcio\",\"item\":\"https:\/\/www.oarcanjo.net\/site\/\"},{\"@type\":\"ListItem\",\"position\":2,\"name\":\"S\u00e3o Jo\u00e3o da Cruz\"}]},{\"@type\":\"WebSite\",\"@id\":\"https:\/\/www.oarcanjo.net\/site\/#website\",\"url\":\"https:\/\/www.oarcanjo.net\/site\/\",\"name\":\"O Arcanjo no ar\",\"description\":\"Site da Par\u00f3quia S\u00e3o Miguel Arcanjo (Arquidiocese de SP)\",\"publisher\":{\"@id\":\"https:\/\/www.oarcanjo.net\/site\/#organization\"},\"potentialAction\":[{\"@type\":\"SearchAction\",\"target\":{\"@type\":\"EntryPoint\",\"urlTemplate\":\"https:\/\/www.oarcanjo.net\/site\/?s={search_term_string}\"},\"query-input\":{\"@type\":\"PropertyValueSpecification\",\"valueRequired\":true,\"valueName\":\"search_term_string\"}}],\"inLanguage\":\"pt-BR\"},{\"@type\":\"Organization\",\"@id\":\"https:\/\/www.oarcanjo.net\/site\/#organization\",\"name\":\"Par\u00f3quia S\u00e3o Miguel Arcanjo\",\"url\":\"https:\/\/www.oarcanjo.net\/site\/\",\"logo\":{\"@type\":\"ImageObject\",\"inLanguage\":\"pt-BR\",\"@id\":\"https:\/\/www.oarcanjo.net\/site\/#\/schema\/logo\/image\/\",\"url\":\"https:\/\/www.oarcanjo.net\/site\/wp-content\/uploads\/LogoOArcanjo.png\",\"contentUrl\":\"https:\/\/www.oarcanjo.net\/site\/wp-content\/uploads\/LogoOArcanjo.png\",\"width\":319,\"height\":99,\"caption\":\"Par\u00f3quia S\u00e3o Miguel Arcanjo\"},\"image\":{\"@id\":\"https:\/\/www.oarcanjo.net\/site\/#\/schema\/logo\/image\/\"},\"sameAs\":[\"https:\/\/www.facebook.com\/OArcanjoNoAr\/\"]},{\"@type\":\"Person\",\"@id\":\"https:\/\/www.oarcanjo.net\/site\/#\/schema\/person\/5eb9480bedd2f3c97e430ce128c29c6c\",\"name\":\"danilo\"}]}<\/script>\n<!-- \/ Yoast SEO plugin. -->","yoast_head_json":{"title":"S\u00e3o Jo\u00e3o da Cruz - O Arcanjo no ar","robots":{"index":"index","follow":"follow","max-snippet":"max-snippet:-1","max-image-preview":"max-image-preview:large","max-video-preview":"max-video-preview:-1"},"canonical":"https:\/\/www.oarcanjo.net\/site\/sao-joao-da-cruz\/","og_locale":"pt_BR","og_type":"article","og_title":"S\u00e3o Jo\u00e3o da Cruz - O Arcanjo no ar","og_description":"Senhor, quero padecer e ser desprezado por amor de V\u00f3s 14 de Dezembro Sacerdote e Doutor da Igreja S\u00e3o Jo\u00e3o da Cruz nasceu em 1542 em Fontiveros, prov\u00edncia de \u00c1vila, na Espanha. Seus pais se chamavam Gonzalo de Yepes e Catalina Alvarez. Gonzalo pertencia a uma fam\u00edlia de posses da cidade de Toledo. Por ter-se [&hellip;]","og_url":"https:\/\/www.oarcanjo.net\/site\/sao-joao-da-cruz\/","og_site_name":"O Arcanjo no ar","article_publisher":"https:\/\/www.facebook.com\/OArcanjoNoAr\/","article_published_time":"2014-12-14T02:19:15+00:00","article_modified_time":"2014-12-14T19:10:42+00:00","og_image":[{"url":"http:\/\/www.oarcanjo.net\/site\/wp-content\/uploads\/sao-joao-da-cruz.jpg"}],"author":"danilo","twitter_card":"summary_large_image","twitter_misc":{"Escrito por":"danilo","Est. tempo de leitura":"8 minutos"},"schema":{"@context":"https:\/\/schema.org","@graph":[{"@type":"Article","@id":"https:\/\/www.oarcanjo.net\/site\/sao-joao-da-cruz\/#article","isPartOf":{"@id":"https:\/\/www.oarcanjo.net\/site\/sao-joao-da-cruz\/"},"author":{"name":"danilo","@id":"https:\/\/www.oarcanjo.net\/site\/#\/schema\/person\/5eb9480bedd2f3c97e430ce128c29c6c"},"headline":"S\u00e3o Jo\u00e3o da Cruz","datePublished":"2014-12-14T02:19:15+00:00","dateModified":"2014-12-14T19:10:42+00:00","mainEntityOfPage":{"@id":"https:\/\/www.oarcanjo.net\/site\/sao-joao-da-cruz\/"},"wordCount":1586,"commentCount":2,"publisher":{"@id":"https:\/\/www.oarcanjo.net\/site\/#organization"},"image":{"@id":"https:\/\/www.oarcanjo.net\/site\/sao-joao-da-cruz\/#primaryimage"},"thumbnailUrl":"http:\/\/www.oarcanjo.net\/site\/wp-content\/uploads\/sao-joao-da-cruz.jpg","keywords":["S\u00e3o Jo\u00e3o da Cruz"],"articleSection":["Testemunhos"],"inLanguage":"pt-BR","potentialAction":[{"@type":"CommentAction","name":"Comment","target":["https:\/\/www.oarcanjo.net\/site\/sao-joao-da-cruz\/#respond"]}]},{"@type":"WebPage","@id":"https:\/\/www.oarcanjo.net\/site\/sao-joao-da-cruz\/","url":"https:\/\/www.oarcanjo.net\/site\/sao-joao-da-cruz\/","name":"S\u00e3o Jo\u00e3o da Cruz - O Arcanjo no ar","isPartOf":{"@id":"https:\/\/www.oarcanjo.net\/site\/#website"},"primaryImageOfPage":{"@id":"https:\/\/www.oarcanjo.net\/site\/sao-joao-da-cruz\/#primaryimage"},"image":{"@id":"https:\/\/www.oarcanjo.net\/site\/sao-joao-da-cruz\/#primaryimage"},"thumbnailUrl":"http:\/\/www.oarcanjo.net\/site\/wp-content\/uploads\/sao-joao-da-cruz.jpg","datePublished":"2014-12-14T02:19:15+00:00","dateModified":"2014-12-14T19:10:42+00:00","breadcrumb":{"@id":"https:\/\/www.oarcanjo.net\/site\/sao-joao-da-cruz\/#breadcrumb"},"inLanguage":"pt-BR","potentialAction":[{"@type":"ReadAction","target":["https:\/\/www.oarcanjo.net\/site\/sao-joao-da-cruz\/"]}]},{"@type":"ImageObject","inLanguage":"pt-BR","@id":"https:\/\/www.oarcanjo.net\/site\/sao-joao-da-cruz\/#primaryimage","url":"https:\/\/www.oarcanjo.net\/site\/wp-content\/uploads\/sao-joao-da-cruz.jpg","contentUrl":"https:\/\/www.oarcanjo.net\/site\/wp-content\/uploads\/sao-joao-da-cruz.jpg","width":140,"height":241,"caption":"S\u00e3o Jo\u00e3o da Cruz"},{"@type":"BreadcrumbList","@id":"https:\/\/www.oarcanjo.net\/site\/sao-joao-da-cruz\/#breadcrumb","itemListElement":[{"@type":"ListItem","position":1,"name":"In\u00edcio","item":"https:\/\/www.oarcanjo.net\/site\/"},{"@type":"ListItem","position":2,"name":"S\u00e3o Jo\u00e3o da Cruz"}]},{"@type":"WebSite","@id":"https:\/\/www.oarcanjo.net\/site\/#website","url":"https:\/\/www.oarcanjo.net\/site\/","name":"O Arcanjo no ar","description":"Site da Par\u00f3quia S\u00e3o Miguel Arcanjo (Arquidiocese de SP)","publisher":{"@id":"https:\/\/www.oarcanjo.net\/site\/#organization"},"potentialAction":[{"@type":"SearchAction","target":{"@type":"EntryPoint","urlTemplate":"https:\/\/www.oarcanjo.net\/site\/?s={search_term_string}"},"query-input":{"@type":"PropertyValueSpecification","valueRequired":true,"valueName":"search_term_string"}}],"inLanguage":"pt-BR"},{"@type":"Organization","@id":"https:\/\/www.oarcanjo.net\/site\/#organization","name":"Par\u00f3quia S\u00e3o Miguel Arcanjo","url":"https:\/\/www.oarcanjo.net\/site\/","logo":{"@type":"ImageObject","inLanguage":"pt-BR","@id":"https:\/\/www.oarcanjo.net\/site\/#\/schema\/logo\/image\/","url":"https:\/\/www.oarcanjo.net\/site\/wp-content\/uploads\/LogoOArcanjo.png","contentUrl":"https:\/\/www.oarcanjo.net\/site\/wp-content\/uploads\/LogoOArcanjo.png","width":319,"height":99,"caption":"Par\u00f3quia S\u00e3o Miguel Arcanjo"},"image":{"@id":"https:\/\/www.oarcanjo.net\/site\/#\/schema\/logo\/image\/"},"sameAs":["https:\/\/www.facebook.com\/OArcanjoNoAr\/"]},{"@type":"Person","@id":"https:\/\/www.oarcanjo.net\/site\/#\/schema\/person\/5eb9480bedd2f3c97e430ce128c29c6c","name":"danilo"}]}},"publishpress_future_action":{"enabled":false,"date":"2026-05-09 08:42:32","action":"category","newStatus":"draft","terms":[],"taxonomy":"category"},"publishpress_future_workflow_manual_trigger":{"enabledWorkflows":[]},"_links":{"self":[{"href":"https:\/\/www.oarcanjo.net\/site\/wp-json\/wp\/v2\/posts\/6556"}],"collection":[{"href":"https:\/\/www.oarcanjo.net\/site\/wp-json\/wp\/v2\/posts"}],"about":[{"href":"https:\/\/www.oarcanjo.net\/site\/wp-json\/wp\/v2\/types\/post"}],"author":[{"embeddable":true,"href":"https:\/\/www.oarcanjo.net\/site\/wp-json\/wp\/v2\/users\/14"}],"replies":[{"embeddable":true,"href":"https:\/\/www.oarcanjo.net\/site\/wp-json\/wp\/v2\/comments?post=6556"}],"version-history":[{"count":0,"href":"https:\/\/www.oarcanjo.net\/site\/wp-json\/wp\/v2\/posts\/6556\/revisions"}],"wp:attachment":[{"href":"https:\/\/www.oarcanjo.net\/site\/wp-json\/wp\/v2\/media?parent=6556"}],"wp:term":[{"taxonomy":"category","embeddable":true,"href":"https:\/\/www.oarcanjo.net\/site\/wp-json\/wp\/v2\/categories?post=6556"},{"taxonomy":"post_tag","embeddable":true,"href":"https:\/\/www.oarcanjo.net\/site\/wp-json\/wp\/v2\/tags?post=6556"}],"curies":[{"name":"wp","href":"https:\/\/api.w.org\/{rel}","templated":true}]}}