
{"id":6563,"date":"2014-12-14T00:11:09","date_gmt":"2014-12-14T02:11:09","guid":{"rendered":"http:\/\/www.oarcanjo.net\/site\/?p=6563"},"modified":"2014-11-11T11:19:24","modified_gmt":"2014-11-11T13:19:24","slug":"santo-esperidiao","status":"publish","type":"post","link":"https:\/\/www.oarcanjo.net\/site\/santo-esperidiao\/","title":{"rendered":"Santo Esperidi\u00e3o"},"content":{"rendered":"<p><img decoding=\"async\" src=\"http:\/\/4.bp.blogspot.com\/_z-c0Sh5Zlrs\/SKxuo-02QkI\/AAAAAAAAB8E\/s0-Mqq1dPyQ\/s400\/Santo+Esperidi%C3%A3o.jpg\" alt=\"\" \/><\/p>\n<p>14 de Dezembro<\/p>\n<p>Esperidi\u00e3o nasceu em 270, na cidade de Trimitous, em Chipre, Gr\u00e9cia. De fam\u00edlia humilde, n\u00e3o teve possibilidade de estudar. Casou-se e, para sustentar a fam\u00edlia, se tornou um pastor de cabras. Teve uma filha chamada Irene, que se consagrou a Deus. Com a morte de sua esposa, decidiu seguir a vida religiosa e dedicar-se somente a Cristo.<\/p>\n<p>Estudou primeiro na escola catequista da Alexandria, mas preferiu seguir a vida mon\u00e1stica na comunidade religiosa de santo Ant\u00f4nio, abade, tamb\u00e9m no Egito. Mais tarde, a Igreja o chamou para exercer o minist\u00e9rio episcopal, sendo consagrado bispo da sua cidade natal. Nessa fun\u00e7\u00e3o ele conservou a mesma austeridade da vida mon\u00e1stica, demonstrando, sempre, que essa era a de sua prefer\u00eancia.<\/p>\n<p>Esperidi\u00e3o era um taumaturgo, fora agraciado com o dom da cura e da profecia. Era venerado pelos habitantes, que o consideravam, em vida, um santo. Durante as persegui\u00e7\u00f5es aos crist\u00e3os, foi capturado e confessou sua f\u00e9 em Cristo para o pr\u00f3prio imperador Galileu Maximiliano. Por isso sofreu terr\u00edveis torturas, que o deixaram sem o olho esquerdo e sem o movimento da perna esquerda, pois lhe cortaram os nervos do joelho. Dessa maneira, foi enviado aos trabalhos for\u00e7ados nas minas.<\/p>\n<p>Quando as persegui\u00e7\u00f5es terminaram e a paz foi concedida \u00e0 Igreja, Esperidi\u00e3o retornou para sua diocese. Participou do Conc\u00edlio de Nic\u00e9ia, no qual debateu as verdades da doutrina crist\u00e3 com um ilustre fil\u00f3sofo pag\u00e3o que a insultava, o qual, al\u00e9m de convencido, foi convertido \u00e0 f\u00e9. Tamb\u00e9m esteve no Conc\u00edlio de Sardenha, em 347, como um dos zelosos defensores do futuro santo Atan\u00e1sio, bispo de Alexandria, que no final do evento conseguiu sua reabilita\u00e7\u00e3o junto \u00e0 Igreja.<\/p>\n<p>Todas essas atua\u00e7\u00f5es foram relatadas pelo pr\u00f3prio Atan\u00e1sio, que foi de Esperidi\u00e3o um bom amigo, conforme indicam as cinco cartas de agradecimentos que escreveu a Jer\u00f4nimo. Esse, agora santo e doutor da Igreja, dedicou a Esperidi\u00e3o um cap\u00edtulo do seu livro &#8220;Homens ilustres&#8221;.<\/p>\n<p>Esperidi\u00e3o morreu alguns anos ap\u00f3s 347, numa data incerta, em sua diocese de Trimitous, na ilha de Chipre. Se j\u00e1 era venerado por sua santidade em vida, a partir de ent\u00e3o sua fama propagou-se entre os fi\u00e9is, e o tempo s\u00f3 a fez aumentar. No s\u00e9culo XV, quando os \u00e1rabes mu\u00e7ulmanos invadiram e tomaram conta de Chipre, a popula\u00e7\u00e3o abriu sua sepultura para esconder as suas rel\u00edquias. Na ocasi\u00e3o, o local foi impregnado por um suave cheiro de bas\u00edlico, sinal evidente de sua santidade.<\/p>\n<p>Hoje, suas rel\u00edquias mortais est\u00e3o guardadas na igreja de Santo Esperidi\u00e3o, na ilha grega de Cof\u00fa. O local se tornou um santu\u00e1rio que recebe peregrinos e devotos do Oriente e do Ocidente. Seu culto foi confirmado pela Igreja, que indicou o dia 14 de dezembro para a festa lit\u00fargica em lembran\u00e7a \u00e0 mem\u00f3ria de santo Esperidi\u00e3o, bispo de Trimitous. Mas anualmente ele \u00e9 homenageado com quatro prociss\u00f5es, em sinal de gratid\u00e3o por suas intercess\u00f5es na salva\u00e7\u00e3o da cidade e dos habitantes em v\u00e1rias situa\u00e7\u00f5es de calamidades.<\/p>\n<div id=\"themify_builder_content-6563\" data-postid=\"6563\" class=\"themify_builder_content themify_builder_content-6563 themify_builder themify_builder_front\">\n\t<\/div>\n<!-- \/themify_builder_content -->","protected":false},"excerpt":{"rendered":"<p>14 de Dezembro Esperidi\u00e3o nasceu em 270, na cidade de Trimitous, em Chipre, Gr\u00e9cia. De fam\u00edlia humilde, n\u00e3o teve possibilidade de estudar. Casou-se e, para sustentar a fam\u00edlia, se tornou um pastor de cabras. Teve uma filha chamada Irene, que se consagrou a Deus. Com a morte de sua esposa, decidiu seguir a vida religiosa [&hellip;]<\/p>\n","protected":false},"author":14,"featured_media":0,"comment_status":"open","ping_status":"open","sticky":false,"template":"","format":"standard","meta":{"ngg_post_thumbnail":0,"footnotes":""},"categories":[186],"tags":[],"yoast_head":"<!-- This site is optimized with the Yoast SEO plugin v23.5 - https:\/\/yoast.com\/wordpress\/plugins\/seo\/ -->\n<title>Santo Esperidi\u00e3o - O Arcanjo no ar<\/title>\n<meta name=\"robots\" content=\"index, follow, max-snippet:-1, max-image-preview:large, max-video-preview:-1\" \/>\n<link rel=\"canonical\" href=\"https:\/\/www.oarcanjo.net\/site\/santo-esperidiao\/\" \/>\n<meta property=\"og:locale\" content=\"pt_BR\" \/>\n<meta property=\"og:type\" content=\"article\" \/>\n<meta property=\"og:title\" content=\"Santo Esperidi\u00e3o - O Arcanjo no ar\" \/>\n<meta property=\"og:description\" content=\"14 de Dezembro Esperidi\u00e3o nasceu em 270, na cidade de Trimitous, em Chipre, Gr\u00e9cia. De fam\u00edlia humilde, n\u00e3o teve possibilidade de estudar. Casou-se e, para sustentar a fam\u00edlia, se tornou um pastor de cabras. Teve uma filha chamada Irene, que se consagrou a Deus. Com a morte de sua esposa, decidiu seguir a vida religiosa [&hellip;]\" \/>\n<meta property=\"og:url\" content=\"https:\/\/www.oarcanjo.net\/site\/santo-esperidiao\/\" \/>\n<meta property=\"og:site_name\" content=\"O Arcanjo no ar\" \/>\n<meta property=\"article:publisher\" content=\"https:\/\/www.facebook.com\/OArcanjoNoAr\/\" \/>\n<meta property=\"article:published_time\" content=\"2014-12-14T02:11:09+00:00\" \/>\n<meta property=\"article:modified_time\" content=\"2014-11-11T13:19:24+00:00\" \/>\n<meta property=\"og:image\" content=\"http:\/\/4.bp.blogspot.com\/_z-c0Sh5Zlrs\/SKxuo-02QkI\/AAAAAAAAB8E\/s0-Mqq1dPyQ\/s400\/Santo+Esperidi%C3%A3o.jpg\" \/>\n<meta name=\"author\" content=\"danilo\" \/>\n<meta name=\"twitter:card\" content=\"summary_large_image\" \/>\n<meta name=\"twitter:label1\" content=\"Escrito por\" \/>\n\t<meta name=\"twitter:data1\" content=\"danilo\" \/>\n\t<meta name=\"twitter:label2\" content=\"Est. tempo de leitura\" \/>\n\t<meta name=\"twitter:data2\" content=\"3 minutos\" \/>\n<script type=\"application\/ld+json\" class=\"yoast-schema-graph\">{\"@context\":\"https:\/\/schema.org\",\"@graph\":[{\"@type\":\"Article\",\"@id\":\"https:\/\/www.oarcanjo.net\/site\/santo-esperidiao\/#article\",\"isPartOf\":{\"@id\":\"https:\/\/www.oarcanjo.net\/site\/santo-esperidiao\/\"},\"author\":{\"name\":\"danilo\",\"@id\":\"https:\/\/www.oarcanjo.net\/site\/#\/schema\/person\/5eb9480bedd2f3c97e430ce128c29c6c\"},\"headline\":\"Santo Esperidi\u00e3o\",\"datePublished\":\"2014-12-14T02:11:09+00:00\",\"dateModified\":\"2014-11-11T13:19:24+00:00\",\"mainEntityOfPage\":{\"@id\":\"https:\/\/www.oarcanjo.net\/site\/santo-esperidiao\/\"},\"wordCount\":542,\"commentCount\":0,\"publisher\":{\"@id\":\"https:\/\/www.oarcanjo.net\/site\/#organization\"},\"image\":{\"@id\":\"https:\/\/www.oarcanjo.net\/site\/santo-esperidiao\/#primaryimage\"},\"thumbnailUrl\":\"http:\/\/4.bp.blogspot.com\/_z-c0Sh5Zlrs\/SKxuo-02QkI\/AAAAAAAAB8E\/s0-Mqq1dPyQ\/s400\/Santo+Esperidi%C3%A3o.jpg\",\"articleSection\":[\"Testemunhos\"],\"inLanguage\":\"pt-BR\",\"potentialAction\":[{\"@type\":\"CommentAction\",\"name\":\"Comment\",\"target\":[\"https:\/\/www.oarcanjo.net\/site\/santo-esperidiao\/#respond\"]}]},{\"@type\":\"WebPage\",\"@id\":\"https:\/\/www.oarcanjo.net\/site\/santo-esperidiao\/\",\"url\":\"https:\/\/www.oarcanjo.net\/site\/santo-esperidiao\/\",\"name\":\"Santo Esperidi\u00e3o - O Arcanjo no ar\",\"isPartOf\":{\"@id\":\"https:\/\/www.oarcanjo.net\/site\/#website\"},\"primaryImageOfPage\":{\"@id\":\"https:\/\/www.oarcanjo.net\/site\/santo-esperidiao\/#primaryimage\"},\"image\":{\"@id\":\"https:\/\/www.oarcanjo.net\/site\/santo-esperidiao\/#primaryimage\"},\"thumbnailUrl\":\"http:\/\/4.bp.blogspot.com\/_z-c0Sh5Zlrs\/SKxuo-02QkI\/AAAAAAAAB8E\/s0-Mqq1dPyQ\/s400\/Santo+Esperidi%C3%A3o.jpg\",\"datePublished\":\"2014-12-14T02:11:09+00:00\",\"dateModified\":\"2014-11-11T13:19:24+00:00\",\"breadcrumb\":{\"@id\":\"https:\/\/www.oarcanjo.net\/site\/santo-esperidiao\/#breadcrumb\"},\"inLanguage\":\"pt-BR\",\"potentialAction\":[{\"@type\":\"ReadAction\",\"target\":[\"https:\/\/www.oarcanjo.net\/site\/santo-esperidiao\/\"]}]},{\"@type\":\"ImageObject\",\"inLanguage\":\"pt-BR\",\"@id\":\"https:\/\/www.oarcanjo.net\/site\/santo-esperidiao\/#primaryimage\",\"url\":\"http:\/\/4.bp.blogspot.com\/_z-c0Sh5Zlrs\/SKxuo-02QkI\/AAAAAAAAB8E\/s0-Mqq1dPyQ\/s400\/Santo+Esperidi%C3%A3o.jpg\",\"contentUrl\":\"http:\/\/4.bp.blogspot.com\/_z-c0Sh5Zlrs\/SKxuo-02QkI\/AAAAAAAAB8E\/s0-Mqq1dPyQ\/s400\/Santo+Esperidi%C3%A3o.jpg\"},{\"@type\":\"BreadcrumbList\",\"@id\":\"https:\/\/www.oarcanjo.net\/site\/santo-esperidiao\/#breadcrumb\",\"itemListElement\":[{\"@type\":\"ListItem\",\"position\":1,\"name\":\"In\u00edcio\",\"item\":\"https:\/\/www.oarcanjo.net\/site\/\"},{\"@type\":\"ListItem\",\"position\":2,\"name\":\"Santo Esperidi\u00e3o\"}]},{\"@type\":\"WebSite\",\"@id\":\"https:\/\/www.oarcanjo.net\/site\/#website\",\"url\":\"https:\/\/www.oarcanjo.net\/site\/\",\"name\":\"O Arcanjo no ar\",\"description\":\"Site da Par\u00f3quia S\u00e3o Miguel Arcanjo (Arquidiocese de SP)\",\"publisher\":{\"@id\":\"https:\/\/www.oarcanjo.net\/site\/#organization\"},\"potentialAction\":[{\"@type\":\"SearchAction\",\"target\":{\"@type\":\"EntryPoint\",\"urlTemplate\":\"https:\/\/www.oarcanjo.net\/site\/?s={search_term_string}\"},\"query-input\":{\"@type\":\"PropertyValueSpecification\",\"valueRequired\":true,\"valueName\":\"search_term_string\"}}],\"inLanguage\":\"pt-BR\"},{\"@type\":\"Organization\",\"@id\":\"https:\/\/www.oarcanjo.net\/site\/#organization\",\"name\":\"Par\u00f3quia S\u00e3o Miguel Arcanjo\",\"url\":\"https:\/\/www.oarcanjo.net\/site\/\",\"logo\":{\"@type\":\"ImageObject\",\"inLanguage\":\"pt-BR\",\"@id\":\"https:\/\/www.oarcanjo.net\/site\/#\/schema\/logo\/image\/\",\"url\":\"https:\/\/www.oarcanjo.net\/site\/wp-content\/uploads\/LogoOArcanjo.png\",\"contentUrl\":\"https:\/\/www.oarcanjo.net\/site\/wp-content\/uploads\/LogoOArcanjo.png\",\"width\":319,\"height\":99,\"caption\":\"Par\u00f3quia S\u00e3o Miguel Arcanjo\"},\"image\":{\"@id\":\"https:\/\/www.oarcanjo.net\/site\/#\/schema\/logo\/image\/\"},\"sameAs\":[\"https:\/\/www.facebook.com\/OArcanjoNoAr\/\"]},{\"@type\":\"Person\",\"@id\":\"https:\/\/www.oarcanjo.net\/site\/#\/schema\/person\/5eb9480bedd2f3c97e430ce128c29c6c\",\"name\":\"danilo\"}]}<\/script>\n<!-- \/ Yoast SEO plugin. -->","yoast_head_json":{"title":"Santo Esperidi\u00e3o - O Arcanjo no ar","robots":{"index":"index","follow":"follow","max-snippet":"max-snippet:-1","max-image-preview":"max-image-preview:large","max-video-preview":"max-video-preview:-1"},"canonical":"https:\/\/www.oarcanjo.net\/site\/santo-esperidiao\/","og_locale":"pt_BR","og_type":"article","og_title":"Santo Esperidi\u00e3o - O Arcanjo no ar","og_description":"14 de Dezembro Esperidi\u00e3o nasceu em 270, na cidade de Trimitous, em Chipre, Gr\u00e9cia. De fam\u00edlia humilde, n\u00e3o teve possibilidade de estudar. Casou-se e, para sustentar a fam\u00edlia, se tornou um pastor de cabras. Teve uma filha chamada Irene, que se consagrou a Deus. Com a morte de sua esposa, decidiu seguir a vida religiosa [&hellip;]","og_url":"https:\/\/www.oarcanjo.net\/site\/santo-esperidiao\/","og_site_name":"O Arcanjo no ar","article_publisher":"https:\/\/www.facebook.com\/OArcanjoNoAr\/","article_published_time":"2014-12-14T02:11:09+00:00","article_modified_time":"2014-11-11T13:19:24+00:00","og_image":[{"url":"http:\/\/4.bp.blogspot.com\/_z-c0Sh5Zlrs\/SKxuo-02QkI\/AAAAAAAAB8E\/s0-Mqq1dPyQ\/s400\/Santo+Esperidi%C3%A3o.jpg"}],"author":"danilo","twitter_card":"summary_large_image","twitter_misc":{"Escrito por":"danilo","Est. tempo de leitura":"3 minutos"},"schema":{"@context":"https:\/\/schema.org","@graph":[{"@type":"Article","@id":"https:\/\/www.oarcanjo.net\/site\/santo-esperidiao\/#article","isPartOf":{"@id":"https:\/\/www.oarcanjo.net\/site\/santo-esperidiao\/"},"author":{"name":"danilo","@id":"https:\/\/www.oarcanjo.net\/site\/#\/schema\/person\/5eb9480bedd2f3c97e430ce128c29c6c"},"headline":"Santo Esperidi\u00e3o","datePublished":"2014-12-14T02:11:09+00:00","dateModified":"2014-11-11T13:19:24+00:00","mainEntityOfPage":{"@id":"https:\/\/www.oarcanjo.net\/site\/santo-esperidiao\/"},"wordCount":542,"commentCount":0,"publisher":{"@id":"https:\/\/www.oarcanjo.net\/site\/#organization"},"image":{"@id":"https:\/\/www.oarcanjo.net\/site\/santo-esperidiao\/#primaryimage"},"thumbnailUrl":"http:\/\/4.bp.blogspot.com\/_z-c0Sh5Zlrs\/SKxuo-02QkI\/AAAAAAAAB8E\/s0-Mqq1dPyQ\/s400\/Santo+Esperidi%C3%A3o.jpg","articleSection":["Testemunhos"],"inLanguage":"pt-BR","potentialAction":[{"@type":"CommentAction","name":"Comment","target":["https:\/\/www.oarcanjo.net\/site\/santo-esperidiao\/#respond"]}]},{"@type":"WebPage","@id":"https:\/\/www.oarcanjo.net\/site\/santo-esperidiao\/","url":"https:\/\/www.oarcanjo.net\/site\/santo-esperidiao\/","name":"Santo Esperidi\u00e3o - O Arcanjo no ar","isPartOf":{"@id":"https:\/\/www.oarcanjo.net\/site\/#website"},"primaryImageOfPage":{"@id":"https:\/\/www.oarcanjo.net\/site\/santo-esperidiao\/#primaryimage"},"image":{"@id":"https:\/\/www.oarcanjo.net\/site\/santo-esperidiao\/#primaryimage"},"thumbnailUrl":"http:\/\/4.bp.blogspot.com\/_z-c0Sh5Zlrs\/SKxuo-02QkI\/AAAAAAAAB8E\/s0-Mqq1dPyQ\/s400\/Santo+Esperidi%C3%A3o.jpg","datePublished":"2014-12-14T02:11:09+00:00","dateModified":"2014-11-11T13:19:24+00:00","breadcrumb":{"@id":"https:\/\/www.oarcanjo.net\/site\/santo-esperidiao\/#breadcrumb"},"inLanguage":"pt-BR","potentialAction":[{"@type":"ReadAction","target":["https:\/\/www.oarcanjo.net\/site\/santo-esperidiao\/"]}]},{"@type":"ImageObject","inLanguage":"pt-BR","@id":"https:\/\/www.oarcanjo.net\/site\/santo-esperidiao\/#primaryimage","url":"http:\/\/4.bp.blogspot.com\/_z-c0Sh5Zlrs\/SKxuo-02QkI\/AAAAAAAAB8E\/s0-Mqq1dPyQ\/s400\/Santo+Esperidi%C3%A3o.jpg","contentUrl":"http:\/\/4.bp.blogspot.com\/_z-c0Sh5Zlrs\/SKxuo-02QkI\/AAAAAAAAB8E\/s0-Mqq1dPyQ\/s400\/Santo+Esperidi%C3%A3o.jpg"},{"@type":"BreadcrumbList","@id":"https:\/\/www.oarcanjo.net\/site\/santo-esperidiao\/#breadcrumb","itemListElement":[{"@type":"ListItem","position":1,"name":"In\u00edcio","item":"https:\/\/www.oarcanjo.net\/site\/"},{"@type":"ListItem","position":2,"name":"Santo Esperidi\u00e3o"}]},{"@type":"WebSite","@id":"https:\/\/www.oarcanjo.net\/site\/#website","url":"https:\/\/www.oarcanjo.net\/site\/","name":"O Arcanjo no ar","description":"Site da Par\u00f3quia S\u00e3o Miguel Arcanjo (Arquidiocese de SP)","publisher":{"@id":"https:\/\/www.oarcanjo.net\/site\/#organization"},"potentialAction":[{"@type":"SearchAction","target":{"@type":"EntryPoint","urlTemplate":"https:\/\/www.oarcanjo.net\/site\/?s={search_term_string}"},"query-input":{"@type":"PropertyValueSpecification","valueRequired":true,"valueName":"search_term_string"}}],"inLanguage":"pt-BR"},{"@type":"Organization","@id":"https:\/\/www.oarcanjo.net\/site\/#organization","name":"Par\u00f3quia S\u00e3o Miguel Arcanjo","url":"https:\/\/www.oarcanjo.net\/site\/","logo":{"@type":"ImageObject","inLanguage":"pt-BR","@id":"https:\/\/www.oarcanjo.net\/site\/#\/schema\/logo\/image\/","url":"https:\/\/www.oarcanjo.net\/site\/wp-content\/uploads\/LogoOArcanjo.png","contentUrl":"https:\/\/www.oarcanjo.net\/site\/wp-content\/uploads\/LogoOArcanjo.png","width":319,"height":99,"caption":"Par\u00f3quia S\u00e3o Miguel Arcanjo"},"image":{"@id":"https:\/\/www.oarcanjo.net\/site\/#\/schema\/logo\/image\/"},"sameAs":["https:\/\/www.facebook.com\/OArcanjoNoAr\/"]},{"@type":"Person","@id":"https:\/\/www.oarcanjo.net\/site\/#\/schema\/person\/5eb9480bedd2f3c97e430ce128c29c6c","name":"danilo"}]}},"publishpress_future_action":{"enabled":false,"date":"2026-05-09 08:32:22","action":"category","newStatus":"draft","terms":[],"taxonomy":"category"},"publishpress_future_workflow_manual_trigger":{"enabledWorkflows":[]},"_links":{"self":[{"href":"https:\/\/www.oarcanjo.net\/site\/wp-json\/wp\/v2\/posts\/6563"}],"collection":[{"href":"https:\/\/www.oarcanjo.net\/site\/wp-json\/wp\/v2\/posts"}],"about":[{"href":"https:\/\/www.oarcanjo.net\/site\/wp-json\/wp\/v2\/types\/post"}],"author":[{"embeddable":true,"href":"https:\/\/www.oarcanjo.net\/site\/wp-json\/wp\/v2\/users\/14"}],"replies":[{"embeddable":true,"href":"https:\/\/www.oarcanjo.net\/site\/wp-json\/wp\/v2\/comments?post=6563"}],"version-history":[{"count":0,"href":"https:\/\/www.oarcanjo.net\/site\/wp-json\/wp\/v2\/posts\/6563\/revisions"}],"wp:attachment":[{"href":"https:\/\/www.oarcanjo.net\/site\/wp-json\/wp\/v2\/media?parent=6563"}],"wp:term":[{"taxonomy":"category","embeddable":true,"href":"https:\/\/www.oarcanjo.net\/site\/wp-json\/wp\/v2\/categories?post=6563"},{"taxonomy":"post_tag","embeddable":true,"href":"https:\/\/www.oarcanjo.net\/site\/wp-json\/wp\/v2\/tags?post=6563"}],"curies":[{"name":"wp","href":"https:\/\/api.w.org\/{rel}","templated":true}]}}