
{"id":6570,"date":"2014-12-15T00:01:33","date_gmt":"2014-12-15T02:01:33","guid":{"rendered":"http:\/\/www.oarcanjo.net\/site\/?p=6570"},"modified":"2014-11-11T11:16:01","modified_gmt":"2014-11-11T13:16:01","slug":"santa-nina-ou-cristiana","status":"publish","type":"post","link":"https:\/\/www.oarcanjo.net\/site\/santa-nina-ou-cristiana\/","title":{"rendered":"Santa Nina ou Cristiana"},"content":{"rendered":"<p><img decoding=\"async\" src=\"http:\/\/www.portalangels.com\/santo_do_dia\/S1512A.gif\" alt=\"\" \/><\/p>\n<p>15 de Dezembro<\/p>\n<p><span style=\"font-size: x-small;color: #000080\">No s\u00e9culo IV vivia nas terras pag\u00e3s entre o Mar Negro e o Mar C\u00e1spio, hoje territ\u00f3rio da Ge\u00f3rgia, uma jovem escrava crist\u00e3 chamada Nina ou Nun\u00e9. Era o tempo do imperador Constantino e ela havia nascido na Capad\u00f3cia, atual Turquia, fora aprisionada por ocasi\u00e3o da invas\u00e3o dos b\u00e1rbaros aos confins orientais do Imp\u00e9rio Romano. Nina era uma escrava, que demostrava toda sua f\u00e9 em Cristo, na alegria com que enfrentava as dificuldades e os sofrimentos. Esse fato chamou a aten\u00e7\u00e3o dos pag\u00e3os com quem convivia. Assim, teve a oportunidade de ensinar a Palavra de Cristo \u00e0 todos que a cercavam. Tornou-se t\u00e3o conhecida que passaram a cham\u00e1-la de &#8220;Cristiana&#8221;, a serva crist\u00e3.<\/span><\/p>\n<p>A antiga tradi\u00e7\u00e3o russa narra que certa vez uma senhora procurou-a, pedindo que solicitasse a interven\u00e7\u00e3o de Deus para que seu filho, gravemente enfermo, n\u00e3o morresse. Nina se ajoelhou aos p\u00e9s da cama onde estava a crian\u00e7a e rezou com tanto fervor que o menino abriu os olhos, sorriu e levantou-se na frente de todos. Foi o bastante para que toda a regi\u00e3o mostrasse interesse pela religi\u00e3o da serva de Cristo. Quanto mais prod\u00edgios ela promovia mais catequizava e convertia os pag\u00e3os.<\/p>\n<p>At\u00e9 que um dia, a rainha desse povo, chamada Nana, adoeceu gravemente e nenhum rem\u00e9dio conseguia faze-la melhorar. Tentaram de tudo. Nada parecia poss\u00edvel. Ent\u00e3o algu\u00e9m se lembrou dos chamados &#8220;poderes&#8221; da serva crist\u00e3. Como \u00faltimo recurso, foram sugeridos \u00e0 rainha, que mandou cham\u00e1-la. Assim, essa humilde escrava foi ao pal\u00e1cio atender \u00e0 rainha, levando consigo apenas a certeza de sua f\u00e9 e a confian\u00e7a de suas ora\u00e7\u00f5es. Logo consegiu tamb\u00e9m curar a soberana.<\/p>\n<p>Enquanto ela se recuperava, certo dia seu esposo, o rei Mirian saiu em comitiva para uma ca\u00e7ada. Mas, o grupo acabou isolado no bosque devido a uma violent\u00edssima tempestade. A situa\u00e7\u00e3o era cr\u00edtica, com trov\u00f5es e raios incendiando \u00e1rvores, pedras rolando ao vento e atingindo pessoas. O pavor tomou conta de todos, clamaram por seus deuses, mas nada acontecia. Lembrando-se da rainha, o rei decidiu rezar para o Deus de Cristiana. Uma luz ent\u00e3o foi vista saindo do c\u00e9u, a tempestade cessou e todos puderam regressar s\u00e3os e salvos \u00e0 corte. Nesse instante o rei sentiu a f\u00e9 invadir seu cora\u00e7\u00e3o.<\/p>\n<p>Ao voltar, procurou a escrava Nina e lhe pediu que falasse tudo o que sabia sobre sua religi\u00e3o. Acabou catequizado e convertido. Entretanto os reis, Mirian e Nana, n\u00e3o podiam ser batizados, pois na corte n\u00e3o havia nenhum Bispo. Seguindo a orienta\u00e7\u00e3o de Cristiana, o rei enviou esse pedido ao imperador Constantino. Nesse meio tempo, mandou construir a primeira igreja crist\u00e3, de acordo com uma planta feita sob orienta\u00e7\u00e3o de Nina, j\u00e1 libertada. Quando chegou o primeiro Bispo da Ge\u00f3rgia acompanhado de um grupo de sacerdotes mission\u00e1rios, encontraram o povo j\u00e1 abra\u00e7ando a doutrina de Santa Nina, como os fi\u00e9is a chamavam por for\u00e7a de sua piedade e prod\u00edgios de f\u00e9. Com facilidade converteram a na\u00e7\u00e3o inteira, a partir da grande solenidade do batismo do casal real.<\/p>\n<p>Depois, junto com o Bispo, o rei Mirian e a rainha Nana constru\u00edram o mosteiro Samtavro, anexo \u00e0quela igreja, onde mais tarde foram sepultados. Nele tamb\u00e9m viveu alguns anos Santa Nina, que morreu no ano 330.<\/p>\n<p>Venerada pelos fieis como padroeira da Ge\u00f3rgia, suas rel\u00edquias est\u00e3o guardadas Catedral da Metiskreta, antiga capital desse pa\u00eds. O seu culto foi confirmado, sendo realizado no Oriente em 14 de janeiro. Enquanto a Igreja de Roma a comemora no dia 15 de dezembro.<\/p>\n<div id=\"themify_builder_content-6570\" data-postid=\"6570\" class=\"themify_builder_content themify_builder_content-6570 themify_builder themify_builder_front\">\n\t<\/div>\n<!-- \/themify_builder_content -->","protected":false},"excerpt":{"rendered":"<p>15 de Dezembro No s\u00e9culo IV vivia nas terras pag\u00e3s entre o Mar Negro e o Mar C\u00e1spio, hoje territ\u00f3rio da Ge\u00f3rgia, uma jovem escrava crist\u00e3 chamada Nina ou Nun\u00e9. Era o tempo do imperador Constantino e ela havia nascido na Capad\u00f3cia, atual Turquia, fora aprisionada por ocasi\u00e3o da invas\u00e3o dos b\u00e1rbaros aos confins orientais [&hellip;]<\/p>\n","protected":false},"author":14,"featured_media":0,"comment_status":"open","ping_status":"open","sticky":false,"template":"","format":"standard","meta":{"ngg_post_thumbnail":0,"footnotes":""},"categories":[186],"tags":[],"yoast_head":"<!-- This site is optimized with the Yoast SEO plugin v23.5 - https:\/\/yoast.com\/wordpress\/plugins\/seo\/ -->\n<title>Santa Nina ou Cristiana - O Arcanjo no ar<\/title>\n<meta name=\"robots\" content=\"index, follow, max-snippet:-1, max-image-preview:large, max-video-preview:-1\" \/>\n<link rel=\"canonical\" href=\"https:\/\/www.oarcanjo.net\/site\/santa-nina-ou-cristiana\/\" \/>\n<meta property=\"og:locale\" content=\"pt_BR\" \/>\n<meta property=\"og:type\" content=\"article\" \/>\n<meta property=\"og:title\" content=\"Santa Nina ou Cristiana - O Arcanjo no ar\" \/>\n<meta property=\"og:description\" content=\"15 de Dezembro No s\u00e9culo IV vivia nas terras pag\u00e3s entre o Mar Negro e o Mar C\u00e1spio, hoje territ\u00f3rio da Ge\u00f3rgia, uma jovem escrava crist\u00e3 chamada Nina ou Nun\u00e9. Era o tempo do imperador Constantino e ela havia nascido na Capad\u00f3cia, atual Turquia, fora aprisionada por ocasi\u00e3o da invas\u00e3o dos b\u00e1rbaros aos confins orientais [&hellip;]\" \/>\n<meta property=\"og:url\" content=\"https:\/\/www.oarcanjo.net\/site\/santa-nina-ou-cristiana\/\" \/>\n<meta property=\"og:site_name\" content=\"O Arcanjo no ar\" \/>\n<meta property=\"article:publisher\" content=\"https:\/\/www.facebook.com\/OArcanjoNoAr\/\" \/>\n<meta property=\"article:published_time\" content=\"2014-12-15T02:01:33+00:00\" \/>\n<meta property=\"article:modified_time\" content=\"2014-11-11T13:16:01+00:00\" \/>\n<meta property=\"og:image\" content=\"http:\/\/www.portalangels.com\/santo_do_dia\/S1512A.gif\" \/>\n<meta name=\"author\" content=\"danilo\" \/>\n<meta name=\"twitter:card\" content=\"summary_large_image\" \/>\n<meta name=\"twitter:label1\" content=\"Escrito por\" \/>\n\t<meta name=\"twitter:data1\" content=\"danilo\" \/>\n\t<meta name=\"twitter:label2\" content=\"Est. tempo de leitura\" \/>\n\t<meta name=\"twitter:data2\" content=\"3 minutos\" \/>\n<script type=\"application\/ld+json\" class=\"yoast-schema-graph\">{\"@context\":\"https:\/\/schema.org\",\"@graph\":[{\"@type\":\"Article\",\"@id\":\"https:\/\/www.oarcanjo.net\/site\/santa-nina-ou-cristiana\/#article\",\"isPartOf\":{\"@id\":\"https:\/\/www.oarcanjo.net\/site\/santa-nina-ou-cristiana\/\"},\"author\":{\"name\":\"danilo\",\"@id\":\"https:\/\/www.oarcanjo.net\/site\/#\/schema\/person\/5eb9480bedd2f3c97e430ce128c29c6c\"},\"headline\":\"Santa Nina ou Cristiana\",\"datePublished\":\"2014-12-15T02:01:33+00:00\",\"dateModified\":\"2014-11-11T13:16:01+00:00\",\"mainEntityOfPage\":{\"@id\":\"https:\/\/www.oarcanjo.net\/site\/santa-nina-ou-cristiana\/\"},\"wordCount\":634,\"commentCount\":0,\"publisher\":{\"@id\":\"https:\/\/www.oarcanjo.net\/site\/#organization\"},\"image\":{\"@id\":\"https:\/\/www.oarcanjo.net\/site\/santa-nina-ou-cristiana\/#primaryimage\"},\"thumbnailUrl\":\"http:\/\/www.portalangels.com\/santo_do_dia\/S1512A.gif\",\"articleSection\":[\"Testemunhos\"],\"inLanguage\":\"pt-BR\",\"potentialAction\":[{\"@type\":\"CommentAction\",\"name\":\"Comment\",\"target\":[\"https:\/\/www.oarcanjo.net\/site\/santa-nina-ou-cristiana\/#respond\"]}]},{\"@type\":\"WebPage\",\"@id\":\"https:\/\/www.oarcanjo.net\/site\/santa-nina-ou-cristiana\/\",\"url\":\"https:\/\/www.oarcanjo.net\/site\/santa-nina-ou-cristiana\/\",\"name\":\"Santa Nina ou Cristiana - O Arcanjo no ar\",\"isPartOf\":{\"@id\":\"https:\/\/www.oarcanjo.net\/site\/#website\"},\"primaryImageOfPage\":{\"@id\":\"https:\/\/www.oarcanjo.net\/site\/santa-nina-ou-cristiana\/#primaryimage\"},\"image\":{\"@id\":\"https:\/\/www.oarcanjo.net\/site\/santa-nina-ou-cristiana\/#primaryimage\"},\"thumbnailUrl\":\"http:\/\/www.portalangels.com\/santo_do_dia\/S1512A.gif\",\"datePublished\":\"2014-12-15T02:01:33+00:00\",\"dateModified\":\"2014-11-11T13:16:01+00:00\",\"breadcrumb\":{\"@id\":\"https:\/\/www.oarcanjo.net\/site\/santa-nina-ou-cristiana\/#breadcrumb\"},\"inLanguage\":\"pt-BR\",\"potentialAction\":[{\"@type\":\"ReadAction\",\"target\":[\"https:\/\/www.oarcanjo.net\/site\/santa-nina-ou-cristiana\/\"]}]},{\"@type\":\"ImageObject\",\"inLanguage\":\"pt-BR\",\"@id\":\"https:\/\/www.oarcanjo.net\/site\/santa-nina-ou-cristiana\/#primaryimage\",\"url\":\"http:\/\/www.portalangels.com\/santo_do_dia\/S1512A.gif\",\"contentUrl\":\"http:\/\/www.portalangels.com\/santo_do_dia\/S1512A.gif\"},{\"@type\":\"BreadcrumbList\",\"@id\":\"https:\/\/www.oarcanjo.net\/site\/santa-nina-ou-cristiana\/#breadcrumb\",\"itemListElement\":[{\"@type\":\"ListItem\",\"position\":1,\"name\":\"In\u00edcio\",\"item\":\"https:\/\/www.oarcanjo.net\/site\/\"},{\"@type\":\"ListItem\",\"position\":2,\"name\":\"Santa Nina ou Cristiana\"}]},{\"@type\":\"WebSite\",\"@id\":\"https:\/\/www.oarcanjo.net\/site\/#website\",\"url\":\"https:\/\/www.oarcanjo.net\/site\/\",\"name\":\"O Arcanjo no ar\",\"description\":\"Site da Par\u00f3quia S\u00e3o Miguel Arcanjo (Arquidiocese de SP)\",\"publisher\":{\"@id\":\"https:\/\/www.oarcanjo.net\/site\/#organization\"},\"potentialAction\":[{\"@type\":\"SearchAction\",\"target\":{\"@type\":\"EntryPoint\",\"urlTemplate\":\"https:\/\/www.oarcanjo.net\/site\/?s={search_term_string}\"},\"query-input\":{\"@type\":\"PropertyValueSpecification\",\"valueRequired\":true,\"valueName\":\"search_term_string\"}}],\"inLanguage\":\"pt-BR\"},{\"@type\":\"Organization\",\"@id\":\"https:\/\/www.oarcanjo.net\/site\/#organization\",\"name\":\"Par\u00f3quia S\u00e3o Miguel Arcanjo\",\"url\":\"https:\/\/www.oarcanjo.net\/site\/\",\"logo\":{\"@type\":\"ImageObject\",\"inLanguage\":\"pt-BR\",\"@id\":\"https:\/\/www.oarcanjo.net\/site\/#\/schema\/logo\/image\/\",\"url\":\"https:\/\/www.oarcanjo.net\/site\/wp-content\/uploads\/LogoOArcanjo.png\",\"contentUrl\":\"https:\/\/www.oarcanjo.net\/site\/wp-content\/uploads\/LogoOArcanjo.png\",\"width\":319,\"height\":99,\"caption\":\"Par\u00f3quia S\u00e3o Miguel Arcanjo\"},\"image\":{\"@id\":\"https:\/\/www.oarcanjo.net\/site\/#\/schema\/logo\/image\/\"},\"sameAs\":[\"https:\/\/www.facebook.com\/OArcanjoNoAr\/\"]},{\"@type\":\"Person\",\"@id\":\"https:\/\/www.oarcanjo.net\/site\/#\/schema\/person\/5eb9480bedd2f3c97e430ce128c29c6c\",\"name\":\"danilo\"}]}<\/script>\n<!-- \/ Yoast SEO plugin. -->","yoast_head_json":{"title":"Santa Nina ou Cristiana - O Arcanjo no ar","robots":{"index":"index","follow":"follow","max-snippet":"max-snippet:-1","max-image-preview":"max-image-preview:large","max-video-preview":"max-video-preview:-1"},"canonical":"https:\/\/www.oarcanjo.net\/site\/santa-nina-ou-cristiana\/","og_locale":"pt_BR","og_type":"article","og_title":"Santa Nina ou Cristiana - O Arcanjo no ar","og_description":"15 de Dezembro No s\u00e9culo IV vivia nas terras pag\u00e3s entre o Mar Negro e o Mar C\u00e1spio, hoje territ\u00f3rio da Ge\u00f3rgia, uma jovem escrava crist\u00e3 chamada Nina ou Nun\u00e9. Era o tempo do imperador Constantino e ela havia nascido na Capad\u00f3cia, atual Turquia, fora aprisionada por ocasi\u00e3o da invas\u00e3o dos b\u00e1rbaros aos confins orientais [&hellip;]","og_url":"https:\/\/www.oarcanjo.net\/site\/santa-nina-ou-cristiana\/","og_site_name":"O Arcanjo no ar","article_publisher":"https:\/\/www.facebook.com\/OArcanjoNoAr\/","article_published_time":"2014-12-15T02:01:33+00:00","article_modified_time":"2014-11-11T13:16:01+00:00","og_image":[{"url":"http:\/\/www.portalangels.com\/santo_do_dia\/S1512A.gif"}],"author":"danilo","twitter_card":"summary_large_image","twitter_misc":{"Escrito por":"danilo","Est. tempo de leitura":"3 minutos"},"schema":{"@context":"https:\/\/schema.org","@graph":[{"@type":"Article","@id":"https:\/\/www.oarcanjo.net\/site\/santa-nina-ou-cristiana\/#article","isPartOf":{"@id":"https:\/\/www.oarcanjo.net\/site\/santa-nina-ou-cristiana\/"},"author":{"name":"danilo","@id":"https:\/\/www.oarcanjo.net\/site\/#\/schema\/person\/5eb9480bedd2f3c97e430ce128c29c6c"},"headline":"Santa Nina ou Cristiana","datePublished":"2014-12-15T02:01:33+00:00","dateModified":"2014-11-11T13:16:01+00:00","mainEntityOfPage":{"@id":"https:\/\/www.oarcanjo.net\/site\/santa-nina-ou-cristiana\/"},"wordCount":634,"commentCount":0,"publisher":{"@id":"https:\/\/www.oarcanjo.net\/site\/#organization"},"image":{"@id":"https:\/\/www.oarcanjo.net\/site\/santa-nina-ou-cristiana\/#primaryimage"},"thumbnailUrl":"http:\/\/www.portalangels.com\/santo_do_dia\/S1512A.gif","articleSection":["Testemunhos"],"inLanguage":"pt-BR","potentialAction":[{"@type":"CommentAction","name":"Comment","target":["https:\/\/www.oarcanjo.net\/site\/santa-nina-ou-cristiana\/#respond"]}]},{"@type":"WebPage","@id":"https:\/\/www.oarcanjo.net\/site\/santa-nina-ou-cristiana\/","url":"https:\/\/www.oarcanjo.net\/site\/santa-nina-ou-cristiana\/","name":"Santa Nina ou Cristiana - O Arcanjo no ar","isPartOf":{"@id":"https:\/\/www.oarcanjo.net\/site\/#website"},"primaryImageOfPage":{"@id":"https:\/\/www.oarcanjo.net\/site\/santa-nina-ou-cristiana\/#primaryimage"},"image":{"@id":"https:\/\/www.oarcanjo.net\/site\/santa-nina-ou-cristiana\/#primaryimage"},"thumbnailUrl":"http:\/\/www.portalangels.com\/santo_do_dia\/S1512A.gif","datePublished":"2014-12-15T02:01:33+00:00","dateModified":"2014-11-11T13:16:01+00:00","breadcrumb":{"@id":"https:\/\/www.oarcanjo.net\/site\/santa-nina-ou-cristiana\/#breadcrumb"},"inLanguage":"pt-BR","potentialAction":[{"@type":"ReadAction","target":["https:\/\/www.oarcanjo.net\/site\/santa-nina-ou-cristiana\/"]}]},{"@type":"ImageObject","inLanguage":"pt-BR","@id":"https:\/\/www.oarcanjo.net\/site\/santa-nina-ou-cristiana\/#primaryimage","url":"http:\/\/www.portalangels.com\/santo_do_dia\/S1512A.gif","contentUrl":"http:\/\/www.portalangels.com\/santo_do_dia\/S1512A.gif"},{"@type":"BreadcrumbList","@id":"https:\/\/www.oarcanjo.net\/site\/santa-nina-ou-cristiana\/#breadcrumb","itemListElement":[{"@type":"ListItem","position":1,"name":"In\u00edcio","item":"https:\/\/www.oarcanjo.net\/site\/"},{"@type":"ListItem","position":2,"name":"Santa Nina ou Cristiana"}]},{"@type":"WebSite","@id":"https:\/\/www.oarcanjo.net\/site\/#website","url":"https:\/\/www.oarcanjo.net\/site\/","name":"O Arcanjo no ar","description":"Site da Par\u00f3quia S\u00e3o Miguel Arcanjo (Arquidiocese de SP)","publisher":{"@id":"https:\/\/www.oarcanjo.net\/site\/#organization"},"potentialAction":[{"@type":"SearchAction","target":{"@type":"EntryPoint","urlTemplate":"https:\/\/www.oarcanjo.net\/site\/?s={search_term_string}"},"query-input":{"@type":"PropertyValueSpecification","valueRequired":true,"valueName":"search_term_string"}}],"inLanguage":"pt-BR"},{"@type":"Organization","@id":"https:\/\/www.oarcanjo.net\/site\/#organization","name":"Par\u00f3quia S\u00e3o Miguel Arcanjo","url":"https:\/\/www.oarcanjo.net\/site\/","logo":{"@type":"ImageObject","inLanguage":"pt-BR","@id":"https:\/\/www.oarcanjo.net\/site\/#\/schema\/logo\/image\/","url":"https:\/\/www.oarcanjo.net\/site\/wp-content\/uploads\/LogoOArcanjo.png","contentUrl":"https:\/\/www.oarcanjo.net\/site\/wp-content\/uploads\/LogoOArcanjo.png","width":319,"height":99,"caption":"Par\u00f3quia S\u00e3o Miguel Arcanjo"},"image":{"@id":"https:\/\/www.oarcanjo.net\/site\/#\/schema\/logo\/image\/"},"sameAs":["https:\/\/www.facebook.com\/OArcanjoNoAr\/"]},{"@type":"Person","@id":"https:\/\/www.oarcanjo.net\/site\/#\/schema\/person\/5eb9480bedd2f3c97e430ce128c29c6c","name":"danilo"}]}},"publishpress_future_action":{"enabled":false,"date":"2026-05-09 10:07:07","action":"category","newStatus":"draft","terms":[],"taxonomy":"category"},"publishpress_future_workflow_manual_trigger":{"enabledWorkflows":[]},"_links":{"self":[{"href":"https:\/\/www.oarcanjo.net\/site\/wp-json\/wp\/v2\/posts\/6570"}],"collection":[{"href":"https:\/\/www.oarcanjo.net\/site\/wp-json\/wp\/v2\/posts"}],"about":[{"href":"https:\/\/www.oarcanjo.net\/site\/wp-json\/wp\/v2\/types\/post"}],"author":[{"embeddable":true,"href":"https:\/\/www.oarcanjo.net\/site\/wp-json\/wp\/v2\/users\/14"}],"replies":[{"embeddable":true,"href":"https:\/\/www.oarcanjo.net\/site\/wp-json\/wp\/v2\/comments?post=6570"}],"version-history":[{"count":0,"href":"https:\/\/www.oarcanjo.net\/site\/wp-json\/wp\/v2\/posts\/6570\/revisions"}],"wp:attachment":[{"href":"https:\/\/www.oarcanjo.net\/site\/wp-json\/wp\/v2\/media?parent=6570"}],"wp:term":[{"taxonomy":"category","embeddable":true,"href":"https:\/\/www.oarcanjo.net\/site\/wp-json\/wp\/v2\/categories?post=6570"},{"taxonomy":"post_tag","embeddable":true,"href":"https:\/\/www.oarcanjo.net\/site\/wp-json\/wp\/v2\/tags?post=6570"}],"curies":[{"name":"wp","href":"https:\/\/api.w.org\/{rel}","templated":true}]}}