
{"id":6602,"date":"2009-12-11T17:22:08","date_gmt":"2009-12-11T19:22:08","guid":{"rendered":"http:\/\/www.oarcanjo.net\/site\/?p=6602"},"modified":"2009-12-12T17:26:55","modified_gmt":"2009-12-12T19:26:55","slug":"nota-da-cnbb-sobre-a-conferencia-de-copenhague","status":"publish","type":"post","link":"https:\/\/www.oarcanjo.net\/site\/nota-da-cnbb-sobre-a-conferencia-de-copenhague\/","title":{"rendered":"Nota da CNBB sobre a Confer\u00eancia de Copenhague"},"content":{"rendered":"<p><em>\u201cToda a cria\u00e7\u00e3o espera ser libertada da escravid\u00e3o\u201d (cf. Rm 8,21).<\/em><\/p>\n<p>Nos dias 7 a 18 de dezembro, realiza-se a Confer\u00eancia da ONU sobre Meio\u00a0Ambiente &#8211; COP 15, em Copenhague. As decis\u00f5es que ser\u00e3o tomadas pelos governantes ter\u00e3o\u00a0impacto no futuro da humanidade e em todas as formas de vida no Planeta.<\/p>\n<p>Considerando a import\u00e2ncia dessa Confer\u00eancia, bem como a urg\u00eancia do tema em\u00a0pauta, n\u00f3s bispos do Conselho Episcopal de Pastoral (CONSEP), reunidos em Bras\u00edlia, nos\u00a0unimos ao apelo global direcionado aos l\u00edderes mundiais, exigindo um acordo corajoso com\u00a0metas necess\u00e1rias e mensur\u00e1veis na emiss\u00e3o de poluentes. Esperamos igualmente que as\u00a0popula\u00e7\u00f5es mais vulner\u00e1veis afetadas pelas mudan\u00e7as clim\u00e1ticas recebam os recursos\u00a0necess\u00e1rios para a sua adapta\u00e7\u00e3o e o seu desenvolvimento sustent\u00e1vel.<\/p>\n<p>Diante da declara\u00e7\u00e3o de inten\u00e7\u00e3o do Governo brasileiro em diminuir, at\u00e9 2020, em\u00a038% a emiss\u00e3o de gases que provocam aquecimento da Terra, e a redu\u00e7\u00e3o de 80% do\u00a0desmatamento da Amaz\u00f4nia, manifestamos a nossa expectativa para que essas metas sejam\u00a0acompanhadas por pol\u00edticas nacionais coerentes, que promovam a sustentabilidade do\u00a0desenvolvimento humano, especialmente das popula\u00e7\u00f5es mais empobrecidas e a integridade da\u00a0cria\u00e7\u00e3o, em obedi\u00eancia aos seguintes princ\u00edpios:<\/p>\n<p>\u2022 O reconhecimento da \u00e1gua como direito humano, bem p\u00fablico e patrim\u00f4nio de\u00a0todos os seres vivos, com a conseq\u00fcente implementa\u00e7\u00e3o de pol\u00edticas h\u00eddricas que priorizem o ser\u00a0humano e a dessedenta\u00e7\u00e3o dos animais;<\/p>\n<p>\u2022 A implementa\u00e7\u00e3o de uma ampla pol\u00edtica de reforma agr\u00e1ria e agr\u00edcola com uma\u00a0justa distribui\u00e7\u00e3o da terra, em favor das unidades familiares e comunit\u00e1rias, mais produtivas por\u00a0hectare, geradoras de oportunidade de trabalho, produtoras de alimentos, em conson\u00e2ncia com o\u00a0meio ambiente;<\/p>\n<p>\u2022 O aprimoramento e a implementa\u00e7\u00e3o do Plano Nacional de Mudan\u00e7as do Clima\u00a0(PNMC), que orientem de modo adequado e coerente outros planos e iniciativas governamentais;<\/p>\n<p>\u2022 A op\u00e7\u00e3o por uma matriz energ\u00e9tica limpa e diversificada, junto com um maior\u00a0investimento tecnol\u00f3gico e aten\u00e7\u00e3o \u00e0 sabedoria e \u00e1s pr\u00e1ticas das popula\u00e7\u00f5es tradicionais;<\/p>\n<p>\u2022 A manuten\u00e7\u00e3o do c\u00f3digo florestal e a busca de mecanismo de incentivo para a\u00a0sua implementa\u00e7\u00e3o;<\/p>\n<p>\u2022 Transpar\u00eancia e controle social sobre os investimentos p\u00fablicos e privados para\u00a0que as pol\u00edticas de Redu\u00e7\u00f5es de Emiss\u00f5es Associadas ao Desmatamento e \u00e0 Degrada\u00e7\u00e3o\u00a0Florestal (REDD) n\u00e3o sejam regidos pelos interesses do mercado.<\/p>\n<p>Movidos pelos gritos da Terra e dos seus filhos e filhas especialmente, dos mais\u00a0empobrecidos, conclamamos as nossas comunidades eclesiais a realizarem nos dias 12 e 13 de\u00a0dezembro pr\u00f3ximo, atos que sinalizem nossa preocupa\u00e7\u00e3o com as decis\u00f5es que ser\u00e3o tomadas na\u00a0Confer\u00eancia de Copenhague. \u201cAntes que seja tarde demais, precisamos fazer escolhas\u00a0corajosas, que possam restabelecer uma forte alian\u00e7a entre o ser humano e a Terra\u201d (Papa\u00a0Bento XVI, discurso em Loreto).<\/p>\n<p>Como gesto concreto, sejam promovidos debates, ora\u00e7\u00f5es e vig\u00edlias junto com\u00a0iniciativas de outras Igrejas e organiza\u00e7\u00f5es sociais, Em conson\u00e2ncia com a iniciativa das Igrejas\u00a0de outros Continentes, incentivamos que se d\u00eaem 350 repiques de sino, \u00e0s 12 horas do pr\u00f3ximo\u00a0dia 13 de dezembro. Este gesto simb\u00f3lico visa alertar os governos a n\u00e3o permitirem que se\u00a0ultrapassem 350 partes por milh\u00e3o (PPM), limite m\u00e1ximo e seguro de di\u00f3xido de carbono (CO2)\u00a0na atmosfera, conforme atestam os cientistas que estudam o clima.<\/p>\n<p>Que as celebra\u00e7\u00f5es do Advento nos coloquem em vigilante atitude na defesa e\u00a0promo\u00e7\u00e3o da vida na Terra.<\/p>\n<p>Bras\u00edlia, DF, 10 de dezembro de 2009.<\/p>\n<div id=\"_mcePaste\" style=\"position: absolute; left: -10000px; top: 901px; width: 1px; height: 1px; overflow-x: hidden; overflow-y: hidden;\">Dom Geraldo Lyrio Rocha<\/div>\n<div id=\"_mcePaste\" style=\"position: absolute; left: -10000px; top: 901px; width: 1px; height: 1px; overflow-x: hidden; overflow-y: hidden;\">Arcebispo de Mariana<\/div>\n<div id=\"_mcePaste\" style=\"position: absolute; left: -10000px; top: 901px; width: 1px; height: 1px; overflow-x: hidden; overflow-y: hidden;\">Presidente da CNBB<\/div>\n<p>Dom Geraldo Lyrio Rocha<br \/>\nArcebispo de Mariana<br \/>\nPresidente da CNBB<\/p>\n<p>Dom Luiz Soares Vieira<br \/>\nArcebispo de Manaus<br \/>\nVice-Presidente da CNBB<\/p>\n<p>Dom Dimas Lara Barbosa<br \/>\nBispo Auxiliar do Rio de Janeiro<br \/>\nSecret\u00e1rio-Geral da CNBB<\/p>\n<div id=\"themify_builder_content-6602\" data-postid=\"6602\" class=\"themify_builder_content themify_builder_content-6602 themify_builder themify_builder_front\">\n\t<\/div>\n<!-- \/themify_builder_content -->","protected":false},"excerpt":{"rendered":"<p>\u201cToda a cria\u00e7\u00e3o espera ser libertada da escravid\u00e3o\u201d (cf. Rm 8,21). Nos dias 7 a 18 de dezembro, realiza-se a Confer\u00eancia da ONU sobre Meio\u00a0Ambiente &#8211; COP 15, em Copenhague. As decis\u00f5es que ser\u00e3o tomadas pelos governantes ter\u00e3o\u00a0impacto no futuro da humanidade e em todas as formas de vida no Planeta. Considerando a import\u00e2ncia dessa [&hellip;]<\/p>\n","protected":false},"author":5,"featured_media":0,"comment_status":"open","ping_status":"open","sticky":false,"template":"","format":"standard","meta":{"ngg_post_thumbnail":0,"footnotes":""},"categories":[8],"tags":[63,1049,1089,468,470],"yoast_head":"<!-- This site is optimized with the Yoast SEO plugin v23.5 - https:\/\/yoast.com\/wordpress\/plugins\/seo\/ -->\n<title>Nota da CNBB sobre a Confer\u00eancia de Copenhague - O Arcanjo no ar<\/title>\n<meta name=\"robots\" content=\"index, follow, max-snippet:-1, max-image-preview:large, max-video-preview:-1\" \/>\n<link rel=\"canonical\" href=\"https:\/\/www.oarcanjo.net\/site\/nota-da-cnbb-sobre-a-conferencia-de-copenhague\/\" \/>\n<meta property=\"og:locale\" content=\"pt_BR\" \/>\n<meta property=\"og:type\" content=\"article\" \/>\n<meta property=\"og:title\" content=\"Nota da CNBB sobre a Confer\u00eancia de Copenhague - O Arcanjo no ar\" \/>\n<meta property=\"og:description\" content=\"\u201cToda a cria\u00e7\u00e3o espera ser libertada da escravid\u00e3o\u201d (cf. Rm 8,21). Nos dias 7 a 18 de dezembro, realiza-se a Confer\u00eancia da ONU sobre Meio\u00a0Ambiente &#8211; COP 15, em Copenhague. As decis\u00f5es que ser\u00e3o tomadas pelos governantes ter\u00e3o\u00a0impacto no futuro da humanidade e em todas as formas de vida no Planeta. Considerando a import\u00e2ncia dessa [&hellip;]\" \/>\n<meta property=\"og:url\" content=\"https:\/\/www.oarcanjo.net\/site\/nota-da-cnbb-sobre-a-conferencia-de-copenhague\/\" \/>\n<meta property=\"og:site_name\" content=\"O Arcanjo no ar\" \/>\n<meta property=\"article:publisher\" content=\"https:\/\/www.facebook.com\/OArcanjoNoAr\/\" \/>\n<meta property=\"article:published_time\" content=\"2009-12-11T19:22:08+00:00\" \/>\n<meta property=\"article:modified_time\" content=\"2009-12-12T19:26:55+00:00\" \/>\n<meta property=\"og:image\" content=\"https:\/\/www.oarcanjo.net\/site\/wp-content\/uploads\/logo-o-arcanjo-no-ar-facebook.png\" \/>\n\t<meta property=\"og:image:width\" content=\"300\" \/>\n\t<meta property=\"og:image:height\" content=\"300\" \/>\n\t<meta property=\"og:image:type\" content=\"image\/png\" \/>\n<meta name=\"author\" content=\"editor\" \/>\n<meta name=\"twitter:card\" content=\"summary_large_image\" \/>\n<meta name=\"twitter:label1\" content=\"Escrito por\" \/>\n\t<meta name=\"twitter:data1\" content=\"editor\" \/>\n\t<meta name=\"twitter:label2\" content=\"Est. tempo de leitura\" \/>\n\t<meta name=\"twitter:data2\" content=\"3 minutos\" \/>\n<script type=\"application\/ld+json\" class=\"yoast-schema-graph\">{\"@context\":\"https:\/\/schema.org\",\"@graph\":[{\"@type\":\"Article\",\"@id\":\"https:\/\/www.oarcanjo.net\/site\/nota-da-cnbb-sobre-a-conferencia-de-copenhague\/#article\",\"isPartOf\":{\"@id\":\"https:\/\/www.oarcanjo.net\/site\/nota-da-cnbb-sobre-a-conferencia-de-copenhague\/\"},\"author\":{\"name\":\"editor\",\"@id\":\"https:\/\/www.oarcanjo.net\/site\/#\/schema\/person\/f7024d007863202483a31326673a0838\"},\"headline\":\"Nota da CNBB sobre a Confer\u00eancia de Copenhague\",\"datePublished\":\"2009-12-11T19:22:08+00:00\",\"dateModified\":\"2009-12-12T19:26:55+00:00\",\"mainEntityOfPage\":{\"@id\":\"https:\/\/www.oarcanjo.net\/site\/nota-da-cnbb-sobre-a-conferencia-de-copenhague\/\"},\"wordCount\":665,\"commentCount\":0,\"publisher\":{\"@id\":\"https:\/\/www.oarcanjo.net\/site\/#organization\"},\"keywords\":[\"CNBB\",\"Confer\u00eancia de Copenhague\",\"Confer\u00eancia Mundial sobre o Clima\",\"meio ambiente\",\"sustentabilidade\"],\"articleSection\":[\"Not\u00edcias\"],\"inLanguage\":\"pt-BR\",\"potentialAction\":[{\"@type\":\"CommentAction\",\"name\":\"Comment\",\"target\":[\"https:\/\/www.oarcanjo.net\/site\/nota-da-cnbb-sobre-a-conferencia-de-copenhague\/#respond\"]}]},{\"@type\":\"WebPage\",\"@id\":\"https:\/\/www.oarcanjo.net\/site\/nota-da-cnbb-sobre-a-conferencia-de-copenhague\/\",\"url\":\"https:\/\/www.oarcanjo.net\/site\/nota-da-cnbb-sobre-a-conferencia-de-copenhague\/\",\"name\":\"Nota da CNBB sobre a Confer\u00eancia de Copenhague - O Arcanjo no ar\",\"isPartOf\":{\"@id\":\"https:\/\/www.oarcanjo.net\/site\/#website\"},\"datePublished\":\"2009-12-11T19:22:08+00:00\",\"dateModified\":\"2009-12-12T19:26:55+00:00\",\"breadcrumb\":{\"@id\":\"https:\/\/www.oarcanjo.net\/site\/nota-da-cnbb-sobre-a-conferencia-de-copenhague\/#breadcrumb\"},\"inLanguage\":\"pt-BR\",\"potentialAction\":[{\"@type\":\"ReadAction\",\"target\":[\"https:\/\/www.oarcanjo.net\/site\/nota-da-cnbb-sobre-a-conferencia-de-copenhague\/\"]}]},{\"@type\":\"BreadcrumbList\",\"@id\":\"https:\/\/www.oarcanjo.net\/site\/nota-da-cnbb-sobre-a-conferencia-de-copenhague\/#breadcrumb\",\"itemListElement\":[{\"@type\":\"ListItem\",\"position\":1,\"name\":\"In\u00edcio\",\"item\":\"https:\/\/www.oarcanjo.net\/site\/\"},{\"@type\":\"ListItem\",\"position\":2,\"name\":\"Nota da CNBB sobre a Confer\u00eancia de Copenhague\"}]},{\"@type\":\"WebSite\",\"@id\":\"https:\/\/www.oarcanjo.net\/site\/#website\",\"url\":\"https:\/\/www.oarcanjo.net\/site\/\",\"name\":\"O Arcanjo no ar\",\"description\":\"Site da Par\u00f3quia S\u00e3o Miguel Arcanjo (Arquidiocese de SP)\",\"publisher\":{\"@id\":\"https:\/\/www.oarcanjo.net\/site\/#organization\"},\"potentialAction\":[{\"@type\":\"SearchAction\",\"target\":{\"@type\":\"EntryPoint\",\"urlTemplate\":\"https:\/\/www.oarcanjo.net\/site\/?s={search_term_string}\"},\"query-input\":{\"@type\":\"PropertyValueSpecification\",\"valueRequired\":true,\"valueName\":\"search_term_string\"}}],\"inLanguage\":\"pt-BR\"},{\"@type\":\"Organization\",\"@id\":\"https:\/\/www.oarcanjo.net\/site\/#organization\",\"name\":\"Par\u00f3quia S\u00e3o Miguel Arcanjo\",\"url\":\"https:\/\/www.oarcanjo.net\/site\/\",\"logo\":{\"@type\":\"ImageObject\",\"inLanguage\":\"pt-BR\",\"@id\":\"https:\/\/www.oarcanjo.net\/site\/#\/schema\/logo\/image\/\",\"url\":\"https:\/\/www.oarcanjo.net\/site\/wp-content\/uploads\/LogoOArcanjo.png\",\"contentUrl\":\"https:\/\/www.oarcanjo.net\/site\/wp-content\/uploads\/LogoOArcanjo.png\",\"width\":319,\"height\":99,\"caption\":\"Par\u00f3quia S\u00e3o Miguel Arcanjo\"},\"image\":{\"@id\":\"https:\/\/www.oarcanjo.net\/site\/#\/schema\/logo\/image\/\"},\"sameAs\":[\"https:\/\/www.facebook.com\/OArcanjoNoAr\/\"]},{\"@type\":\"Person\",\"@id\":\"https:\/\/www.oarcanjo.net\/site\/#\/schema\/person\/f7024d007863202483a31326673a0838\",\"name\":\"editor\",\"sameAs\":[\"http:\/\/www.oarcanjo.net\"]}]}<\/script>\n<!-- \/ Yoast SEO plugin. -->","yoast_head_json":{"title":"Nota da CNBB sobre a Confer\u00eancia de Copenhague - O Arcanjo no ar","robots":{"index":"index","follow":"follow","max-snippet":"max-snippet:-1","max-image-preview":"max-image-preview:large","max-video-preview":"max-video-preview:-1"},"canonical":"https:\/\/www.oarcanjo.net\/site\/nota-da-cnbb-sobre-a-conferencia-de-copenhague\/","og_locale":"pt_BR","og_type":"article","og_title":"Nota da CNBB sobre a Confer\u00eancia de Copenhague - O Arcanjo no ar","og_description":"\u201cToda a cria\u00e7\u00e3o espera ser libertada da escravid\u00e3o\u201d (cf. Rm 8,21). Nos dias 7 a 18 de dezembro, realiza-se a Confer\u00eancia da ONU sobre Meio\u00a0Ambiente &#8211; COP 15, em Copenhague. As decis\u00f5es que ser\u00e3o tomadas pelos governantes ter\u00e3o\u00a0impacto no futuro da humanidade e em todas as formas de vida no Planeta. Considerando a import\u00e2ncia dessa [&hellip;]","og_url":"https:\/\/www.oarcanjo.net\/site\/nota-da-cnbb-sobre-a-conferencia-de-copenhague\/","og_site_name":"O Arcanjo no ar","article_publisher":"https:\/\/www.facebook.com\/OArcanjoNoAr\/","article_published_time":"2009-12-11T19:22:08+00:00","article_modified_time":"2009-12-12T19:26:55+00:00","og_image":[{"width":300,"height":300,"url":"https:\/\/www.oarcanjo.net\/site\/wp-content\/uploads\/logo-o-arcanjo-no-ar-facebook.png","type":"image\/png"}],"author":"editor","twitter_card":"summary_large_image","twitter_misc":{"Escrito por":"editor","Est. tempo de leitura":"3 minutos"},"schema":{"@context":"https:\/\/schema.org","@graph":[{"@type":"Article","@id":"https:\/\/www.oarcanjo.net\/site\/nota-da-cnbb-sobre-a-conferencia-de-copenhague\/#article","isPartOf":{"@id":"https:\/\/www.oarcanjo.net\/site\/nota-da-cnbb-sobre-a-conferencia-de-copenhague\/"},"author":{"name":"editor","@id":"https:\/\/www.oarcanjo.net\/site\/#\/schema\/person\/f7024d007863202483a31326673a0838"},"headline":"Nota da CNBB sobre a Confer\u00eancia de Copenhague","datePublished":"2009-12-11T19:22:08+00:00","dateModified":"2009-12-12T19:26:55+00:00","mainEntityOfPage":{"@id":"https:\/\/www.oarcanjo.net\/site\/nota-da-cnbb-sobre-a-conferencia-de-copenhague\/"},"wordCount":665,"commentCount":0,"publisher":{"@id":"https:\/\/www.oarcanjo.net\/site\/#organization"},"keywords":["CNBB","Confer\u00eancia de Copenhague","Confer\u00eancia Mundial sobre o Clima","meio ambiente","sustentabilidade"],"articleSection":["Not\u00edcias"],"inLanguage":"pt-BR","potentialAction":[{"@type":"CommentAction","name":"Comment","target":["https:\/\/www.oarcanjo.net\/site\/nota-da-cnbb-sobre-a-conferencia-de-copenhague\/#respond"]}]},{"@type":"WebPage","@id":"https:\/\/www.oarcanjo.net\/site\/nota-da-cnbb-sobre-a-conferencia-de-copenhague\/","url":"https:\/\/www.oarcanjo.net\/site\/nota-da-cnbb-sobre-a-conferencia-de-copenhague\/","name":"Nota da CNBB sobre a Confer\u00eancia de Copenhague - O Arcanjo no ar","isPartOf":{"@id":"https:\/\/www.oarcanjo.net\/site\/#website"},"datePublished":"2009-12-11T19:22:08+00:00","dateModified":"2009-12-12T19:26:55+00:00","breadcrumb":{"@id":"https:\/\/www.oarcanjo.net\/site\/nota-da-cnbb-sobre-a-conferencia-de-copenhague\/#breadcrumb"},"inLanguage":"pt-BR","potentialAction":[{"@type":"ReadAction","target":["https:\/\/www.oarcanjo.net\/site\/nota-da-cnbb-sobre-a-conferencia-de-copenhague\/"]}]},{"@type":"BreadcrumbList","@id":"https:\/\/www.oarcanjo.net\/site\/nota-da-cnbb-sobre-a-conferencia-de-copenhague\/#breadcrumb","itemListElement":[{"@type":"ListItem","position":1,"name":"In\u00edcio","item":"https:\/\/www.oarcanjo.net\/site\/"},{"@type":"ListItem","position":2,"name":"Nota da CNBB sobre a Confer\u00eancia de Copenhague"}]},{"@type":"WebSite","@id":"https:\/\/www.oarcanjo.net\/site\/#website","url":"https:\/\/www.oarcanjo.net\/site\/","name":"O Arcanjo no ar","description":"Site da Par\u00f3quia S\u00e3o Miguel Arcanjo (Arquidiocese de SP)","publisher":{"@id":"https:\/\/www.oarcanjo.net\/site\/#organization"},"potentialAction":[{"@type":"SearchAction","target":{"@type":"EntryPoint","urlTemplate":"https:\/\/www.oarcanjo.net\/site\/?s={search_term_string}"},"query-input":{"@type":"PropertyValueSpecification","valueRequired":true,"valueName":"search_term_string"}}],"inLanguage":"pt-BR"},{"@type":"Organization","@id":"https:\/\/www.oarcanjo.net\/site\/#organization","name":"Par\u00f3quia S\u00e3o Miguel Arcanjo","url":"https:\/\/www.oarcanjo.net\/site\/","logo":{"@type":"ImageObject","inLanguage":"pt-BR","@id":"https:\/\/www.oarcanjo.net\/site\/#\/schema\/logo\/image\/","url":"https:\/\/www.oarcanjo.net\/site\/wp-content\/uploads\/LogoOArcanjo.png","contentUrl":"https:\/\/www.oarcanjo.net\/site\/wp-content\/uploads\/LogoOArcanjo.png","width":319,"height":99,"caption":"Par\u00f3quia S\u00e3o Miguel Arcanjo"},"image":{"@id":"https:\/\/www.oarcanjo.net\/site\/#\/schema\/logo\/image\/"},"sameAs":["https:\/\/www.facebook.com\/OArcanjoNoAr\/"]},{"@type":"Person","@id":"https:\/\/www.oarcanjo.net\/site\/#\/schema\/person\/f7024d007863202483a31326673a0838","name":"editor","sameAs":["http:\/\/www.oarcanjo.net"]}]}},"publishpress_future_action":{"enabled":false,"date":"2026-05-07 11:36:44","action":"category","newStatus":"draft","terms":[],"taxonomy":"category"},"publishpress_future_workflow_manual_trigger":{"enabledWorkflows":[]},"_links":{"self":[{"href":"https:\/\/www.oarcanjo.net\/site\/wp-json\/wp\/v2\/posts\/6602"}],"collection":[{"href":"https:\/\/www.oarcanjo.net\/site\/wp-json\/wp\/v2\/posts"}],"about":[{"href":"https:\/\/www.oarcanjo.net\/site\/wp-json\/wp\/v2\/types\/post"}],"author":[{"embeddable":true,"href":"https:\/\/www.oarcanjo.net\/site\/wp-json\/wp\/v2\/users\/5"}],"replies":[{"embeddable":true,"href":"https:\/\/www.oarcanjo.net\/site\/wp-json\/wp\/v2\/comments?post=6602"}],"version-history":[{"count":0,"href":"https:\/\/www.oarcanjo.net\/site\/wp-json\/wp\/v2\/posts\/6602\/revisions"}],"wp:attachment":[{"href":"https:\/\/www.oarcanjo.net\/site\/wp-json\/wp\/v2\/media?parent=6602"}],"wp:term":[{"taxonomy":"category","embeddable":true,"href":"https:\/\/www.oarcanjo.net\/site\/wp-json\/wp\/v2\/categories?post=6602"},{"taxonomy":"post_tag","embeddable":true,"href":"https:\/\/www.oarcanjo.net\/site\/wp-json\/wp\/v2\/tags?post=6602"}],"curies":[{"name":"wp","href":"https:\/\/api.w.org\/{rel}","templated":true}]}}