
{"id":66126,"date":"2015-10-05T21:16:11","date_gmt":"2015-10-06T00:16:11","guid":{"rendered":"http:\/\/www.oarcanjo.net\/site\/?p=66126"},"modified":"2015-10-05T21:16:11","modified_gmt":"2015-10-06T00:16:11","slug":"sinodo-acompanhar-as-familias-com-misericordia-mas-na-verdade","status":"publish","type":"post","link":"https:\/\/www.oarcanjo.net\/site\/sinodo-acompanhar-as-familias-com-misericordia-mas-na-verdade\/","title":{"rendered":"S\u00ednodo: acompanhar as fam\u00edlias com miseric\u00f3rdia, mas na verdade"},"content":{"rendered":"<p>O Relator-Geral do S\u00ednodo, Card. Peter Erd\u00f6, apresentou na 1\u00aa Congrega\u00e7\u00e3o Geral o Relat\u00f3rio introdutivo dos trabalhos. No texto, dividido em tr\u00eas partes (os desafios, a voca\u00e7\u00e3o e a miss\u00e3o da fam\u00edlia), o Cardeal h\u00fangaro indicou um acompanhamento misericordioso para quem vive situa\u00e7\u00f5es familiares dif\u00edceis, mas sem deixar d\u00favidas quando \u00e0 indissolubilidade do matrim\u00f4nio.<\/p>\n<p><strong>Injusti\u00e7as desafiam a fam\u00edlia<\/strong><\/p>\n<p>Os desafios para a fam\u00edlia s\u00e3o muitos, e o Card. Erd\u00f6 as recorda com aten\u00e7\u00e3o: migra\u00e7\u00f5es, injusti\u00e7as sociais, sal\u00e1rios baixos, viol\u00eancia contra as mulheres. As institui\u00e7\u00f5es s\u00e3o fr\u00e1geis, escreve, e os homens e mulheres do nosso tempo t\u00eam medo de assumir compromissos definitivos.<\/p>\n<p><strong>Individualismo<\/strong><\/p>\n<p>O crescente individualismo leva a confundir os confins de institui\u00e7\u00f5es fundamentais como o matrim\u00f4nio e a fam\u00edlia, enquanto a sociedade consumista separa sexualidade e procria\u00e7\u00e3o, tornando a vida humana e a genitorialidade \u201crealidades compon\u00edveis e decompon\u00edveis\u201d.<\/p>\n<p><strong>Indissolubilidade do matrim\u00f4nio<\/strong><\/p>\n<p>O Relat\u00f3rio, todavia, ressalta aspectos positivos: s\u00e3o eles &#8211; o matrim\u00f4nio e a fam\u00edlia &#8211; que n\u00e3o deixam os indiv\u00edduos isolados, mas transmitem valores e \u201coferecem uma possibilidade de desenvolvimento \u00e0 pessoa humana\u201d insubstitu\u00edvel. E \u00e9 justamente do matrim\u00f4nio indissol\u00favel que deriva a voca\u00e7\u00e3o familiar \u2013 explica a segunda parte do documento. Indissolubilidade que n\u00e3o \u00e9 um jogo, mas um dom.<\/p>\n<p><strong>Fam\u00edlia \u00e9 princ\u00edpio de vida na sociedade<\/strong><\/p>\n<p>Por isso, o Card. Erd\u00f6 reitera \u201ca import\u00e2ncia da promo\u00e7\u00e3o da dignidade do matrim\u00f4nio e da fam\u00edlia\u201d, enquanto \u201ccomunidade de vida e amor\u201d. \u201cIgreja dom\u00e9stica baseada no matrim\u00f4nio sacramental entre dois crist\u00e3os\u201d, \u201cprinc\u00edpio de vida na sociedade\u201d. A fam\u00edlia \u2013 destaca o documento \u2013 \u00e9 o local onde se aprende a experi\u00eancia do bem comum\u201d.<\/p>\n<p><strong>Forma\u00e7\u00e3o dos sacerdotes no acompanhamento familiar<\/strong><\/p>\n<p>E ent\u00e3o qual \u00e9 a miss\u00e3o da fam\u00edlia hoje? \u00c9 o que explica a terceira parte do Relat\u00f3rio: em primeiro lugar, se reitera a import\u00e2ncia da forma\u00e7\u00e3o seja para os esposos \u2013 para que o matrim\u00f4nio n\u00e3o seja somente um fato exterior e emocional, mas tamb\u00e9m espiritual e eclesial \u2013 seja para o clero, para que acompanhe as fam\u00edlias com \u201cum amadurecimento afetivo e psicol\u00f3gico\u201d. Sem esquecer da exig\u00eancia de uma \u201cconvers\u00e3o da linguagem, para que resulte efetivamente significativo\u201d sobretudo quando se trata de ajudar quem vive \u201csitua\u00e7\u00f5es problem\u00e1ticas e dif\u00edceis\u201d, nas quais \u00e9 preciso unir \u201cmiseric\u00f3rdia e justi\u00e7a\u201d:<\/p>\n<p><strong>Fam\u00edlia e institui\u00e7\u00f5es p\u00fablicas<\/strong><\/p>\n<p>Outra miss\u00e3o das fam\u00edlias crist\u00e3s \u00e9 colaborar com institui\u00e7\u00f5es p\u00fablicas e criar estruturas econ\u00f4micas de apoio para ajudar os n\u00facleos que vivem situa\u00e7\u00f5es de pobreza, desemprego e falta de assist\u00eancia social e m\u00e9dica. \u201cToda a comunidade eclesial deve tentar assistir as fam\u00edlias v\u00edtimas de guerras e persegui\u00e7\u00f5es\u201d, l\u00ea-se no Relat\u00f3rio.<\/p>\n<p><strong>Fam\u00edlias feridas: miseric\u00f3rdia e acolhimento\u00a0<\/strong><\/p>\n<p>H\u00e1 ainda a miss\u00e3o \u201cdelicada e exigente\u201d da Igreja com as fam\u00edlias feridas. O m\u00e9todo \u2013 explica o Relat\u00f3rio \u2013 deve ser o da miseric\u00f3rdia e do acolhimento, acompanhado por\u00e9m da apresenta\u00e7\u00e3o clara da verdade sobre o matrim\u00f4nio. \u201cA maior miseric\u00f3rdia \u00e9 dizer a verdade com amor \u2013 afirmou o Card. Erd\u00f6. Deve-se ir al\u00e9m da compaix\u00e3o, porque \u201co amor misericordioso atrai e une, transforma e eleva e convida \u00e0 convers\u00e3o\u201d.<\/p>\n<p><strong>Miseric\u00f3rdia requer a convers\u00e3o do pecador<\/strong><\/p>\n<p>O Relat\u00f3rio centra-se, portanto, sobre casos espec\u00edficos: para os conviventes, sugere \u201cuma s\u00e3 pedagogia\u201d que oriente seus cora\u00e7\u00f5es \u201c\u00e0 plenitude do plano de Deus\u201d; para os divorciados n\u00e3o recasados se encoraja a cria\u00e7\u00e3o de centros de aconselhamento diocesanos para ajudar os c\u00f4njuges nos momentos de crise, apoiando os filhos \u201cv\u00edtimas destas situa\u00e7\u00f5es\u201d e n\u00e3o esquecendo \u201co caminho do perd\u00e3o e da reconcilia\u00e7\u00e3o, se poss\u00edvel\u201d. Para os divorciados recasados, no entanto, se pede \u201cuma aprofundada reflex\u00e3o\u201d, tendo em conta um princ\u00edpio importante:<\/p>\n<p>\u201c\u00c9 imperativo um acompanhamento pastoral misericordioso que, no entanto, n\u00e3o deixe d\u00favidas sobre a verdade da indissolubilidade do matrim\u00f4nio, como ensinado pelo pr\u00f3prio Jesus Cristo. A miseric\u00f3rdia de Deus oferece ao pecador o perd\u00e3o, mas exige a convers\u00e3o\u201d.<\/p>\n<p><strong>O caminho da penit\u00eancia e a lei da gradualidade<\/strong><\/p>\n<p>O Relat\u00f3rio introdut\u00f3rio tamb\u00e9m enfoca o chamado \u201ccaminho penitencial\u201d, especificando que esse pode referir-se aos divorciados recasados \u200b\u200bque praticam contin\u00eancia e que portanto \u201cpoder\u00e3o aceder tamb\u00e9m aos sacramentos da Penit\u00eancia e da Eucaristia, evitando por\u00e9m de provocar esc\u00e2ndalo\u201d. Ou, esse pode ser entendido de acordo com a pr\u00e1tica tradicional da Igreja latina que permitia aos sacerdotes ouvir as confiss\u00f5es dos divorciados recasados, dando absolvi\u00e7\u00e3o apenas para aqueles que, de fato, tinham a inten\u00e7\u00e3o de mudar de vida. Com rela\u00e7\u00e3o \u00e0 \u201clei da gradualidade\u201d para se aproximar dos Sacramentos, se especifica: \u201cEmbora algumas formas de conviv\u00eancia trazem em si alguns aspectos positivos, isso n\u00e3o implica que possam ser apresentadas como bens\u201d. No entanto, uma vez que \u201ca verdade objetiva do bem moral e a responsabilidade subjetiva do indiv\u00edduo\u201d s\u00e3o distintas, ent\u00e3o, \u201cem n\u00edvel subjetivo pode ter lugar a lei da gradualidade e portanto a educa\u00e7\u00e3o da consci\u00eancia\u201d.<\/p>\n<p><strong>Cuidado pastoral das pessoas com tend\u00eancias homossexuais<\/strong><\/p>\n<p>Outro par\u00e1grafo \u00e9 dedicado ao cuidado pastoral das pessoas homossexuais: eles devem ser acolhidos \u201ccom respeito e delicadeza\u201d, evitando qualquer sinal de discrimina\u00e7\u00e3o injusta, explica o Relat\u00f3rio, recordando, por\u00e9m, que \u201cn\u00e3o h\u00e1 fundamento algum para assimilar ou estabelecer analogias, sequer remotas, entre as uni\u00f5es homossexuais e o plano de Deus para o matrim\u00f4nio e a fam\u00edlia\u201d. Al\u00e9m disso, o Cardeal Erd\u00f6 acrescentou:<\/p>\n<p>\u201c\u00c9 totalmente inaceit\u00e1vel que os Pastores da Igreja sofram press\u00f5es nesta mat\u00e9ria e que os organismos internacionais condicionem as ajudas financeiras aos pa\u00edses pobres para a introdu\u00e7\u00e3o de leis que estabele\u00e7am o \u2018matrim\u00f4nio\u2019 entre pessoas do mesmo sexo\u201d.<\/p>\n<p><strong>Vida inviol\u00e1vel desde a concep\u00e7\u00e3o at\u00e9 a morte natural. N\u00e3o ao aborto e \u00e0 eutan\u00e1sia<\/strong><\/p>\n<p>Os \u00faltimos par\u00e1grafos do Relat\u00f3rio abordam o tema da vida, da qual se reafirma o car\u00e1cter da inviolabilidade desde a concep\u00e7\u00e3o at\u00e9 a morte natural. N\u00e3o, portanto, ao aborto, \u00e0 terapia agressiva, \u00e0 eutan\u00e1sia, e sim \u00e0 abertura \u00e0 vida como \u201cuma exig\u00eancia intr\u00ednseca do amor conjugal\u201d. O Cardeal Erdo lembra ainda o grande trabalho da Igreja no apoio \u00e0s mulheres gr\u00e1vidas, \u00e0s crian\u00e7as abandonadas, a quem abortou, \u00e0s fam\u00edlias impossibilitadas de curar os seus entes queridos doentes. A Igreja faz sentir a sua presen\u00e7a, compensando as defici\u00eancias do Estado e oferecendo um apoio humano e espiritual ao trabalho de assist\u00eancia, diz o Relator geral, e estes s\u00e3o \u201cvalores que n\u00e3o podem ser quantificados com o dinheiro\u201d.<\/p>\n<p><strong>Incentivar a ado\u00e7\u00e3o de crian\u00e7as, uma forma de apostolado familiar<\/strong><\/p>\n<p>Recomendando, al\u00e9m disso, a \u201cpromover a cultura da vida diante da cada vez mais difundida cultura de morte\u201d, o Relat\u00f3rio tamb\u00e9m sugere \u201cum ensino adequado sobre m\u00e9todos naturais para a procria\u00e7\u00e3o respons\u00e1vel\u201d, redescobrindo a mensagem da Enc\u00edclica Humanae Vitae Paulo VI. Central tamb\u00e9m o incentivo \u00e0 ado\u00e7\u00e3o das crian\u00e7as, \u201cforma espec\u00edfica de apostolado familiar\u201d.<\/p>\n<p><strong>Igreja seja sempre mais testemunha da miseric\u00f3rdia de Deus<\/strong><\/p>\n<p>Finalmente, no \u00e2mbito da educa\u00e7\u00e3o, se recorda que \u201cos pais s\u00e3o e permanecem os principais respons\u00e1veis pela educa\u00e7\u00e3o humana e religiosa dos seus filhos\u201d e que cabe \u00e0 Igreja encoraj\u00e1-los e apoi\u00e1-los \u201cna participa\u00e7\u00e3o vigilante e respons\u00e1vel\u201d aos programas escolares e educacionais dos filhos. O Relat\u00f3rio se conclui, portanto, exortando a Igreja a \u201cconverter-se e tornar-se mais viva, mais pessoal, mais comunit\u00e1ria\u201d, testemunha da \u201cmaior miseric\u00f3rdia\u201d de Deus.<\/p>\n<p><strong>Cardeal Baldisseri: S\u00ednodo olhe para a fam\u00edlia com ternura e compaix\u00e3o<\/strong><\/p>\n<p>Al\u00e9m do Cardeal Erdo, a primeira Congrega\u00e7\u00e3o Geral do S\u00ednodo dos Bispos teve o discurso do Secret\u00e1rio-Geral da Assembelia, Cardeal Lorenzo Baldisseri, que percorreu, em ordem cronol\u00f3gica, o caminho preparat\u00f3rio deste 14\u00ba S\u00ednodo oridin\u00e1rio, enfatizando que a fam\u00edlia \u00e9 um tema \u201cimportante e transversal\u201d, que diz respeito n\u00e3o apenas os cat\u00f3licos, mas a todos os crist\u00e3os e \u00e0 humanidade toda. Convidando, em seguida, a Assembleia a trabalhar constantemente \u201cna unidade e para a unidade\u201d, o purpurado saudou os muitos casais presentes no S\u00ednodo, na qualidade de Auditores e Peritos: entre eles &#8211; recordou &#8211; h\u00e1 uma presen\u00e7a significativa feminina d qual se espera \u201cuma contribui\u00e7\u00e3o especial para que o S\u00ednodo possa olhar para a fam\u00edlia, com o olhar de ternura, e aten\u00e7\u00e3o e compaix\u00e3o das mulheres\u201d. (BF-SP)<\/p>\n<p><a href=\"http:\/\/br.radiovaticana.va\/news\/2015\/10\/05\/s%C3%ADnodo_acompanhar_as_fam%C3%ADlias_com_miseric%C3%B3rdia,_na_verdade\/1176868\">(Fonte: Vatican Radio)<\/a><\/p>\n<div id=\"themify_builder_content-66126\" data-postid=\"66126\" class=\"themify_builder_content themify_builder_content-66126 themify_builder themify_builder_front\">\n\t<\/div>\n<!-- \/themify_builder_content -->","protected":false},"excerpt":{"rendered":"<p>O Relator-Geral do S\u00ednodo, Card. Peter Erd\u00f6, apresentou na 1\u00aa Congrega\u00e7\u00e3o Geral o Relat\u00f3rio introdutivo dos trabalhos. No texto, dividido em tr\u00eas partes (os desafios, a voca\u00e7\u00e3o e a miss\u00e3o da fam\u00edlia), o Cardeal h\u00fangaro indicou um acompanhamento misericordioso para quem vive situa\u00e7\u00f5es familiares dif\u00edceis, mas sem deixar d\u00favidas quando \u00e0 indissolubilidade do matrim\u00f4nio. Injusti\u00e7as [&hellip;]<\/p>\n","protected":false},"author":3,"featured_media":0,"comment_status":"open","ping_status":"open","sticky":false,"template":"","format":"standard","meta":{"ngg_post_thumbnail":0,"footnotes":""},"categories":[8],"tags":[119,32],"yoast_head":"<!-- This site is optimized with the Yoast SEO plugin v23.5 - https:\/\/yoast.com\/wordpress\/plugins\/seo\/ -->\n<title>S\u00ednodo: acompanhar as fam\u00edlias com miseric\u00f3rdia, mas na verdade - O Arcanjo no ar<\/title>\n<meta name=\"robots\" content=\"index, follow, max-snippet:-1, max-image-preview:large, max-video-preview:-1\" \/>\n<link rel=\"canonical\" href=\"https:\/\/www.oarcanjo.net\/site\/sinodo-acompanhar-as-familias-com-misericordia-mas-na-verdade\/\" \/>\n<meta property=\"og:locale\" content=\"pt_BR\" \/>\n<meta property=\"og:type\" content=\"article\" \/>\n<meta property=\"og:title\" content=\"S\u00ednodo: acompanhar as fam\u00edlias com miseric\u00f3rdia, mas na verdade - O Arcanjo no ar\" \/>\n<meta property=\"og:description\" content=\"O Relator-Geral do S\u00ednodo, Card. Peter Erd\u00f6, apresentou na 1\u00aa Congrega\u00e7\u00e3o Geral o Relat\u00f3rio introdutivo dos trabalhos. No texto, dividido em tr\u00eas partes (os desafios, a voca\u00e7\u00e3o e a miss\u00e3o da fam\u00edlia), o Cardeal h\u00fangaro indicou um acompanhamento misericordioso para quem vive situa\u00e7\u00f5es familiares dif\u00edceis, mas sem deixar d\u00favidas quando \u00e0 indissolubilidade do matrim\u00f4nio. Injusti\u00e7as [&hellip;]\" \/>\n<meta property=\"og:url\" content=\"https:\/\/www.oarcanjo.net\/site\/sinodo-acompanhar-as-familias-com-misericordia-mas-na-verdade\/\" \/>\n<meta property=\"og:site_name\" content=\"O Arcanjo no ar\" \/>\n<meta property=\"article:publisher\" content=\"https:\/\/www.facebook.com\/OArcanjoNoAr\/\" \/>\n<meta property=\"article:published_time\" content=\"2015-10-06T00:16:11+00:00\" \/>\n<meta property=\"og:image\" content=\"https:\/\/www.oarcanjo.net\/site\/wp-content\/uploads\/logo-o-arcanjo-no-ar-facebook.png\" \/>\n\t<meta property=\"og:image:width\" content=\"300\" \/>\n\t<meta property=\"og:image:height\" content=\"300\" \/>\n\t<meta property=\"og:image:type\" content=\"image\/png\" \/>\n<meta name=\"author\" content=\"miriam.meyer\" \/>\n<meta name=\"twitter:card\" content=\"summary_large_image\" \/>\n<meta name=\"twitter:label1\" content=\"Escrito por\" \/>\n\t<meta name=\"twitter:data1\" content=\"miriam.meyer\" \/>\n\t<meta name=\"twitter:label2\" content=\"Est. tempo de leitura\" \/>\n\t<meta name=\"twitter:data2\" content=\"8 minutos\" \/>\n<script type=\"application\/ld+json\" class=\"yoast-schema-graph\">{\"@context\":\"https:\/\/schema.org\",\"@graph\":[{\"@type\":\"Article\",\"@id\":\"https:\/\/www.oarcanjo.net\/site\/sinodo-acompanhar-as-familias-com-misericordia-mas-na-verdade\/#article\",\"isPartOf\":{\"@id\":\"https:\/\/www.oarcanjo.net\/site\/sinodo-acompanhar-as-familias-com-misericordia-mas-na-verdade\/\"},\"author\":{\"name\":\"miriam.meyer\",\"@id\":\"https:\/\/www.oarcanjo.net\/site\/#\/schema\/person\/ce0fba3450314a09c6442cfee983a3d8\"},\"headline\":\"S\u00ednodo: acompanhar as fam\u00edlias com miseric\u00f3rdia, mas na verdade\",\"datePublished\":\"2015-10-06T00:16:11+00:00\",\"dateModified\":\"2015-10-06T00:16:11+00:00\",\"mainEntityOfPage\":{\"@id\":\"https:\/\/www.oarcanjo.net\/site\/sinodo-acompanhar-as-familias-com-misericordia-mas-na-verdade\/\"},\"wordCount\":1512,\"commentCount\":0,\"publisher\":{\"@id\":\"https:\/\/www.oarcanjo.net\/site\/#organization\"},\"keywords\":[\"fam\u00edlia\",\"s\u00ednodo\"],\"articleSection\":[\"Not\u00edcias\"],\"inLanguage\":\"pt-BR\",\"potentialAction\":[{\"@type\":\"CommentAction\",\"name\":\"Comment\",\"target\":[\"https:\/\/www.oarcanjo.net\/site\/sinodo-acompanhar-as-familias-com-misericordia-mas-na-verdade\/#respond\"]}]},{\"@type\":\"WebPage\",\"@id\":\"https:\/\/www.oarcanjo.net\/site\/sinodo-acompanhar-as-familias-com-misericordia-mas-na-verdade\/\",\"url\":\"https:\/\/www.oarcanjo.net\/site\/sinodo-acompanhar-as-familias-com-misericordia-mas-na-verdade\/\",\"name\":\"S\u00ednodo: acompanhar as fam\u00edlias com miseric\u00f3rdia, mas na verdade - O Arcanjo no ar\",\"isPartOf\":{\"@id\":\"https:\/\/www.oarcanjo.net\/site\/#website\"},\"datePublished\":\"2015-10-06T00:16:11+00:00\",\"dateModified\":\"2015-10-06T00:16:11+00:00\",\"breadcrumb\":{\"@id\":\"https:\/\/www.oarcanjo.net\/site\/sinodo-acompanhar-as-familias-com-misericordia-mas-na-verdade\/#breadcrumb\"},\"inLanguage\":\"pt-BR\",\"potentialAction\":[{\"@type\":\"ReadAction\",\"target\":[\"https:\/\/www.oarcanjo.net\/site\/sinodo-acompanhar-as-familias-com-misericordia-mas-na-verdade\/\"]}]},{\"@type\":\"BreadcrumbList\",\"@id\":\"https:\/\/www.oarcanjo.net\/site\/sinodo-acompanhar-as-familias-com-misericordia-mas-na-verdade\/#breadcrumb\",\"itemListElement\":[{\"@type\":\"ListItem\",\"position\":1,\"name\":\"In\u00edcio\",\"item\":\"https:\/\/www.oarcanjo.net\/site\/\"},{\"@type\":\"ListItem\",\"position\":2,\"name\":\"S\u00ednodo: acompanhar as fam\u00edlias com miseric\u00f3rdia, mas na verdade\"}]},{\"@type\":\"WebSite\",\"@id\":\"https:\/\/www.oarcanjo.net\/site\/#website\",\"url\":\"https:\/\/www.oarcanjo.net\/site\/\",\"name\":\"O Arcanjo no ar\",\"description\":\"Site da Par\u00f3quia S\u00e3o Miguel Arcanjo (Arquidiocese de SP)\",\"publisher\":{\"@id\":\"https:\/\/www.oarcanjo.net\/site\/#organization\"},\"potentialAction\":[{\"@type\":\"SearchAction\",\"target\":{\"@type\":\"EntryPoint\",\"urlTemplate\":\"https:\/\/www.oarcanjo.net\/site\/?s={search_term_string}\"},\"query-input\":{\"@type\":\"PropertyValueSpecification\",\"valueRequired\":true,\"valueName\":\"search_term_string\"}}],\"inLanguage\":\"pt-BR\"},{\"@type\":\"Organization\",\"@id\":\"https:\/\/www.oarcanjo.net\/site\/#organization\",\"name\":\"Par\u00f3quia S\u00e3o Miguel Arcanjo\",\"url\":\"https:\/\/www.oarcanjo.net\/site\/\",\"logo\":{\"@type\":\"ImageObject\",\"inLanguage\":\"pt-BR\",\"@id\":\"https:\/\/www.oarcanjo.net\/site\/#\/schema\/logo\/image\/\",\"url\":\"https:\/\/www.oarcanjo.net\/site\/wp-content\/uploads\/LogoOArcanjo.png\",\"contentUrl\":\"https:\/\/www.oarcanjo.net\/site\/wp-content\/uploads\/LogoOArcanjo.png\",\"width\":319,\"height\":99,\"caption\":\"Par\u00f3quia S\u00e3o Miguel Arcanjo\"},\"image\":{\"@id\":\"https:\/\/www.oarcanjo.net\/site\/#\/schema\/logo\/image\/\"},\"sameAs\":[\"https:\/\/www.facebook.com\/OArcanjoNoAr\/\"]},{\"@type\":\"Person\",\"@id\":\"https:\/\/www.oarcanjo.net\/site\/#\/schema\/person\/ce0fba3450314a09c6442cfee983a3d8\",\"name\":\"miriam.meyer\"}]}<\/script>\n<!-- \/ Yoast SEO plugin. -->","yoast_head_json":{"title":"S\u00ednodo: acompanhar as fam\u00edlias com miseric\u00f3rdia, mas na verdade - O Arcanjo no ar","robots":{"index":"index","follow":"follow","max-snippet":"max-snippet:-1","max-image-preview":"max-image-preview:large","max-video-preview":"max-video-preview:-1"},"canonical":"https:\/\/www.oarcanjo.net\/site\/sinodo-acompanhar-as-familias-com-misericordia-mas-na-verdade\/","og_locale":"pt_BR","og_type":"article","og_title":"S\u00ednodo: acompanhar as fam\u00edlias com miseric\u00f3rdia, mas na verdade - O Arcanjo no ar","og_description":"O Relator-Geral do S\u00ednodo, Card. Peter Erd\u00f6, apresentou na 1\u00aa Congrega\u00e7\u00e3o Geral o Relat\u00f3rio introdutivo dos trabalhos. No texto, dividido em tr\u00eas partes (os desafios, a voca\u00e7\u00e3o e a miss\u00e3o da fam\u00edlia), o Cardeal h\u00fangaro indicou um acompanhamento misericordioso para quem vive situa\u00e7\u00f5es familiares dif\u00edceis, mas sem deixar d\u00favidas quando \u00e0 indissolubilidade do matrim\u00f4nio. Injusti\u00e7as [&hellip;]","og_url":"https:\/\/www.oarcanjo.net\/site\/sinodo-acompanhar-as-familias-com-misericordia-mas-na-verdade\/","og_site_name":"O Arcanjo no ar","article_publisher":"https:\/\/www.facebook.com\/OArcanjoNoAr\/","article_published_time":"2015-10-06T00:16:11+00:00","og_image":[{"width":300,"height":300,"url":"https:\/\/www.oarcanjo.net\/site\/wp-content\/uploads\/logo-o-arcanjo-no-ar-facebook.png","type":"image\/png"}],"author":"miriam.meyer","twitter_card":"summary_large_image","twitter_misc":{"Escrito por":"miriam.meyer","Est. tempo de leitura":"8 minutos"},"schema":{"@context":"https:\/\/schema.org","@graph":[{"@type":"Article","@id":"https:\/\/www.oarcanjo.net\/site\/sinodo-acompanhar-as-familias-com-misericordia-mas-na-verdade\/#article","isPartOf":{"@id":"https:\/\/www.oarcanjo.net\/site\/sinodo-acompanhar-as-familias-com-misericordia-mas-na-verdade\/"},"author":{"name":"miriam.meyer","@id":"https:\/\/www.oarcanjo.net\/site\/#\/schema\/person\/ce0fba3450314a09c6442cfee983a3d8"},"headline":"S\u00ednodo: acompanhar as fam\u00edlias com miseric\u00f3rdia, mas na verdade","datePublished":"2015-10-06T00:16:11+00:00","dateModified":"2015-10-06T00:16:11+00:00","mainEntityOfPage":{"@id":"https:\/\/www.oarcanjo.net\/site\/sinodo-acompanhar-as-familias-com-misericordia-mas-na-verdade\/"},"wordCount":1512,"commentCount":0,"publisher":{"@id":"https:\/\/www.oarcanjo.net\/site\/#organization"},"keywords":["fam\u00edlia","s\u00ednodo"],"articleSection":["Not\u00edcias"],"inLanguage":"pt-BR","potentialAction":[{"@type":"CommentAction","name":"Comment","target":["https:\/\/www.oarcanjo.net\/site\/sinodo-acompanhar-as-familias-com-misericordia-mas-na-verdade\/#respond"]}]},{"@type":"WebPage","@id":"https:\/\/www.oarcanjo.net\/site\/sinodo-acompanhar-as-familias-com-misericordia-mas-na-verdade\/","url":"https:\/\/www.oarcanjo.net\/site\/sinodo-acompanhar-as-familias-com-misericordia-mas-na-verdade\/","name":"S\u00ednodo: acompanhar as fam\u00edlias com miseric\u00f3rdia, mas na verdade - O Arcanjo no ar","isPartOf":{"@id":"https:\/\/www.oarcanjo.net\/site\/#website"},"datePublished":"2015-10-06T00:16:11+00:00","dateModified":"2015-10-06T00:16:11+00:00","breadcrumb":{"@id":"https:\/\/www.oarcanjo.net\/site\/sinodo-acompanhar-as-familias-com-misericordia-mas-na-verdade\/#breadcrumb"},"inLanguage":"pt-BR","potentialAction":[{"@type":"ReadAction","target":["https:\/\/www.oarcanjo.net\/site\/sinodo-acompanhar-as-familias-com-misericordia-mas-na-verdade\/"]}]},{"@type":"BreadcrumbList","@id":"https:\/\/www.oarcanjo.net\/site\/sinodo-acompanhar-as-familias-com-misericordia-mas-na-verdade\/#breadcrumb","itemListElement":[{"@type":"ListItem","position":1,"name":"In\u00edcio","item":"https:\/\/www.oarcanjo.net\/site\/"},{"@type":"ListItem","position":2,"name":"S\u00ednodo: acompanhar as fam\u00edlias com miseric\u00f3rdia, mas na verdade"}]},{"@type":"WebSite","@id":"https:\/\/www.oarcanjo.net\/site\/#website","url":"https:\/\/www.oarcanjo.net\/site\/","name":"O Arcanjo no ar","description":"Site da Par\u00f3quia S\u00e3o Miguel Arcanjo (Arquidiocese de SP)","publisher":{"@id":"https:\/\/www.oarcanjo.net\/site\/#organization"},"potentialAction":[{"@type":"SearchAction","target":{"@type":"EntryPoint","urlTemplate":"https:\/\/www.oarcanjo.net\/site\/?s={search_term_string}"},"query-input":{"@type":"PropertyValueSpecification","valueRequired":true,"valueName":"search_term_string"}}],"inLanguage":"pt-BR"},{"@type":"Organization","@id":"https:\/\/www.oarcanjo.net\/site\/#organization","name":"Par\u00f3quia S\u00e3o Miguel Arcanjo","url":"https:\/\/www.oarcanjo.net\/site\/","logo":{"@type":"ImageObject","inLanguage":"pt-BR","@id":"https:\/\/www.oarcanjo.net\/site\/#\/schema\/logo\/image\/","url":"https:\/\/www.oarcanjo.net\/site\/wp-content\/uploads\/LogoOArcanjo.png","contentUrl":"https:\/\/www.oarcanjo.net\/site\/wp-content\/uploads\/LogoOArcanjo.png","width":319,"height":99,"caption":"Par\u00f3quia S\u00e3o Miguel Arcanjo"},"image":{"@id":"https:\/\/www.oarcanjo.net\/site\/#\/schema\/logo\/image\/"},"sameAs":["https:\/\/www.facebook.com\/OArcanjoNoAr\/"]},{"@type":"Person","@id":"https:\/\/www.oarcanjo.net\/site\/#\/schema\/person\/ce0fba3450314a09c6442cfee983a3d8","name":"miriam.meyer"}]}},"publishpress_future_action":{"enabled":false,"date":"2026-05-06 20:15:53","action":"category","newStatus":"draft","terms":[],"taxonomy":"category"},"publishpress_future_workflow_manual_trigger":{"enabledWorkflows":[]},"_links":{"self":[{"href":"https:\/\/www.oarcanjo.net\/site\/wp-json\/wp\/v2\/posts\/66126"}],"collection":[{"href":"https:\/\/www.oarcanjo.net\/site\/wp-json\/wp\/v2\/posts"}],"about":[{"href":"https:\/\/www.oarcanjo.net\/site\/wp-json\/wp\/v2\/types\/post"}],"author":[{"embeddable":true,"href":"https:\/\/www.oarcanjo.net\/site\/wp-json\/wp\/v2\/users\/3"}],"replies":[{"embeddable":true,"href":"https:\/\/www.oarcanjo.net\/site\/wp-json\/wp\/v2\/comments?post=66126"}],"version-history":[{"count":0,"href":"https:\/\/www.oarcanjo.net\/site\/wp-json\/wp\/v2\/posts\/66126\/revisions"}],"wp:attachment":[{"href":"https:\/\/www.oarcanjo.net\/site\/wp-json\/wp\/v2\/media?parent=66126"}],"wp:term":[{"taxonomy":"category","embeddable":true,"href":"https:\/\/www.oarcanjo.net\/site\/wp-json\/wp\/v2\/categories?post=66126"},{"taxonomy":"post_tag","embeddable":true,"href":"https:\/\/www.oarcanjo.net\/site\/wp-json\/wp\/v2\/tags?post=66126"}],"curies":[{"name":"wp","href":"https:\/\/api.w.org\/{rel}","templated":true}]}}