
{"id":667,"date":"2008-11-17T07:28:36","date_gmt":"2008-11-17T10:28:36","guid":{"rendered":"http:\/\/www.oarcanjo.net\/site\/?p=667"},"modified":"2008-11-17T07:28:36","modified_gmt":"2008-11-17T10:28:36","slug":"meu-nome-e-crise","status":"publish","type":"post","link":"https:\/\/www.oarcanjo.net\/site\/meu-nome-e-crise\/","title":{"rendered":"Meu nome \u00e9 crise"},"content":{"rendered":"<p>Frei Betto<\/p>\n<p>H\u00e1 tempos n\u00e3o se falava tanto de mim como agora. Tudo por causa de uma crise no sistema financeiro. A \u00c1frica anda, tamb\u00e9m h\u00e1 tempos, em crise cr\u00f4nica &#8211; de democracia, de alimentos, de recursos; quem fala disso?<\/p>\n<p>Existe amea\u00e7a de crise do petr\u00f3leo; governantes e empres\u00e1rios parecem em p\u00e2nico frente \u00e0 possibilidade de n\u00e3o poder alimentar 800 milh\u00f5es de ve\u00edculos automotores que rodam sobre a face da Terra.<\/p>\n<p>No \u00faltimo ano, devido ao aumento do pre\u00e7o dos alimentos, o n\u00famero de famintos cr\u00f4nicos subiu de 840 milh\u00f5es para 950 milh\u00f5es, segundo a FAO; mas quem se preocupa em alimentar miser\u00e1veis?<\/p>\n<p>Meu nome deriva do grego kr\u00edsis, discernir, escolher, distinguir &#8211; enfim, ter olhos cr\u00edticos. Trago tamb\u00e9m familiaridade com o verbo acrisolar, purificar. Ao contr\u00e1rio do que sup\u00f5e o senso comum, n\u00e3o sou, em si, negativa. Fa\u00e7o parte da evolu\u00e7\u00e3o da natureza.<\/p>\n<p>Houve uma crise c\u00f3smica quando uma velha estrela, paradoxalmente chamada supernova, explodiu h\u00e1 5 bilh\u00f5es de anos; seus cacos, arremessados pelo espa\u00e7o, deram origem ao sistema solar. O sol \u00e9 um peda\u00e7o de supernova dotado de calor pr\u00f3prio. A Terra e os demais planetas, cacos incandescentes que, aos poucos, se resfriaram. Daqui a 5 bilh\u00f5es de anos o sol, agonizante, tamb\u00e9m ver\u00e1 sua obesidade dilatada at\u00e9 se esfacelar nos abismos siderais.<\/p>\n<p>Todos n\u00f3s, leitores, passamos pela crise da puberdade. Doeu ver-nos expulsos do reino da fantasia, a inf\u00e2ncia, para abra\u00e7ar o da realidade! Nem todos, entretanto, fazem essa travessia sem riscos. H\u00e1 adolescentes de tal modo submersos na fantasia que, frente aos ind\u00edcios da idade adulta, que consiste em encarar a realidade, preferem se refugiar nas drogas. E h\u00e1 adultos que, desprovidos do senso de rid\u00edculo, vivem em crise de adolesc\u00eancia&#8230;<\/p>\n<p>Resulto da contradi\u00e7\u00e3o inerente aos seres humanos. N\u00e3o h\u00e1 quem n\u00e3o traga em si o seu oposto. Quantas vezes, no tr\u00e2nsito, o mais am\u00e1vel cidad\u00e3o arremessa o carro sobre a faixa de pedestres; a gentil donzela enfia a m\u00e3o na buzina; o aplicado estudante acelera al\u00e9m da conveni\u00eancia! N\u00e3o \u00e9 f\u00e1cil conciliar o modo de pensar com o modo de agir.<\/p>\n<p>Estou muito presente nas rela\u00e7\u00f5es conjugais desprovidas de valores arraigados. Sobretudo quando a nudez de corpos n\u00e3o traduz a de esp\u00edritos e o n\u00e3o-dito prevalece sobre o dito. Felizmente muitos casais conseguem me superar atrav\u00e9s do di\u00e1logo, da terapia, da descoberta de que o amor \u00e9 um exerc\u00edcio cotidiano de doa\u00e7\u00e3o rec\u00edproca. O pr\u00edncipe e a fada encantados habitam o ilus\u00f3rio castelo da imagina\u00e7\u00e3o.<\/p>\n<p>Agora, assusto o cassino global da especula\u00e7\u00e3o financeira. Acreditou-se que o capitalismo fosse inabal\u00e1vel, sobretudo em sua vers\u00e3o neoliberal religiosamente apoiada em dogmas de f\u00e9: o livre mercado, a m\u00e3o invis\u00edvel, a capacidade de auto-regula\u00e7\u00e3o, a privatiza\u00e7\u00e3o do patrim\u00f4nio p\u00fablico etc.<\/p>\n<p>Dezenove anos ap\u00f3s fazer estremecer o socialismo europeu, eis-me a gerar inquieta\u00e7\u00e3o ao mercado. A l\u00f3gica do bem-estar n\u00e3o lida com o imprevisto, o fracasso, o inusitado, essas coisas que decorrem de minha presen\u00e7a. Os governantes se apressam em tentar acalmar os \u00e2nimos como a tripula\u00e7\u00e3o do Titanic, enquanto a \u00e1gua inundava a quilha, ordenou \u00e0 orquestra prosseguir a m\u00fasica&#8230;<\/p>\n<p>Tenho duas faces. Uma, traz \u00e0s minhas v\u00edtimas desespero, medo, inquieta\u00e7\u00e3o. Atinge aquelas pessoas que n\u00e3o acreditavam em minha exist\u00eancia ou me encaravam como se eu fosse uma bruxa &#8211; figura mitol\u00f3gica do passado que j\u00e1 n\u00e3o representa nenhuma amea\u00e7a.<\/p>\n<p>Minha outra face, a positiva, \u00e9 a que a \u00e1guia conhece aos 40 anos: as penas est\u00e3o velhas, as garras desgastadas, o bico trincado. Ent\u00e3o ela se isola durante 150 dias e arranca as penas, as garras, e quebra o bico. Espera, pacientemente, a renova\u00e7\u00e3o. Em seguida, voa saud\u00e1vel rumo a mais 30 anos de vida.<\/p>\n<p>Sou presen\u00e7a frequente na experi\u00eancia da f\u00e9. Muitos, ao passar de uma f\u00e9 infantil \u00e0 adulta, confundem o desmoronar da primeira com a inexist\u00eancia da segunda; tornam-se ateus, indiferentes ou agn\u00f3sticos. N\u00e3o fazem a passagem do Deus &#8220;l\u00e1 em cima&#8221; para o Deus &#8220;aqui dentro&#8221; do cora\u00e7\u00e3o. Associam f\u00e9 \u00e0 culpa e n\u00e3o ao amor.<\/p>\n<p>Acredito que este abalo na especula\u00e7\u00e3o financeira trar\u00e1 novos paradigmas \u00e0 humanidade: menos consumismo e mais mod\u00e9stia no padr\u00e3o de vida; menos competi\u00e7\u00e3o e mais solidariedade entre pessoas e empreendimentos; menos obsess\u00e3o por dinheiro e mais por qualidade de vida.<\/p>\n<p>Todas as vezes que irrompo na hist\u00f3ria ou na vida das pessoas, trago um recado: \u00e9 hora de come\u00e7ar de novo. Quem puder entender, entenda.<\/p>\n<div id=\"themify_builder_content-667\" data-postid=\"667\" class=\"themify_builder_content themify_builder_content-667 themify_builder themify_builder_front\">\n\t<\/div>\n<!-- \/themify_builder_content -->","protected":false},"excerpt":{"rendered":"<p>Frei Betto H\u00e1 tempos n\u00e3o se falava tanto de mim como agora. Tudo por causa de uma crise no sistema financeiro. A \u00c1frica anda, tamb\u00e9m h\u00e1 tempos, em crise cr\u00f4nica &#8211; de democracia, de alimentos, de recursos; quem fala disso? Existe amea\u00e7a de crise do petr\u00f3leo; governantes e empres\u00e1rios parecem em p\u00e2nico frente \u00e0 possibilidade [&hellip;]<\/p>\n","protected":false},"author":5,"featured_media":0,"comment_status":"open","ping_status":"open","sticky":false,"template":"","format":"standard","meta":{"ngg_post_thumbnail":0,"footnotes":""},"categories":[9],"tags":[107,106,36,88],"yoast_head":"<!-- This site is optimized with the Yoast SEO plugin v23.5 - https:\/\/yoast.com\/wordpress\/plugins\/seo\/ -->\n<title>Meu nome \u00e9 crise - O Arcanjo no ar<\/title>\n<meta name=\"robots\" content=\"index, follow, max-snippet:-1, max-image-preview:large, max-video-preview:-1\" \/>\n<link rel=\"canonical\" href=\"https:\/\/www.oarcanjo.net\/site\/meu-nome-e-crise\/\" \/>\n<meta property=\"og:locale\" content=\"pt_BR\" \/>\n<meta property=\"og:type\" content=\"article\" \/>\n<meta property=\"og:title\" content=\"Meu nome \u00e9 crise - O Arcanjo no ar\" \/>\n<meta property=\"og:description\" content=\"Frei Betto H\u00e1 tempos n\u00e3o se falava tanto de mim como agora. Tudo por causa de uma crise no sistema financeiro. A \u00c1frica anda, tamb\u00e9m h\u00e1 tempos, em crise cr\u00f4nica &#8211; de democracia, de alimentos, de recursos; quem fala disso? Existe amea\u00e7a de crise do petr\u00f3leo; governantes e empres\u00e1rios parecem em p\u00e2nico frente \u00e0 possibilidade [&hellip;]\" \/>\n<meta property=\"og:url\" content=\"https:\/\/www.oarcanjo.net\/site\/meu-nome-e-crise\/\" \/>\n<meta property=\"og:site_name\" content=\"O Arcanjo no ar\" \/>\n<meta property=\"article:publisher\" content=\"https:\/\/www.facebook.com\/OArcanjoNoAr\/\" \/>\n<meta property=\"article:published_time\" content=\"2008-11-17T10:28:36+00:00\" \/>\n<meta property=\"og:image\" content=\"https:\/\/www.oarcanjo.net\/site\/wp-content\/uploads\/logo-o-arcanjo-no-ar-facebook.png\" \/>\n\t<meta property=\"og:image:width\" content=\"300\" \/>\n\t<meta property=\"og:image:height\" content=\"300\" \/>\n\t<meta property=\"og:image:type\" content=\"image\/png\" \/>\n<meta name=\"author\" content=\"editor\" \/>\n<meta name=\"twitter:card\" content=\"summary_large_image\" \/>\n<meta name=\"twitter:label1\" content=\"Escrito por\" \/>\n\t<meta name=\"twitter:data1\" content=\"editor\" \/>\n\t<meta name=\"twitter:label2\" content=\"Est. tempo de leitura\" \/>\n\t<meta name=\"twitter:data2\" content=\"4 minutos\" \/>\n<script type=\"application\/ld+json\" class=\"yoast-schema-graph\">{\"@context\":\"https:\/\/schema.org\",\"@graph\":[{\"@type\":\"Article\",\"@id\":\"https:\/\/www.oarcanjo.net\/site\/meu-nome-e-crise\/#article\",\"isPartOf\":{\"@id\":\"https:\/\/www.oarcanjo.net\/site\/meu-nome-e-crise\/\"},\"author\":{\"name\":\"editor\",\"@id\":\"https:\/\/www.oarcanjo.net\/site\/#\/schema\/person\/f7024d007863202483a31326673a0838\"},\"headline\":\"Meu nome \u00e9 crise\",\"datePublished\":\"2008-11-17T10:28:36+00:00\",\"dateModified\":\"2008-11-17T10:28:36+00:00\",\"mainEntityOfPage\":{\"@id\":\"https:\/\/www.oarcanjo.net\/site\/meu-nome-e-crise\/\"},\"wordCount\":813,\"commentCount\":1,\"publisher\":{\"@id\":\"https:\/\/www.oarcanjo.net\/site\/#organization\"},\"keywords\":[\"amor\",\"consumismo\",\"crise\",\"solidariedade\"],\"articleSection\":[\"Reflex\u00f5es\"],\"inLanguage\":\"pt-BR\",\"potentialAction\":[{\"@type\":\"CommentAction\",\"name\":\"Comment\",\"target\":[\"https:\/\/www.oarcanjo.net\/site\/meu-nome-e-crise\/#respond\"]}]},{\"@type\":\"WebPage\",\"@id\":\"https:\/\/www.oarcanjo.net\/site\/meu-nome-e-crise\/\",\"url\":\"https:\/\/www.oarcanjo.net\/site\/meu-nome-e-crise\/\",\"name\":\"Meu nome \u00e9 crise - O Arcanjo no ar\",\"isPartOf\":{\"@id\":\"https:\/\/www.oarcanjo.net\/site\/#website\"},\"datePublished\":\"2008-11-17T10:28:36+00:00\",\"dateModified\":\"2008-11-17T10:28:36+00:00\",\"breadcrumb\":{\"@id\":\"https:\/\/www.oarcanjo.net\/site\/meu-nome-e-crise\/#breadcrumb\"},\"inLanguage\":\"pt-BR\",\"potentialAction\":[{\"@type\":\"ReadAction\",\"target\":[\"https:\/\/www.oarcanjo.net\/site\/meu-nome-e-crise\/\"]}]},{\"@type\":\"BreadcrumbList\",\"@id\":\"https:\/\/www.oarcanjo.net\/site\/meu-nome-e-crise\/#breadcrumb\",\"itemListElement\":[{\"@type\":\"ListItem\",\"position\":1,\"name\":\"In\u00edcio\",\"item\":\"https:\/\/www.oarcanjo.net\/site\/\"},{\"@type\":\"ListItem\",\"position\":2,\"name\":\"Meu nome \u00e9 crise\"}]},{\"@type\":\"WebSite\",\"@id\":\"https:\/\/www.oarcanjo.net\/site\/#website\",\"url\":\"https:\/\/www.oarcanjo.net\/site\/\",\"name\":\"O Arcanjo no ar\",\"description\":\"Site da Par\u00f3quia S\u00e3o Miguel Arcanjo (Arquidiocese de SP)\",\"publisher\":{\"@id\":\"https:\/\/www.oarcanjo.net\/site\/#organization\"},\"potentialAction\":[{\"@type\":\"SearchAction\",\"target\":{\"@type\":\"EntryPoint\",\"urlTemplate\":\"https:\/\/www.oarcanjo.net\/site\/?s={search_term_string}\"},\"query-input\":{\"@type\":\"PropertyValueSpecification\",\"valueRequired\":true,\"valueName\":\"search_term_string\"}}],\"inLanguage\":\"pt-BR\"},{\"@type\":\"Organization\",\"@id\":\"https:\/\/www.oarcanjo.net\/site\/#organization\",\"name\":\"Par\u00f3quia S\u00e3o Miguel Arcanjo\",\"url\":\"https:\/\/www.oarcanjo.net\/site\/\",\"logo\":{\"@type\":\"ImageObject\",\"inLanguage\":\"pt-BR\",\"@id\":\"https:\/\/www.oarcanjo.net\/site\/#\/schema\/logo\/image\/\",\"url\":\"https:\/\/www.oarcanjo.net\/site\/wp-content\/uploads\/LogoOArcanjo.png\",\"contentUrl\":\"https:\/\/www.oarcanjo.net\/site\/wp-content\/uploads\/LogoOArcanjo.png\",\"width\":319,\"height\":99,\"caption\":\"Par\u00f3quia S\u00e3o Miguel Arcanjo\"},\"image\":{\"@id\":\"https:\/\/www.oarcanjo.net\/site\/#\/schema\/logo\/image\/\"},\"sameAs\":[\"https:\/\/www.facebook.com\/OArcanjoNoAr\/\"]},{\"@type\":\"Person\",\"@id\":\"https:\/\/www.oarcanjo.net\/site\/#\/schema\/person\/f7024d007863202483a31326673a0838\",\"name\":\"editor\",\"sameAs\":[\"http:\/\/www.oarcanjo.net\"]}]}<\/script>\n<!-- \/ Yoast SEO plugin. -->","yoast_head_json":{"title":"Meu nome \u00e9 crise - O Arcanjo no ar","robots":{"index":"index","follow":"follow","max-snippet":"max-snippet:-1","max-image-preview":"max-image-preview:large","max-video-preview":"max-video-preview:-1"},"canonical":"https:\/\/www.oarcanjo.net\/site\/meu-nome-e-crise\/","og_locale":"pt_BR","og_type":"article","og_title":"Meu nome \u00e9 crise - O Arcanjo no ar","og_description":"Frei Betto H\u00e1 tempos n\u00e3o se falava tanto de mim como agora. Tudo por causa de uma crise no sistema financeiro. A \u00c1frica anda, tamb\u00e9m h\u00e1 tempos, em crise cr\u00f4nica &#8211; de democracia, de alimentos, de recursos; quem fala disso? Existe amea\u00e7a de crise do petr\u00f3leo; governantes e empres\u00e1rios parecem em p\u00e2nico frente \u00e0 possibilidade [&hellip;]","og_url":"https:\/\/www.oarcanjo.net\/site\/meu-nome-e-crise\/","og_site_name":"O Arcanjo no ar","article_publisher":"https:\/\/www.facebook.com\/OArcanjoNoAr\/","article_published_time":"2008-11-17T10:28:36+00:00","og_image":[{"width":300,"height":300,"url":"https:\/\/www.oarcanjo.net\/site\/wp-content\/uploads\/logo-o-arcanjo-no-ar-facebook.png","type":"image\/png"}],"author":"editor","twitter_card":"summary_large_image","twitter_misc":{"Escrito por":"editor","Est. tempo de leitura":"4 minutos"},"schema":{"@context":"https:\/\/schema.org","@graph":[{"@type":"Article","@id":"https:\/\/www.oarcanjo.net\/site\/meu-nome-e-crise\/#article","isPartOf":{"@id":"https:\/\/www.oarcanjo.net\/site\/meu-nome-e-crise\/"},"author":{"name":"editor","@id":"https:\/\/www.oarcanjo.net\/site\/#\/schema\/person\/f7024d007863202483a31326673a0838"},"headline":"Meu nome \u00e9 crise","datePublished":"2008-11-17T10:28:36+00:00","dateModified":"2008-11-17T10:28:36+00:00","mainEntityOfPage":{"@id":"https:\/\/www.oarcanjo.net\/site\/meu-nome-e-crise\/"},"wordCount":813,"commentCount":1,"publisher":{"@id":"https:\/\/www.oarcanjo.net\/site\/#organization"},"keywords":["amor","consumismo","crise","solidariedade"],"articleSection":["Reflex\u00f5es"],"inLanguage":"pt-BR","potentialAction":[{"@type":"CommentAction","name":"Comment","target":["https:\/\/www.oarcanjo.net\/site\/meu-nome-e-crise\/#respond"]}]},{"@type":"WebPage","@id":"https:\/\/www.oarcanjo.net\/site\/meu-nome-e-crise\/","url":"https:\/\/www.oarcanjo.net\/site\/meu-nome-e-crise\/","name":"Meu nome \u00e9 crise - O Arcanjo no ar","isPartOf":{"@id":"https:\/\/www.oarcanjo.net\/site\/#website"},"datePublished":"2008-11-17T10:28:36+00:00","dateModified":"2008-11-17T10:28:36+00:00","breadcrumb":{"@id":"https:\/\/www.oarcanjo.net\/site\/meu-nome-e-crise\/#breadcrumb"},"inLanguage":"pt-BR","potentialAction":[{"@type":"ReadAction","target":["https:\/\/www.oarcanjo.net\/site\/meu-nome-e-crise\/"]}]},{"@type":"BreadcrumbList","@id":"https:\/\/www.oarcanjo.net\/site\/meu-nome-e-crise\/#breadcrumb","itemListElement":[{"@type":"ListItem","position":1,"name":"In\u00edcio","item":"https:\/\/www.oarcanjo.net\/site\/"},{"@type":"ListItem","position":2,"name":"Meu nome \u00e9 crise"}]},{"@type":"WebSite","@id":"https:\/\/www.oarcanjo.net\/site\/#website","url":"https:\/\/www.oarcanjo.net\/site\/","name":"O Arcanjo no ar","description":"Site da Par\u00f3quia S\u00e3o Miguel Arcanjo (Arquidiocese de SP)","publisher":{"@id":"https:\/\/www.oarcanjo.net\/site\/#organization"},"potentialAction":[{"@type":"SearchAction","target":{"@type":"EntryPoint","urlTemplate":"https:\/\/www.oarcanjo.net\/site\/?s={search_term_string}"},"query-input":{"@type":"PropertyValueSpecification","valueRequired":true,"valueName":"search_term_string"}}],"inLanguage":"pt-BR"},{"@type":"Organization","@id":"https:\/\/www.oarcanjo.net\/site\/#organization","name":"Par\u00f3quia S\u00e3o Miguel Arcanjo","url":"https:\/\/www.oarcanjo.net\/site\/","logo":{"@type":"ImageObject","inLanguage":"pt-BR","@id":"https:\/\/www.oarcanjo.net\/site\/#\/schema\/logo\/image\/","url":"https:\/\/www.oarcanjo.net\/site\/wp-content\/uploads\/LogoOArcanjo.png","contentUrl":"https:\/\/www.oarcanjo.net\/site\/wp-content\/uploads\/LogoOArcanjo.png","width":319,"height":99,"caption":"Par\u00f3quia S\u00e3o Miguel Arcanjo"},"image":{"@id":"https:\/\/www.oarcanjo.net\/site\/#\/schema\/logo\/image\/"},"sameAs":["https:\/\/www.facebook.com\/OArcanjoNoAr\/"]},{"@type":"Person","@id":"https:\/\/www.oarcanjo.net\/site\/#\/schema\/person\/f7024d007863202483a31326673a0838","name":"editor","sameAs":["http:\/\/www.oarcanjo.net"]}]}},"publishpress_future_action":{"enabled":false,"date":"2026-05-08 20:59:00","action":"category","newStatus":"draft","terms":[],"taxonomy":"category"},"publishpress_future_workflow_manual_trigger":{"enabledWorkflows":[]},"_links":{"self":[{"href":"https:\/\/www.oarcanjo.net\/site\/wp-json\/wp\/v2\/posts\/667"}],"collection":[{"href":"https:\/\/www.oarcanjo.net\/site\/wp-json\/wp\/v2\/posts"}],"about":[{"href":"https:\/\/www.oarcanjo.net\/site\/wp-json\/wp\/v2\/types\/post"}],"author":[{"embeddable":true,"href":"https:\/\/www.oarcanjo.net\/site\/wp-json\/wp\/v2\/users\/5"}],"replies":[{"embeddable":true,"href":"https:\/\/www.oarcanjo.net\/site\/wp-json\/wp\/v2\/comments?post=667"}],"version-history":[{"count":0,"href":"https:\/\/www.oarcanjo.net\/site\/wp-json\/wp\/v2\/posts\/667\/revisions"}],"wp:attachment":[{"href":"https:\/\/www.oarcanjo.net\/site\/wp-json\/wp\/v2\/media?parent=667"}],"wp:term":[{"taxonomy":"category","embeddable":true,"href":"https:\/\/www.oarcanjo.net\/site\/wp-json\/wp\/v2\/categories?post=667"},{"taxonomy":"post_tag","embeddable":true,"href":"https:\/\/www.oarcanjo.net\/site\/wp-json\/wp\/v2\/tags?post=667"}],"curies":[{"name":"wp","href":"https:\/\/api.w.org\/{rel}","templated":true}]}}