
{"id":66896,"date":"2015-11-16T08:59:14","date_gmt":"2015-11-16T10:59:14","guid":{"rendered":"http:\/\/www.oarcanjo.net\/site\/?p=66896"},"modified":"2016-02-10T14:37:17","modified_gmt":"2016-02-10T16:37:17","slug":"ano-santo-da-misericordia-sera-aberto-dia-8-de-dezembro","status":"publish","type":"post","link":"https:\/\/www.oarcanjo.net\/site\/ano-santo-da-misericordia-sera-aberto-dia-8-de-dezembro\/","title":{"rendered":"Ano Santo da Miseric\u00f3rdia ser\u00e1 aberto dia 8 de dezembro"},"content":{"rendered":"<p>No dia 8 de dezembro, o Papa Francisco abrir\u00e1 o Ano Santo da Miseric\u00f3rdia, que se estender\u00e1 at\u00e9 a festa de Cristo Rei de 2016. No final das missas de 15\/11, a comunidade recebeu a Carta Pastoral de Dom Odilo Scherer, cardeal arcebispo de S\u00e3o Paulo, sobre o tema.<\/p>\n<p>Nos avisos da celebra\u00e7\u00e3o das 18h, o Pe. Julio Lancellotti tamb\u00e9m conversou por telefone com Nathan, um jovem paroquiano que est\u00e1 estudando em Paris, cidade v\u00edtima de ataques de grupos extremistas na noite de sexta-feira, 13:<\/p>\n<p><iframe loading=\"lazy\" width=\"640\" height=\"360\" src=\"https:\/\/www.youtube.com\/embed\/jrnQXRJQ7Vc?rel=0\" frameborder=\"0\" allowfullscreen><\/iframe><\/p>\n<div id=\"themify_builder_content-66896\" data-postid=\"66896\" class=\"themify_builder_content themify_builder_content-66896 themify_builder themify_builder_front\">\n\t<\/div>\n<!-- \/themify_builder_content -->","protected":false},"excerpt":{"rendered":"<p>No final das missas de 15\/11, a comunidade recebeu a Carta Pastoral de Dom Odilo Scherer, cardeal arcebispo de S\u00e3o Paulo, sobre o tema<\/p>\n","protected":false},"author":5,"featured_media":66897,"comment_status":"open","ping_status":"open","sticky":false,"template":"","format":"standard","meta":{"ngg_post_thumbnail":0,"footnotes":""},"categories":[3235,476,8],"tags":[324,3223,1840,3183,2433],"yoast_head":"<!-- This site is optimized with the Yoast SEO plugin v23.5 - https:\/\/yoast.com\/wordpress\/plugins\/seo\/ -->\n<title>Ano Santo da Miseric\u00f3rdia ser\u00e1 aberto dia 8 de dezembro - O Arcanjo no ar<\/title>\n<meta name=\"robots\" content=\"index, follow, max-snippet:-1, max-image-preview:large, max-video-preview:-1\" \/>\n<link rel=\"canonical\" href=\"https:\/\/www.oarcanjo.net\/site\/ano-santo-da-misericordia-sera-aberto-dia-8-de-dezembro\/\" \/>\n<meta property=\"og:locale\" content=\"pt_BR\" \/>\n<meta property=\"og:type\" content=\"article\" \/>\n<meta property=\"og:title\" content=\"Ano Santo da Miseric\u00f3rdia ser\u00e1 aberto dia 8 de dezembro - O Arcanjo no ar\" \/>\n<meta property=\"og:description\" content=\"No final das missas de 15\/11, a comunidade recebeu a Carta Pastoral de Dom Odilo Scherer, cardeal arcebispo de S\u00e3o Paulo, sobre o tema\" \/>\n<meta property=\"og:url\" content=\"https:\/\/www.oarcanjo.net\/site\/ano-santo-da-misericordia-sera-aberto-dia-8-de-dezembro\/\" \/>\n<meta property=\"og:site_name\" content=\"O Arcanjo no ar\" \/>\n<meta property=\"article:publisher\" content=\"https:\/\/www.facebook.com\/OArcanjoNoAr\/\" \/>\n<meta property=\"article:published_time\" content=\"2015-11-16T10:59:14+00:00\" \/>\n<meta property=\"article:modified_time\" content=\"2016-02-10T16:37:17+00:00\" \/>\n<meta property=\"og:image\" content=\"https:\/\/www.oarcanjo.net\/site\/wp-content\/uploads\/20151115Avisos.jpg\" \/>\n\t<meta property=\"og:image:width\" content=\"1280\" \/>\n\t<meta property=\"og:image:height\" content=\"720\" \/>\n\t<meta property=\"og:image:type\" content=\"image\/jpeg\" \/>\n<meta name=\"author\" content=\"editor\" \/>\n<meta name=\"twitter:card\" content=\"summary_large_image\" \/>\n<meta name=\"twitter:label1\" content=\"Escrito por\" \/>\n\t<meta name=\"twitter:data1\" content=\"editor\" \/>\n<script type=\"application\/ld+json\" class=\"yoast-schema-graph\">{\"@context\":\"https:\/\/schema.org\",\"@graph\":[{\"@type\":\"Article\",\"@id\":\"https:\/\/www.oarcanjo.net\/site\/ano-santo-da-misericordia-sera-aberto-dia-8-de-dezembro\/#article\",\"isPartOf\":{\"@id\":\"https:\/\/www.oarcanjo.net\/site\/ano-santo-da-misericordia-sera-aberto-dia-8-de-dezembro\/\"},\"author\":{\"name\":\"editor\",\"@id\":\"https:\/\/www.oarcanjo.net\/site\/#\/schema\/person\/f7024d007863202483a31326673a0838\"},\"headline\":\"Ano Santo da Miseric\u00f3rdia ser\u00e1 aberto dia 8 de dezembro\",\"datePublished\":\"2015-11-16T10:59:14+00:00\",\"dateModified\":\"2016-02-10T16:37:17+00:00\",\"mainEntityOfPage\":{\"@id\":\"https:\/\/www.oarcanjo.net\/site\/ano-santo-da-misericordia-sera-aberto-dia-8-de-dezembro\/\"},\"wordCount\":96,\"commentCount\":0,\"publisher\":{\"@id\":\"https:\/\/www.oarcanjo.net\/site\/#organization\"},\"image\":{\"@id\":\"https:\/\/www.oarcanjo.net\/site\/ano-santo-da-misericordia-sera-aberto-dia-8-de-dezembro\/#primaryimage\"},\"thumbnailUrl\":\"https:\/\/www.oarcanjo.net\/site\/wp-content\/uploads\/20151115Avisos.jpg\",\"keywords\":[\"ano santo\",\"atentados em Paris\",\"Carta Pastoral\",\"Jubileu da Miseric\u00f3rdia\",\"Papa Francisco\"],\"articleSection\":[\"Ano da Miseric\u00f3rdia\",\"Avisos\",\"Not\u00edcias\"],\"inLanguage\":\"pt-BR\",\"potentialAction\":[{\"@type\":\"CommentAction\",\"name\":\"Comment\",\"target\":[\"https:\/\/www.oarcanjo.net\/site\/ano-santo-da-misericordia-sera-aberto-dia-8-de-dezembro\/#respond\"]}]},{\"@type\":\"WebPage\",\"@id\":\"https:\/\/www.oarcanjo.net\/site\/ano-santo-da-misericordia-sera-aberto-dia-8-de-dezembro\/\",\"url\":\"https:\/\/www.oarcanjo.net\/site\/ano-santo-da-misericordia-sera-aberto-dia-8-de-dezembro\/\",\"name\":\"Ano Santo da Miseric\u00f3rdia ser\u00e1 aberto dia 8 de dezembro - O Arcanjo no ar\",\"isPartOf\":{\"@id\":\"https:\/\/www.oarcanjo.net\/site\/#website\"},\"primaryImageOfPage\":{\"@id\":\"https:\/\/www.oarcanjo.net\/site\/ano-santo-da-misericordia-sera-aberto-dia-8-de-dezembro\/#primaryimage\"},\"image\":{\"@id\":\"https:\/\/www.oarcanjo.net\/site\/ano-santo-da-misericordia-sera-aberto-dia-8-de-dezembro\/#primaryimage\"},\"thumbnailUrl\":\"https:\/\/www.oarcanjo.net\/site\/wp-content\/uploads\/20151115Avisos.jpg\",\"datePublished\":\"2015-11-16T10:59:14+00:00\",\"dateModified\":\"2016-02-10T16:37:17+00:00\",\"breadcrumb\":{\"@id\":\"https:\/\/www.oarcanjo.net\/site\/ano-santo-da-misericordia-sera-aberto-dia-8-de-dezembro\/#breadcrumb\"},\"inLanguage\":\"pt-BR\",\"potentialAction\":[{\"@type\":\"ReadAction\",\"target\":[\"https:\/\/www.oarcanjo.net\/site\/ano-santo-da-misericordia-sera-aberto-dia-8-de-dezembro\/\"]}]},{\"@type\":\"ImageObject\",\"inLanguage\":\"pt-BR\",\"@id\":\"https:\/\/www.oarcanjo.net\/site\/ano-santo-da-misericordia-sera-aberto-dia-8-de-dezembro\/#primaryimage\",\"url\":\"https:\/\/www.oarcanjo.net\/site\/wp-content\/uploads\/20151115Avisos.jpg\",\"contentUrl\":\"https:\/\/www.oarcanjo.net\/site\/wp-content\/uploads\/20151115Avisos.jpg\",\"width\":1280,\"height\":720},{\"@type\":\"BreadcrumbList\",\"@id\":\"https:\/\/www.oarcanjo.net\/site\/ano-santo-da-misericordia-sera-aberto-dia-8-de-dezembro\/#breadcrumb\",\"itemListElement\":[{\"@type\":\"ListItem\",\"position\":1,\"name\":\"In\u00edcio\",\"item\":\"https:\/\/www.oarcanjo.net\/site\/\"},{\"@type\":\"ListItem\",\"position\":2,\"name\":\"Ano Santo da Miseric\u00f3rdia ser\u00e1 aberto dia 8 de dezembro\"}]},{\"@type\":\"WebSite\",\"@id\":\"https:\/\/www.oarcanjo.net\/site\/#website\",\"url\":\"https:\/\/www.oarcanjo.net\/site\/\",\"name\":\"O Arcanjo no ar\",\"description\":\"Site da Par\u00f3quia S\u00e3o Miguel Arcanjo (Arquidiocese de SP)\",\"publisher\":{\"@id\":\"https:\/\/www.oarcanjo.net\/site\/#organization\"},\"potentialAction\":[{\"@type\":\"SearchAction\",\"target\":{\"@type\":\"EntryPoint\",\"urlTemplate\":\"https:\/\/www.oarcanjo.net\/site\/?s={search_term_string}\"},\"query-input\":{\"@type\":\"PropertyValueSpecification\",\"valueRequired\":true,\"valueName\":\"search_term_string\"}}],\"inLanguage\":\"pt-BR\"},{\"@type\":\"Organization\",\"@id\":\"https:\/\/www.oarcanjo.net\/site\/#organization\",\"name\":\"Par\u00f3quia S\u00e3o Miguel Arcanjo\",\"url\":\"https:\/\/www.oarcanjo.net\/site\/\",\"logo\":{\"@type\":\"ImageObject\",\"inLanguage\":\"pt-BR\",\"@id\":\"https:\/\/www.oarcanjo.net\/site\/#\/schema\/logo\/image\/\",\"url\":\"https:\/\/www.oarcanjo.net\/site\/wp-content\/uploads\/LogoOArcanjo.png\",\"contentUrl\":\"https:\/\/www.oarcanjo.net\/site\/wp-content\/uploads\/LogoOArcanjo.png\",\"width\":319,\"height\":99,\"caption\":\"Par\u00f3quia S\u00e3o Miguel Arcanjo\"},\"image\":{\"@id\":\"https:\/\/www.oarcanjo.net\/site\/#\/schema\/logo\/image\/\"},\"sameAs\":[\"https:\/\/www.facebook.com\/OArcanjoNoAr\/\"]},{\"@type\":\"Person\",\"@id\":\"https:\/\/www.oarcanjo.net\/site\/#\/schema\/person\/f7024d007863202483a31326673a0838\",\"name\":\"editor\",\"sameAs\":[\"http:\/\/www.oarcanjo.net\"]}]}<\/script>\n<!-- \/ Yoast SEO plugin. -->","yoast_head_json":{"title":"Ano Santo da Miseric\u00f3rdia ser\u00e1 aberto dia 8 de dezembro - O Arcanjo no ar","robots":{"index":"index","follow":"follow","max-snippet":"max-snippet:-1","max-image-preview":"max-image-preview:large","max-video-preview":"max-video-preview:-1"},"canonical":"https:\/\/www.oarcanjo.net\/site\/ano-santo-da-misericordia-sera-aberto-dia-8-de-dezembro\/","og_locale":"pt_BR","og_type":"article","og_title":"Ano Santo da Miseric\u00f3rdia ser\u00e1 aberto dia 8 de dezembro - O Arcanjo no ar","og_description":"No final das missas de 15\/11, a comunidade recebeu a Carta Pastoral de Dom Odilo Scherer, cardeal arcebispo de S\u00e3o Paulo, sobre o tema","og_url":"https:\/\/www.oarcanjo.net\/site\/ano-santo-da-misericordia-sera-aberto-dia-8-de-dezembro\/","og_site_name":"O Arcanjo no ar","article_publisher":"https:\/\/www.facebook.com\/OArcanjoNoAr\/","article_published_time":"2015-11-16T10:59:14+00:00","article_modified_time":"2016-02-10T16:37:17+00:00","og_image":[{"width":1280,"height":720,"url":"https:\/\/www.oarcanjo.net\/site\/wp-content\/uploads\/20151115Avisos.jpg","type":"image\/jpeg"}],"author":"editor","twitter_card":"summary_large_image","twitter_misc":{"Escrito por":"editor"},"schema":{"@context":"https:\/\/schema.org","@graph":[{"@type":"Article","@id":"https:\/\/www.oarcanjo.net\/site\/ano-santo-da-misericordia-sera-aberto-dia-8-de-dezembro\/#article","isPartOf":{"@id":"https:\/\/www.oarcanjo.net\/site\/ano-santo-da-misericordia-sera-aberto-dia-8-de-dezembro\/"},"author":{"name":"editor","@id":"https:\/\/www.oarcanjo.net\/site\/#\/schema\/person\/f7024d007863202483a31326673a0838"},"headline":"Ano Santo da Miseric\u00f3rdia ser\u00e1 aberto dia 8 de dezembro","datePublished":"2015-11-16T10:59:14+00:00","dateModified":"2016-02-10T16:37:17+00:00","mainEntityOfPage":{"@id":"https:\/\/www.oarcanjo.net\/site\/ano-santo-da-misericordia-sera-aberto-dia-8-de-dezembro\/"},"wordCount":96,"commentCount":0,"publisher":{"@id":"https:\/\/www.oarcanjo.net\/site\/#organization"},"image":{"@id":"https:\/\/www.oarcanjo.net\/site\/ano-santo-da-misericordia-sera-aberto-dia-8-de-dezembro\/#primaryimage"},"thumbnailUrl":"https:\/\/www.oarcanjo.net\/site\/wp-content\/uploads\/20151115Avisos.jpg","keywords":["ano santo","atentados em Paris","Carta Pastoral","Jubileu da Miseric\u00f3rdia","Papa Francisco"],"articleSection":["Ano da Miseric\u00f3rdia","Avisos","Not\u00edcias"],"inLanguage":"pt-BR","potentialAction":[{"@type":"CommentAction","name":"Comment","target":["https:\/\/www.oarcanjo.net\/site\/ano-santo-da-misericordia-sera-aberto-dia-8-de-dezembro\/#respond"]}]},{"@type":"WebPage","@id":"https:\/\/www.oarcanjo.net\/site\/ano-santo-da-misericordia-sera-aberto-dia-8-de-dezembro\/","url":"https:\/\/www.oarcanjo.net\/site\/ano-santo-da-misericordia-sera-aberto-dia-8-de-dezembro\/","name":"Ano Santo da Miseric\u00f3rdia ser\u00e1 aberto dia 8 de dezembro - O Arcanjo no ar","isPartOf":{"@id":"https:\/\/www.oarcanjo.net\/site\/#website"},"primaryImageOfPage":{"@id":"https:\/\/www.oarcanjo.net\/site\/ano-santo-da-misericordia-sera-aberto-dia-8-de-dezembro\/#primaryimage"},"image":{"@id":"https:\/\/www.oarcanjo.net\/site\/ano-santo-da-misericordia-sera-aberto-dia-8-de-dezembro\/#primaryimage"},"thumbnailUrl":"https:\/\/www.oarcanjo.net\/site\/wp-content\/uploads\/20151115Avisos.jpg","datePublished":"2015-11-16T10:59:14+00:00","dateModified":"2016-02-10T16:37:17+00:00","breadcrumb":{"@id":"https:\/\/www.oarcanjo.net\/site\/ano-santo-da-misericordia-sera-aberto-dia-8-de-dezembro\/#breadcrumb"},"inLanguage":"pt-BR","potentialAction":[{"@type":"ReadAction","target":["https:\/\/www.oarcanjo.net\/site\/ano-santo-da-misericordia-sera-aberto-dia-8-de-dezembro\/"]}]},{"@type":"ImageObject","inLanguage":"pt-BR","@id":"https:\/\/www.oarcanjo.net\/site\/ano-santo-da-misericordia-sera-aberto-dia-8-de-dezembro\/#primaryimage","url":"https:\/\/www.oarcanjo.net\/site\/wp-content\/uploads\/20151115Avisos.jpg","contentUrl":"https:\/\/www.oarcanjo.net\/site\/wp-content\/uploads\/20151115Avisos.jpg","width":1280,"height":720},{"@type":"BreadcrumbList","@id":"https:\/\/www.oarcanjo.net\/site\/ano-santo-da-misericordia-sera-aberto-dia-8-de-dezembro\/#breadcrumb","itemListElement":[{"@type":"ListItem","position":1,"name":"In\u00edcio","item":"https:\/\/www.oarcanjo.net\/site\/"},{"@type":"ListItem","position":2,"name":"Ano Santo da Miseric\u00f3rdia ser\u00e1 aberto dia 8 de dezembro"}]},{"@type":"WebSite","@id":"https:\/\/www.oarcanjo.net\/site\/#website","url":"https:\/\/www.oarcanjo.net\/site\/","name":"O Arcanjo no ar","description":"Site da Par\u00f3quia S\u00e3o Miguel Arcanjo (Arquidiocese de SP)","publisher":{"@id":"https:\/\/www.oarcanjo.net\/site\/#organization"},"potentialAction":[{"@type":"SearchAction","target":{"@type":"EntryPoint","urlTemplate":"https:\/\/www.oarcanjo.net\/site\/?s={search_term_string}"},"query-input":{"@type":"PropertyValueSpecification","valueRequired":true,"valueName":"search_term_string"}}],"inLanguage":"pt-BR"},{"@type":"Organization","@id":"https:\/\/www.oarcanjo.net\/site\/#organization","name":"Par\u00f3quia S\u00e3o Miguel Arcanjo","url":"https:\/\/www.oarcanjo.net\/site\/","logo":{"@type":"ImageObject","inLanguage":"pt-BR","@id":"https:\/\/www.oarcanjo.net\/site\/#\/schema\/logo\/image\/","url":"https:\/\/www.oarcanjo.net\/site\/wp-content\/uploads\/LogoOArcanjo.png","contentUrl":"https:\/\/www.oarcanjo.net\/site\/wp-content\/uploads\/LogoOArcanjo.png","width":319,"height":99,"caption":"Par\u00f3quia S\u00e3o Miguel Arcanjo"},"image":{"@id":"https:\/\/www.oarcanjo.net\/site\/#\/schema\/logo\/image\/"},"sameAs":["https:\/\/www.facebook.com\/OArcanjoNoAr\/"]},{"@type":"Person","@id":"https:\/\/www.oarcanjo.net\/site\/#\/schema\/person\/f7024d007863202483a31326673a0838","name":"editor","sameAs":["http:\/\/www.oarcanjo.net"]}]}},"publishpress_future_action":{"enabled":false,"date":"2026-05-09 04:49:16","action":"category","newStatus":"draft","terms":[],"taxonomy":"category"},"publishpress_future_workflow_manual_trigger":{"enabledWorkflows":[]},"_links":{"self":[{"href":"https:\/\/www.oarcanjo.net\/site\/wp-json\/wp\/v2\/posts\/66896"}],"collection":[{"href":"https:\/\/www.oarcanjo.net\/site\/wp-json\/wp\/v2\/posts"}],"about":[{"href":"https:\/\/www.oarcanjo.net\/site\/wp-json\/wp\/v2\/types\/post"}],"author":[{"embeddable":true,"href":"https:\/\/www.oarcanjo.net\/site\/wp-json\/wp\/v2\/users\/5"}],"replies":[{"embeddable":true,"href":"https:\/\/www.oarcanjo.net\/site\/wp-json\/wp\/v2\/comments?post=66896"}],"version-history":[{"count":0,"href":"https:\/\/www.oarcanjo.net\/site\/wp-json\/wp\/v2\/posts\/66896\/revisions"}],"wp:featuredmedia":[{"embeddable":true,"href":"https:\/\/www.oarcanjo.net\/site\/wp-json\/wp\/v2\/media\/66897"}],"wp:attachment":[{"href":"https:\/\/www.oarcanjo.net\/site\/wp-json\/wp\/v2\/media?parent=66896"}],"wp:term":[{"taxonomy":"category","embeddable":true,"href":"https:\/\/www.oarcanjo.net\/site\/wp-json\/wp\/v2\/categories?post=66896"},{"taxonomy":"post_tag","embeddable":true,"href":"https:\/\/www.oarcanjo.net\/site\/wp-json\/wp\/v2\/tags?post=66896"}],"curies":[{"name":"wp","href":"https:\/\/api.w.org\/{rel}","templated":true}]}}