
{"id":66949,"date":"2015-11-17T23:47:51","date_gmt":"2015-11-18T01:47:51","guid":{"rendered":"http:\/\/www.oarcanjo.net\/site\/?p=66949"},"modified":"2015-11-23T12:03:13","modified_gmt":"2015-11-23T14:03:13","slug":"100-anos-professora-alzira-comemora","status":"publish","type":"post","link":"https:\/\/www.oarcanjo.net\/site\/100-anos-professora-alzira-comemora\/","title":{"rendered":"100 anos \u2013 Professora Alzira comemora"},"content":{"rendered":"<p style=\"text-align: justify;\">Muito feliz a Comunidade S\u00e3o Miguel Arcanjo em comemorar, neste dia 17\/11, os 100 anos de vida da Professora Alzira Altenfelder Silva Mesquita. N\u00e3o falta \u00e0s missas, rezando com centen\u00e1ria f\u00e9. Nos \u00faltimos 30 anos as celebra\u00e7\u00f5es marcantes na bel\u00edssima Capela Universit\u00e1ria S\u00e3o Judas Tadeu, edificada por ela com seu saudoso marido Professor Alberto Mesquita de Camargo.<\/p>\n<p style=\"text-align: justify;\">Na missa deste \u00faltimo domingo teve bolo, entrega de flores, muitos parab\u00e9ns, muitas emo\u00e7\u00f5es, muitas lembran\u00e7as. Professora Alzira traz sempre um medalh\u00e3o com uma delicada foto do Professor Mesquita, uni\u00e3o eterna.<\/p>\n<p style=\"text-align: justify;\">Se no domingo teve bolo, hoje fazemos a homenagem trazendo algumas fotos obtidas no livro \u201cNas m\u00e3os de Deus\u201d. Justificado pela beleza das lembran\u00e7as que remetem a esses 100 anos. Ali\u00e1s, por ocasi\u00e3o da bodas de ouro desse casal, Prof. Mesquita naquele livro\u00a0escreveu:<\/p>\n<p style=\"text-align: justify;\">\u201cQuerida Alzira, Linda a trajet\u00f3ria que percorremos juntos, bra\u00e7os dados, que ficar\u00e1 gravada na mem\u00f3ria pelos cinquenta anos de casados. Foram dez lustros de acendrado amor, de luta e de trabalho sem cessar, qual borboleta que, de flor em flor, busca o n\u00e9ctar, aqui e ali, sugar. &#8230;<\/p>\n<p style=\"text-align: justify;\">Volvendo-nos Deus sua divina face aben\u00e7oou o nosso eterno enlace, fulcro da lei crist\u00e3, segura meta.\u201d 8-6-1987<\/p>\n<p style=\"text-align: justify;\">Por sua postura doce, amiga e feminina, merece relembrar a declara\u00e7\u00e3o feita pelo seu querido (agora na eternidade):<\/p>\n<p style=\"text-align: justify;\">\u201cAlzira, &#8230; somos felizes, isso \u00e9 o que me inspira; \u00e9s minha musa, e eu, o teu cantor &#8230; Lembro-me ainda de uma jovenzinha, h\u00e1 muito tempo \u2013 era no Interior; morena linda &#8230;\u201d<\/p>\n<p style=\"text-align: justify;\">Agradecemos a Deus o dom da vida da Professora Alzira!<\/p>\n<p style=\"text-align: justify;\">Parab\u00e9ns<\/p>\n<p style=\"text-align: justify;\">ngg_shortcode_0_placeholder<\/p>\n<div id=\"themify_builder_content-66949\" data-postid=\"66949\" class=\"themify_builder_content themify_builder_content-66949 themify_builder themify_builder_front\">\n\t<\/div>\n<!-- \/themify_builder_content -->","protected":false},"excerpt":{"rendered":"<p>Na missa de domingo, 15\/11, teve bolo, entrega de flores, muitos parab\u00e9ns, muitas emo\u00e7\u00f5es, muitas lembran\u00e7as. Hoje fazemos a homenagem trazendo algumas fotos obtidas no livro \u201cNas m\u00e3os de Deus\u201d<\/p>\n","protected":false},"author":10,"featured_media":66954,"comment_status":"open","ping_status":"open","sticky":false,"template":"","format":"standard","meta":{"ngg_post_thumbnail":0,"footnotes":""},"categories":[3,8,7],"tags":[],"yoast_head":"<!-- This site is optimized with the Yoast SEO plugin v23.5 - https:\/\/yoast.com\/wordpress\/plugins\/seo\/ -->\n<title>100 anos \u2013 Professora Alzira comemora - O Arcanjo no ar<\/title>\n<meta name=\"robots\" content=\"index, follow, max-snippet:-1, max-image-preview:large, max-video-preview:-1\" \/>\n<link rel=\"canonical\" href=\"https:\/\/www.oarcanjo.net\/site\/100-anos-professora-alzira-comemora\/\" \/>\n<meta property=\"og:locale\" content=\"pt_BR\" \/>\n<meta property=\"og:type\" content=\"article\" \/>\n<meta property=\"og:title\" content=\"100 anos \u2013 Professora Alzira comemora - O Arcanjo no ar\" \/>\n<meta property=\"og:description\" content=\"Na missa de domingo, 15\/11, teve bolo, entrega de flores, muitos parab\u00e9ns, muitas emo\u00e7\u00f5es, muitas lembran\u00e7as. Hoje fazemos a homenagem trazendo algumas fotos obtidas no livro \u201cNas m\u00e3os de Deus\u201d\" \/>\n<meta property=\"og:url\" content=\"https:\/\/www.oarcanjo.net\/site\/100-anos-professora-alzira-comemora\/\" \/>\n<meta property=\"og:site_name\" content=\"O Arcanjo no ar\" \/>\n<meta property=\"article:publisher\" content=\"https:\/\/www.facebook.com\/OArcanjoNoAr\/\" \/>\n<meta property=\"article:published_time\" content=\"2015-11-18T01:47:51+00:00\" \/>\n<meta property=\"article:modified_time\" content=\"2015-11-23T14:03:13+00:00\" \/>\n<meta property=\"og:image\" content=\"https:\/\/www.oarcanjo.net\/site\/wp-content\/uploads\/banner-100-anos-d-alzira-nov-2015.jpg\" \/>\n\t<meta property=\"og:image:width\" content=\"700\" \/>\n\t<meta property=\"og:image:height\" content=\"320\" \/>\n\t<meta property=\"og:image:type\" content=\"image\/jpeg\" \/>\n<meta name=\"author\" content=\"carlos\" \/>\n<meta name=\"twitter:card\" content=\"summary_large_image\" \/>\n<meta name=\"twitter:label1\" content=\"Escrito por\" \/>\n\t<meta name=\"twitter:data1\" content=\"carlos\" \/>\n\t<meta name=\"twitter:label2\" content=\"Est. tempo de leitura\" \/>\n\t<meta name=\"twitter:data2\" content=\"1 minuto\" \/>\n<script type=\"application\/ld+json\" class=\"yoast-schema-graph\">{\"@context\":\"https:\/\/schema.org\",\"@graph\":[{\"@type\":\"Article\",\"@id\":\"https:\/\/www.oarcanjo.net\/site\/100-anos-professora-alzira-comemora\/#article\",\"isPartOf\":{\"@id\":\"https:\/\/www.oarcanjo.net\/site\/100-anos-professora-alzira-comemora\/\"},\"author\":{\"name\":\"carlos\",\"@id\":\"https:\/\/www.oarcanjo.net\/site\/#\/schema\/person\/f7870e710d8c8c30673de3a0ac2e451d\"},\"headline\":\"100 anos \u2013 Professora Alzira comemora\",\"datePublished\":\"2015-11-18T01:47:51+00:00\",\"dateModified\":\"2015-11-23T14:03:13+00:00\",\"mainEntityOfPage\":{\"@id\":\"https:\/\/www.oarcanjo.net\/site\/100-anos-professora-alzira-comemora\/\"},\"wordCount\":280,\"commentCount\":0,\"publisher\":{\"@id\":\"https:\/\/www.oarcanjo.net\/site\/#organization\"},\"image\":{\"@id\":\"https:\/\/www.oarcanjo.net\/site\/100-anos-professora-alzira-comemora\/#primaryimage\"},\"thumbnailUrl\":\"https:\/\/www.oarcanjo.net\/site\/wp-content\/uploads\/banner-100-anos-d-alzira-nov-2015.jpg\",\"articleSection\":[\"Destaques\",\"Not\u00edcias\",\"Rosto da comunidade\"],\"inLanguage\":\"pt-BR\",\"potentialAction\":[{\"@type\":\"CommentAction\",\"name\":\"Comment\",\"target\":[\"https:\/\/www.oarcanjo.net\/site\/100-anos-professora-alzira-comemora\/#respond\"]}]},{\"@type\":\"WebPage\",\"@id\":\"https:\/\/www.oarcanjo.net\/site\/100-anos-professora-alzira-comemora\/\",\"url\":\"https:\/\/www.oarcanjo.net\/site\/100-anos-professora-alzira-comemora\/\",\"name\":\"100 anos \u2013 Professora Alzira comemora - O Arcanjo no ar\",\"isPartOf\":{\"@id\":\"https:\/\/www.oarcanjo.net\/site\/#website\"},\"primaryImageOfPage\":{\"@id\":\"https:\/\/www.oarcanjo.net\/site\/100-anos-professora-alzira-comemora\/#primaryimage\"},\"image\":{\"@id\":\"https:\/\/www.oarcanjo.net\/site\/100-anos-professora-alzira-comemora\/#primaryimage\"},\"thumbnailUrl\":\"https:\/\/www.oarcanjo.net\/site\/wp-content\/uploads\/banner-100-anos-d-alzira-nov-2015.jpg\",\"datePublished\":\"2015-11-18T01:47:51+00:00\",\"dateModified\":\"2015-11-23T14:03:13+00:00\",\"breadcrumb\":{\"@id\":\"https:\/\/www.oarcanjo.net\/site\/100-anos-professora-alzira-comemora\/#breadcrumb\"},\"inLanguage\":\"pt-BR\",\"potentialAction\":[{\"@type\":\"ReadAction\",\"target\":[\"https:\/\/www.oarcanjo.net\/site\/100-anos-professora-alzira-comemora\/\"]}]},{\"@type\":\"ImageObject\",\"inLanguage\":\"pt-BR\",\"@id\":\"https:\/\/www.oarcanjo.net\/site\/100-anos-professora-alzira-comemora\/#primaryimage\",\"url\":\"https:\/\/www.oarcanjo.net\/site\/wp-content\/uploads\/banner-100-anos-d-alzira-nov-2015.jpg\",\"contentUrl\":\"https:\/\/www.oarcanjo.net\/site\/wp-content\/uploads\/banner-100-anos-d-alzira-nov-2015.jpg\",\"width\":700,\"height\":320},{\"@type\":\"BreadcrumbList\",\"@id\":\"https:\/\/www.oarcanjo.net\/site\/100-anos-professora-alzira-comemora\/#breadcrumb\",\"itemListElement\":[{\"@type\":\"ListItem\",\"position\":1,\"name\":\"In\u00edcio\",\"item\":\"https:\/\/www.oarcanjo.net\/site\/\"},{\"@type\":\"ListItem\",\"position\":2,\"name\":\"100 anos \u2013 Professora Alzira comemora\"}]},{\"@type\":\"WebSite\",\"@id\":\"https:\/\/www.oarcanjo.net\/site\/#website\",\"url\":\"https:\/\/www.oarcanjo.net\/site\/\",\"name\":\"O Arcanjo no ar\",\"description\":\"Site da Par\u00f3quia S\u00e3o Miguel Arcanjo (Arquidiocese de SP)\",\"publisher\":{\"@id\":\"https:\/\/www.oarcanjo.net\/site\/#organization\"},\"potentialAction\":[{\"@type\":\"SearchAction\",\"target\":{\"@type\":\"EntryPoint\",\"urlTemplate\":\"https:\/\/www.oarcanjo.net\/site\/?s={search_term_string}\"},\"query-input\":{\"@type\":\"PropertyValueSpecification\",\"valueRequired\":true,\"valueName\":\"search_term_string\"}}],\"inLanguage\":\"pt-BR\"},{\"@type\":\"Organization\",\"@id\":\"https:\/\/www.oarcanjo.net\/site\/#organization\",\"name\":\"Par\u00f3quia S\u00e3o Miguel Arcanjo\",\"url\":\"https:\/\/www.oarcanjo.net\/site\/\",\"logo\":{\"@type\":\"ImageObject\",\"inLanguage\":\"pt-BR\",\"@id\":\"https:\/\/www.oarcanjo.net\/site\/#\/schema\/logo\/image\/\",\"url\":\"https:\/\/www.oarcanjo.net\/site\/wp-content\/uploads\/LogoOArcanjo.png\",\"contentUrl\":\"https:\/\/www.oarcanjo.net\/site\/wp-content\/uploads\/LogoOArcanjo.png\",\"width\":319,\"height\":99,\"caption\":\"Par\u00f3quia S\u00e3o Miguel Arcanjo\"},\"image\":{\"@id\":\"https:\/\/www.oarcanjo.net\/site\/#\/schema\/logo\/image\/\"},\"sameAs\":[\"https:\/\/www.facebook.com\/OArcanjoNoAr\/\"]},{\"@type\":\"Person\",\"@id\":\"https:\/\/www.oarcanjo.net\/site\/#\/schema\/person\/f7870e710d8c8c30673de3a0ac2e451d\",\"name\":\"carlos\"}]}<\/script>\n<!-- \/ Yoast SEO plugin. -->","yoast_head_json":{"title":"100 anos \u2013 Professora Alzira comemora - O Arcanjo no ar","robots":{"index":"index","follow":"follow","max-snippet":"max-snippet:-1","max-image-preview":"max-image-preview:large","max-video-preview":"max-video-preview:-1"},"canonical":"https:\/\/www.oarcanjo.net\/site\/100-anos-professora-alzira-comemora\/","og_locale":"pt_BR","og_type":"article","og_title":"100 anos \u2013 Professora Alzira comemora - O Arcanjo no ar","og_description":"Na missa de domingo, 15\/11, teve bolo, entrega de flores, muitos parab\u00e9ns, muitas emo\u00e7\u00f5es, muitas lembran\u00e7as. Hoje fazemos a homenagem trazendo algumas fotos obtidas no livro \u201cNas m\u00e3os de Deus\u201d","og_url":"https:\/\/www.oarcanjo.net\/site\/100-anos-professora-alzira-comemora\/","og_site_name":"O Arcanjo no ar","article_publisher":"https:\/\/www.facebook.com\/OArcanjoNoAr\/","article_published_time":"2015-11-18T01:47:51+00:00","article_modified_time":"2015-11-23T14:03:13+00:00","og_image":[{"width":700,"height":320,"url":"https:\/\/www.oarcanjo.net\/site\/wp-content\/uploads\/banner-100-anos-d-alzira-nov-2015.jpg","type":"image\/jpeg"}],"author":"carlos","twitter_card":"summary_large_image","twitter_misc":{"Escrito por":"carlos","Est. tempo de leitura":"1 minuto"},"schema":{"@context":"https:\/\/schema.org","@graph":[{"@type":"Article","@id":"https:\/\/www.oarcanjo.net\/site\/100-anos-professora-alzira-comemora\/#article","isPartOf":{"@id":"https:\/\/www.oarcanjo.net\/site\/100-anos-professora-alzira-comemora\/"},"author":{"name":"carlos","@id":"https:\/\/www.oarcanjo.net\/site\/#\/schema\/person\/f7870e710d8c8c30673de3a0ac2e451d"},"headline":"100 anos \u2013 Professora Alzira comemora","datePublished":"2015-11-18T01:47:51+00:00","dateModified":"2015-11-23T14:03:13+00:00","mainEntityOfPage":{"@id":"https:\/\/www.oarcanjo.net\/site\/100-anos-professora-alzira-comemora\/"},"wordCount":280,"commentCount":0,"publisher":{"@id":"https:\/\/www.oarcanjo.net\/site\/#organization"},"image":{"@id":"https:\/\/www.oarcanjo.net\/site\/100-anos-professora-alzira-comemora\/#primaryimage"},"thumbnailUrl":"https:\/\/www.oarcanjo.net\/site\/wp-content\/uploads\/banner-100-anos-d-alzira-nov-2015.jpg","articleSection":["Destaques","Not\u00edcias","Rosto da comunidade"],"inLanguage":"pt-BR","potentialAction":[{"@type":"CommentAction","name":"Comment","target":["https:\/\/www.oarcanjo.net\/site\/100-anos-professora-alzira-comemora\/#respond"]}]},{"@type":"WebPage","@id":"https:\/\/www.oarcanjo.net\/site\/100-anos-professora-alzira-comemora\/","url":"https:\/\/www.oarcanjo.net\/site\/100-anos-professora-alzira-comemora\/","name":"100 anos \u2013 Professora Alzira comemora - O Arcanjo no ar","isPartOf":{"@id":"https:\/\/www.oarcanjo.net\/site\/#website"},"primaryImageOfPage":{"@id":"https:\/\/www.oarcanjo.net\/site\/100-anos-professora-alzira-comemora\/#primaryimage"},"image":{"@id":"https:\/\/www.oarcanjo.net\/site\/100-anos-professora-alzira-comemora\/#primaryimage"},"thumbnailUrl":"https:\/\/www.oarcanjo.net\/site\/wp-content\/uploads\/banner-100-anos-d-alzira-nov-2015.jpg","datePublished":"2015-11-18T01:47:51+00:00","dateModified":"2015-11-23T14:03:13+00:00","breadcrumb":{"@id":"https:\/\/www.oarcanjo.net\/site\/100-anos-professora-alzira-comemora\/#breadcrumb"},"inLanguage":"pt-BR","potentialAction":[{"@type":"ReadAction","target":["https:\/\/www.oarcanjo.net\/site\/100-anos-professora-alzira-comemora\/"]}]},{"@type":"ImageObject","inLanguage":"pt-BR","@id":"https:\/\/www.oarcanjo.net\/site\/100-anos-professora-alzira-comemora\/#primaryimage","url":"https:\/\/www.oarcanjo.net\/site\/wp-content\/uploads\/banner-100-anos-d-alzira-nov-2015.jpg","contentUrl":"https:\/\/www.oarcanjo.net\/site\/wp-content\/uploads\/banner-100-anos-d-alzira-nov-2015.jpg","width":700,"height":320},{"@type":"BreadcrumbList","@id":"https:\/\/www.oarcanjo.net\/site\/100-anos-professora-alzira-comemora\/#breadcrumb","itemListElement":[{"@type":"ListItem","position":1,"name":"In\u00edcio","item":"https:\/\/www.oarcanjo.net\/site\/"},{"@type":"ListItem","position":2,"name":"100 anos \u2013 Professora Alzira comemora"}]},{"@type":"WebSite","@id":"https:\/\/www.oarcanjo.net\/site\/#website","url":"https:\/\/www.oarcanjo.net\/site\/","name":"O Arcanjo no ar","description":"Site da Par\u00f3quia S\u00e3o Miguel Arcanjo (Arquidiocese de SP)","publisher":{"@id":"https:\/\/www.oarcanjo.net\/site\/#organization"},"potentialAction":[{"@type":"SearchAction","target":{"@type":"EntryPoint","urlTemplate":"https:\/\/www.oarcanjo.net\/site\/?s={search_term_string}"},"query-input":{"@type":"PropertyValueSpecification","valueRequired":true,"valueName":"search_term_string"}}],"inLanguage":"pt-BR"},{"@type":"Organization","@id":"https:\/\/www.oarcanjo.net\/site\/#organization","name":"Par\u00f3quia S\u00e3o Miguel Arcanjo","url":"https:\/\/www.oarcanjo.net\/site\/","logo":{"@type":"ImageObject","inLanguage":"pt-BR","@id":"https:\/\/www.oarcanjo.net\/site\/#\/schema\/logo\/image\/","url":"https:\/\/www.oarcanjo.net\/site\/wp-content\/uploads\/LogoOArcanjo.png","contentUrl":"https:\/\/www.oarcanjo.net\/site\/wp-content\/uploads\/LogoOArcanjo.png","width":319,"height":99,"caption":"Par\u00f3quia S\u00e3o Miguel Arcanjo"},"image":{"@id":"https:\/\/www.oarcanjo.net\/site\/#\/schema\/logo\/image\/"},"sameAs":["https:\/\/www.facebook.com\/OArcanjoNoAr\/"]},{"@type":"Person","@id":"https:\/\/www.oarcanjo.net\/site\/#\/schema\/person\/f7870e710d8c8c30673de3a0ac2e451d","name":"carlos"}]}},"publishpress_future_action":{"enabled":false,"date":"2026-05-09 03:10:15","action":"category","newStatus":"draft","terms":[],"taxonomy":"category"},"publishpress_future_workflow_manual_trigger":{"enabledWorkflows":[]},"_links":{"self":[{"href":"https:\/\/www.oarcanjo.net\/site\/wp-json\/wp\/v2\/posts\/66949"}],"collection":[{"href":"https:\/\/www.oarcanjo.net\/site\/wp-json\/wp\/v2\/posts"}],"about":[{"href":"https:\/\/www.oarcanjo.net\/site\/wp-json\/wp\/v2\/types\/post"}],"author":[{"embeddable":true,"href":"https:\/\/www.oarcanjo.net\/site\/wp-json\/wp\/v2\/users\/10"}],"replies":[{"embeddable":true,"href":"https:\/\/www.oarcanjo.net\/site\/wp-json\/wp\/v2\/comments?post=66949"}],"version-history":[{"count":0,"href":"https:\/\/www.oarcanjo.net\/site\/wp-json\/wp\/v2\/posts\/66949\/revisions"}],"wp:featuredmedia":[{"embeddable":true,"href":"https:\/\/www.oarcanjo.net\/site\/wp-json\/wp\/v2\/media\/66954"}],"wp:attachment":[{"href":"https:\/\/www.oarcanjo.net\/site\/wp-json\/wp\/v2\/media?parent=66949"}],"wp:term":[{"taxonomy":"category","embeddable":true,"href":"https:\/\/www.oarcanjo.net\/site\/wp-json\/wp\/v2\/categories?post=66949"},{"taxonomy":"post_tag","embeddable":true,"href":"https:\/\/www.oarcanjo.net\/site\/wp-json\/wp\/v2\/tags?post=66949"}],"curies":[{"name":"wp","href":"https:\/\/api.w.org\/{rel}","templated":true}]}}